{"id":29980,"date":"2010-02-02T19:44:09","date_gmt":"2010-02-02T17:44:09","guid":{"rendered":"http:\/\/www.visit-ulcinj.com\/blog\/?p=29980"},"modified":"2010-02-02T19:53:01","modified_gmt":"2010-02-02T17:53:01","slug":"fatosat-dhe-pioneret-te-klubit-otrant-te-cilet-ne-turneun-internacionalkupa-e-vjenes-2010zuren-vendin-e-pare","status":"publish","type":"post","link":"https:\/\/www.visit-ulcinj.com\/blog\/2010\/02\/02\/fatosat-dhe-pioneret-te-klubit-otrant-te-cilet-ne-turneun-internacionalkupa-e-vjenes-2010zuren-vendin-e-pare\/","title":{"rendered":"Fatosat dhe pioner\u00ebt t\u00eb klubit Otrant n\u00eb turneun internacional&#8221;Kupa e Vjen\u00ebs 2010&#8243;zur\u00ebn vendin e par\u00eb"},"content":{"rendered":"<p><a href=\"http:\/\/www.visit-ulcinj.com\/blog\/wp-content\/uploads\/2010\/02\/Fatosat-dhe-pioner\u00ebt-t\u00eb-klubit-Otrant-t\u00eb-cil\u00ebt-n\u00eb-turneun-internacional-Kupa-e-Vjen\u00ebs-2010-zur\u00ebn-vendin-e-par\u00eb.jpg\"><img loading=\"lazy\" class=\"alignleft size-full wp-image-29981\" title=\"Fatosat dhe pioner\u00ebt t\u00eb klubit Otrant t\u00eb  cil\u00ebt n\u00eb turneun internacional Kupa e Vjen\u00ebs 2010 zur\u00ebn vendin e par\u00eb\" src=\"http:\/\/www.visit-ulcinj.com\/blog\/wp-content\/uploads\/2010\/02\/Fatosat-dhe-pioner\u00ebt-t\u00eb-klubit-Otrant-t\u00eb-cil\u00ebt-n\u00eb-turneun-internacional-Kupa-e-Vjen\u00ebs-2010-zur\u00ebn-vendin-e-par\u00eb.jpg\" alt=\"Fatosat dhe pioner\u00ebt t\u00eb klubit Otrant t\u00eb  cil\u00ebt n\u00eb turneun internacional Kupa e Vjen\u00ebs 2010 zur\u00ebn vendin e par\u00eb\" width=\"580\" height=\"400\" \/><\/a>Kryetari Komun\u00ebs s\u00eb\u00a0 Ulqinit z.G\u00ebzim Hajdinaga dhe Deputeti Luigj Shkreli, prit\u00ebn n\u00eb\u00a0 nj\u00eb takim rasti fatosat dhe pioner\u00ebt t\u00eb klubit Otrant t\u00eb\u00a0 cil\u00ebt nga Turneu internacional Kupa e Vjen\u00ebs 2010, q\u00eb u organizua n\u00eb kryeqytetin austriak, zur\u00ebn vendin e par\u00eb n\u00eb nj\u00eb konkurenc\u00eb t\u00eb fort\u00eb ku morr\u00ebn pjes\u00eb ekipet e gjasht\u00eb shteteve.<br \/>\nN\u00eb fjal\u00ebn p\u00ebrsh\u00ebndet\u00ebse Kryetari Hajdinaga q\u00eb \u00ebsht\u00eb dhe Kryetar i Klubit dhe z.Shkrela, kryetar i Kuvendit t\u00eb klubit futbollistik duke uruar m\u00eb\u00a0 t\u00eb vegjlit p\u00ebr k\u00ebt\u00eb fitore t\u00eb r\u00ebnd\u00ebsishme theksuan q\u00eb sportist\u00ebt e Otrantit dhe t\u00eb ekipeve t\u00eb tjer\u00eb, p\u00ebrher\u00eb mund t\u00eb llogarisin n\u00eb p\u00ebrkrahjen e strukturave udh\u00ebheq\u00ebse komunale.<br \/>\nN\u00eb takim u tha se ka mb\u00ebrritur edhe nj\u00eb ftes\u00eb tjet\u00ebr, k\u00ebt\u00eb rradh\u00eb\u00a0 sportist\u00ebt e\u00a0 Otrantit n\u00eb muajin mars do t\u00eb udh\u00ebtojn\u00eb n\u00eb drejtim t\u00eb Franc\u00ebs n\u00eb nj\u00eb tjet\u00ebr\u00a0 gar\u00eb t\u00eb r\u00ebnd\u00ebsishme. Me k\u00ebt\u00eb rast fol\u00ebn edhe trajner\u00ebt t\u00eb cil\u00ebt udh\u00ebhoq\u00ebn ekipin e Otrantit.<br \/>\nP\u00ebr t\u00eb gjith\u00eb\u00a0 pjes\u00ebmarr\u00ebsit strukturat udh\u00ebheq\u00ebse komunale kishin p\u00ebrgatitur diploma dhe nj\u00eb shum\u00eb t\u00eb caktuar t\u00eb hollash.<\/p>\n<p style=\"color: #00681c;\"><strong><span>Municipality of Ulcinj \/ Ulqin<\/span><\/strong><\/p>\n","protected":false},"excerpt":{"rendered":"<p>Kryetari Komun\u00ebs s\u00eb\u00a0 Ulqinit z.G\u00ebzim Hajdinaga dhe Deputeti Luigj Shkreli, prit\u00ebn n\u00eb\u00a0 nj\u00eb takim rasti fatosat dhe pioner\u00ebt t\u00eb klubit Otrant t\u00eb\u00a0 cil\u00ebt nga Turneu internacional Kupa e Vjen\u00ebs 2010, q\u00eb u organizua n\u00eb kryeqytetin austriak, zur\u00ebn vendin e par\u00eb n\u00eb nj\u00eb konkurenc\u00eb t\u00eb fort\u00eb ku morr\u00ebn pjes\u00eb ekipet e gjasht\u00eb shteteve. N\u00eb fjal\u00ebn p\u00ebrsh\u00ebndet\u00ebse [&hellip;]<\/p>\n","protected":false},"author":1,"featured_media":0,"comment_status":"open","ping_status":"closed","sticky":false,"template":"","format":"standard","meta":{"spay_email":"","jetpack_publicize_message":"","jetpack_is_tweetstorm":false,"jetpack_publicize_feature_enabled":true},"categories":[1],"tags":[3730,13445,13444,11687,13446],"jetpack_publicize_connections":[],"yoast_head":"<!-- This site is optimized with the Yoast SEO plugin v19.1 - https:\/\/yoast.com\/wordpress\/plugins\/seo\/ -->\n<title>Fatosat dhe pioner\u00ebt t\u00eb klubit Otrant n\u00eb turneun internacional&quot;Kupa e Vjen\u00ebs 2010&quot;zur\u00ebn vendin e par\u00eb - Lajme nga Ulqini<\/title>\n<meta name=\"description\" content=\"Kryetari Komun\u00ebs s\u00eb\u00a0 Ulqinit z.G\u00ebzim Hajdinaga dhe Deputeti Luigj Shkreli, prit\u00ebn n\u00eb\u00a0 nj\u00eb takim rasti fatosat dhe pioner\u00ebt t\u00eb klubit Otrant t\u00eb\u00a0 cil\u00ebt nga\" \/>\n<meta name=\"robots\" content=\"index, follow, max-snippet:-1, max-image-preview:large, max-video-preview:-1\" \/>\n<link rel=\"canonical\" href=\"https:\/\/www.visit-ulcinj.com\/blog\/2010\/02\/02\/fatosat-dhe-pioneret-te-klubit-otrant-te-cilet-ne-turneun-internacionalkupa-e-vjenes-2010zuren-vendin-e-pare\/\" \/>\n<meta property=\"og:locale\" content=\"en_US\" \/>\n<meta property=\"og:type\" content=\"article\" \/>\n<meta property=\"og:title\" content=\"Fatosat dhe pioner\u00ebt t\u00eb klubit Otrant n\u00eb turneun internacional&quot;Kupa e Vjen\u00ebs 2010&quot;zur\u00ebn vendin e par\u00eb - Lajme nga Ulqini\" \/>\n<meta property=\"og:description\" content=\"Kryetari Komun\u00ebs s\u00eb\u00a0 Ulqinit z.G\u00ebzim Hajdinaga dhe Deputeti Luigj Shkreli, prit\u00ebn n\u00eb\u00a0 nj\u00eb takim rasti fatosat dhe pioner\u00ebt t\u00eb klubit Otrant t\u00eb\u00a0 cil\u00ebt nga\" \/>\n<meta property=\"og:url\" content=\"https:\/\/www.visit-ulcinj.com\/blog\/2010\/02\/02\/fatosat-dhe-pioneret-te-klubit-otrant-te-cilet-ne-turneun-internacionalkupa-e-vjenes-2010zuren-vendin-e-pare\/\" \/>\n<meta property=\"og:site_name\" content=\"Lajme nga Ulqini\" \/>\n<meta property=\"article:published_time\" content=\"2010-02-02T17:44:09+00:00\" \/>\n<meta property=\"article:modified_time\" content=\"2010-02-02T17:53:01+00:00\" \/>\n<meta name=\"twitter:label1\" content=\"Written by\" \/>\n\t<meta name=\"twitter:data1\" content=\"ulqini\" \/>\n\t<meta name=\"twitter:label2\" content=\"Est. reading time\" \/>\n\t<meta name=\"twitter:data2\" content=\"1 minute\" \/>\n<script type=\"application\/ld+json\" class=\"yoast-schema-graph\">{\"@context\":\"https:\/\/schema.org\",\"@graph\":[{\"@type\":\"WebSite\",\"@id\":\"https:\/\/www.visit-ulcinj.com\/blog\/#website\",\"url\":\"https:\/\/www.visit-ulcinj.com\/blog\/\",\"name\":\"Lajme nga Ulqini\",\"description\":\"Lajme,Vijesti,Ulqini,Ulqin,Crna Gora,Mali i Zi\",\"potentialAction\":[{\"@type\":\"SearchAction\",\"target\":{\"@type\":\"EntryPoint\",\"urlTemplate\":\"https:\/\/www.visit-ulcinj.com\/blog\/?s={search_term_string}\"},\"query-input\":\"required name=search_term_string\"}],\"inLanguage\":\"en-US\"},{\"@type\":\"WebPage\",\"@id\":\"https:\/\/www.visit-ulcinj.com\/blog\/2010\/02\/02\/fatosat-dhe-pioneret-te-klubit-otrant-te-cilet-ne-turneun-internacionalkupa-e-vjenes-2010zuren-vendin-e-pare\/#webpage\",\"url\":\"https:\/\/www.visit-ulcinj.com\/blog\/2010\/02\/02\/fatosat-dhe-pioneret-te-klubit-otrant-te-cilet-ne-turneun-internacionalkupa-e-vjenes-2010zuren-vendin-e-pare\/\",\"name\":\"Fatosat dhe pioner\u00ebt t\u00eb klubit Otrant n\u00eb turneun internacional\\\"Kupa e Vjen\u00ebs 2010\\\"zur\u00ebn vendin e par\u00eb - Lajme nga Ulqini\",\"isPartOf\":{\"@id\":\"https:\/\/www.visit-ulcinj.com\/blog\/#website\"},\"datePublished\":\"2010-02-02T17:44:09+00:00\",\"dateModified\":\"2010-02-02T17:53:01+00:00\",\"author\":{\"@id\":\"https:\/\/www.visit-ulcinj.com\/blog\/#\/schema\/person\/dcab619c614d3038751c63bc2aadc06d\"},\"description\":\"Kryetari Komun\u00ebs s\u00eb\u00a0 Ulqinit z.G\u00ebzim Hajdinaga dhe Deputeti Luigj Shkreli, prit\u00ebn n\u00eb\u00a0 nj\u00eb takim rasti fatosat dhe pioner\u00ebt t\u00eb klubit Otrant t\u00eb\u00a0 cil\u00ebt nga\",\"breadcrumb\":{\"@id\":\"https:\/\/www.visit-ulcinj.com\/blog\/2010\/02\/02\/fatosat-dhe-pioneret-te-klubit-otrant-te-cilet-ne-turneun-internacionalkupa-e-vjenes-2010zuren-vendin-e-pare\/#breadcrumb\"},\"inLanguage\":\"en-US\",\"potentialAction\":[{\"@type\":\"ReadAction\",\"target\":[\"https:\/\/www.visit-ulcinj.com\/blog\/2010\/02\/02\/fatosat-dhe-pioneret-te-klubit-otrant-te-cilet-ne-turneun-internacionalkupa-e-vjenes-2010zuren-vendin-e-pare\/\"]}]},{\"@type\":\"BreadcrumbList\",\"@id\":\"https:\/\/www.visit-ulcinj.com\/blog\/2010\/02\/02\/fatosat-dhe-pioneret-te-klubit-otrant-te-cilet-ne-turneun-internacionalkupa-e-vjenes-2010zuren-vendin-e-pare\/#breadcrumb\",\"itemListElement\":[{\"@type\":\"ListItem\",\"position\":1,\"name\":\"Fatosat dhe pioner\u00ebt t\u00eb klubit Otrant n\u00eb turneun internacional&#8221;Kupa e Vjen\u00ebs 2010&#8243;zur\u00ebn vendin e par\u00eb\"}]},{\"@type\":\"Person\",\"@id\":\"https:\/\/www.visit-ulcinj.com\/blog\/#\/schema\/person\/dcab619c614d3038751c63bc2aadc06d\",\"name\":\"ulqini\",\"sameAs\":[\"http:\/\/www.visit-ulcinj.com\"],\"url\":\"https:\/\/www.visit-ulcinj.com\/blog\/author\/admin\/\"}]}<\/script>\n<!-- \/ Yoast SEO plugin. -->","yoast_head_json":{"title":"Fatosat dhe pioner\u00ebt t\u00eb klubit Otrant n\u00eb turneun internacional\"Kupa e Vjen\u00ebs 2010\"zur\u00ebn vendin e par\u00eb - Lajme nga Ulqini","description":"Kryetari Komun\u00ebs s\u00eb\u00a0 Ulqinit z.G\u00ebzim Hajdinaga dhe Deputeti Luigj Shkreli, prit\u00ebn n\u00eb\u00a0 nj\u00eb takim rasti fatosat dhe pioner\u00ebt t\u00eb klubit Otrant t\u00eb\u00a0 cil\u00ebt nga","robots":{"index":"index","follow":"follow","max-snippet":"max-snippet:-1","max-image-preview":"max-image-preview:large","max-video-preview":"max-video-preview:-1"},"canonical":"https:\/\/www.visit-ulcinj.com\/blog\/2010\/02\/02\/fatosat-dhe-pioneret-te-klubit-otrant-te-cilet-ne-turneun-internacionalkupa-e-vjenes-2010zuren-vendin-e-pare\/","og_locale":"en_US","og_type":"article","og_title":"Fatosat dhe pioner\u00ebt t\u00eb klubit Otrant n\u00eb turneun internacional\"Kupa e Vjen\u00ebs 2010\"zur\u00ebn vendin e par\u00eb - Lajme nga Ulqini","og_description":"Kryetari Komun\u00ebs s\u00eb\u00a0 Ulqinit z.G\u00ebzim Hajdinaga dhe Deputeti Luigj Shkreli, prit\u00ebn n\u00eb\u00a0 nj\u00eb takim rasti fatosat dhe pioner\u00ebt t\u00eb klubit Otrant t\u00eb\u00a0 cil\u00ebt nga","og_url":"https:\/\/www.visit-ulcinj.com\/blog\/2010\/02\/02\/fatosat-dhe-pioneret-te-klubit-otrant-te-cilet-ne-turneun-internacionalkupa-e-vjenes-2010zuren-vendin-e-pare\/","og_site_name":"Lajme nga Ulqini","article_published_time":"2010-02-02T17:44:09+00:00","article_modified_time":"2010-02-02T17:53:01+00:00","twitter_misc":{"Written by":"ulqini","Est. reading time":"1 minute"},"schema":{"@context":"https:\/\/schema.org","@graph":[{"@type":"WebSite","@id":"https:\/\/www.visit-ulcinj.com\/blog\/#website","url":"https:\/\/www.visit-ulcinj.com\/blog\/","name":"Lajme nga Ulqini","description":"Lajme,Vijesti,Ulqini,Ulqin,Crna Gora,Mali i Zi","potentialAction":[{"@type":"SearchAction","target":{"@type":"EntryPoint","urlTemplate":"https:\/\/www.visit-ulcinj.com\/blog\/?s={search_term_string}"},"query-input":"required name=search_term_string"}],"inLanguage":"en-US"},{"@type":"WebPage","@id":"https:\/\/www.visit-ulcinj.com\/blog\/2010\/02\/02\/fatosat-dhe-pioneret-te-klubit-otrant-te-cilet-ne-turneun-internacionalkupa-e-vjenes-2010zuren-vendin-e-pare\/#webpage","url":"https:\/\/www.visit-ulcinj.com\/blog\/2010\/02\/02\/fatosat-dhe-pioneret-te-klubit-otrant-te-cilet-ne-turneun-internacionalkupa-e-vjenes-2010zuren-vendin-e-pare\/","name":"Fatosat dhe pioner\u00ebt t\u00eb klubit Otrant n\u00eb turneun internacional\"Kupa e Vjen\u00ebs 2010\"zur\u00ebn vendin e par\u00eb - Lajme nga Ulqini","isPartOf":{"@id":"https:\/\/www.visit-ulcinj.com\/blog\/#website"},"datePublished":"2010-02-02T17:44:09+00:00","dateModified":"2010-02-02T17:53:01+00:00","author":{"@id":"https:\/\/www.visit-ulcinj.com\/blog\/#\/schema\/person\/dcab619c614d3038751c63bc2aadc06d"},"description":"Kryetari Komun\u00ebs s\u00eb\u00a0 Ulqinit z.G\u00ebzim Hajdinaga dhe Deputeti Luigj Shkreli, prit\u00ebn n\u00eb\u00a0 nj\u00eb takim rasti fatosat dhe pioner\u00ebt t\u00eb klubit Otrant t\u00eb\u00a0 cil\u00ebt nga","breadcrumb":{"@id":"https:\/\/www.visit-ulcinj.com\/blog\/2010\/02\/02\/fatosat-dhe-pioneret-te-klubit-otrant-te-cilet-ne-turneun-internacionalkupa-e-vjenes-2010zuren-vendin-e-pare\/#breadcrumb"},"inLanguage":"en-US","potentialAction":[{"@type":"ReadAction","target":["https:\/\/www.visit-ulcinj.com\/blog\/2010\/02\/02\/fatosat-dhe-pioneret-te-klubit-otrant-te-cilet-ne-turneun-internacionalkupa-e-vjenes-2010zuren-vendin-e-pare\/"]}]},{"@type":"BreadcrumbList","@id":"https:\/\/www.visit-ulcinj.com\/blog\/2010\/02\/02\/fatosat-dhe-pioneret-te-klubit-otrant-te-cilet-ne-turneun-internacionalkupa-e-vjenes-2010zuren-vendin-e-pare\/#breadcrumb","itemListElement":[{"@type":"ListItem","position":1,"name":"Fatosat dhe pioner\u00ebt t\u00eb klubit Otrant n\u00eb turneun internacional&#8221;Kupa e Vjen\u00ebs 2010&#8243;zur\u00ebn vendin e par\u00eb"}]},{"@type":"Person","@id":"https:\/\/www.visit-ulcinj.com\/blog\/#\/schema\/person\/dcab619c614d3038751c63bc2aadc06d","name":"ulqini","sameAs":["http:\/\/www.visit-ulcinj.com"],"url":"https:\/\/www.visit-ulcinj.com\/blog\/author\/admin\/"}]}},"jetpack_featured_media_url":"","jetpack_sharing_enabled":true,"jetpack_shortlink":"https:\/\/wp.me\/pe6lTn-7Ny","_links":{"self":[{"href":"https:\/\/www.visit-ulcinj.com\/blog\/wp-json\/wp\/v2\/posts\/29980"}],"collection":[{"href":"https:\/\/www.visit-ulcinj.com\/blog\/wp-json\/wp\/v2\/posts"}],"about":[{"href":"https:\/\/www.visit-ulcinj.com\/blog\/wp-json\/wp\/v2\/types\/post"}],"author":[{"embeddable":true,"href":"https:\/\/www.visit-ulcinj.com\/blog\/wp-json\/wp\/v2\/users\/1"}],"replies":[{"embeddable":true,"href":"https:\/\/www.visit-ulcinj.com\/blog\/wp-json\/wp\/v2\/comments?post=29980"}],"version-history":[{"count":0,"href":"https:\/\/www.visit-ulcinj.com\/blog\/wp-json\/wp\/v2\/posts\/29980\/revisions"}],"wp:attachment":[{"href":"https:\/\/www.visit-ulcinj.com\/blog\/wp-json\/wp\/v2\/media?parent=29980"}],"wp:term":[{"taxonomy":"category","embeddable":true,"href":"https:\/\/www.visit-ulcinj.com\/blog\/wp-json\/wp\/v2\/categories?post=29980"},{"taxonomy":"post_tag","embeddable":true,"href":"https:\/\/www.visit-ulcinj.com\/blog\/wp-json\/wp\/v2\/tags?post=29980"}],"curies":[{"name":"wp","href":"https:\/\/api.w.org\/{rel}","templated":true}]}}