{"id":29996,"date":"2010-02-02T21:07:06","date_gmt":"2010-02-02T19:07:06","guid":{"rendered":"http:\/\/www.visit-ulcinj.com\/blog\/?p=29996"},"modified":"2010-02-02T21:10:11","modified_gmt":"2010-02-02T19:10:11","slug":"hoce-li-dinosa-federalizaciju","status":"publish","type":"post","link":"https:\/\/www.visit-ulcinj.com\/blog\/2010\/02\/02\/hoce-li-dinosa-federalizaciju\/","title":{"rendered":"Ho?e li Dino\u0161a federalizaciju &#8211; Video"},"content":{"rendered":"<p><strong><a href=\"http:\/\/www.visit-ulcinj.com\/blog\/wp-content\/uploads\/2010\/02\/Ferhat-Dino\u0161a_ministar-za-ljudska-i-manjinska-prava.jpg\"><img loading=\"lazy\" class=\"alignleft size-full wp-image-29997\" title=\"Ferhat Dino\u0161a_ministar za ljudska i manjinska prava\" src=\"http:\/\/www.visit-ulcinj.com\/blog\/wp-content\/uploads\/2010\/02\/Ferhat-Dino\u0161a_ministar-za-ljudska-i-manjinska-prava.jpg\" alt=\"Ferhat Dino\u0161a_ministar za ljudska i manjinska prava\" width=\"580\" height=\"400\" \/><\/a>Ministar za prava manjina naljutio predstavnika DPS<\/strong><br \/>\nPodgorica \u2013 Nacionalni savjeti treba da budu politi?ka tijela koja ?e odra\u017eavati raspored snaga partija koje zastupaju manjine i treba im dati ve?e ingerencije, ocjenio je ju?e ministar za ljudska i manjinska prava Ferhat Dino\u0161a, zbog ?ega ga je o\u0161tro napao ?lan rukovodstva DPS Miodrag Vukovi?, prigovaraju?i mu da ho?e federalizaciju Crne Gore.<br \/>\nObrazla\u017eu?i predlog izmjena Zakona o manjinskim pravima na sjednici skup\u0161tinskog odbora za ustavna pitanja, Dino\u0161a je kazao da ?e se zalagati da savjeti ubudu?e budu u partnerskom odnosu sa Vladom i daju saglasnost na odluke koje se ti?u nacionalnih manjina. On je pojasnio da savjeti treba da budu glavni predstavnici manjinskih zajednica, upozoravaju?i da oni trenutno imaju savjetodavnu ulogu i da postoji opasnost da budu svedeni na NVO.<br \/>\n\u201cLogi?no je da savjetom predsjedava ?ovjek iz najja?e partije odre?ene manjine, ba\u0161 kao \u0161to mandatara daje najbrojnija stranka u parlamentu&#8230; Savjeti treba da budu partneri Vladi i daju mi\u0161ljenje, a mo\u017eda i saglasnost, na npr. nastavne programe manjina ili imenovanje direktora \u0161kola u mjestima gdje \u017eive manjine\u201d, kazao je Dino\u0161a.<br \/>\n?lanovi Odbora usvojili su ju?e predlog izmjena zakona nakon \u0161to je ministar prihvatio da se unesu amandmani koji predvi?aju da savjeti dostavljaju izvje\u0161taje do 31. marta i da pravo nadzora nad njima imaju parlamentarci. Protiv predloga glasao je poslanik Nove Emilo Labudovi?, dok je Milisav ?ori? iz SNP-a bio uzdr\u017ean.<br \/>\nU Dino\u0161inom obrazlo\u017eenju poslanik DPS-a Miodrag Vukovi? primjetio je najavu stvaranja nacionalnih vlada, poru?uju?i ministru da \u201c\u0161to se DPS-a ti?e zaboravi da su savjeti politi?ka tijela\u201d. Podsje?aju?i Dino\u0161u da vi\u0161e nije poslanik ve? ministar u Vladi, Vukovi? ga je upozorio da ne mo\u017ee da nastupa kao predstavnik politi?ke partije ve? onih koje zastupa.<br \/>\n\u201cNijesam vidio, niti \u017eelim, da je bilo koji nacionalni savjet bude politi?ko predstavni?ko tijelo manjinskog naroda, ili nacionalne zajednice. Zaboravite da su to politi?ka tijela. Rekli ste i da su to partneri dr\u017eavi, \u0161to je nevjerovatno. I da biste voljeli da to budu svojevrsne skup\u0161tine nacionalnih zajednica, koje ?e imati svoje vlade \u2013 je li to najava nacionalne federalizacije Crne Gore u politi?kom smislu\u201d, upitao je Vukovi?, na \u0161ta mu je Dino\u0161a pojasnio da ?e se zalagati da Crna Gora bude dr\u017eava gra?ana, ali i da su manjine gra?ani.<br \/>\nDino\u0161a je pojasnio da dolazi iz manjine koja ima svoju politiku i da ?e u Vladi biti i predstavnik Demokratske unije Albanaca (DUA).<br \/>\nLabudovi? je upozorio da izmjene zakona nijesu definisale ko u Crnoj Gori mo\u017ee biti pripadnik nacionalne manjine, ocjenjuju?i da je zbog takvih propusta forimiran Srpski nacionalni savjet (SNS) iako Srbi koji ?ine 32 odsto stanovni\u0161tva ne mogu biti manjina.<\/p>\n<p>Kako D\u017eavid brani Ferhata<br \/>\nNakon opaske Milisava ?ori?a iz SNP-a da je Dino\u0161a kazao da ?e iz ministarske fotelje sprovoditi program svoje stranke, reagovao je predsjednik Odbora D\u017eavid \u0160abovi? (SDP) poja\u0161njavaju?i da ministar nije tako mislio. Obrazla\u017eu?i ministrovu izjavu, \u0160abovi? je rekao da Dino\u0161a u Vladi ne?e sprovoditi program Demokratske unije Albanaca.<br \/>\n\u201cOdrasmo te danas. Mora neko i da te brani\u201d, obrazlo\u017eio je \u0160abovi? Dino\u0161i.<br \/>\nDino\u0161in predlog da savjeti moraju izvje\u0161tavati Vladu i parlament o svom radu nai\u0161ao je na odobravanje ve?ine ?lanova odbora. Oni su se slo\u017eili sa ministrovim obrazlo\u017eenjem da su do sada savjeti tro\u0161ili novac iz bud\u017eeta a da nikom nijesu odgovorali.<br \/>\nOn smatra da elektorska skup\u0161tina treba da bude prepu\u0161tena predstavnicima civilnog dru\u0161tva i stru?njacima koji se bavi manjinskim pravima i slobodama.<br \/>\n<strong><br \/>\nSa.K.<br \/>\n<a href=\"http:\/\/www.vijesti.me\/index.php?id=328243\" target=\"_blank\">Vijesti<br \/>\n<\/a><\/strong><\/p>\n<p><strong>VIDEO TV IN<br \/>\n<\/strong>[flv width=&#8221;580&#8243; height=&#8221;400&#8243;]http:\/\/www.rtvin.me\/flv\/01_02_post_odbor.flv[\/flv]<\/p>\n","protected":false},"excerpt":{"rendered":"<p>Ministar za prava manjina naljutio predstavnika DPS Podgorica \u2013 Nacionalni savjeti treba da budu politi?ka tijela koja ?e odra\u017eavati raspored snaga partija koje zastupaju manjine i treba im dati ve?e ingerencije, ocjenio je ju?e ministar za ljudska i manjinska prava Ferhat Dino\u0161a, zbog ?ega ga je o\u0161tro napao ?lan rukovodstva DPS Miodrag Vukovi?, prigovaraju?i mu [&hellip;]<\/p>\n","protected":false},"author":1,"featured_media":0,"comment_status":"open","ping_status":"closed","sticky":false,"template":"","format":"standard","meta":{"spay_email":"","jetpack_publicize_message":"","jetpack_is_tweetstorm":false,"jetpack_publicize_feature_enabled":true},"categories":[8337],"tags":[88,12254,4196],"jetpack_publicize_connections":[],"yoast_head":"<!-- This site is optimized with the Yoast SEO plugin v19.1 - https:\/\/yoast.com\/wordpress\/plugins\/seo\/ -->\n<title>Ho?e li Dino\u0161a federalizaciju - Video - Lajme nga Ulqini<\/title>\n<meta name=\"description\" content=\"Ministar za prava manjina naljutio predstavnika DPS Podgorica \u2013 Nacionalni savjeti treba da budu politi?ka tijela koja ?e odra\u017eavati raspored snaga\" \/>\n<meta name=\"robots\" content=\"index, follow, max-snippet:-1, max-image-preview:large, max-video-preview:-1\" \/>\n<link rel=\"canonical\" href=\"https:\/\/www.visit-ulcinj.com\/blog\/2010\/02\/02\/hoce-li-dinosa-federalizaciju\/\" \/>\n<meta property=\"og:locale\" content=\"en_US\" \/>\n<meta property=\"og:type\" content=\"article\" \/>\n<meta property=\"og:title\" content=\"Ho?e li Dino\u0161a federalizaciju - Video - Lajme nga Ulqini\" \/>\n<meta property=\"og:description\" content=\"Ministar za prava manjina naljutio predstavnika DPS Podgorica \u2013 Nacionalni savjeti treba da budu politi?ka tijela koja ?e odra\u017eavati raspored snaga\" \/>\n<meta property=\"og:url\" content=\"https:\/\/www.visit-ulcinj.com\/blog\/2010\/02\/02\/hoce-li-dinosa-federalizaciju\/\" \/>\n<meta property=\"og:site_name\" content=\"Lajme nga Ulqini\" \/>\n<meta property=\"article:published_time\" content=\"2010-02-02T19:07:06+00:00\" \/>\n<meta property=\"article:modified_time\" content=\"2010-02-02T19:10:11+00:00\" \/>\n<meta name=\"twitter:label1\" content=\"Written by\" \/>\n\t<meta name=\"twitter:data1\" content=\"ulqini\" \/>\n\t<meta name=\"twitter:label2\" content=\"Est. reading time\" \/>\n\t<meta name=\"twitter:data2\" content=\"3 minutes\" \/>\n<script type=\"application\/ld+json\" class=\"yoast-schema-graph\">{\"@context\":\"https:\/\/schema.org\",\"@graph\":[{\"@type\":\"WebSite\",\"@id\":\"https:\/\/www.visit-ulcinj.com\/blog\/#website\",\"url\":\"https:\/\/www.visit-ulcinj.com\/blog\/\",\"name\":\"Lajme nga Ulqini\",\"description\":\"Lajme,Vijesti,Ulqini,Ulqin,Crna Gora,Mali i Zi\",\"potentialAction\":[{\"@type\":\"SearchAction\",\"target\":{\"@type\":\"EntryPoint\",\"urlTemplate\":\"https:\/\/www.visit-ulcinj.com\/blog\/?s={search_term_string}\"},\"query-input\":\"required name=search_term_string\"}],\"inLanguage\":\"en-US\"},{\"@type\":\"WebPage\",\"@id\":\"https:\/\/www.visit-ulcinj.com\/blog\/2010\/02\/02\/hoce-li-dinosa-federalizaciju\/#webpage\",\"url\":\"https:\/\/www.visit-ulcinj.com\/blog\/2010\/02\/02\/hoce-li-dinosa-federalizaciju\/\",\"name\":\"Ho?e li Dino\u0161a federalizaciju - Video - Lajme nga Ulqini\",\"isPartOf\":{\"@id\":\"https:\/\/www.visit-ulcinj.com\/blog\/#website\"},\"datePublished\":\"2010-02-02T19:07:06+00:00\",\"dateModified\":\"2010-02-02T19:10:11+00:00\",\"author\":{\"@id\":\"https:\/\/www.visit-ulcinj.com\/blog\/#\/schema\/person\/dcab619c614d3038751c63bc2aadc06d\"},\"description\":\"Ministar za prava manjina naljutio predstavnika DPS Podgorica \u2013 Nacionalni savjeti treba da budu politi?ka tijela koja ?e odra\u017eavati raspored snaga\",\"breadcrumb\":{\"@id\":\"https:\/\/www.visit-ulcinj.com\/blog\/2010\/02\/02\/hoce-li-dinosa-federalizaciju\/#breadcrumb\"},\"inLanguage\":\"en-US\",\"potentialAction\":[{\"@type\":\"ReadAction\",\"target\":[\"https:\/\/www.visit-ulcinj.com\/blog\/2010\/02\/02\/hoce-li-dinosa-federalizaciju\/\"]}]},{\"@type\":\"BreadcrumbList\",\"@id\":\"https:\/\/www.visit-ulcinj.com\/blog\/2010\/02\/02\/hoce-li-dinosa-federalizaciju\/#breadcrumb\",\"itemListElement\":[{\"@type\":\"ListItem\",\"position\":1,\"name\":\"Ho?e li Dino\u0161a federalizaciju &#8211; Video\"}]},{\"@type\":\"Person\",\"@id\":\"https:\/\/www.visit-ulcinj.com\/blog\/#\/schema\/person\/dcab619c614d3038751c63bc2aadc06d\",\"name\":\"ulqini\",\"sameAs\":[\"http:\/\/www.visit-ulcinj.com\"],\"url\":\"https:\/\/www.visit-ulcinj.com\/blog\/author\/admin\/\"}]}<\/script>\n<!-- \/ Yoast SEO plugin. -->","yoast_head_json":{"title":"Ho?e li Dino\u0161a federalizaciju - Video - Lajme nga Ulqini","description":"Ministar za prava manjina naljutio predstavnika DPS Podgorica \u2013 Nacionalni savjeti treba da budu politi?ka tijela koja ?e odra\u017eavati raspored snaga","robots":{"index":"index","follow":"follow","max-snippet":"max-snippet:-1","max-image-preview":"max-image-preview:large","max-video-preview":"max-video-preview:-1"},"canonical":"https:\/\/www.visit-ulcinj.com\/blog\/2010\/02\/02\/hoce-li-dinosa-federalizaciju\/","og_locale":"en_US","og_type":"article","og_title":"Ho?e li Dino\u0161a federalizaciju - Video - Lajme nga Ulqini","og_description":"Ministar za prava manjina naljutio predstavnika DPS Podgorica \u2013 Nacionalni savjeti treba da budu politi?ka tijela koja ?e odra\u017eavati raspored snaga","og_url":"https:\/\/www.visit-ulcinj.com\/blog\/2010\/02\/02\/hoce-li-dinosa-federalizaciju\/","og_site_name":"Lajme nga Ulqini","article_published_time":"2010-02-02T19:07:06+00:00","article_modified_time":"2010-02-02T19:10:11+00:00","twitter_misc":{"Written by":"ulqini","Est. reading time":"3 minutes"},"schema":{"@context":"https:\/\/schema.org","@graph":[{"@type":"WebSite","@id":"https:\/\/www.visit-ulcinj.com\/blog\/#website","url":"https:\/\/www.visit-ulcinj.com\/blog\/","name":"Lajme nga Ulqini","description":"Lajme,Vijesti,Ulqini,Ulqin,Crna Gora,Mali i Zi","potentialAction":[{"@type":"SearchAction","target":{"@type":"EntryPoint","urlTemplate":"https:\/\/www.visit-ulcinj.com\/blog\/?s={search_term_string}"},"query-input":"required name=search_term_string"}],"inLanguage":"en-US"},{"@type":"WebPage","@id":"https:\/\/www.visit-ulcinj.com\/blog\/2010\/02\/02\/hoce-li-dinosa-federalizaciju\/#webpage","url":"https:\/\/www.visit-ulcinj.com\/blog\/2010\/02\/02\/hoce-li-dinosa-federalizaciju\/","name":"Ho?e li Dino\u0161a federalizaciju - Video - Lajme nga Ulqini","isPartOf":{"@id":"https:\/\/www.visit-ulcinj.com\/blog\/#website"},"datePublished":"2010-02-02T19:07:06+00:00","dateModified":"2010-02-02T19:10:11+00:00","author":{"@id":"https:\/\/www.visit-ulcinj.com\/blog\/#\/schema\/person\/dcab619c614d3038751c63bc2aadc06d"},"description":"Ministar za prava manjina naljutio predstavnika DPS Podgorica \u2013 Nacionalni savjeti treba da budu politi?ka tijela koja ?e odra\u017eavati raspored snaga","breadcrumb":{"@id":"https:\/\/www.visit-ulcinj.com\/blog\/2010\/02\/02\/hoce-li-dinosa-federalizaciju\/#breadcrumb"},"inLanguage":"en-US","potentialAction":[{"@type":"ReadAction","target":["https:\/\/www.visit-ulcinj.com\/blog\/2010\/02\/02\/hoce-li-dinosa-federalizaciju\/"]}]},{"@type":"BreadcrumbList","@id":"https:\/\/www.visit-ulcinj.com\/blog\/2010\/02\/02\/hoce-li-dinosa-federalizaciju\/#breadcrumb","itemListElement":[{"@type":"ListItem","position":1,"name":"Ho?e li Dino\u0161a federalizaciju &#8211; Video"}]},{"@type":"Person","@id":"https:\/\/www.visit-ulcinj.com\/blog\/#\/schema\/person\/dcab619c614d3038751c63bc2aadc06d","name":"ulqini","sameAs":["http:\/\/www.visit-ulcinj.com"],"url":"https:\/\/www.visit-ulcinj.com\/blog\/author\/admin\/"}]}},"jetpack_featured_media_url":"","jetpack_sharing_enabled":true,"jetpack_shortlink":"https:\/\/wp.me\/pe6lTn-7NO","_links":{"self":[{"href":"https:\/\/www.visit-ulcinj.com\/blog\/wp-json\/wp\/v2\/posts\/29996"}],"collection":[{"href":"https:\/\/www.visit-ulcinj.com\/blog\/wp-json\/wp\/v2\/posts"}],"about":[{"href":"https:\/\/www.visit-ulcinj.com\/blog\/wp-json\/wp\/v2\/types\/post"}],"author":[{"embeddable":true,"href":"https:\/\/www.visit-ulcinj.com\/blog\/wp-json\/wp\/v2\/users\/1"}],"replies":[{"embeddable":true,"href":"https:\/\/www.visit-ulcinj.com\/blog\/wp-json\/wp\/v2\/comments?post=29996"}],"version-history":[{"count":0,"href":"https:\/\/www.visit-ulcinj.com\/blog\/wp-json\/wp\/v2\/posts\/29996\/revisions"}],"wp:attachment":[{"href":"https:\/\/www.visit-ulcinj.com\/blog\/wp-json\/wp\/v2\/media?parent=29996"}],"wp:term":[{"taxonomy":"category","embeddable":true,"href":"https:\/\/www.visit-ulcinj.com\/blog\/wp-json\/wp\/v2\/categories?post=29996"},{"taxonomy":"post_tag","embeddable":true,"href":"https:\/\/www.visit-ulcinj.com\/blog\/wp-json\/wp\/v2\/tags?post=29996"}],"curies":[{"name":"wp","href":"https:\/\/api.w.org\/{rel}","templated":true}]}}