{"id":30003,"date":"2010-02-03T20:10:06","date_gmt":"2010-02-03T18:10:06","guid":{"rendered":"http:\/\/www.visit-ulcinj.com\/blog\/?p=30003"},"modified":"2010-02-04T19:24:53","modified_gmt":"2010-02-04T17:24:53","slug":"gezim-hajdinaga-vazhdon-aktivitetet-e-realizimit-per-hapjen-e-kolexheve-te-huaja-ne-ulqin","status":"publish","type":"post","link":"https:\/\/www.visit-ulcinj.com\/blog\/2010\/02\/03\/gezim-hajdinaga-vazhdon-aktivitetet-e-realizimit-per-hapjen-e-kolexheve-te-huaja-ne-ulqin\/","title":{"rendered":"G\u00ebzim Hajdinaga vazhdon aktivitetet e realizimit p\u00ebr hapjen e kolexheve  t\u00eb huaja n\u00eb Ulqin"},"content":{"rendered":"<p><a href=\"http:\/\/www.visit-ulcinj.com\/blog\/wp-content\/uploads\/2010\/02\/gezim-hajdinaga_tiran.jpg\"><img loading=\"lazy\" class=\"alignleft size-full wp-image-30004\" title=\"gezim-hajdinaga_tiran\" src=\"http:\/\/www.visit-ulcinj.com\/blog\/wp-content\/uploads\/2010\/02\/gezim-hajdinaga_tiran.jpg\" alt=\"gezim-hajdinaga_tiran\" width=\"580\" height=\"400\" \/><\/a>Kryetari i Komun\u00ebs s\u00eb Ulqinit z.G\u00ebzim Hajdinaga ka vazhduar aktivitetet dhe takimet zyrtare me q\u00ebllim t\u00eb realizimit t\u00eb ides\u00eb p\u00ebr hapjen e kolexheve\u00a0 t\u00eb huaj n\u00eb Ulqin<br \/>\nKryetari i Komun\u00ebs s\u00eb Ulqinit z.G\u00ebzim Hajdinaga u takua n\u00eb Tiran\u00eb me Drejtorin e p\u00ebrgjithsh\u00ebm t\u00eb Kolexheve turke z.Numan Gylem dhe bashk\u00ebpun\u00ebtor\u00ebt e tij.<br \/>\nN\u00eb takim u b\u00eb nj\u00eb sublimim i t\u00eb gjitha aktiviteteve t\u00eb deritanishme dhe u vler\u00ebsua angazhimi permanent i kryetarit t\u00eb Komun\u00ebs s\u00eb Ulqinit n\u00eb realizimin e ides\u00eb p\u00ebr hapjen e nj\u00eb kolexhi bashkohor\u00eb evropian turk edhe n\u00eb Komun\u00ebn e Ulqinit.<br \/>\nPas nj\u00eb takimi t\u00eb hapur dhe tejet miq\u00ebsore u la q\u00eb Kryetari Hajdinaga t\u00eb inicoj\u00eb nj\u00eb takim me zyrtar\u00ebt e lart\u00eb republikan p\u00ebr \u00e7\u00ebshtje t\u00eb arsimit n\u00eb Mal t\u00eb Zi t\u00eb cil\u00ebt do t\u00eb jepnin p\u00eblqimin p\u00ebr hapjen e dy kolexheve t\u00eb niveleve t\u00eb ndryshme n\u00eb Podgoric\u00eb dhe Ulqin t\u00eb cil\u00ebt do t\u00eb ishin t\u00eb gatsh\u00ebm q\u00eb t\u00eb fillonin nga puna n\u00eb vitin e ri shkollore 2011.<br \/>\nRrjeti i kolexheve turke n\u00ebp\u00ebr bot\u00eb \u00ebsht\u00eb shum\u00eb i madh. N\u00eb ta angazhohen\u00a0 m\u00ebsimdh\u00ebn\u00ebs me grada t\u00eb larta shkencore nga vende t\u00eb ndryshme t\u00eb bot\u00ebs, ambientet ku zhvillohet aktiviteti m\u00ebsimore jan\u00eb tejet bashkohor\u00eb.<br \/>\nN\u00eb kolexhin turk q\u00eb vepron n\u00eb qytetin e Shkodr\u00ebs m\u00ebsimet t\u00eb cilat zhvillohen n\u00eb gjuh\u00ebn angleze i ndjekin nj\u00eb num\u00ebr i madh i t\u00eb rinjve nga qyteti yn\u00eb dhe interesimi \u00ebsht\u00eb gjithnj\u00eb e n\u00eb rritje.<br \/>\nKrahas k\u00ebsaj strukturat udh\u00ebheq\u00ebse komunale jan\u00eb n\u00eb kontakt edhe me p\u00ebrfaq\u00ebsuesit e kolexhit austriak.<\/p>\n<p><strong>Municipality of Ulcinj \/ Ulqin<\/strong><br \/>\n<!--YouTube Error: bad URL entered--><\/p>\n","protected":false},"excerpt":{"rendered":"<p>Kryetari i Komun\u00ebs s\u00eb Ulqinit z.G\u00ebzim Hajdinaga ka vazhduar aktivitetet dhe takimet zyrtare me q\u00ebllim t\u00eb realizimit t\u00eb ides\u00eb p\u00ebr hapjen e kolexheve\u00a0 t\u00eb huaj n\u00eb Ulqin Kryetari i Komun\u00ebs s\u00eb Ulqinit z.G\u00ebzim Hajdinaga u takua n\u00eb Tiran\u00eb me Drejtorin e p\u00ebrgjithsh\u00ebm t\u00eb Kolexheve turke z.Numan Gylem dhe bashk\u00ebpun\u00ebtor\u00ebt e tij. N\u00eb takim u b\u00eb [&hellip;]<\/p>\n","protected":false},"author":1,"featured_media":0,"comment_status":"open","ping_status":"closed","sticky":false,"template":"","format":"standard","meta":{"spay_email":"","jetpack_publicize_message":"","jetpack_is_tweetstorm":false,"jetpack_publicize_feature_enabled":true},"categories":[1],"tags":[9509,13450,3583],"jetpack_publicize_connections":[],"yoast_head":"<!-- This site is optimized with the Yoast SEO plugin v19.1 - https:\/\/yoast.com\/wordpress\/plugins\/seo\/ -->\n<title>G\u00ebzim Hajdinaga vazhdon aktivitetet e realizimit p\u00ebr hapjen e kolexheve t\u00eb huaja n\u00eb Ulqin - Lajme nga Ulqini<\/title>\n<meta name=\"description\" content=\"Kryetari i Komun\u00ebs s\u00eb Ulqinit z.G\u00ebzim Hajdinaga ka vazhduar aktivitetet dhe takimet zyrtare me q\u00ebllim t\u00eb realizimit t\u00eb ides\u00eb p\u00ebr hapjen e kolexheve\u00a0 t\u00eb\" \/>\n<meta name=\"robots\" content=\"index, follow, max-snippet:-1, max-image-preview:large, max-video-preview:-1\" \/>\n<link rel=\"canonical\" href=\"https:\/\/www.visit-ulcinj.com\/blog\/2010\/02\/03\/gezim-hajdinaga-vazhdon-aktivitetet-e-realizimit-per-hapjen-e-kolexheve-te-huaja-ne-ulqin\/\" \/>\n<meta property=\"og:locale\" content=\"en_US\" \/>\n<meta property=\"og:type\" content=\"article\" \/>\n<meta property=\"og:title\" content=\"G\u00ebzim Hajdinaga vazhdon aktivitetet e realizimit p\u00ebr hapjen e kolexheve t\u00eb huaja n\u00eb Ulqin - Lajme nga Ulqini\" \/>\n<meta property=\"og:description\" content=\"Kryetari i Komun\u00ebs s\u00eb Ulqinit z.G\u00ebzim Hajdinaga ka vazhduar aktivitetet dhe takimet zyrtare me q\u00ebllim t\u00eb realizimit t\u00eb ides\u00eb p\u00ebr hapjen e kolexheve\u00a0 t\u00eb\" \/>\n<meta property=\"og:url\" content=\"https:\/\/www.visit-ulcinj.com\/blog\/2010\/02\/03\/gezim-hajdinaga-vazhdon-aktivitetet-e-realizimit-per-hapjen-e-kolexheve-te-huaja-ne-ulqin\/\" \/>\n<meta property=\"og:site_name\" content=\"Lajme nga Ulqini\" \/>\n<meta property=\"article:published_time\" content=\"2010-02-03T18:10:06+00:00\" \/>\n<meta property=\"article:modified_time\" content=\"2010-02-04T17:24:53+00:00\" \/>\n<meta property=\"og:image\" content=\"http:\/\/www.visit-ulcinj.com\/blog\/wp-content\/uploads\/2010\/02\/gezim-hajdinaga_tiran.jpg\" \/>\n<meta name=\"twitter:label1\" content=\"Written by\" \/>\n\t<meta name=\"twitter:data1\" content=\"ulqini\" \/>\n\t<meta name=\"twitter:label2\" content=\"Est. reading time\" \/>\n\t<meta name=\"twitter:data2\" content=\"1 minute\" \/>\n<script type=\"application\/ld+json\" class=\"yoast-schema-graph\">{\"@context\":\"https:\/\/schema.org\",\"@graph\":[{\"@type\":\"WebSite\",\"@id\":\"https:\/\/www.visit-ulcinj.com\/blog\/#website\",\"url\":\"https:\/\/www.visit-ulcinj.com\/blog\/\",\"name\":\"Lajme nga Ulqini\",\"description\":\"Lajme,Vijesti,Ulqini,Ulqin,Crna Gora,Mali i Zi\",\"potentialAction\":[{\"@type\":\"SearchAction\",\"target\":{\"@type\":\"EntryPoint\",\"urlTemplate\":\"https:\/\/www.visit-ulcinj.com\/blog\/?s={search_term_string}\"},\"query-input\":\"required name=search_term_string\"}],\"inLanguage\":\"en-US\"},{\"@type\":\"ImageObject\",\"inLanguage\":\"en-US\",\"@id\":\"https:\/\/www.visit-ulcinj.com\/blog\/2010\/02\/03\/gezim-hajdinaga-vazhdon-aktivitetet-e-realizimit-per-hapjen-e-kolexheve-te-huaja-ne-ulqin\/#primaryimage\",\"url\":\"https:\/\/www.visit-ulcinj.com\/blog\/wp-content\/uploads\/2010\/02\/gezim-hajdinaga_tiran.jpg\",\"contentUrl\":\"https:\/\/www.visit-ulcinj.com\/blog\/wp-content\/uploads\/2010\/02\/gezim-hajdinaga_tiran.jpg\",\"width\":\"600\",\"height\":\"400\"},{\"@type\":\"WebPage\",\"@id\":\"https:\/\/www.visit-ulcinj.com\/blog\/2010\/02\/03\/gezim-hajdinaga-vazhdon-aktivitetet-e-realizimit-per-hapjen-e-kolexheve-te-huaja-ne-ulqin\/#webpage\",\"url\":\"https:\/\/www.visit-ulcinj.com\/blog\/2010\/02\/03\/gezim-hajdinaga-vazhdon-aktivitetet-e-realizimit-per-hapjen-e-kolexheve-te-huaja-ne-ulqin\/\",\"name\":\"G\u00ebzim Hajdinaga vazhdon aktivitetet e realizimit p\u00ebr hapjen e kolexheve t\u00eb huaja n\u00eb Ulqin - Lajme nga Ulqini\",\"isPartOf\":{\"@id\":\"https:\/\/www.visit-ulcinj.com\/blog\/#website\"},\"primaryImageOfPage\":{\"@id\":\"https:\/\/www.visit-ulcinj.com\/blog\/2010\/02\/03\/gezim-hajdinaga-vazhdon-aktivitetet-e-realizimit-per-hapjen-e-kolexheve-te-huaja-ne-ulqin\/#primaryimage\"},\"datePublished\":\"2010-02-03T18:10:06+00:00\",\"dateModified\":\"2010-02-04T17:24:53+00:00\",\"author\":{\"@id\":\"https:\/\/www.visit-ulcinj.com\/blog\/#\/schema\/person\/dcab619c614d3038751c63bc2aadc06d\"},\"description\":\"Kryetari i Komun\u00ebs s\u00eb Ulqinit z.G\u00ebzim Hajdinaga ka vazhduar aktivitetet dhe takimet zyrtare me q\u00ebllim t\u00eb realizimit t\u00eb ides\u00eb p\u00ebr hapjen e kolexheve\u00a0 t\u00eb\",\"breadcrumb\":{\"@id\":\"https:\/\/www.visit-ulcinj.com\/blog\/2010\/02\/03\/gezim-hajdinaga-vazhdon-aktivitetet-e-realizimit-per-hapjen-e-kolexheve-te-huaja-ne-ulqin\/#breadcrumb\"},\"inLanguage\":\"en-US\",\"potentialAction\":[{\"@type\":\"ReadAction\",\"target\":[\"https:\/\/www.visit-ulcinj.com\/blog\/2010\/02\/03\/gezim-hajdinaga-vazhdon-aktivitetet-e-realizimit-per-hapjen-e-kolexheve-te-huaja-ne-ulqin\/\"]}]},{\"@type\":\"BreadcrumbList\",\"@id\":\"https:\/\/www.visit-ulcinj.com\/blog\/2010\/02\/03\/gezim-hajdinaga-vazhdon-aktivitetet-e-realizimit-per-hapjen-e-kolexheve-te-huaja-ne-ulqin\/#breadcrumb\",\"itemListElement\":[{\"@type\":\"ListItem\",\"position\":1,\"name\":\"G\u00ebzim Hajdinaga vazhdon aktivitetet e realizimit p\u00ebr hapjen e kolexheve t\u00eb huaja n\u00eb Ulqin\"}]},{\"@type\":\"Person\",\"@id\":\"https:\/\/www.visit-ulcinj.com\/blog\/#\/schema\/person\/dcab619c614d3038751c63bc2aadc06d\",\"name\":\"ulqini\",\"sameAs\":[\"http:\/\/www.visit-ulcinj.com\"],\"url\":\"https:\/\/www.visit-ulcinj.com\/blog\/author\/admin\/\"}]}<\/script>\n<!-- \/ Yoast SEO plugin. -->","yoast_head_json":{"title":"G\u00ebzim Hajdinaga vazhdon aktivitetet e realizimit p\u00ebr hapjen e kolexheve t\u00eb huaja n\u00eb Ulqin - Lajme nga Ulqini","description":"Kryetari i Komun\u00ebs s\u00eb Ulqinit z.G\u00ebzim Hajdinaga ka vazhduar aktivitetet dhe takimet zyrtare me q\u00ebllim t\u00eb realizimit t\u00eb ides\u00eb p\u00ebr hapjen e kolexheve\u00a0 t\u00eb","robots":{"index":"index","follow":"follow","max-snippet":"max-snippet:-1","max-image-preview":"max-image-preview:large","max-video-preview":"max-video-preview:-1"},"canonical":"https:\/\/www.visit-ulcinj.com\/blog\/2010\/02\/03\/gezim-hajdinaga-vazhdon-aktivitetet-e-realizimit-per-hapjen-e-kolexheve-te-huaja-ne-ulqin\/","og_locale":"en_US","og_type":"article","og_title":"G\u00ebzim Hajdinaga vazhdon aktivitetet e realizimit p\u00ebr hapjen e kolexheve t\u00eb huaja n\u00eb Ulqin - Lajme nga Ulqini","og_description":"Kryetari i Komun\u00ebs s\u00eb Ulqinit z.G\u00ebzim Hajdinaga ka vazhduar aktivitetet dhe takimet zyrtare me q\u00ebllim t\u00eb realizimit t\u00eb ides\u00eb p\u00ebr hapjen e kolexheve\u00a0 t\u00eb","og_url":"https:\/\/www.visit-ulcinj.com\/blog\/2010\/02\/03\/gezim-hajdinaga-vazhdon-aktivitetet-e-realizimit-per-hapjen-e-kolexheve-te-huaja-ne-ulqin\/","og_site_name":"Lajme nga Ulqini","article_published_time":"2010-02-03T18:10:06+00:00","article_modified_time":"2010-02-04T17:24:53+00:00","og_image":[{"url":"http:\/\/www.visit-ulcinj.com\/blog\/wp-content\/uploads\/2010\/02\/gezim-hajdinaga_tiran.jpg"}],"twitter_misc":{"Written by":"ulqini","Est. reading time":"1 minute"},"schema":{"@context":"https:\/\/schema.org","@graph":[{"@type":"WebSite","@id":"https:\/\/www.visit-ulcinj.com\/blog\/#website","url":"https:\/\/www.visit-ulcinj.com\/blog\/","name":"Lajme nga Ulqini","description":"Lajme,Vijesti,Ulqini,Ulqin,Crna Gora,Mali i Zi","potentialAction":[{"@type":"SearchAction","target":{"@type":"EntryPoint","urlTemplate":"https:\/\/www.visit-ulcinj.com\/blog\/?s={search_term_string}"},"query-input":"required name=search_term_string"}],"inLanguage":"en-US"},{"@type":"ImageObject","inLanguage":"en-US","@id":"https:\/\/www.visit-ulcinj.com\/blog\/2010\/02\/03\/gezim-hajdinaga-vazhdon-aktivitetet-e-realizimit-per-hapjen-e-kolexheve-te-huaja-ne-ulqin\/#primaryimage","url":"https:\/\/www.visit-ulcinj.com\/blog\/wp-content\/uploads\/2010\/02\/gezim-hajdinaga_tiran.jpg","contentUrl":"https:\/\/www.visit-ulcinj.com\/blog\/wp-content\/uploads\/2010\/02\/gezim-hajdinaga_tiran.jpg","width":"600","height":"400"},{"@type":"WebPage","@id":"https:\/\/www.visit-ulcinj.com\/blog\/2010\/02\/03\/gezim-hajdinaga-vazhdon-aktivitetet-e-realizimit-per-hapjen-e-kolexheve-te-huaja-ne-ulqin\/#webpage","url":"https:\/\/www.visit-ulcinj.com\/blog\/2010\/02\/03\/gezim-hajdinaga-vazhdon-aktivitetet-e-realizimit-per-hapjen-e-kolexheve-te-huaja-ne-ulqin\/","name":"G\u00ebzim Hajdinaga vazhdon aktivitetet e realizimit p\u00ebr hapjen e kolexheve t\u00eb huaja n\u00eb Ulqin - Lajme nga Ulqini","isPartOf":{"@id":"https:\/\/www.visit-ulcinj.com\/blog\/#website"},"primaryImageOfPage":{"@id":"https:\/\/www.visit-ulcinj.com\/blog\/2010\/02\/03\/gezim-hajdinaga-vazhdon-aktivitetet-e-realizimit-per-hapjen-e-kolexheve-te-huaja-ne-ulqin\/#primaryimage"},"datePublished":"2010-02-03T18:10:06+00:00","dateModified":"2010-02-04T17:24:53+00:00","author":{"@id":"https:\/\/www.visit-ulcinj.com\/blog\/#\/schema\/person\/dcab619c614d3038751c63bc2aadc06d"},"description":"Kryetari i Komun\u00ebs s\u00eb Ulqinit z.G\u00ebzim Hajdinaga ka vazhduar aktivitetet dhe takimet zyrtare me q\u00ebllim t\u00eb realizimit t\u00eb ides\u00eb p\u00ebr hapjen e kolexheve\u00a0 t\u00eb","breadcrumb":{"@id":"https:\/\/www.visit-ulcinj.com\/blog\/2010\/02\/03\/gezim-hajdinaga-vazhdon-aktivitetet-e-realizimit-per-hapjen-e-kolexheve-te-huaja-ne-ulqin\/#breadcrumb"},"inLanguage":"en-US","potentialAction":[{"@type":"ReadAction","target":["https:\/\/www.visit-ulcinj.com\/blog\/2010\/02\/03\/gezim-hajdinaga-vazhdon-aktivitetet-e-realizimit-per-hapjen-e-kolexheve-te-huaja-ne-ulqin\/"]}]},{"@type":"BreadcrumbList","@id":"https:\/\/www.visit-ulcinj.com\/blog\/2010\/02\/03\/gezim-hajdinaga-vazhdon-aktivitetet-e-realizimit-per-hapjen-e-kolexheve-te-huaja-ne-ulqin\/#breadcrumb","itemListElement":[{"@type":"ListItem","position":1,"name":"G\u00ebzim Hajdinaga vazhdon aktivitetet e realizimit p\u00ebr hapjen e kolexheve t\u00eb huaja n\u00eb Ulqin"}]},{"@type":"Person","@id":"https:\/\/www.visit-ulcinj.com\/blog\/#\/schema\/person\/dcab619c614d3038751c63bc2aadc06d","name":"ulqini","sameAs":["http:\/\/www.visit-ulcinj.com"],"url":"https:\/\/www.visit-ulcinj.com\/blog\/author\/admin\/"}]}},"jetpack_featured_media_url":"","jetpack_sharing_enabled":true,"jetpack_shortlink":"https:\/\/wp.me\/pe6lTn-7NV","_links":{"self":[{"href":"https:\/\/www.visit-ulcinj.com\/blog\/wp-json\/wp\/v2\/posts\/30003"}],"collection":[{"href":"https:\/\/www.visit-ulcinj.com\/blog\/wp-json\/wp\/v2\/posts"}],"about":[{"href":"https:\/\/www.visit-ulcinj.com\/blog\/wp-json\/wp\/v2\/types\/post"}],"author":[{"embeddable":true,"href":"https:\/\/www.visit-ulcinj.com\/blog\/wp-json\/wp\/v2\/users\/1"}],"replies":[{"embeddable":true,"href":"https:\/\/www.visit-ulcinj.com\/blog\/wp-json\/wp\/v2\/comments?post=30003"}],"version-history":[{"count":0,"href":"https:\/\/www.visit-ulcinj.com\/blog\/wp-json\/wp\/v2\/posts\/30003\/revisions"}],"wp:attachment":[{"href":"https:\/\/www.visit-ulcinj.com\/blog\/wp-json\/wp\/v2\/media?parent=30003"}],"wp:term":[{"taxonomy":"category","embeddable":true,"href":"https:\/\/www.visit-ulcinj.com\/blog\/wp-json\/wp\/v2\/categories?post=30003"},{"taxonomy":"post_tag","embeddable":true,"href":"https:\/\/www.visit-ulcinj.com\/blog\/wp-json\/wp\/v2\/tags?post=30003"}],"curies":[{"name":"wp","href":"https:\/\/api.w.org\/{rel}","templated":true}]}}