{"id":30009,"date":"2010-02-03T20:47:38","date_gmt":"2010-02-03T18:47:38","guid":{"rendered":"http:\/\/www.visit-ulcinj.com\/blog\/?p=30009"},"modified":"2010-02-03T20:47:38","modified_gmt":"2010-02-03T18:47:38","slug":"telegram-ngushllimi-presidentit-te-republikes-se-kosoves-z-fatmir-sejdiu","status":"publish","type":"post","link":"https:\/\/www.visit-ulcinj.com\/blog\/2010\/02\/03\/telegram-ngushllimi-presidentit-te-republikes-se-kosoves-z-fatmir-sejdiu\/","title":{"rendered":"Telegram ngushllimi: Presidentit  t\u00eb  republik\u00ebs  s\u00eb  Kosov\u00ebs  z. Fatmir Sejdiu"},"content":{"rendered":"<p><span style=\"font-family: Times New Roman; font-size: small;\"><a href=\"http:\/\/www.visit-ulcinj.com\/blog\/wp-content\/uploads\/2010\/02\/Ndarja-nga-jeta-e-kryetarit-t\u00eb-komun\u00ebs-s\u00eb-Istogut-Fadil-Ferati.jpg\"><img loading=\"lazy\" class=\"alignleft size-full wp-image-30011\" title=\"Ndarja nga jeta e kryetarit t\u00eb komun\u00ebs s\u00eb Istogut Fadil Ferati\" src=\"http:\/\/www.visit-ulcinj.com\/blog\/wp-content\/uploads\/2010\/02\/Ndarja-nga-jeta-e-kryetarit-t\u00eb-komun\u00ebs-s\u00eb-Istogut-Fadil-Ferati.jpg\" alt=\"Ndarja nga jeta e kryetarit t\u00eb komun\u00ebs s\u00eb Istogut Fadil Ferati\" width=\"350\" height=\"240\" \/><\/a>K\u00cbSHILLI NACIONAL I SHQIPTAR\u00cbVE N\u00cb\u00a0MALIN E ZI<\/span><\/p>\n<p align=\"justify\"><span style=\"font-family: Times New Roman; font-size: small;\">NACIONALNI  SAVJET ALBANACA U CRNOJ GORI<\/span><\/p>\n<p align=\"justify\"><span style=\"font-family: Times New Roman; font-size: small;\">ALBANIAN\u00a0  NATIONAL COUNCIL IN MONTENEGRO<\/span><\/p>\n<p align=\"justify\"><span style=\"font-family: Times New Roman; font-size: small;\">Nr. 06 \/ 10<\/span><\/p>\n<p align=\"justify\"><span style=\"font-family: Times New Roman; font-size: small;\">Ulqin, m\u00eb\u00a0  02. 02. 2010<\/span><\/p>\n<p align=\"center\"><span style=\"font-family: Calibri; font-size: large;\">Telegram ngushllimi<\/span><\/p>\n<p><span style=\"font-family: Calibri; font-size: large;\">PRESIDENTIT\u00a0 T\u00cb\u00a0 REPUBLIK\u00cbS\u00a0  S\u00cb\u00a0 KOSOV\u00cbS<\/span><\/p>\n<p><span style=\"font-family: Calibri; font-size: large;\">Z. FATMIR SEJDIU<\/span><\/p>\n<p><span style=\"font-family: Calibri; font-size: medium;\">I nderuar z.President,<\/span><\/p>\n<p><span style=\"font-family: Calibri; font-size: medium;\">Lajmin\u00a0 e  ndarjes\u00a0 nga jeta  t\u00eb z. Fadil Ferati, e prit\u00ebm me pik\u00ebllim t\u00eb thell\u00eb.<\/span><\/p>\n<p><span style=\"font-family: Calibri; font-size: medium;\">Prandaj me k\u00ebt\u00eb\u00a0rast n\u00eb\u00a0 em\u00ebr t\u00eb\u00a0K\u00ebshillit Nacional t\u00eb\u00a0Shqiptar\u00ebve n\u00eb Malin e  Zi , Ju shprehim  ngushllimet\u00a0 tona\u00a0 t\u00eb sinqerta , p\u00ebr humbjen  e n\u00ebnkryetarit t\u00eb LDK-s\u00eb, kryetarit t\u00eb komun\u00ebs s\u00eb Istogut, dhe  nj\u00ebrit prej bashkpun\u00ebtor\u00ebve Tuaj t\u00eb ngusht\u00eb . <\/span><\/p>\n<p><span style=\"font-family: Calibri; font-size: medium;\">Ndarja nga jeta e z. Ferati \u00ebsht\u00eb\u00a0 nj\u00eb\u00a0humbje e madhe p\u00ebr familjen e tij\u00a0 n\u00eb radh\u00eb t\u00eb par\u00eb  , p\u00ebr  LDK-n\u00eb, komun\u00ebn e Istogut dhe qytetar\u00ebt e saj, dhe p\u00ebr Kosov\u00ebn  p\u00ebr t\u00eb cil\u00ebn luftoi e punoi\u00a0 me devotshm\u00ebri deri n\u00eb \u00e7astet\u00a0  e fundit t\u00eb jet\u00ebs. <\/span><\/p>\n<p><span style=\"font-family: Calibri; font-size: medium;\">Duke ndar\u00eb\u00a0dhembjen me Ju p\u00ebr  humbjen e k\u00ebtij burri t\u00eb madh t\u00eb Kosov\u00ebs, urojm\u00eb q\u00eb idealet e  t\u00eb ndjerit\u00a0 Fadil Ferati  t\u00eb b\u00ebhen realitet.<\/span><\/p>\n<p><span style=\"font-family: Calibri; font-size: medium;\">Me nderime,<\/span><\/p>\n<p><span style=\"font-family: Calibri; font-size: medium;\">K RYETARI,<\/span><\/p>\n<p><span style=\"font-family: Calibri; font-size: medium;\">Tahir Tahiri  d.v<\/span><span style=\"font-family: Calibri; font-size: medium;\"><\/p>\n<p>[flv width=&#8221;580&#8243; height=&#8221;400&#8243;]http:\/\/video.kosovapress.com\/repository\/videos\/010210_libri_i_zise_per_fadil_feratin.flv[\/flv]<\/span><\/p>\n","protected":false},"excerpt":{"rendered":"<p>K\u00cbSHILLI NACIONAL I SHQIPTAR\u00cbVE N\u00cb\u00a0MALIN E ZI NACIONALNI SAVJET ALBANACA U CRNOJ GORI ALBANIAN\u00a0 NATIONAL COUNCIL IN MONTENEGRO Nr. 06 \/ 10 Ulqin, m\u00eb\u00a0 02. 02. 2010 Telegram ngushllimi PRESIDENTIT\u00a0 T\u00cb\u00a0 REPUBLIK\u00cbS\u00a0 S\u00cb\u00a0 KOSOV\u00cbS Z. FATMIR SEJDIU I nderuar z.President, Lajmin\u00a0 e ndarjes\u00a0 nga jeta t\u00eb z. Fadil Ferati, e prit\u00ebm me pik\u00ebllim t\u00eb thell\u00eb. [&hellip;]<\/p>\n","protected":false},"author":1,"featured_media":0,"comment_status":"open","ping_status":"closed","sticky":false,"template":"","format":"standard","meta":{"spay_email":"","jetpack_publicize_message":"","jetpack_is_tweetstorm":false,"jetpack_publicize_feature_enabled":true},"categories":[14],"tags":[13451,56,899],"jetpack_publicize_connections":[],"yoast_head":"<!-- This site is optimized with the Yoast SEO plugin v19.1 - https:\/\/yoast.com\/wordpress\/plugins\/seo\/ -->\n<title>Telegram ngushllimi: Presidentit t\u00eb republik\u00ebs s\u00eb Kosov\u00ebs z. Fatmir Sejdiu - Lajme nga Ulqini<\/title>\n<meta name=\"description\" content=\"K\u00cbSHILLI NACIONAL I SHQIPTAR\u00cbVE N\u00cb\u00a0MALIN E ZI NACIONALNI SAVJET ALBANACA U CRNOJ GORI ALBANIAN\u00a0 NATIONAL COUNCIL IN MONTENEGRO Nr. 06 \/ 10 Ulqin, m\u00eb\u00a0 02.\" \/>\n<meta name=\"robots\" content=\"index, follow, max-snippet:-1, max-image-preview:large, max-video-preview:-1\" \/>\n<link rel=\"canonical\" href=\"https:\/\/www.visit-ulcinj.com\/blog\/2010\/02\/03\/telegram-ngushllimi-presidentit-te-republikes-se-kosoves-z-fatmir-sejdiu\/\" \/>\n<meta property=\"og:locale\" content=\"en_US\" \/>\n<meta property=\"og:type\" content=\"article\" \/>\n<meta property=\"og:title\" content=\"Telegram ngushllimi: Presidentit t\u00eb republik\u00ebs s\u00eb Kosov\u00ebs z. Fatmir Sejdiu - Lajme nga Ulqini\" \/>\n<meta property=\"og:description\" content=\"K\u00cbSHILLI NACIONAL I SHQIPTAR\u00cbVE N\u00cb\u00a0MALIN E ZI NACIONALNI SAVJET ALBANACA U CRNOJ GORI ALBANIAN\u00a0 NATIONAL COUNCIL IN MONTENEGRO Nr. 06 \/ 10 Ulqin, m\u00eb\u00a0 02.\" \/>\n<meta property=\"og:url\" content=\"https:\/\/www.visit-ulcinj.com\/blog\/2010\/02\/03\/telegram-ngushllimi-presidentit-te-republikes-se-kosoves-z-fatmir-sejdiu\/\" \/>\n<meta property=\"og:site_name\" content=\"Lajme nga Ulqini\" \/>\n<meta property=\"article:published_time\" content=\"2010-02-03T18:47:38+00:00\" \/>\n<meta name=\"twitter:label1\" content=\"Written by\" \/>\n\t<meta name=\"twitter:data1\" content=\"ulqini\" \/>\n\t<meta name=\"twitter:label2\" content=\"Est. reading time\" \/>\n\t<meta name=\"twitter:data2\" content=\"1 minute\" \/>\n<script type=\"application\/ld+json\" class=\"yoast-schema-graph\">{\"@context\":\"https:\/\/schema.org\",\"@graph\":[{\"@type\":\"WebSite\",\"@id\":\"https:\/\/www.visit-ulcinj.com\/blog\/#website\",\"url\":\"https:\/\/www.visit-ulcinj.com\/blog\/\",\"name\":\"Lajme nga Ulqini\",\"description\":\"Lajme,Vijesti,Ulqini,Ulqin,Crna Gora,Mali i Zi\",\"potentialAction\":[{\"@type\":\"SearchAction\",\"target\":{\"@type\":\"EntryPoint\",\"urlTemplate\":\"https:\/\/www.visit-ulcinj.com\/blog\/?s={search_term_string}\"},\"query-input\":\"required name=search_term_string\"}],\"inLanguage\":\"en-US\"},{\"@type\":\"WebPage\",\"@id\":\"https:\/\/www.visit-ulcinj.com\/blog\/2010\/02\/03\/telegram-ngushllimi-presidentit-te-republikes-se-kosoves-z-fatmir-sejdiu\/#webpage\",\"url\":\"https:\/\/www.visit-ulcinj.com\/blog\/2010\/02\/03\/telegram-ngushllimi-presidentit-te-republikes-se-kosoves-z-fatmir-sejdiu\/\",\"name\":\"Telegram ngushllimi: Presidentit t\u00eb republik\u00ebs s\u00eb Kosov\u00ebs z. Fatmir Sejdiu - Lajme nga Ulqini\",\"isPartOf\":{\"@id\":\"https:\/\/www.visit-ulcinj.com\/blog\/#website\"},\"datePublished\":\"2010-02-03T18:47:38+00:00\",\"dateModified\":\"2010-02-03T18:47:38+00:00\",\"author\":{\"@id\":\"https:\/\/www.visit-ulcinj.com\/blog\/#\/schema\/person\/dcab619c614d3038751c63bc2aadc06d\"},\"description\":\"K\u00cbSHILLI NACIONAL I SHQIPTAR\u00cbVE N\u00cb\u00a0MALIN E ZI NACIONALNI SAVJET ALBANACA U CRNOJ GORI ALBANIAN\u00a0 NATIONAL COUNCIL IN MONTENEGRO Nr. 06 \/ 10 Ulqin, m\u00eb\u00a0 02.\",\"breadcrumb\":{\"@id\":\"https:\/\/www.visit-ulcinj.com\/blog\/2010\/02\/03\/telegram-ngushllimi-presidentit-te-republikes-se-kosoves-z-fatmir-sejdiu\/#breadcrumb\"},\"inLanguage\":\"en-US\",\"potentialAction\":[{\"@type\":\"ReadAction\",\"target\":[\"https:\/\/www.visit-ulcinj.com\/blog\/2010\/02\/03\/telegram-ngushllimi-presidentit-te-republikes-se-kosoves-z-fatmir-sejdiu\/\"]}]},{\"@type\":\"BreadcrumbList\",\"@id\":\"https:\/\/www.visit-ulcinj.com\/blog\/2010\/02\/03\/telegram-ngushllimi-presidentit-te-republikes-se-kosoves-z-fatmir-sejdiu\/#breadcrumb\",\"itemListElement\":[{\"@type\":\"ListItem\",\"position\":1,\"name\":\"Telegram ngushllimi: Presidentit t\u00eb republik\u00ebs s\u00eb Kosov\u00ebs z. Fatmir Sejdiu\"}]},{\"@type\":\"Person\",\"@id\":\"https:\/\/www.visit-ulcinj.com\/blog\/#\/schema\/person\/dcab619c614d3038751c63bc2aadc06d\",\"name\":\"ulqini\",\"sameAs\":[\"http:\/\/www.visit-ulcinj.com\"],\"url\":\"https:\/\/www.visit-ulcinj.com\/blog\/author\/admin\/\"}]}<\/script>\n<!-- \/ Yoast SEO plugin. -->","yoast_head_json":{"title":"Telegram ngushllimi: Presidentit t\u00eb republik\u00ebs s\u00eb Kosov\u00ebs z. Fatmir Sejdiu - Lajme nga Ulqini","description":"K\u00cbSHILLI NACIONAL I SHQIPTAR\u00cbVE N\u00cb\u00a0MALIN E ZI NACIONALNI SAVJET ALBANACA U CRNOJ GORI ALBANIAN\u00a0 NATIONAL COUNCIL IN MONTENEGRO Nr. 06 \/ 10 Ulqin, m\u00eb\u00a0 02.","robots":{"index":"index","follow":"follow","max-snippet":"max-snippet:-1","max-image-preview":"max-image-preview:large","max-video-preview":"max-video-preview:-1"},"canonical":"https:\/\/www.visit-ulcinj.com\/blog\/2010\/02\/03\/telegram-ngushllimi-presidentit-te-republikes-se-kosoves-z-fatmir-sejdiu\/","og_locale":"en_US","og_type":"article","og_title":"Telegram ngushllimi: Presidentit t\u00eb republik\u00ebs s\u00eb Kosov\u00ebs z. Fatmir Sejdiu - Lajme nga Ulqini","og_description":"K\u00cbSHILLI NACIONAL I SHQIPTAR\u00cbVE N\u00cb\u00a0MALIN E ZI NACIONALNI SAVJET ALBANACA U CRNOJ GORI ALBANIAN\u00a0 NATIONAL COUNCIL IN MONTENEGRO Nr. 06 \/ 10 Ulqin, m\u00eb\u00a0 02.","og_url":"https:\/\/www.visit-ulcinj.com\/blog\/2010\/02\/03\/telegram-ngushllimi-presidentit-te-republikes-se-kosoves-z-fatmir-sejdiu\/","og_site_name":"Lajme nga Ulqini","article_published_time":"2010-02-03T18:47:38+00:00","twitter_misc":{"Written by":"ulqini","Est. reading time":"1 minute"},"schema":{"@context":"https:\/\/schema.org","@graph":[{"@type":"WebSite","@id":"https:\/\/www.visit-ulcinj.com\/blog\/#website","url":"https:\/\/www.visit-ulcinj.com\/blog\/","name":"Lajme nga Ulqini","description":"Lajme,Vijesti,Ulqini,Ulqin,Crna Gora,Mali i Zi","potentialAction":[{"@type":"SearchAction","target":{"@type":"EntryPoint","urlTemplate":"https:\/\/www.visit-ulcinj.com\/blog\/?s={search_term_string}"},"query-input":"required name=search_term_string"}],"inLanguage":"en-US"},{"@type":"WebPage","@id":"https:\/\/www.visit-ulcinj.com\/blog\/2010\/02\/03\/telegram-ngushllimi-presidentit-te-republikes-se-kosoves-z-fatmir-sejdiu\/#webpage","url":"https:\/\/www.visit-ulcinj.com\/blog\/2010\/02\/03\/telegram-ngushllimi-presidentit-te-republikes-se-kosoves-z-fatmir-sejdiu\/","name":"Telegram ngushllimi: Presidentit t\u00eb republik\u00ebs s\u00eb Kosov\u00ebs z. Fatmir Sejdiu - Lajme nga Ulqini","isPartOf":{"@id":"https:\/\/www.visit-ulcinj.com\/blog\/#website"},"datePublished":"2010-02-03T18:47:38+00:00","dateModified":"2010-02-03T18:47:38+00:00","author":{"@id":"https:\/\/www.visit-ulcinj.com\/blog\/#\/schema\/person\/dcab619c614d3038751c63bc2aadc06d"},"description":"K\u00cbSHILLI NACIONAL I SHQIPTAR\u00cbVE N\u00cb\u00a0MALIN E ZI NACIONALNI SAVJET ALBANACA U CRNOJ GORI ALBANIAN\u00a0 NATIONAL COUNCIL IN MONTENEGRO Nr. 06 \/ 10 Ulqin, m\u00eb\u00a0 02.","breadcrumb":{"@id":"https:\/\/www.visit-ulcinj.com\/blog\/2010\/02\/03\/telegram-ngushllimi-presidentit-te-republikes-se-kosoves-z-fatmir-sejdiu\/#breadcrumb"},"inLanguage":"en-US","potentialAction":[{"@type":"ReadAction","target":["https:\/\/www.visit-ulcinj.com\/blog\/2010\/02\/03\/telegram-ngushllimi-presidentit-te-republikes-se-kosoves-z-fatmir-sejdiu\/"]}]},{"@type":"BreadcrumbList","@id":"https:\/\/www.visit-ulcinj.com\/blog\/2010\/02\/03\/telegram-ngushllimi-presidentit-te-republikes-se-kosoves-z-fatmir-sejdiu\/#breadcrumb","itemListElement":[{"@type":"ListItem","position":1,"name":"Telegram ngushllimi: Presidentit t\u00eb republik\u00ebs s\u00eb Kosov\u00ebs z. Fatmir Sejdiu"}]},{"@type":"Person","@id":"https:\/\/www.visit-ulcinj.com\/blog\/#\/schema\/person\/dcab619c614d3038751c63bc2aadc06d","name":"ulqini","sameAs":["http:\/\/www.visit-ulcinj.com"],"url":"https:\/\/www.visit-ulcinj.com\/blog\/author\/admin\/"}]}},"jetpack_featured_media_url":"","jetpack_sharing_enabled":true,"jetpack_shortlink":"https:\/\/wp.me\/pe6lTn-7O1","_links":{"self":[{"href":"https:\/\/www.visit-ulcinj.com\/blog\/wp-json\/wp\/v2\/posts\/30009"}],"collection":[{"href":"https:\/\/www.visit-ulcinj.com\/blog\/wp-json\/wp\/v2\/posts"}],"about":[{"href":"https:\/\/www.visit-ulcinj.com\/blog\/wp-json\/wp\/v2\/types\/post"}],"author":[{"embeddable":true,"href":"https:\/\/www.visit-ulcinj.com\/blog\/wp-json\/wp\/v2\/users\/1"}],"replies":[{"embeddable":true,"href":"https:\/\/www.visit-ulcinj.com\/blog\/wp-json\/wp\/v2\/comments?post=30009"}],"version-history":[{"count":0,"href":"https:\/\/www.visit-ulcinj.com\/blog\/wp-json\/wp\/v2\/posts\/30009\/revisions"}],"wp:attachment":[{"href":"https:\/\/www.visit-ulcinj.com\/blog\/wp-json\/wp\/v2\/media?parent=30009"}],"wp:term":[{"taxonomy":"category","embeddable":true,"href":"https:\/\/www.visit-ulcinj.com\/blog\/wp-json\/wp\/v2\/categories?post=30009"},{"taxonomy":"post_tag","embeddable":true,"href":"https:\/\/www.visit-ulcinj.com\/blog\/wp-json\/wp\/v2\/tags?post=30009"}],"curies":[{"name":"wp","href":"https:\/\/api.w.org\/{rel}","templated":true}]}}