{"id":30013,"date":"2010-02-03T21:01:00","date_gmt":"2010-02-03T19:01:00","guid":{"rendered":"http:\/\/www.visit-ulcinj.com\/blog\/?p=30013"},"modified":"2010-02-04T19:18:18","modified_gmt":"2010-02-04T17:18:18","slug":"kumtese-nga-forca-shkaterimi-i-objekteve-ne-rane","status":"publish","type":"post","link":"https:\/\/www.visit-ulcinj.com\/blog\/2010\/02\/03\/kumtese-nga-forca-shkaterimi-i-objekteve-ne-rane\/","title":{"rendered":"Kumtes\u00eb nga Forca: Shkaterimi i Objekteve ne Rane"},"content":{"rendered":"<p><strong><a href=\"http:\/\/www.visit-ulcinj.com\/blog\/wp-content\/uploads\/2010\/02\/Xhaudet_Cakuli_Forca-e-re-ulqin.jpg\"><img loading=\"lazy\" class=\"alignleft size-full wp-image-30014\" title=\"Xhaudet_Cakuli_Forca e re ulqin\" src=\"http:\/\/www.visit-ulcinj.com\/blog\/wp-content\/uploads\/2010\/02\/Xhaudet_Cakuli_Forca-e-re-ulqin.jpg\" alt=\"Xhaudet_Cakuli_Forca e re ulqin\" width=\"580\" height=\"400\" \/><\/a>KONFERENC\u00cb P\u00cbR MEDIA<br \/>\n02.02.2010 <\/strong><br \/>\nAksioni i shkat\u00ebrrimit t\u00eb objekteve t\u00eb p\u00ebrkohsh\u00ebm n\u00eb Ran\u00eb \u00ebsht\u00eb nj\u00eb fars\u00eb n\u00eb t\u00eb cil\u00ebn rolet i luajn\u00eb dy nivele t\u00eb pushtetit t\u00eb cil\u00ebt nuk mund t\u00eb dalin prej konfuzionit t\u00eb kompetencave t\u00eb pa definuara dhe kufirit t\u00eb pa p\u00ebrcaktuar p\u00ebr t\u00eb Mirat detare.<\/p>\n<p>K\u00ebt\u00eb e kan\u00eb\u00a0 v\u00ebrtetuar edhe n\u00eb shqyrtim publik ku versionet e Studimit shtet\u00ebror t\u00eb lokacionit p\u00ebr Kala dhe Plani urbanistik p\u00ebr Ran\u00eb u p\u00ebrplas\u00ebn n\u00eb kompetenca n\u00eb disa pjes\u00eb t\u00eb Kalas\u00eb, t\u00eb Ran\u00ebs dhe n\u00eb Suk\u00ebn e Sumajve ( ish Hoteli Jadran).<\/p>\n<p>Ata kan\u00eb shkaktuar konfuzion edhe tek pronar\u00ebt e objekteve dhe tek t\u00eb gjith\u00eb\u00a0 qytetar\u00ebt e Ulqinit t\u00eb cil\u00ebt nuk mund t\u00eb kuptojn\u00eb\u00a0 a \u00ebsht\u00eb duke e b\u00ebr\u00eb k\u00ebt\u00eb shkat\u00ebrrim \u201edora\u201c e Qeveris\u00eb s\u00eb Malit t\u00eb Zi, \u201egishtat\u201c e pushtetar\u00ebve t\u00eb Ulqinit, apo dora dhe gishtat veprojn\u00eb t\u00eb harmonizuara?<\/p>\n<p>Pushteti lokal ka pas p\u00ebr detyr\u00eb q\u00eb, para se t\u00eb vendoste t\u00eb shkat\u00ebrroj\u00eb objektet q\u00eb b\u00ebnin nj\u00eb pjes\u00eb t\u00eb r\u00ebnd\u00ebsishme t\u00eb sh\u00ebrbimeve hoteliere &#8211; pjes\u00eb e r\u00ebnd\u00ebsishme t\u00eb ofert\u00ebs turistike n\u00eb zemr\u00ebn e Ulqinit, ta sqaroj\u00eb vij\u00ebn e p\u00ebrfshirjes t\u00eb t\u00eb Mirave detare dhe me koh\u00eb t\u00eb p\u00ebrfundoj\u00eb Projektin urbanistik p\u00ebr Ran\u00eb.<\/p>\n<p>Ju p\u00ebrkujtojm\u00eb\u00a0 se tenderi p\u00ebr punimin e projektit urbanistik p\u00ebr Ran\u00eb \u00ebsht\u00eb\u00a0 shpall\u00eb q\u00eb n\u00eb vitin 2004, mir\u00ebpo ende nuk \u00ebsht\u00eb\u00a0 p\u00ebrfunduar dhe nuk \u00ebsht\u00eb aprovuar n\u00eb Kuvend, edhe pse shqyrtimi publik ka p\u00ebrfunduar para nj\u00eb viti. Mosegzistenca e Projektit urbanistik, gjegj\u00ebsisht t\u00eb \u00e7far\u00ebdo plani p\u00ebr Ran\u00eb, dhe politika e pap\u00ebrgjegjshme e pushtetit lokal ka shkaktuar devastimin ambiental t\u00eb pjes\u00ebs m\u00eb atraktive t\u00eb Ulqinit; shembuj: Shkat\u00ebrrimi i Hotelit Jadran, Hotelit Galeb dhe e nj\u00eb pjese t\u00eb Hotelit Mediteran.<\/p>\n<p>Nga ana tjet\u00ebr, n\u00eb\u00a0 20 vitet e fundit objektet e forta dhe shum\u00ebkat\u00ebshe t\u00eb nd\u00ebrtuara pa plan, do t\u00eb thot\u00eb edhe pa leje, n\u00eb Ran\u00eb dhe n\u00eb Kala ishin ato t\u00eb cil\u00ebt e sh\u00ebmtuan ambientin, e jo objektet e p\u00ebrkohsh\u00ebm t\u00eb cil\u00ebt jan\u00eb punuar n\u00eb baz\u00eb t\u00eb Projektit urbanistik t\u00eb t\u00eb Mirave detare.<\/p>\n<p>P\u00ebr ruajtjen e ambientit nga devastimet shum\u00eb m\u00eb i r\u00ebnd\u00ebsish\u00ebm do t\u00eb ishte intervenimi ndaj atyre objekte, sepse k\u00ebto q\u00eb tani po largohen edhe ashtu ishin t\u00eb p\u00ebrkohsh\u00ebm dhe leht\u00ebsisht t\u00eb larguesh\u00ebm.<\/p>\n<p>Meqen\u00ebse k\u00ebto objekte largohen para aprovimit t\u00eb Projektit urbanistik, ata t\u00eb\u00a0 cil\u00ebt i largojn\u00eb e kan\u00eb t\u00eb qart\u00eb q\u00eb nuk e kan\u00eb definuar q\u00ebllimin e largimit t\u00eb k\u00ebtyre objekteve. At\u00eb qellim ato mundohen ta shpjegojn\u00eb me punimin e nj\u00eb \u201eParku mediterani\u201c p\u00ebr t\u00eb cilin nuk kan\u00eb Projekt, do t\u00eb thot\u00eb as leje dhe as baz\u00eb legjitime p\u00ebr realizim. N\u00eb vend t\u00eb objekteve t\u00eb p\u00ebrkohshme me leje do t\u00eb realizohet pra \u201ePark mediterani\u201c pa leje. P\u00ebr shkak t\u00eb hap\u00ebsir\u00ebs tejet t\u00eb kufizuar mendojm\u00eb se k\u00ebtu nuk b\u00ebhet fjal\u00eb p\u00ebr park, por p\u00ebr disa rr\u00ebpina (zagna) me bim\u00eb t\u00eb Mediteranit.<\/p>\n<p>Jemi t\u00eb bindur se sikur t\u00eb ekzistonte Projekti urbanistik i Ran\u00ebs dhe afati p\u00ebr fillimin e zbatimit, pronar\u00ebt e objekteve t\u00eb p\u00ebrkohsh\u00ebm me vullnet do t\u2019i largonin objektet, sepse n\u00eb k\u00ebt\u00eb rast do t\u00eb kishte nj\u00eb zgjidhje p\u00ebr ata, p\u00ebr familjet e tyre dhe p\u00ebr t\u00eb gjith\u00eb t\u00eb tjer\u00ebt q\u00eb me vite presin aprovimin e Projektit urbanistik p\u00ebr Ran\u00eb. Kjo vlen edhe p\u00ebr largimin e objekteve t\u00eb p\u00ebrkohsh\u00ebm n\u00eb cil\u00ebn do pjes\u00eb t\u00eb qytetit: largimit duhet ti paraprij\u00eb plani paraprak, gjegj\u00ebsisht alternativa p\u00ebr ofert\u00ebn e prodhimeve dhe sh\u00ebrbimeve dhe p\u00ebr sigurimin e burimeve financiare p\u00ebr ekzistenc\u00ebn e familjeve t\u00eb t\u00eb pun\u00ebsuarve.<\/p>\n<p>Kjo \u00e7ka po realizohet nuk parasheh asnj\u00eb alternativ\u00eb as p\u00ebr ekzistenc\u00ebn e k\u00ebtyre familjeve, por as p\u00ebr ofert\u00ebn turistike n\u00eb Ran\u00eb ku ajo do t\u00eb mungoj\u00eb p\u00ebr mij\u00ebra turis\u00eb.<\/p>\n<p>Rregulla e veprimit selektiv t\u00eb pushtetit po v\u00ebrtetohet edhe nj\u00eb her\u00eb, pasi disa objekte t\u00eb p\u00ebrkohsh\u00ebm mbeten pa u larguar. Qytetar\u00ebt e din\u00eb se kush i shfryt\u00ebzon ato objekte q\u00eb nuk preken dhe se pronar\u00ebt e tyre kan\u00eb \u201emerita\u201c p\u00ebr t\u00eb dy pushtetet: edhe p\u00ebr at\u00eb lokal edhe p\u00ebr at\u00eb shtet\u00ebror.<\/p>\n<p>Shkat\u00ebrrimi i objekteve n\u00eb Ulqin po vazhdon. Nd\u00ebrtimet mund t\u2019i imagjinojn\u00eb vet\u00ebm optimistet e p\u00ebrbetuar dhe naivet.<\/p>\n<p>Tani, definitivisht, t\u00eb gjith\u00eb e kan\u00eb t\u00eb qart\u00eb se ky pushtet lokal eshte i paaft\u00eb dhe di vet\u00ebm t\u00eb shkat\u00ebrroj\u00eb e jo t\u00eb nd\u00ebrtoj\u00eb.<\/p>\n<p><strong>Sh\u00ebrbimi Iformatif i Forc\u00ebs<br \/>\n<\/strong><!--YouTube Error: bad URL entered--><\/p>\n","protected":false},"excerpt":{"rendered":"<p>KONFERENC\u00cb P\u00cbR MEDIA 02.02.2010 Aksioni i shkat\u00ebrrimit t\u00eb objekteve t\u00eb p\u00ebrkohsh\u00ebm n\u00eb Ran\u00eb \u00ebsht\u00eb nj\u00eb fars\u00eb n\u00eb t\u00eb cil\u00ebn rolet i luajn\u00eb dy nivele t\u00eb pushtetit t\u00eb cil\u00ebt nuk mund t\u00eb dalin prej konfuzionit t\u00eb kompetencave t\u00eb pa definuara dhe kufirit t\u00eb pa p\u00ebrcaktuar p\u00ebr t\u00eb Mirat detare. K\u00ebt\u00eb e kan\u00eb\u00a0 v\u00ebrtetuar edhe n\u00eb shqyrtim [&hellip;]<\/p>\n","protected":false},"author":1,"featured_media":0,"comment_status":"open","ping_status":"closed","sticky":false,"template":"","format":"standard","meta":{"spay_email":"","jetpack_publicize_message":"","jetpack_is_tweetstorm":false,"jetpack_publicize_feature_enabled":true},"categories":[6],"tags":[672,6796],"jetpack_publicize_connections":[],"yoast_head":"<!-- This site is optimized with the Yoast SEO plugin v19.1 - https:\/\/yoast.com\/wordpress\/plugins\/seo\/ -->\n<title>Kumtes\u00eb nga Forca: Shkaterimi i Objekteve ne Rane - Lajme nga Ulqini<\/title>\n<meta name=\"description\" content=\"KONFERENC\u00cb P\u00cbR MEDIA 02.02.2010 Aksioni i shkat\u00ebrrimit t\u00eb objekteve t\u00eb p\u00ebrkohsh\u00ebm n\u00eb Ran\u00eb \u00ebsht\u00eb nj\u00eb fars\u00eb n\u00eb t\u00eb cil\u00ebn rolet i luajn\u00eb dy nivele t\u00eb\" \/>\n<meta name=\"robots\" content=\"index, follow, max-snippet:-1, max-image-preview:large, max-video-preview:-1\" \/>\n<link rel=\"canonical\" href=\"https:\/\/www.visit-ulcinj.com\/blog\/2010\/02\/03\/kumtese-nga-forca-shkaterimi-i-objekteve-ne-rane\/\" \/>\n<meta property=\"og:locale\" content=\"en_US\" \/>\n<meta property=\"og:type\" content=\"article\" \/>\n<meta property=\"og:title\" content=\"Kumtes\u00eb nga Forca: Shkaterimi i Objekteve ne Rane - Lajme nga Ulqini\" \/>\n<meta property=\"og:description\" content=\"KONFERENC\u00cb P\u00cbR MEDIA 02.02.2010 Aksioni i shkat\u00ebrrimit t\u00eb objekteve t\u00eb p\u00ebrkohsh\u00ebm n\u00eb Ran\u00eb \u00ebsht\u00eb nj\u00eb fars\u00eb n\u00eb t\u00eb cil\u00ebn rolet i luajn\u00eb dy nivele t\u00eb\" \/>\n<meta property=\"og:url\" content=\"https:\/\/www.visit-ulcinj.com\/blog\/2010\/02\/03\/kumtese-nga-forca-shkaterimi-i-objekteve-ne-rane\/\" \/>\n<meta property=\"og:site_name\" content=\"Lajme nga Ulqini\" \/>\n<meta property=\"article:published_time\" content=\"2010-02-03T19:01:00+00:00\" \/>\n<meta property=\"article:modified_time\" content=\"2010-02-04T17:18:18+00:00\" \/>\n<meta property=\"og:image\" content=\"http:\/\/www.visit-ulcinj.com\/blog\/wp-content\/uploads\/2010\/02\/Xhaudet_Cakuli_Forca-e-re-ulqin.jpg\" \/>\n<meta name=\"twitter:label1\" content=\"Written by\" \/>\n\t<meta name=\"twitter:data1\" content=\"ulqini\" \/>\n\t<meta name=\"twitter:label2\" content=\"Est. reading time\" \/>\n\t<meta name=\"twitter:data2\" content=\"4 minutes\" \/>\n<script type=\"application\/ld+json\" class=\"yoast-schema-graph\">{\"@context\":\"https:\/\/schema.org\",\"@graph\":[{\"@type\":\"WebSite\",\"@id\":\"https:\/\/www.visit-ulcinj.com\/blog\/#website\",\"url\":\"https:\/\/www.visit-ulcinj.com\/blog\/\",\"name\":\"Lajme nga Ulqini\",\"description\":\"Lajme,Vijesti,Ulqini,Ulqin,Crna Gora,Mali i Zi\",\"potentialAction\":[{\"@type\":\"SearchAction\",\"target\":{\"@type\":\"EntryPoint\",\"urlTemplate\":\"https:\/\/www.visit-ulcinj.com\/blog\/?s={search_term_string}\"},\"query-input\":\"required name=search_term_string\"}],\"inLanguage\":\"en-US\"},{\"@type\":\"ImageObject\",\"inLanguage\":\"en-US\",\"@id\":\"https:\/\/www.visit-ulcinj.com\/blog\/2010\/02\/03\/kumtese-nga-forca-shkaterimi-i-objekteve-ne-rane\/#primaryimage\",\"url\":\"https:\/\/www.visit-ulcinj.com\/blog\/wp-content\/uploads\/2010\/02\/Xhaudet_Cakuli_Forca-e-re-ulqin.jpg\",\"contentUrl\":\"https:\/\/www.visit-ulcinj.com\/blog\/wp-content\/uploads\/2010\/02\/Xhaudet_Cakuli_Forca-e-re-ulqin.jpg\",\"width\":\"850\",\"height\":\"639\"},{\"@type\":\"WebPage\",\"@id\":\"https:\/\/www.visit-ulcinj.com\/blog\/2010\/02\/03\/kumtese-nga-forca-shkaterimi-i-objekteve-ne-rane\/#webpage\",\"url\":\"https:\/\/www.visit-ulcinj.com\/blog\/2010\/02\/03\/kumtese-nga-forca-shkaterimi-i-objekteve-ne-rane\/\",\"name\":\"Kumtes\u00eb nga Forca: Shkaterimi i Objekteve ne Rane - Lajme nga Ulqini\",\"isPartOf\":{\"@id\":\"https:\/\/www.visit-ulcinj.com\/blog\/#website\"},\"primaryImageOfPage\":{\"@id\":\"https:\/\/www.visit-ulcinj.com\/blog\/2010\/02\/03\/kumtese-nga-forca-shkaterimi-i-objekteve-ne-rane\/#primaryimage\"},\"datePublished\":\"2010-02-03T19:01:00+00:00\",\"dateModified\":\"2010-02-04T17:18:18+00:00\",\"author\":{\"@id\":\"https:\/\/www.visit-ulcinj.com\/blog\/#\/schema\/person\/dcab619c614d3038751c63bc2aadc06d\"},\"description\":\"KONFERENC\u00cb P\u00cbR MEDIA 02.02.2010 Aksioni i shkat\u00ebrrimit t\u00eb objekteve t\u00eb p\u00ebrkohsh\u00ebm n\u00eb Ran\u00eb \u00ebsht\u00eb nj\u00eb fars\u00eb n\u00eb t\u00eb cil\u00ebn rolet i luajn\u00eb dy nivele t\u00eb\",\"breadcrumb\":{\"@id\":\"https:\/\/www.visit-ulcinj.com\/blog\/2010\/02\/03\/kumtese-nga-forca-shkaterimi-i-objekteve-ne-rane\/#breadcrumb\"},\"inLanguage\":\"en-US\",\"potentialAction\":[{\"@type\":\"ReadAction\",\"target\":[\"https:\/\/www.visit-ulcinj.com\/blog\/2010\/02\/03\/kumtese-nga-forca-shkaterimi-i-objekteve-ne-rane\/\"]}]},{\"@type\":\"BreadcrumbList\",\"@id\":\"https:\/\/www.visit-ulcinj.com\/blog\/2010\/02\/03\/kumtese-nga-forca-shkaterimi-i-objekteve-ne-rane\/#breadcrumb\",\"itemListElement\":[{\"@type\":\"ListItem\",\"position\":1,\"name\":\"Kumtes\u00eb nga Forca: Shkaterimi i Objekteve ne Rane\"}]},{\"@type\":\"Person\",\"@id\":\"https:\/\/www.visit-ulcinj.com\/blog\/#\/schema\/person\/dcab619c614d3038751c63bc2aadc06d\",\"name\":\"ulqini\",\"sameAs\":[\"http:\/\/www.visit-ulcinj.com\"],\"url\":\"https:\/\/www.visit-ulcinj.com\/blog\/author\/admin\/\"}]}<\/script>\n<!-- \/ Yoast SEO plugin. -->","yoast_head_json":{"title":"Kumtes\u00eb nga Forca: Shkaterimi i Objekteve ne Rane - Lajme nga Ulqini","description":"KONFERENC\u00cb P\u00cbR MEDIA 02.02.2010 Aksioni i shkat\u00ebrrimit t\u00eb objekteve t\u00eb p\u00ebrkohsh\u00ebm n\u00eb Ran\u00eb \u00ebsht\u00eb nj\u00eb fars\u00eb n\u00eb t\u00eb cil\u00ebn rolet i luajn\u00eb dy nivele t\u00eb","robots":{"index":"index","follow":"follow","max-snippet":"max-snippet:-1","max-image-preview":"max-image-preview:large","max-video-preview":"max-video-preview:-1"},"canonical":"https:\/\/www.visit-ulcinj.com\/blog\/2010\/02\/03\/kumtese-nga-forca-shkaterimi-i-objekteve-ne-rane\/","og_locale":"en_US","og_type":"article","og_title":"Kumtes\u00eb nga Forca: Shkaterimi i Objekteve ne Rane - Lajme nga Ulqini","og_description":"KONFERENC\u00cb P\u00cbR MEDIA 02.02.2010 Aksioni i shkat\u00ebrrimit t\u00eb objekteve t\u00eb p\u00ebrkohsh\u00ebm n\u00eb Ran\u00eb \u00ebsht\u00eb nj\u00eb fars\u00eb n\u00eb t\u00eb cil\u00ebn rolet i luajn\u00eb dy nivele t\u00eb","og_url":"https:\/\/www.visit-ulcinj.com\/blog\/2010\/02\/03\/kumtese-nga-forca-shkaterimi-i-objekteve-ne-rane\/","og_site_name":"Lajme nga Ulqini","article_published_time":"2010-02-03T19:01:00+00:00","article_modified_time":"2010-02-04T17:18:18+00:00","og_image":[{"url":"http:\/\/www.visit-ulcinj.com\/blog\/wp-content\/uploads\/2010\/02\/Xhaudet_Cakuli_Forca-e-re-ulqin.jpg"}],"twitter_misc":{"Written by":"ulqini","Est. reading time":"4 minutes"},"schema":{"@context":"https:\/\/schema.org","@graph":[{"@type":"WebSite","@id":"https:\/\/www.visit-ulcinj.com\/blog\/#website","url":"https:\/\/www.visit-ulcinj.com\/blog\/","name":"Lajme nga Ulqini","description":"Lajme,Vijesti,Ulqini,Ulqin,Crna Gora,Mali i Zi","potentialAction":[{"@type":"SearchAction","target":{"@type":"EntryPoint","urlTemplate":"https:\/\/www.visit-ulcinj.com\/blog\/?s={search_term_string}"},"query-input":"required name=search_term_string"}],"inLanguage":"en-US"},{"@type":"ImageObject","inLanguage":"en-US","@id":"https:\/\/www.visit-ulcinj.com\/blog\/2010\/02\/03\/kumtese-nga-forca-shkaterimi-i-objekteve-ne-rane\/#primaryimage","url":"https:\/\/www.visit-ulcinj.com\/blog\/wp-content\/uploads\/2010\/02\/Xhaudet_Cakuli_Forca-e-re-ulqin.jpg","contentUrl":"https:\/\/www.visit-ulcinj.com\/blog\/wp-content\/uploads\/2010\/02\/Xhaudet_Cakuli_Forca-e-re-ulqin.jpg","width":"850","height":"639"},{"@type":"WebPage","@id":"https:\/\/www.visit-ulcinj.com\/blog\/2010\/02\/03\/kumtese-nga-forca-shkaterimi-i-objekteve-ne-rane\/#webpage","url":"https:\/\/www.visit-ulcinj.com\/blog\/2010\/02\/03\/kumtese-nga-forca-shkaterimi-i-objekteve-ne-rane\/","name":"Kumtes\u00eb nga Forca: Shkaterimi i Objekteve ne Rane - Lajme nga Ulqini","isPartOf":{"@id":"https:\/\/www.visit-ulcinj.com\/blog\/#website"},"primaryImageOfPage":{"@id":"https:\/\/www.visit-ulcinj.com\/blog\/2010\/02\/03\/kumtese-nga-forca-shkaterimi-i-objekteve-ne-rane\/#primaryimage"},"datePublished":"2010-02-03T19:01:00+00:00","dateModified":"2010-02-04T17:18:18+00:00","author":{"@id":"https:\/\/www.visit-ulcinj.com\/blog\/#\/schema\/person\/dcab619c614d3038751c63bc2aadc06d"},"description":"KONFERENC\u00cb P\u00cbR MEDIA 02.02.2010 Aksioni i shkat\u00ebrrimit t\u00eb objekteve t\u00eb p\u00ebrkohsh\u00ebm n\u00eb Ran\u00eb \u00ebsht\u00eb nj\u00eb fars\u00eb n\u00eb t\u00eb cil\u00ebn rolet i luajn\u00eb dy nivele t\u00eb","breadcrumb":{"@id":"https:\/\/www.visit-ulcinj.com\/blog\/2010\/02\/03\/kumtese-nga-forca-shkaterimi-i-objekteve-ne-rane\/#breadcrumb"},"inLanguage":"en-US","potentialAction":[{"@type":"ReadAction","target":["https:\/\/www.visit-ulcinj.com\/blog\/2010\/02\/03\/kumtese-nga-forca-shkaterimi-i-objekteve-ne-rane\/"]}]},{"@type":"BreadcrumbList","@id":"https:\/\/www.visit-ulcinj.com\/blog\/2010\/02\/03\/kumtese-nga-forca-shkaterimi-i-objekteve-ne-rane\/#breadcrumb","itemListElement":[{"@type":"ListItem","position":1,"name":"Kumtes\u00eb nga Forca: Shkaterimi i Objekteve ne Rane"}]},{"@type":"Person","@id":"https:\/\/www.visit-ulcinj.com\/blog\/#\/schema\/person\/dcab619c614d3038751c63bc2aadc06d","name":"ulqini","sameAs":["http:\/\/www.visit-ulcinj.com"],"url":"https:\/\/www.visit-ulcinj.com\/blog\/author\/admin\/"}]}},"jetpack_featured_media_url":"","jetpack_sharing_enabled":true,"jetpack_shortlink":"https:\/\/wp.me\/pe6lTn-7O5","_links":{"self":[{"href":"https:\/\/www.visit-ulcinj.com\/blog\/wp-json\/wp\/v2\/posts\/30013"}],"collection":[{"href":"https:\/\/www.visit-ulcinj.com\/blog\/wp-json\/wp\/v2\/posts"}],"about":[{"href":"https:\/\/www.visit-ulcinj.com\/blog\/wp-json\/wp\/v2\/types\/post"}],"author":[{"embeddable":true,"href":"https:\/\/www.visit-ulcinj.com\/blog\/wp-json\/wp\/v2\/users\/1"}],"replies":[{"embeddable":true,"href":"https:\/\/www.visit-ulcinj.com\/blog\/wp-json\/wp\/v2\/comments?post=30013"}],"version-history":[{"count":0,"href":"https:\/\/www.visit-ulcinj.com\/blog\/wp-json\/wp\/v2\/posts\/30013\/revisions"}],"wp:attachment":[{"href":"https:\/\/www.visit-ulcinj.com\/blog\/wp-json\/wp\/v2\/media?parent=30013"}],"wp:term":[{"taxonomy":"category","embeddable":true,"href":"https:\/\/www.visit-ulcinj.com\/blog\/wp-json\/wp\/v2\/categories?post=30013"},{"taxonomy":"post_tag","embeddable":true,"href":"https:\/\/www.visit-ulcinj.com\/blog\/wp-json\/wp\/v2\/tags?post=30013"}],"curies":[{"name":"wp","href":"https:\/\/api.w.org\/{rel}","templated":true}]}}