{"id":30030,"date":"2010-02-05T23:22:00","date_gmt":"2010-02-05T21:22:00","guid":{"rendered":"http:\/\/www.visit-ulcinj.com\/blog\/?p=30030"},"modified":"2010-02-06T08:54:39","modified_gmt":"2010-02-06T06:54:39","slug":"turisticka-organizacija-ulcinjau-budvi-prvi-put-samostalno","status":"publish","type":"post","link":"https:\/\/www.visit-ulcinj.com\/blog\/2010\/02\/05\/turisticka-organizacija-ulcinjau-budvi-prvi-put-samostalno\/","title":{"rendered":"Turisti?ka organizacija Ulcinja,u Budvi prvi put samostalno"},"content":{"rendered":"<p><img loading=\"lazy\" class=\"alignleft\" title=\"direktor Turisti?ke organizacije Ulcinja Ali Red\u017ea.\" src=\"http:\/\/www.visit-ulcinj.com\/blog\/wp-content\/uploads\/2009\/09\/Ali-Red%C5%BEa-direktor-Turisti%C4%8Dke-organizacije-ulcinja.jpg\" alt=\"\" width=\"580\" height=\"355\" \/>Ulcinj &#8211; Turisti?ka organizacija Ulcinja koja je formirana prije nekoliko mjeseci, prvi samostalni nastup ima?e na turisti?koj berzi u Budvi, koja po?inje naredne sedmice, kazao je \u201eVijestima\u201d direktor Turisti?ke organizacije Ulcinja Ali Red\u017ea.<br \/>\nOn je kazao da ?e prije toga turisti?ka organizacija Ulcinja zajedno sa Nacionalnom turisti?kom organizacijom posjetiti Tel Aviv.<br \/>\n&#8211; U planu i programu rada turisti?ke organizacije za ovu godinu, samostalne nastupe najavili smo u Budvi, Beogradu, Novom Sadu, Pri\u0161tini, Skoplju, Sarajevu, Tirani i Be?u, gdje se odr\u017eavaju dani Ulcinja. Sa lokalnim turisti?kim organizacijama planiramo da posjetimo Temi\u0161var, Odesu, Minsk i jo\u0161 neke destinacije, a sa Nacionalnom turisti?kom organizacijom boravi?emo u Pragu, Tel Avivu, Budimpe\u0161ti, Berlinu i Moskvi &#8211; najavio je Red\u017ea.<br \/>\nOn je istakao da ?e monitoring broja gostiju biti ra?en uobi?ajeno, svakog petka i za po?etak najavio postavljanje informativnih puntkova na ulaz u Ulcinj, na Pristanu i na Sukobinu.<br \/>\nU obimnom programu i planu aktivnosti koji su na nedavnoj prezentaciji ulcinjski privrednici ocijenili vrlo dobrim stoji i da ?e tokom sezone Turisti?ka organizacija raditi ankete sa turistima po metodi slu?ajnog uzorka i otvoriti veb stranice gdje bi posjetioci sajta mogli da daju svoja mi\u0161ljenja i komentare.<br \/>\n&#8211; Kazao sam privrednicima da plan mo\u017ee biti revidiran i dopunjen njihovim primjedbama i sugestijama. Prije svega prostora najvi\u0161e ima kada su u pitanju turisti?ke berze za koje oni poka\u017eu interesovanje, kao i organizovanje jo\u0161 nekih manifestacija osim tradicionalnih, \u201eSvi za turizam\u201d i \u201eLjetna scena\u201d. ?uli su se predlozi da osim te manifestacije ubudu?e obilje\u017eavamo i Dan maslina i Dan dijaspore, a da bi svoje mjesto morao da prona?e i Pro bi? soker, budu?i da Ulcinj ima najbolje uslove za to od svih primorskih gradova &#8211; kazao je Red\u017ea.<br \/>\nOn je naveo da je shodno limitiranim mogu?nostima trenutno, ipak, realno da neke od tih manifestacija za\u017eive od naredne godine.<\/p>\n<p><strong>S. A.<br \/>\n<a href=\"http:\/\/www.vijesti.me\/index.php?id_pre=328579&amp;godina=2010\" target=\"_blank\">Vijesti<br \/>\n<\/a><\/strong>[flv width=&#8221;580&#8243; height=&#8221;400&#8243;]http:\/\/video.zoover.nl\/media\/play\/2010\/01\/20100125130811_025.flv[\/flv]<\/p>\n","protected":false},"excerpt":{"rendered":"<p>Ulcinj &#8211; Turisti?ka organizacija Ulcinja koja je formirana prije nekoliko mjeseci, prvi samostalni nastup ima?e na turisti?koj berzi u Budvi, koja po?inje naredne sedmice, kazao je \u201eVijestima\u201d direktor Turisti?ke organizacije Ulcinja Ali Red\u017ea. On je kazao da ?e prije toga turisti?ka organizacija Ulcinja zajedno sa Nacionalnom turisti?kom organizacijom posjetiti Tel Aviv. &#8211; U planu i [&hellip;]<\/p>\n","protected":false},"author":1,"featured_media":0,"comment_status":"open","ping_status":"closed","sticky":false,"template":"","format":"standard","meta":{"spay_email":"","jetpack_publicize_message":"","jetpack_is_tweetstorm":false,"jetpack_publicize_feature_enabled":true},"categories":[15],"tags":[13458],"jetpack_publicize_connections":[],"yoast_head":"<!-- This site is optimized with the Yoast SEO plugin v19.1 - https:\/\/yoast.com\/wordpress\/plugins\/seo\/ -->\n<title>Turisti?ka organizacija Ulcinja,u Budvi prvi put samostalno - Lajme nga Ulqini<\/title>\n<meta name=\"description\" content=\"Ulcinj - Turisti?ka organizacija Ulcinja koja je formirana prije nekoliko mjeseci, prvi samostalni nastup ima?e na turisti?koj berzi u Budvi, koja po?inje\" \/>\n<meta name=\"robots\" content=\"index, follow, max-snippet:-1, max-image-preview:large, max-video-preview:-1\" \/>\n<link rel=\"canonical\" href=\"https:\/\/www.visit-ulcinj.com\/blog\/2010\/02\/05\/turisticka-organizacija-ulcinjau-budvi-prvi-put-samostalno\/\" \/>\n<meta property=\"og:locale\" content=\"en_US\" \/>\n<meta property=\"og:type\" content=\"article\" \/>\n<meta property=\"og:title\" content=\"Turisti?ka organizacija Ulcinja,u Budvi prvi put samostalno - Lajme nga Ulqini\" \/>\n<meta property=\"og:description\" content=\"Ulcinj - Turisti?ka organizacija Ulcinja koja je formirana prije nekoliko mjeseci, prvi samostalni nastup ima?e na turisti?koj berzi u Budvi, koja po?inje\" \/>\n<meta property=\"og:url\" content=\"https:\/\/www.visit-ulcinj.com\/blog\/2010\/02\/05\/turisticka-organizacija-ulcinjau-budvi-prvi-put-samostalno\/\" \/>\n<meta property=\"og:site_name\" content=\"Lajme nga Ulqini\" \/>\n<meta property=\"article:published_time\" content=\"2010-02-05T21:22:00+00:00\" \/>\n<meta property=\"article:modified_time\" content=\"2010-02-06T06:54:39+00:00\" \/>\n<meta property=\"og:image\" content=\"http:\/\/www.visit-ulcinj.com\/blog\/wp-content\/uploads\/2009\/09\/Ali-Red%C5%BEa-direktor-Turisti%C4%8Dke-organizacije-ulcinja.jpg\" \/>\n<meta name=\"twitter:label1\" content=\"Written by\" \/>\n\t<meta name=\"twitter:data1\" content=\"ulqini\" \/>\n\t<meta name=\"twitter:label2\" content=\"Est. reading time\" \/>\n\t<meta name=\"twitter:data2\" content=\"2 minutes\" \/>\n<script type=\"application\/ld+json\" class=\"yoast-schema-graph\">{\"@context\":\"https:\/\/schema.org\",\"@graph\":[{\"@type\":\"WebSite\",\"@id\":\"https:\/\/www.visit-ulcinj.com\/blog\/#website\",\"url\":\"https:\/\/www.visit-ulcinj.com\/blog\/\",\"name\":\"Lajme nga Ulqini\",\"description\":\"Lajme,Vijesti,Ulqini,Ulqin,Crna Gora,Mali i Zi\",\"potentialAction\":[{\"@type\":\"SearchAction\",\"target\":{\"@type\":\"EntryPoint\",\"urlTemplate\":\"https:\/\/www.visit-ulcinj.com\/blog\/?s={search_term_string}\"},\"query-input\":\"required name=search_term_string\"}],\"inLanguage\":\"en-US\"},{\"@type\":\"ImageObject\",\"inLanguage\":\"en-US\",\"@id\":\"https:\/\/www.visit-ulcinj.com\/blog\/2010\/02\/05\/turisticka-organizacija-ulcinjau-budvi-prvi-put-samostalno\/#primaryimage\",\"url\":\"http:\/\/www.visit-ulcinj.com\/blog\/wp-content\/uploads\/2009\/09\/Ali-Red%C5%BEa-direktor-Turisti%C4%8Dke-organizacije-ulcinja.jpg\",\"contentUrl\":\"http:\/\/www.visit-ulcinj.com\/blog\/wp-content\/uploads\/2009\/09\/Ali-Red%C5%BEa-direktor-Turisti%C4%8Dke-organizacije-ulcinja.jpg\"},{\"@type\":\"WebPage\",\"@id\":\"https:\/\/www.visit-ulcinj.com\/blog\/2010\/02\/05\/turisticka-organizacija-ulcinjau-budvi-prvi-put-samostalno\/#webpage\",\"url\":\"https:\/\/www.visit-ulcinj.com\/blog\/2010\/02\/05\/turisticka-organizacija-ulcinjau-budvi-prvi-put-samostalno\/\",\"name\":\"Turisti?ka organizacija Ulcinja,u Budvi prvi put samostalno - Lajme nga Ulqini\",\"isPartOf\":{\"@id\":\"https:\/\/www.visit-ulcinj.com\/blog\/#website\"},\"primaryImageOfPage\":{\"@id\":\"https:\/\/www.visit-ulcinj.com\/blog\/2010\/02\/05\/turisticka-organizacija-ulcinjau-budvi-prvi-put-samostalno\/#primaryimage\"},\"datePublished\":\"2010-02-05T21:22:00+00:00\",\"dateModified\":\"2010-02-06T06:54:39+00:00\",\"author\":{\"@id\":\"https:\/\/www.visit-ulcinj.com\/blog\/#\/schema\/person\/dcab619c614d3038751c63bc2aadc06d\"},\"description\":\"Ulcinj - Turisti?ka organizacija Ulcinja koja je formirana prije nekoliko mjeseci, prvi samostalni nastup ima?e na turisti?koj berzi u Budvi, koja po?inje\",\"breadcrumb\":{\"@id\":\"https:\/\/www.visit-ulcinj.com\/blog\/2010\/02\/05\/turisticka-organizacija-ulcinjau-budvi-prvi-put-samostalno\/#breadcrumb\"},\"inLanguage\":\"en-US\",\"potentialAction\":[{\"@type\":\"ReadAction\",\"target\":[\"https:\/\/www.visit-ulcinj.com\/blog\/2010\/02\/05\/turisticka-organizacija-ulcinjau-budvi-prvi-put-samostalno\/\"]}]},{\"@type\":\"BreadcrumbList\",\"@id\":\"https:\/\/www.visit-ulcinj.com\/blog\/2010\/02\/05\/turisticka-organizacija-ulcinjau-budvi-prvi-put-samostalno\/#breadcrumb\",\"itemListElement\":[{\"@type\":\"ListItem\",\"position\":1,\"name\":\"Turisti?ka organizacija Ulcinja,u Budvi prvi put samostalno\"}]},{\"@type\":\"Person\",\"@id\":\"https:\/\/www.visit-ulcinj.com\/blog\/#\/schema\/person\/dcab619c614d3038751c63bc2aadc06d\",\"name\":\"ulqini\",\"sameAs\":[\"http:\/\/www.visit-ulcinj.com\"],\"url\":\"https:\/\/www.visit-ulcinj.com\/blog\/author\/admin\/\"}]}<\/script>\n<!-- \/ Yoast SEO plugin. -->","yoast_head_json":{"title":"Turisti?ka organizacija Ulcinja,u Budvi prvi put samostalno - Lajme nga Ulqini","description":"Ulcinj - Turisti?ka organizacija Ulcinja koja je formirana prije nekoliko mjeseci, prvi samostalni nastup ima?e na turisti?koj berzi u Budvi, koja po?inje","robots":{"index":"index","follow":"follow","max-snippet":"max-snippet:-1","max-image-preview":"max-image-preview:large","max-video-preview":"max-video-preview:-1"},"canonical":"https:\/\/www.visit-ulcinj.com\/blog\/2010\/02\/05\/turisticka-organizacija-ulcinjau-budvi-prvi-put-samostalno\/","og_locale":"en_US","og_type":"article","og_title":"Turisti?ka organizacija Ulcinja,u Budvi prvi put samostalno - Lajme nga Ulqini","og_description":"Ulcinj - Turisti?ka organizacija Ulcinja koja je formirana prije nekoliko mjeseci, prvi samostalni nastup ima?e na turisti?koj berzi u Budvi, koja po?inje","og_url":"https:\/\/www.visit-ulcinj.com\/blog\/2010\/02\/05\/turisticka-organizacija-ulcinjau-budvi-prvi-put-samostalno\/","og_site_name":"Lajme nga Ulqini","article_published_time":"2010-02-05T21:22:00+00:00","article_modified_time":"2010-02-06T06:54:39+00:00","og_image":[{"url":"http:\/\/www.visit-ulcinj.com\/blog\/wp-content\/uploads\/2009\/09\/Ali-Red%C5%BEa-direktor-Turisti%C4%8Dke-organizacije-ulcinja.jpg"}],"twitter_misc":{"Written by":"ulqini","Est. reading time":"2 minutes"},"schema":{"@context":"https:\/\/schema.org","@graph":[{"@type":"WebSite","@id":"https:\/\/www.visit-ulcinj.com\/blog\/#website","url":"https:\/\/www.visit-ulcinj.com\/blog\/","name":"Lajme nga Ulqini","description":"Lajme,Vijesti,Ulqini,Ulqin,Crna Gora,Mali i Zi","potentialAction":[{"@type":"SearchAction","target":{"@type":"EntryPoint","urlTemplate":"https:\/\/www.visit-ulcinj.com\/blog\/?s={search_term_string}"},"query-input":"required name=search_term_string"}],"inLanguage":"en-US"},{"@type":"ImageObject","inLanguage":"en-US","@id":"https:\/\/www.visit-ulcinj.com\/blog\/2010\/02\/05\/turisticka-organizacija-ulcinjau-budvi-prvi-put-samostalno\/#primaryimage","url":"http:\/\/www.visit-ulcinj.com\/blog\/wp-content\/uploads\/2009\/09\/Ali-Red%C5%BEa-direktor-Turisti%C4%8Dke-organizacije-ulcinja.jpg","contentUrl":"http:\/\/www.visit-ulcinj.com\/blog\/wp-content\/uploads\/2009\/09\/Ali-Red%C5%BEa-direktor-Turisti%C4%8Dke-organizacije-ulcinja.jpg"},{"@type":"WebPage","@id":"https:\/\/www.visit-ulcinj.com\/blog\/2010\/02\/05\/turisticka-organizacija-ulcinjau-budvi-prvi-put-samostalno\/#webpage","url":"https:\/\/www.visit-ulcinj.com\/blog\/2010\/02\/05\/turisticka-organizacija-ulcinjau-budvi-prvi-put-samostalno\/","name":"Turisti?ka organizacija Ulcinja,u Budvi prvi put samostalno - Lajme nga Ulqini","isPartOf":{"@id":"https:\/\/www.visit-ulcinj.com\/blog\/#website"},"primaryImageOfPage":{"@id":"https:\/\/www.visit-ulcinj.com\/blog\/2010\/02\/05\/turisticka-organizacija-ulcinjau-budvi-prvi-put-samostalno\/#primaryimage"},"datePublished":"2010-02-05T21:22:00+00:00","dateModified":"2010-02-06T06:54:39+00:00","author":{"@id":"https:\/\/www.visit-ulcinj.com\/blog\/#\/schema\/person\/dcab619c614d3038751c63bc2aadc06d"},"description":"Ulcinj - Turisti?ka organizacija Ulcinja koja je formirana prije nekoliko mjeseci, prvi samostalni nastup ima?e na turisti?koj berzi u Budvi, koja po?inje","breadcrumb":{"@id":"https:\/\/www.visit-ulcinj.com\/blog\/2010\/02\/05\/turisticka-organizacija-ulcinjau-budvi-prvi-put-samostalno\/#breadcrumb"},"inLanguage":"en-US","potentialAction":[{"@type":"ReadAction","target":["https:\/\/www.visit-ulcinj.com\/blog\/2010\/02\/05\/turisticka-organizacija-ulcinjau-budvi-prvi-put-samostalno\/"]}]},{"@type":"BreadcrumbList","@id":"https:\/\/www.visit-ulcinj.com\/blog\/2010\/02\/05\/turisticka-organizacija-ulcinjau-budvi-prvi-put-samostalno\/#breadcrumb","itemListElement":[{"@type":"ListItem","position":1,"name":"Turisti?ka organizacija Ulcinja,u Budvi prvi put samostalno"}]},{"@type":"Person","@id":"https:\/\/www.visit-ulcinj.com\/blog\/#\/schema\/person\/dcab619c614d3038751c63bc2aadc06d","name":"ulqini","sameAs":["http:\/\/www.visit-ulcinj.com"],"url":"https:\/\/www.visit-ulcinj.com\/blog\/author\/admin\/"}]}},"jetpack_featured_media_url":"","jetpack_sharing_enabled":true,"jetpack_shortlink":"https:\/\/wp.me\/pe6lTn-7Om","_links":{"self":[{"href":"https:\/\/www.visit-ulcinj.com\/blog\/wp-json\/wp\/v2\/posts\/30030"}],"collection":[{"href":"https:\/\/www.visit-ulcinj.com\/blog\/wp-json\/wp\/v2\/posts"}],"about":[{"href":"https:\/\/www.visit-ulcinj.com\/blog\/wp-json\/wp\/v2\/types\/post"}],"author":[{"embeddable":true,"href":"https:\/\/www.visit-ulcinj.com\/blog\/wp-json\/wp\/v2\/users\/1"}],"replies":[{"embeddable":true,"href":"https:\/\/www.visit-ulcinj.com\/blog\/wp-json\/wp\/v2\/comments?post=30030"}],"version-history":[{"count":0,"href":"https:\/\/www.visit-ulcinj.com\/blog\/wp-json\/wp\/v2\/posts\/30030\/revisions"}],"wp:attachment":[{"href":"https:\/\/www.visit-ulcinj.com\/blog\/wp-json\/wp\/v2\/media?parent=30030"}],"wp:term":[{"taxonomy":"category","embeddable":true,"href":"https:\/\/www.visit-ulcinj.com\/blog\/wp-json\/wp\/v2\/categories?post=30030"},{"taxonomy":"post_tag","embeddable":true,"href":"https:\/\/www.visit-ulcinj.com\/blog\/wp-json\/wp\/v2\/tags?post=30030"}],"curies":[{"name":"wp","href":"https:\/\/api.w.org\/{rel}","templated":true}]}}