{"id":30067,"date":"2010-02-06T08:49:03","date_gmt":"2010-02-06T06:49:03","guid":{"rendered":"http:\/\/www.visit-ulcinj.com\/blog\/?p=30067"},"modified":"2010-02-06T08:50:31","modified_gmt":"2010-02-06T06:50:31","slug":"valorizacija-velike-plaze-i-ade-bojane","status":"publish","type":"post","link":"https:\/\/www.visit-ulcinj.com\/blog\/2010\/02\/06\/valorizacija-velike-plaze-i-ade-bojane\/","title":{"rendered":"Valorizacija Velike pla\u017ee i Ade Bojane"},"content":{"rendered":"<p><strong><a href=\"http:\/\/www.visit-ulcinj.com\/blog\/wp-content\/uploads\/2010\/02\/Tenderska-komisija-za-valorizaciju-Velike-pla\u017ee.jpg\"><img loading=\"lazy\" class=\"alignleft size-full wp-image-30068\" title=\"Tenderska komisija za valorizaciju Velike pla\u017ee\" src=\"http:\/\/www.visit-ulcinj.com\/blog\/wp-content\/uploads\/2010\/02\/Tenderska-komisija-za-valorizaciju-Velike-pla\u017ee.jpg\" alt=\"Tenderska komisija za valorizaciju Velike pla\u017ee\" width=\"580\" height=\"400\" \/><\/a>Prva sjednica novoformirane Tenderske komisije za realizaciju projekta turisti?ke valorizacije Velike pla\u017ee<\/strong><br \/>\nNa prvoj sjednici novoformirane Tenderske komisije za realizaciju projekta turisti?ke valorizacije Velike pla\u017ee, u ?ijoj nadle\u017enosti su i realizacija projekata Ada Bojane i uvala Utjeha, je konstatovano da, shodno Planu privatizacije Vlade Crne Gore, treba nastaviti intenzivne aktivnosti na valorizaciji pomenutih lokaliteta.<\/p>\n<p>Ministar ure?enja prostora i za\u0161tite \u017eivotne sredine Branimir Gvozdenovi?, u svojstvu predsjednika Tenderske komisije, istakao je da su tokom rada prethodne Tenderske komisije analizirana brojna pitanja vezana za uspje\u0161nu realizaciju i napravljena platforma za njihovo rje\u0161avanje. Tome su prethodile slo\u017eene analize i studije svih relevatnih pitanja uklju?uju?i vlasni\u0161tvo, infrastrukturu, za\u0161titu \u017eivotne sredine, socio-ekonomske faktore itd. Analiza prethodnog tenderskog procesa pokazala je da je osnovni razlog za neuspjeh tendera, prije svega, uticaj ekonomske krize, do kraja nerije\u0161ena pitanja infrastrukture, restitucije i privatnog vlasni\u0161tva, ali i nedostatak intenzivnije podr\u0161ke realizaciji ovog projekta lokalne zajednice. Ipak, kvaliteti lokacije, uklju?uju?i bogatstvo flore i faune, 14 km dugu pje\u0161?anu pla\u017eu i nedevastiran prostor, uz ve? kvalitetno odra?enu pripremu, garant su da ?e ova lokacija u godinama pred nama biti valorizovana, postuju?i na?ela odr\u017eivog razvoja.<\/p>\n<p>Na sjednici je definisan i precizan plan aktivnosti za naredni periodu, koji uklju?uje analizu koncepta realizacije projekata po manjim cjelinama, nastavak akcije na suzbijanju bespravne gradnje, prvenstveno u zahvatu Ade Bojane i Velike pla\u017ee, preciziranje mogu?ih na?ina rje\u0161avanja pitanja privatnog vlasni\u0161tva i odnosa sa lokalnom zajednicom, ja?anje kadrovskih potencijala, prvenstveno iz oblasti turizma i ugostiteljstva, trgovine, obrazovanja, gra?evinarstva za potrebe budu?ih kapaciteta na Velikoj pla\u017ei i Adi Bojani. Tako?e je definisano da posebnu pa\u017enju treba posvetiti anga\u017eovanju savjetnika za projekte, intenzivnoj promociji projekata na predstoje?im sajmovima nekretnina MIPIM i EiRE, kao i izradi posebne Strategije komunikacije koja ?e sublimirati najbolje svjetsko znanje i iskustvo, kao i dati komparativne primjere vezano za sli?ne projekte u svijetu.<\/p>\n<p>Na sjednici je, cijene?i zna?aj i veli?inu pomenutih projekata, donijeta odluka o imenovanju Opertivnog tima, ?iji su ?lanovi predstavnici Ministarstva ure?enja prostora i za\u0161tite \u017eivotne sredine, Ministarstva finansija, Ministarstva turizma, Op\u0161tine Ulcinj, Uprave za nekretnine, JP Morsko dobro, koji ?e operativno sprovoditi aktivnosti u cilju pripreme i realizacije tendera za projekte turisticke valorizacije Velike pla\u017ee, Ade Bojane i lokaliteta Uvala Masline \u2013 Utjeha.<\/p>\n<p>?lanovi Tenderske komisije su ministar ure?enja prostora i za\u0161tite \u017eivotne sredine Branimir Gvozdenovi?, ministar turizma Predrag Nenezi?, poslanik u Skup\u0161tini Crne Gore Ljui? \u0160krelj, glavni ekonomski savjetnik predsjednika Vlade Crne Gore Petar Ivanovi?, pomo?nici ministra ure?enja prostora i za\u0161tite \u017eivotne sredine Nada Medenica i Branislav Gregovi?, sekretar Ministarstva finansija Damir Ra\u0161keti?, direktor Uprave za nekretnine Mi?o Orlandi? i direktor JP Morsko dobro Rajko Barovi?.<br \/>\n<a href=\"http:\/\/www.gov.me\/vijesti.php?akcija=vijesti&amp;id=179621\" target=\"_blank\"><strong><br \/>\n<\/strong><\/a><strong>Izvor: <\/strong><a href=\"http:\/\/www.gov.me\/vijesti.php?akcija=vijesti&amp;id=179621\" target=\"_blank\"><strong>Ministarstvo ure?enja prostora i za\u0161tite \u017eivotne sredine 04.02.2010<\/strong><\/a><br \/>\n<!--YouTube Error: bad URL entered--><\/p>\n","protected":false},"excerpt":{"rendered":"<p>Prva sjednica novoformirane Tenderske komisije za realizaciju projekta turisti?ke valorizacije Velike pla\u017ee Na prvoj sjednici novoformirane Tenderske komisije za realizaciju projekta turisti?ke valorizacije Velike pla\u017ee, u ?ijoj nadle\u017enosti su i realizacija projekata Ada Bojane i uvala Utjeha, je konstatovano da, shodno Planu privatizacije Vlade Crne Gore, treba nastaviti intenzivne aktivnosti na valorizaciji pomenutih lokaliteta. Ministar [&hellip;]<\/p>\n","protected":false},"author":1,"featured_media":0,"comment_status":"open","ping_status":"closed","sticky":false,"template":"","format":"standard","meta":{"spay_email":"","jetpack_publicize_message":"","jetpack_is_tweetstorm":false,"jetpack_publicize_feature_enabled":true},"categories":[10],"tags":[13465,13463,19,13466,13464,434],"jetpack_publicize_connections":[],"yoast_head":"<!-- This site is optimized with the Yoast SEO plugin v19.1 - https:\/\/yoast.com\/wordpress\/plugins\/seo\/ -->\n<title>Valorizacija Velike pla\u017ee i Ade Bojane - Lajme nga Ulqini<\/title>\n<meta name=\"description\" content=\"Prva sjednica novoformirane Tenderske komisije za realizaciju projekta turisti?ke valorizacije Velike pla\u017ee Na prvoj sjednici novoformirane Tenderske\" \/>\n<meta name=\"robots\" content=\"index, follow, max-snippet:-1, max-image-preview:large, max-video-preview:-1\" \/>\n<link rel=\"canonical\" href=\"https:\/\/www.visit-ulcinj.com\/blog\/2010\/02\/06\/valorizacija-velike-plaze-i-ade-bojane\/\" \/>\n<meta property=\"og:locale\" content=\"en_US\" \/>\n<meta property=\"og:type\" content=\"article\" \/>\n<meta property=\"og:title\" content=\"Valorizacija Velike pla\u017ee i Ade Bojane - Lajme nga Ulqini\" \/>\n<meta property=\"og:description\" content=\"Prva sjednica novoformirane Tenderske komisije za realizaciju projekta turisti?ke valorizacije Velike pla\u017ee Na prvoj sjednici novoformirane Tenderske\" \/>\n<meta property=\"og:url\" content=\"https:\/\/www.visit-ulcinj.com\/blog\/2010\/02\/06\/valorizacija-velike-plaze-i-ade-bojane\/\" \/>\n<meta property=\"og:site_name\" content=\"Lajme nga Ulqini\" \/>\n<meta property=\"article:published_time\" content=\"2010-02-06T06:49:03+00:00\" \/>\n<meta property=\"article:modified_time\" content=\"2010-02-06T06:50:31+00:00\" \/>\n<meta name=\"twitter:label1\" content=\"Written by\" \/>\n\t<meta name=\"twitter:data1\" content=\"ulqini\" \/>\n\t<meta name=\"twitter:label2\" content=\"Est. reading time\" \/>\n\t<meta name=\"twitter:data2\" content=\"2 minutes\" \/>\n<script type=\"application\/ld+json\" class=\"yoast-schema-graph\">{\"@context\":\"https:\/\/schema.org\",\"@graph\":[{\"@type\":\"WebSite\",\"@id\":\"https:\/\/www.visit-ulcinj.com\/blog\/#website\",\"url\":\"https:\/\/www.visit-ulcinj.com\/blog\/\",\"name\":\"Lajme nga Ulqini\",\"description\":\"Lajme,Vijesti,Ulqini,Ulqin,Crna Gora,Mali i Zi\",\"potentialAction\":[{\"@type\":\"SearchAction\",\"target\":{\"@type\":\"EntryPoint\",\"urlTemplate\":\"https:\/\/www.visit-ulcinj.com\/blog\/?s={search_term_string}\"},\"query-input\":\"required name=search_term_string\"}],\"inLanguage\":\"en-US\"},{\"@type\":\"WebPage\",\"@id\":\"https:\/\/www.visit-ulcinj.com\/blog\/2010\/02\/06\/valorizacija-velike-plaze-i-ade-bojane\/#webpage\",\"url\":\"https:\/\/www.visit-ulcinj.com\/blog\/2010\/02\/06\/valorizacija-velike-plaze-i-ade-bojane\/\",\"name\":\"Valorizacija Velike pla\u017ee i Ade Bojane - Lajme nga Ulqini\",\"isPartOf\":{\"@id\":\"https:\/\/www.visit-ulcinj.com\/blog\/#website\"},\"datePublished\":\"2010-02-06T06:49:03+00:00\",\"dateModified\":\"2010-02-06T06:50:31+00:00\",\"author\":{\"@id\":\"https:\/\/www.visit-ulcinj.com\/blog\/#\/schema\/person\/dcab619c614d3038751c63bc2aadc06d\"},\"description\":\"Prva sjednica novoformirane Tenderske komisije za realizaciju projekta turisti?ke valorizacije Velike pla\u017ee Na prvoj sjednici novoformirane Tenderske\",\"breadcrumb\":{\"@id\":\"https:\/\/www.visit-ulcinj.com\/blog\/2010\/02\/06\/valorizacija-velike-plaze-i-ade-bojane\/#breadcrumb\"},\"inLanguage\":\"en-US\",\"potentialAction\":[{\"@type\":\"ReadAction\",\"target\":[\"https:\/\/www.visit-ulcinj.com\/blog\/2010\/02\/06\/valorizacija-velike-plaze-i-ade-bojane\/\"]}]},{\"@type\":\"BreadcrumbList\",\"@id\":\"https:\/\/www.visit-ulcinj.com\/blog\/2010\/02\/06\/valorizacija-velike-plaze-i-ade-bojane\/#breadcrumb\",\"itemListElement\":[{\"@type\":\"ListItem\",\"position\":1,\"name\":\"Valorizacija Velike pla\u017ee i Ade Bojane\"}]},{\"@type\":\"Person\",\"@id\":\"https:\/\/www.visit-ulcinj.com\/blog\/#\/schema\/person\/dcab619c614d3038751c63bc2aadc06d\",\"name\":\"ulqini\",\"sameAs\":[\"http:\/\/www.visit-ulcinj.com\"],\"url\":\"https:\/\/www.visit-ulcinj.com\/blog\/author\/admin\/\"}]}<\/script>\n<!-- \/ Yoast SEO plugin. -->","yoast_head_json":{"title":"Valorizacija Velike pla\u017ee i Ade Bojane - Lajme nga Ulqini","description":"Prva sjednica novoformirane Tenderske komisije za realizaciju projekta turisti?ke valorizacije Velike pla\u017ee Na prvoj sjednici novoformirane Tenderske","robots":{"index":"index","follow":"follow","max-snippet":"max-snippet:-1","max-image-preview":"max-image-preview:large","max-video-preview":"max-video-preview:-1"},"canonical":"https:\/\/www.visit-ulcinj.com\/blog\/2010\/02\/06\/valorizacija-velike-plaze-i-ade-bojane\/","og_locale":"en_US","og_type":"article","og_title":"Valorizacija Velike pla\u017ee i Ade Bojane - Lajme nga Ulqini","og_description":"Prva sjednica novoformirane Tenderske komisije za realizaciju projekta turisti?ke valorizacije Velike pla\u017ee Na prvoj sjednici novoformirane Tenderske","og_url":"https:\/\/www.visit-ulcinj.com\/blog\/2010\/02\/06\/valorizacija-velike-plaze-i-ade-bojane\/","og_site_name":"Lajme nga Ulqini","article_published_time":"2010-02-06T06:49:03+00:00","article_modified_time":"2010-02-06T06:50:31+00:00","twitter_misc":{"Written by":"ulqini","Est. reading time":"2 minutes"},"schema":{"@context":"https:\/\/schema.org","@graph":[{"@type":"WebSite","@id":"https:\/\/www.visit-ulcinj.com\/blog\/#website","url":"https:\/\/www.visit-ulcinj.com\/blog\/","name":"Lajme nga Ulqini","description":"Lajme,Vijesti,Ulqini,Ulqin,Crna Gora,Mali i Zi","potentialAction":[{"@type":"SearchAction","target":{"@type":"EntryPoint","urlTemplate":"https:\/\/www.visit-ulcinj.com\/blog\/?s={search_term_string}"},"query-input":"required name=search_term_string"}],"inLanguage":"en-US"},{"@type":"WebPage","@id":"https:\/\/www.visit-ulcinj.com\/blog\/2010\/02\/06\/valorizacija-velike-plaze-i-ade-bojane\/#webpage","url":"https:\/\/www.visit-ulcinj.com\/blog\/2010\/02\/06\/valorizacija-velike-plaze-i-ade-bojane\/","name":"Valorizacija Velike pla\u017ee i Ade Bojane - Lajme nga Ulqini","isPartOf":{"@id":"https:\/\/www.visit-ulcinj.com\/blog\/#website"},"datePublished":"2010-02-06T06:49:03+00:00","dateModified":"2010-02-06T06:50:31+00:00","author":{"@id":"https:\/\/www.visit-ulcinj.com\/blog\/#\/schema\/person\/dcab619c614d3038751c63bc2aadc06d"},"description":"Prva sjednica novoformirane Tenderske komisije za realizaciju projekta turisti?ke valorizacije Velike pla\u017ee Na prvoj sjednici novoformirane Tenderske","breadcrumb":{"@id":"https:\/\/www.visit-ulcinj.com\/blog\/2010\/02\/06\/valorizacija-velike-plaze-i-ade-bojane\/#breadcrumb"},"inLanguage":"en-US","potentialAction":[{"@type":"ReadAction","target":["https:\/\/www.visit-ulcinj.com\/blog\/2010\/02\/06\/valorizacija-velike-plaze-i-ade-bojane\/"]}]},{"@type":"BreadcrumbList","@id":"https:\/\/www.visit-ulcinj.com\/blog\/2010\/02\/06\/valorizacija-velike-plaze-i-ade-bojane\/#breadcrumb","itemListElement":[{"@type":"ListItem","position":1,"name":"Valorizacija Velike pla\u017ee i Ade Bojane"}]},{"@type":"Person","@id":"https:\/\/www.visit-ulcinj.com\/blog\/#\/schema\/person\/dcab619c614d3038751c63bc2aadc06d","name":"ulqini","sameAs":["http:\/\/www.visit-ulcinj.com"],"url":"https:\/\/www.visit-ulcinj.com\/blog\/author\/admin\/"}]}},"jetpack_featured_media_url":"","jetpack_sharing_enabled":true,"jetpack_shortlink":"https:\/\/wp.me\/pe6lTn-7OX","_links":{"self":[{"href":"https:\/\/www.visit-ulcinj.com\/blog\/wp-json\/wp\/v2\/posts\/30067"}],"collection":[{"href":"https:\/\/www.visit-ulcinj.com\/blog\/wp-json\/wp\/v2\/posts"}],"about":[{"href":"https:\/\/www.visit-ulcinj.com\/blog\/wp-json\/wp\/v2\/types\/post"}],"author":[{"embeddable":true,"href":"https:\/\/www.visit-ulcinj.com\/blog\/wp-json\/wp\/v2\/users\/1"}],"replies":[{"embeddable":true,"href":"https:\/\/www.visit-ulcinj.com\/blog\/wp-json\/wp\/v2\/comments?post=30067"}],"version-history":[{"count":0,"href":"https:\/\/www.visit-ulcinj.com\/blog\/wp-json\/wp\/v2\/posts\/30067\/revisions"}],"wp:attachment":[{"href":"https:\/\/www.visit-ulcinj.com\/blog\/wp-json\/wp\/v2\/media?parent=30067"}],"wp:term":[{"taxonomy":"category","embeddable":true,"href":"https:\/\/www.visit-ulcinj.com\/blog\/wp-json\/wp\/v2\/categories?post=30067"},{"taxonomy":"post_tag","embeddable":true,"href":"https:\/\/www.visit-ulcinj.com\/blog\/wp-json\/wp\/v2\/tags?post=30067"}],"curies":[{"name":"wp","href":"https:\/\/api.w.org\/{rel}","templated":true}]}}