{"id":30079,"date":"2010-02-06T10:27:32","date_gmt":"2010-02-06T08:27:32","guid":{"rendered":"http:\/\/www.visit-ulcinj.com\/blog\/?p=30079"},"modified":"2010-02-06T10:47:06","modified_gmt":"2010-02-06T08:47:06","slug":"masakrimi-mbi-detaret-ulqinake","status":"publish","type":"post","link":"https:\/\/www.visit-ulcinj.com\/blog\/2010\/02\/06\/masakrimi-mbi-detaret-ulqinake\/","title":{"rendered":"Masakrimi mbi detar\u00ebt ulqinak\u00eb"},"content":{"rendered":"<p><a href=\"http:\/\/www.visit-ulcinj.com\/blog\/wp-content\/uploads\/2010\/02\/LUNDRAT-ULQINAKE.jpg\"><img loading=\"lazy\" class=\"alignleft size-full wp-image-30080\" title=\"LUNDRAT ULQINAKE\" src=\"http:\/\/www.visit-ulcinj.com\/blog\/wp-content\/uploads\/2010\/02\/LUNDRAT-ULQINAKE.jpg\" alt=\"LUNDRAT ULQINAKE\" width=\"580\" height=\"400\" \/><\/a>Detar\u00ebt shqiptar\u00eb, posa\u00e7\u00ebrisht ata t\u00eb Ulqinit, disa her\u00eb qen\u00eb tradh\u00ebtuar nga Republika e Venedikut &#8211; e Sh\u00ebn Markut. Ata ishin shkaktar\u00eb q\u00eb Ulqini dhe detar\u00ebt e tij hyn n\u00eb kthetrat e osmanlinjve, t\u00eb cil\u00ebt b\u00ebn\u00eb masak\u00ebr n\u00eb k\u00ebt\u00eb \u00e7erdhe t\u00eb fort\u00eb detare. Detar\u00ebt shqiptar\u00eb Venedikun p\u00ebr k\u00ebto sjellje dhe d\u00ebshmi tradh\u00ebtare e quanin &#8211; republika e tradh\u00ebtar\u00ebve.<br \/>\nN\u00eb vitin 1475, pra pas vdekjes s\u00eb Sk\u00ebnderbeut, turqit pushtuan qytetin bregdetar shqiptar Lezh\u00ebn. K\u00ebtu rrethuan edhe dyqind detar\u00eb ulqinak\u00eb, q\u00eb i kishin ardhur qytetit n\u00eb ndihm\u00eb p\u00ebr mbrojtjen e tij. I kursyen p\u00ebrkoh\u00ebsisht nga masakrat. Detar\u00eb ulqinak\u00eb ishin caktuar p\u00ebr t`u flijuar pran\u00eb mureve t\u00eb Rrozaf\u00ebs (n\u00eb Shkod\u00ebr), t\u00eb cil\u00ebn kala, Sulltan Mehmeti i Dyt\u00eb, nuk arriti ta pushtoj\u00eb. I pren\u00eb t\u00eb gjith\u00eb, ritualisht, n\u00eb sy t\u00eb k\u00ebshtjellar\u00ebve, duke u r\u00ebn\u00eb daulleve dhe duke klithur me z\u00eb t\u00eb lemeritsh\u00ebm p\u00ebr profetin. I flijuan rob\u00ebrit detar\u00eb, se donin t\u00eb tregonin q\u00eb do t`i shkat\u00ebrronin shqiptar\u00ebt jo vet\u00ebm n\u00eb tok\u00eb, por edhe n\u00eb det, sepse detar\u00ebt shqiptar\u00eb ishin b\u00ebr\u00eb penges\u00eb shekullore p\u00ebr kap\u00ebrcimin e tyre n\u00ebp\u00ebr Adriatik, prej nga d\u00ebshironin t\u00eb pushtojn\u00eb Italin\u00eb. Ky ishte nj\u00ebri prej hara\u00e7\u00ebve n\u00eb gjak me t\u00eb par\u00ebt e turqve, kur ende s`e kishin marr\u00eb Ulqinin.<br \/>\nN\u00eb k\u00ebt\u00eb dhe n\u00eb disa raste t\u00eb tjera, detar\u00ebt shqiptar\u00eb, posa\u00e7\u00ebrisht ata t\u00eb Ulqinit, disa her\u00eb qen\u00eb tradh\u00ebtuar nga Republika e Venedikut &#8211; e Sh\u00ebn Markut. Ata ishin shkaktar\u00eb q\u00eb Ulqini dhe detar\u00ebt e tij hyn n\u00eb kthetrat e osmanlinjve, t\u00eb cil\u00ebt b\u00ebn\u00eb masak\u00ebr n\u00eb k\u00ebt\u00eb \u00e7erdhe t\u00eb fort\u00eb detare. Detar\u00ebt shqiptar\u00eb Venedikun p\u00ebr k\u00ebto sjellje dhe d\u00ebshmi tradh\u00ebtare e quanin Republika e Tradh\u00ebtar\u00ebve.<br \/>\nEkzistojn\u00eb disa legjenda nga turbullirat e koh\u00ebs s\u00eb till\u00eb. Nj\u00ebra prej tyre \u00ebsht\u00eb edhe kjo:<br \/>\nPartit\u00eb venedikase ulqinak\u00ebve u than\u00eb q\u00eb &#8221; ju do t\u00eb mbroni v\u00ebrsuljen e turqve n\u00eb Valdanos, Kru\u00e7 dhe n\u00eb Kamin\u00eb, n\u00eb drejtim t\u00eb Tivarit, kurse ne (pat\u00ebn th\u00ebn\u00eb venedikasit) do t&#8221;ju mbrojm\u00eb nga Buna e Sh\u00ebn Gjini &#8220;, prej nga edhe i l\u00ebshuan osmanlinjt\u00eb q\u00eb ta okupojn\u00eb Ulqinin. K\u00ebshtu, shqiptar\u00ebve iu b\u00eb nj\u00eb tradh\u00ebti e madhe.<br \/>\n<a href=\"http:\/\/www.visit-ulcinj.com\/blog\/wp-content\/uploads\/2010\/02\/lundrat-ulqinake.1.jpg\"><img loading=\"lazy\" class=\"alignleft size-full wp-image-30082\" title=\"lundrat ulqinake.1\" src=\"http:\/\/www.visit-ulcinj.com\/blog\/wp-content\/uploads\/2010\/02\/lundrat-ulqinake.1.jpg\" alt=\"lundrat ulqinake.1\" width=\"580\" height=\"400\" \/><\/a><br \/>\nArdhja e anijeve kusareske n\u00eb skelet e qyteteve bregdetare shkaktonte interesim t\u00eb madh. Populli i priste kusar\u00ebt me admirim. Pjesa d\u00ebrmuese e qytetar\u00ebve tuboheshin n\u00ebp\u00ebr skele (mole) p\u00ebr t\u00eb shijuar s\u00eb af\u00ebrmi bukurit\u00eb madh\u00ebshtore t\u00eb k\u00ebtyre anijeve, t\u00eb cilat ishin t\u00eb dekoruara: me arm\u00eb t\u00eb ndryshme t\u00eb koh\u00ebs, me drita viz\u00eblluese t\u00eb fanar\u00ebve t\u00eb tyre special, me paraqitjen e shum\u00eb skulpturave t\u00eb eg\u00ebrsirave, t\u00eb cilat i kishin ngujuar n\u00ebp\u00ebr direkt dhe holet e shumta t\u00eb anijeve. Sallonet e tyre kan\u00eb qen\u00eb t\u00eb veshur me kadife dhe cohra t\u00eb bukura, t\u00eb shtruara me tepiha t\u00eb shtrenjt\u00eb persian dhe me l\u00ebkura t\u00eb regjura t\u00eb arinjve gjigant. N\u00eb \u00e7do dritare p\u00ebrve\u00e7 shandan\u00ebve kan\u00eb pas\u00eb t\u00eb vendosur kafaze me papagaj\u00eb dhe lloj-lloj bilbilash, t\u00eb cil\u00ebt me k\u00ebndimet e tyre, krijonin atmosfer\u00eb t\u00eb nj\u00eb parajse t\u00eb vog\u00ebl.<br \/>\nKuzhinat dhe orendit\u00eb p\u00ebrgaditore t\u00eb tyre ishin gjithashtu unikate p\u00ebr koh\u00ebn. Aty mund t\u00eb takonte personi edhe pjata dhe lug\u00eb t\u00eb p\u00ebrpunuara nga floriri dhe argjendi. Gjithashtu, edhe dhomat e pushimit dhe t\u00eb fjetjes kan\u00eb qen\u00eb t\u00eb pajisura me shtroja dhe materiale shum\u00eb t\u00eb \u00e7muara. Nj\u00eb dhom\u00eb e tyre ishte dedikuar p\u00ebr muze t\u00eb orendive t\u00eb vjetra dhe me vlera t\u00eb pallogaritshme.<br \/>\nVeshjet personale t\u00eb kusar\u00ebve ishin m\u00eb specifike dhe dalloheshin nga veshjet e kusar\u00ebve t\u00eb tjer\u00eb. Detar\u00ebt dhe kusar\u00ebt shqiptar\u00eb, n\u00eb anijet e tyre kan\u00eb pasur rrobaqep\u00ebsit e vet, t\u00eb cil\u00ebt i kishin p\u00ebrsosur zejet e veta dhe prodhonin stile (yrneqe) t\u00eb ve\u00e7anta p\u00ebr detar\u00ebt e anijeve t\u00eb tyre. Kapiten\u00ebt dhe oficer\u00ebt e tyre posedonin nga disa pal\u00eb rrobe, t\u00eb cilat q\u00ebndiseshin me lloj-lloj shiritash t\u00eb arit, posa\u00e7\u00ebrisht ato veshje q\u00eb p\u00ebrdoreshin p\u00ebr dalje dhe takime, kurse veshjet e pun\u00ebs ishin t\u00eb zymta dhe me pamjen e tyre paraqitnin vrazhd\u00ebsi epike. Gjat\u00eb sulmeve, kusar\u00ebt p\u00ebrdornin edhe per\u00e7e dhe balluke t\u00eb zeza, me t\u00eb cilat, n\u00eb raste sulmesh, mbyllnin me per\u00e7e nj\u00ebrin sy ose venin maska t\u00eb figurave t\u00eb eg\u00ebrsirave, pamje kjo q\u00eb zgjonte panik n\u00eb radh\u00ebt e armiqve.<br \/>\nGjith\u00eb kjo bukuri e madh\u00ebrishme, s\u00eb bashku me pasurin\u00eb p\u00ebrallore t\u00eb tyre, ka kontribuar q\u00eb jeta e kusar\u00ebve t\u00eb p\u00ebrjetohet n\u00eb t\u00eb gjitha fushat e artit. K\u00ebshtu, piktor\u00ebt m\u00eb t\u00eb m\u00ebdhenj dhe m\u00eb t\u00eb njohur bot\u00ebror i jan\u00eb rrekur tematik\u00ebs s\u00eb kusar\u00ebve, qoft\u00eb nga fusha e etnografis\u00eb s\u00eb koh\u00ebs dhe hap\u00ebsir\u00ebs s\u00eb tyre, qoft\u00eb nga bota intime e jet\u00ebs, kan\u00eb krijuar vepra t\u00eb vlefshme dhe t\u00eb q\u00ebndrushme n\u00eb artin piktural dhe n\u00eb deg\u00ebn e skulptur\u00ebs.<\/p>\n<p><strong>Dr. Bahri Brisku<br \/>\n<\/strong><!--YouTube Error: bad URL entered--><\/p>\n","protected":false},"excerpt":{"rendered":"<p>Detar\u00ebt shqiptar\u00eb, posa\u00e7\u00ebrisht ata t\u00eb Ulqinit, disa her\u00eb qen\u00eb tradh\u00ebtuar nga Republika e Venedikut &#8211; e Sh\u00ebn Markut. Ata ishin shkaktar\u00eb q\u00eb Ulqini dhe detar\u00ebt e tij hyn n\u00eb kthetrat e osmanlinjve, t\u00eb cil\u00ebt b\u00ebn\u00eb masak\u00ebr n\u00eb k\u00ebt\u00eb \u00e7erdhe t\u00eb fort\u00eb detare. Detar\u00ebt shqiptar\u00eb Venedikun p\u00ebr k\u00ebto sjellje dhe d\u00ebshmi tradh\u00ebtare e quanin &#8211; republika [&hellip;]<\/p>\n","protected":false},"author":1,"featured_media":0,"comment_status":"open","ping_status":"closed","sticky":false,"template":"","format":"standard","meta":{"spay_email":"","jetpack_publicize_message":"","jetpack_is_tweetstorm":false,"jetpack_publicize_feature_enabled":true},"categories":[4],"tags":[13467],"jetpack_publicize_connections":[],"yoast_head":"<!-- This site is optimized with the Yoast SEO plugin v19.1 - https:\/\/yoast.com\/wordpress\/plugins\/seo\/ -->\n<title>Masakrimi mbi detar\u00ebt ulqinak\u00eb - Lajme nga Ulqini<\/title>\n<meta name=\"description\" content=\"Detar\u00ebt shqiptar\u00eb, posa\u00e7\u00ebrisht ata t\u00eb Ulqinit, disa her\u00eb qen\u00eb tradh\u00ebtuar nga Republika e Venedikut - e Sh\u00ebn Markut. Ata ishin shkaktar\u00eb q\u00eb Ulqini dhe\" \/>\n<meta name=\"robots\" content=\"index, follow, max-snippet:-1, max-image-preview:large, max-video-preview:-1\" \/>\n<link rel=\"canonical\" href=\"https:\/\/www.visit-ulcinj.com\/blog\/2010\/02\/06\/masakrimi-mbi-detaret-ulqinake\/\" \/>\n<meta property=\"og:locale\" content=\"en_US\" \/>\n<meta property=\"og:type\" content=\"article\" \/>\n<meta property=\"og:title\" content=\"Masakrimi mbi detar\u00ebt ulqinak\u00eb - Lajme nga Ulqini\" \/>\n<meta property=\"og:description\" content=\"Detar\u00ebt shqiptar\u00eb, posa\u00e7\u00ebrisht ata t\u00eb Ulqinit, disa her\u00eb qen\u00eb tradh\u00ebtuar nga Republika e Venedikut - e Sh\u00ebn Markut. Ata ishin shkaktar\u00eb q\u00eb Ulqini dhe\" \/>\n<meta property=\"og:url\" content=\"https:\/\/www.visit-ulcinj.com\/blog\/2010\/02\/06\/masakrimi-mbi-detaret-ulqinake\/\" \/>\n<meta property=\"og:site_name\" content=\"Lajme nga Ulqini\" \/>\n<meta property=\"article:published_time\" content=\"2010-02-06T08:27:32+00:00\" \/>\n<meta property=\"article:modified_time\" content=\"2010-02-06T08:47:06+00:00\" \/>\n<meta property=\"og:image\" content=\"http:\/\/www.visit-ulcinj.com\/blog\/wp-content\/uploads\/2010\/02\/LUNDRAT-ULQINAKE.jpg\" \/>\n<meta name=\"twitter:label1\" content=\"Written by\" \/>\n\t<meta name=\"twitter:data1\" content=\"ulqini\" \/>\n\t<meta name=\"twitter:label2\" content=\"Est. reading time\" \/>\n\t<meta name=\"twitter:data2\" content=\"4 minutes\" \/>\n<script type=\"application\/ld+json\" class=\"yoast-schema-graph\">{\"@context\":\"https:\/\/schema.org\",\"@graph\":[{\"@type\":\"WebSite\",\"@id\":\"https:\/\/www.visit-ulcinj.com\/blog\/#website\",\"url\":\"https:\/\/www.visit-ulcinj.com\/blog\/\",\"name\":\"Lajme nga Ulqini\",\"description\":\"Lajme,Vijesti,Ulqini,Ulqin,Crna Gora,Mali i Zi\",\"potentialAction\":[{\"@type\":\"SearchAction\",\"target\":{\"@type\":\"EntryPoint\",\"urlTemplate\":\"https:\/\/www.visit-ulcinj.com\/blog\/?s={search_term_string}\"},\"query-input\":\"required name=search_term_string\"}],\"inLanguage\":\"en-US\"},{\"@type\":\"ImageObject\",\"inLanguage\":\"en-US\",\"@id\":\"https:\/\/www.visit-ulcinj.com\/blog\/2010\/02\/06\/masakrimi-mbi-detaret-ulqinake\/#primaryimage\",\"url\":\"https:\/\/www.visit-ulcinj.com\/blog\/wp-content\/uploads\/2010\/02\/LUNDRAT-ULQINAKE.jpg\",\"contentUrl\":\"https:\/\/www.visit-ulcinj.com\/blog\/wp-content\/uploads\/2010\/02\/LUNDRAT-ULQINAKE.jpg\",\"width\":\"503\",\"height\":\"500\"},{\"@type\":\"WebPage\",\"@id\":\"https:\/\/www.visit-ulcinj.com\/blog\/2010\/02\/06\/masakrimi-mbi-detaret-ulqinake\/#webpage\",\"url\":\"https:\/\/www.visit-ulcinj.com\/blog\/2010\/02\/06\/masakrimi-mbi-detaret-ulqinake\/\",\"name\":\"Masakrimi mbi detar\u00ebt ulqinak\u00eb - Lajme nga Ulqini\",\"isPartOf\":{\"@id\":\"https:\/\/www.visit-ulcinj.com\/blog\/#website\"},\"primaryImageOfPage\":{\"@id\":\"https:\/\/www.visit-ulcinj.com\/blog\/2010\/02\/06\/masakrimi-mbi-detaret-ulqinake\/#primaryimage\"},\"datePublished\":\"2010-02-06T08:27:32+00:00\",\"dateModified\":\"2010-02-06T08:47:06+00:00\",\"author\":{\"@id\":\"https:\/\/www.visit-ulcinj.com\/blog\/#\/schema\/person\/dcab619c614d3038751c63bc2aadc06d\"},\"description\":\"Detar\u00ebt shqiptar\u00eb, posa\u00e7\u00ebrisht ata t\u00eb Ulqinit, disa her\u00eb qen\u00eb tradh\u00ebtuar nga Republika e Venedikut - e Sh\u00ebn Markut. Ata ishin shkaktar\u00eb q\u00eb Ulqini dhe\",\"breadcrumb\":{\"@id\":\"https:\/\/www.visit-ulcinj.com\/blog\/2010\/02\/06\/masakrimi-mbi-detaret-ulqinake\/#breadcrumb\"},\"inLanguage\":\"en-US\",\"potentialAction\":[{\"@type\":\"ReadAction\",\"target\":[\"https:\/\/www.visit-ulcinj.com\/blog\/2010\/02\/06\/masakrimi-mbi-detaret-ulqinake\/\"]}]},{\"@type\":\"BreadcrumbList\",\"@id\":\"https:\/\/www.visit-ulcinj.com\/blog\/2010\/02\/06\/masakrimi-mbi-detaret-ulqinake\/#breadcrumb\",\"itemListElement\":[{\"@type\":\"ListItem\",\"position\":1,\"name\":\"Masakrimi mbi detar\u00ebt ulqinak\u00eb\"}]},{\"@type\":\"Person\",\"@id\":\"https:\/\/www.visit-ulcinj.com\/blog\/#\/schema\/person\/dcab619c614d3038751c63bc2aadc06d\",\"name\":\"ulqini\",\"sameAs\":[\"http:\/\/www.visit-ulcinj.com\"],\"url\":\"https:\/\/www.visit-ulcinj.com\/blog\/author\/admin\/\"}]}<\/script>\n<!-- \/ Yoast SEO plugin. -->","yoast_head_json":{"title":"Masakrimi mbi detar\u00ebt ulqinak\u00eb - Lajme nga Ulqini","description":"Detar\u00ebt shqiptar\u00eb, posa\u00e7\u00ebrisht ata t\u00eb Ulqinit, disa her\u00eb qen\u00eb tradh\u00ebtuar nga Republika e Venedikut - e Sh\u00ebn Markut. Ata ishin shkaktar\u00eb q\u00eb Ulqini dhe","robots":{"index":"index","follow":"follow","max-snippet":"max-snippet:-1","max-image-preview":"max-image-preview:large","max-video-preview":"max-video-preview:-1"},"canonical":"https:\/\/www.visit-ulcinj.com\/blog\/2010\/02\/06\/masakrimi-mbi-detaret-ulqinake\/","og_locale":"en_US","og_type":"article","og_title":"Masakrimi mbi detar\u00ebt ulqinak\u00eb - Lajme nga Ulqini","og_description":"Detar\u00ebt shqiptar\u00eb, posa\u00e7\u00ebrisht ata t\u00eb Ulqinit, disa her\u00eb qen\u00eb tradh\u00ebtuar nga Republika e Venedikut - e Sh\u00ebn Markut. Ata ishin shkaktar\u00eb q\u00eb Ulqini dhe","og_url":"https:\/\/www.visit-ulcinj.com\/blog\/2010\/02\/06\/masakrimi-mbi-detaret-ulqinake\/","og_site_name":"Lajme nga Ulqini","article_published_time":"2010-02-06T08:27:32+00:00","article_modified_time":"2010-02-06T08:47:06+00:00","og_image":[{"url":"http:\/\/www.visit-ulcinj.com\/blog\/wp-content\/uploads\/2010\/02\/LUNDRAT-ULQINAKE.jpg"}],"twitter_misc":{"Written by":"ulqini","Est. reading time":"4 minutes"},"schema":{"@context":"https:\/\/schema.org","@graph":[{"@type":"WebSite","@id":"https:\/\/www.visit-ulcinj.com\/blog\/#website","url":"https:\/\/www.visit-ulcinj.com\/blog\/","name":"Lajme nga Ulqini","description":"Lajme,Vijesti,Ulqini,Ulqin,Crna Gora,Mali i Zi","potentialAction":[{"@type":"SearchAction","target":{"@type":"EntryPoint","urlTemplate":"https:\/\/www.visit-ulcinj.com\/blog\/?s={search_term_string}"},"query-input":"required name=search_term_string"}],"inLanguage":"en-US"},{"@type":"ImageObject","inLanguage":"en-US","@id":"https:\/\/www.visit-ulcinj.com\/blog\/2010\/02\/06\/masakrimi-mbi-detaret-ulqinake\/#primaryimage","url":"https:\/\/www.visit-ulcinj.com\/blog\/wp-content\/uploads\/2010\/02\/LUNDRAT-ULQINAKE.jpg","contentUrl":"https:\/\/www.visit-ulcinj.com\/blog\/wp-content\/uploads\/2010\/02\/LUNDRAT-ULQINAKE.jpg","width":"503","height":"500"},{"@type":"WebPage","@id":"https:\/\/www.visit-ulcinj.com\/blog\/2010\/02\/06\/masakrimi-mbi-detaret-ulqinake\/#webpage","url":"https:\/\/www.visit-ulcinj.com\/blog\/2010\/02\/06\/masakrimi-mbi-detaret-ulqinake\/","name":"Masakrimi mbi detar\u00ebt ulqinak\u00eb - Lajme nga Ulqini","isPartOf":{"@id":"https:\/\/www.visit-ulcinj.com\/blog\/#website"},"primaryImageOfPage":{"@id":"https:\/\/www.visit-ulcinj.com\/blog\/2010\/02\/06\/masakrimi-mbi-detaret-ulqinake\/#primaryimage"},"datePublished":"2010-02-06T08:27:32+00:00","dateModified":"2010-02-06T08:47:06+00:00","author":{"@id":"https:\/\/www.visit-ulcinj.com\/blog\/#\/schema\/person\/dcab619c614d3038751c63bc2aadc06d"},"description":"Detar\u00ebt shqiptar\u00eb, posa\u00e7\u00ebrisht ata t\u00eb Ulqinit, disa her\u00eb qen\u00eb tradh\u00ebtuar nga Republika e Venedikut - e Sh\u00ebn Markut. Ata ishin shkaktar\u00eb q\u00eb Ulqini dhe","breadcrumb":{"@id":"https:\/\/www.visit-ulcinj.com\/blog\/2010\/02\/06\/masakrimi-mbi-detaret-ulqinake\/#breadcrumb"},"inLanguage":"en-US","potentialAction":[{"@type":"ReadAction","target":["https:\/\/www.visit-ulcinj.com\/blog\/2010\/02\/06\/masakrimi-mbi-detaret-ulqinake\/"]}]},{"@type":"BreadcrumbList","@id":"https:\/\/www.visit-ulcinj.com\/blog\/2010\/02\/06\/masakrimi-mbi-detaret-ulqinake\/#breadcrumb","itemListElement":[{"@type":"ListItem","position":1,"name":"Masakrimi mbi detar\u00ebt ulqinak\u00eb"}]},{"@type":"Person","@id":"https:\/\/www.visit-ulcinj.com\/blog\/#\/schema\/person\/dcab619c614d3038751c63bc2aadc06d","name":"ulqini","sameAs":["http:\/\/www.visit-ulcinj.com"],"url":"https:\/\/www.visit-ulcinj.com\/blog\/author\/admin\/"}]}},"jetpack_featured_media_url":"","jetpack_sharing_enabled":true,"jetpack_shortlink":"https:\/\/wp.me\/pe6lTn-7P9","_links":{"self":[{"href":"https:\/\/www.visit-ulcinj.com\/blog\/wp-json\/wp\/v2\/posts\/30079"}],"collection":[{"href":"https:\/\/www.visit-ulcinj.com\/blog\/wp-json\/wp\/v2\/posts"}],"about":[{"href":"https:\/\/www.visit-ulcinj.com\/blog\/wp-json\/wp\/v2\/types\/post"}],"author":[{"embeddable":true,"href":"https:\/\/www.visit-ulcinj.com\/blog\/wp-json\/wp\/v2\/users\/1"}],"replies":[{"embeddable":true,"href":"https:\/\/www.visit-ulcinj.com\/blog\/wp-json\/wp\/v2\/comments?post=30079"}],"version-history":[{"count":0,"href":"https:\/\/www.visit-ulcinj.com\/blog\/wp-json\/wp\/v2\/posts\/30079\/revisions"}],"wp:attachment":[{"href":"https:\/\/www.visit-ulcinj.com\/blog\/wp-json\/wp\/v2\/media?parent=30079"}],"wp:term":[{"taxonomy":"category","embeddable":true,"href":"https:\/\/www.visit-ulcinj.com\/blog\/wp-json\/wp\/v2\/categories?post=30079"},{"taxonomy":"post_tag","embeddable":true,"href":"https:\/\/www.visit-ulcinj.com\/blog\/wp-json\/wp\/v2\/tags?post=30079"}],"curies":[{"name":"wp","href":"https:\/\/api.w.org\/{rel}","templated":true}]}}