{"id":30085,"date":"2010-02-06T11:52:03","date_gmt":"2010-02-06T09:52:03","guid":{"rendered":"http:\/\/www.visit-ulcinj.com\/blog\/?p=30085"},"modified":"2010-02-06T11:52:03","modified_gmt":"2010-02-06T09:52:03","slug":"sos-apeli-solidaritet-per-14-vjecaren-qe-vuan-nga-tumori","status":"publish","type":"post","link":"https:\/\/www.visit-ulcinj.com\/blog\/2010\/02\/06\/sos-apeli-solidaritet-per-14-vjecaren-qe-vuan-nga-tumori\/","title":{"rendered":"SOS apeli, solidaritet per 14 vjecaren qe vuan nga tumori"},"content":{"rendered":"<p><span style=\"font-weight: bold;\"><a href=\"http:\/\/www.visit-ulcinj.com\/blog\/wp-content\/uploads\/2010\/02\/Irta-lanka.jpg\"><img loading=\"lazy\" class=\"alignleft size-full wp-image-30086\" title=\"Irta-lanka\" src=\"http:\/\/www.visit-ulcinj.com\/blog\/wp-content\/uploads\/2010\/02\/Irta-lanka.jpg\" alt=\"Irta-lanka\" width=\"318\" height=\"267\" \/><\/a><\/span><strong>Korc\u00eb<\/strong><span style=\"font-weight: bold;\"><strong> &#8211;<\/strong> <\/span> Rritet solidariteti p\u00ebr Irt\u00ebn e vog\u00ebl e cila vuan nga gj\u00ebndrat tumorale. Pas apelit t\u00eb b\u00ebr\u00eb n\u00eb NEWS24 dhe BalkanWeb p\u00ebr t\u00eb ndihmuar q\u00eb \u00ebndrra e vajz\u00ebs 14 vjecare t\u00eb mos nd\u00ebrpritet n\u00eb mes , mjaft shqiptar\u00eb nga brenda dhe jasht\u00eb vendit kan\u00eb shprehur solidaritetin duke derdhur kontributin e tyre n\u00eb numrat e llogarive bankare q\u00eb jan\u00eb hapur n\u00eb Raiffaisen Bank. Nr e llogaris\u00eb jan\u00eb hapur n\u00eb em\u00ebr t\u00eb xhaxhait t\u00eb Irt\u00ebs, Haxhi Lanka.<\/p>\n<p><span style=\"font-weight: bold;\">Apeli i 14 vjecares: M\u00eb ndihmoni t\u00eb kurohem nga tumori<\/span><br \/>\n<br style=\"font-weight: bold;\" \/>Jeta e nj\u00eb 14-vjecareje n\u00eb fshatin Kloc\u00eb t\u00eb Maliqit n\u00eb Korc\u00eb varet cdo dite e me shume nga solidariteti p\u00ebr ta ndihmuar financiarisht.<\/p>\n<p>Dy muaj m\u00eb par\u00eb, Irta Lanka shkonte n\u00eb shkoll\u00eb normalisht, luante me shok\u00ebt e shoqet, m\u00ebsonte dhe \u00ebnd\u00ebrronte si t\u00eb gjith\u00eb moshatar\u00ebt e saj, deri kur n\u00eb an\u00ebn e djatht\u00eb t\u00eb qaf\u00ebs iu shfaq nj\u00eb gj\u00ebnd\u00ebr. Dy tre dit\u00eb m\u00eb pas nj\u00eb tjet\u00ebr gj\u00ebnd\u00ebr i shp\u00ebrtheu n\u00eb an\u00ebn e majt\u00eb. Brenda jav\u00ebs i dol\u00ebn dy- tre gj\u00ebndra t\u00eb tjera n\u00eb mes t\u00eb qaf\u00ebs.<\/p>\n<p>T\u00eb alarmuar familja d\u00ebrgoi vajz\u00ebn p\u00ebr diagnostikim. P\u00ebrgjigjet e analizave nuk ishin premtuese\u2026 as t\u00eb mira p\u00ebr Irt\u00ebn, vajz\u00ebn 14 vjecare e cila 9 vite m\u00eb par\u00eb humbi t\u00eb atin.<\/p>\n<p>\u201cNa orientuan p\u00ebr n\u00eb Selanik. D\u00ebrguam kampionin. Pas nj\u00eb jave mor\u00ebm p\u00ebrgjigjen dhe na rezultoi se vajza vuan nga gj\u00ebndra tumorale.\u201d- tregon p\u00ebr NEWS24 xhaxhai i Irt\u00ebs.<\/p>\n<p>Haxhi Lankes, i cili tashm\u00eb\u00a0 duhet t\u00eb marr\u00eb dhe rolin e babait p\u00ebr Irt\u00ebn, motr\u00ebn e saj t\u00eb vog\u00ebl dhe t\u00eb v\u00ebllan\u00eb tregon i shqet\u00ebsuar dhe sy te ulur poshte. \u201cSh\u00ebndeti i vajz\u00ebs sa vjen e p\u00ebrkeq\u00ebsohet. Ka dy muaj qe nuk shkon n\u00eb shkoll\u00eb\u201d.<\/p>\n<p>P\u00ebr n\u00ebna Zan\u00ebn e vetmja fije shprese p\u00ebr vajz\u00ebn e saj \u00ebsht\u00eb operimi n\u00eb Selanik. Po si? Me cfar\u00eb t\u00eb ardhurash? Me cfar\u00eb dokumentesh?<br \/>\nFamilja e p\u00ebrb\u00ebr\u00eb nga 4 an\u00ebtar\u00eb, n\u00ebna, Irsa, motra dhe i v\u00ebllai m\u00eb i vog\u00ebl jetojn\u00eb vet\u00ebm me pensionin q\u00eb kan\u00eb siguruar nga vdekja e babait, vet\u00ebm 6 mij\u00eb lek\u00eb t\u00eb reja.<\/p>\n<p>Po a mundet vall\u00eb kjo familje, me kaq pak t\u00eb ardhura t\u00eb siguroj\u00eb parat\u00eb p\u00ebr operacion i cili do i shp\u00ebtonte jet\u00ebn Irs\u00ebs?!<\/p>\n<p>\u201cI lutemi ministris\u00eb s\u00eb Sh\u00ebndet\u00ebsis\u00eb t\u00eb na ndihmoj\u00eb financiarisht dhe duke na pajisur me dokumente p\u00ebr t\u00eb mund\u00ebsuar d\u00ebrgimin e Irs\u00ebs n\u00eb Selanik.\u201d- vazhdon rr\u00ebfimi i xhaxhait.<\/p>\n<p>Apelit i bashkangjitet m\u00eb fort dhe dhimbja e n\u00ebn\u00ebs s\u00eb adoleshentes- \u201cM\u00eb ndihmoni ta kuroj jasht\u00eb shteti\u201d.<\/p>\n<p>Edhe Irta n\u00ebp\u00ebrmjet mikrofonit k\u00ebrkon ndihm\u00eb p\u00ebr tu pajisur me pasaport\u00ebn biometrike dhe i lutet shtetit ta ndihmoj\u00eb p\u00ebr tu kuruar sa m\u00eb shpejt.<\/p>\n<p>Bashkia e Maliqit ka ofruar nj\u00eb fond t\u00eb vog\u00ebl p\u00ebr t\u00eb ndihmuar kurimin e Irs\u00ebs. NEWS24, BalkanWeb i bashkangjiten apelit t\u00eb familjar\u00ebve p\u00ebr t\u00eb ndihmuar q\u00eb \u00ebndrra e 14 vjecares t\u00eb mos nd\u00ebrpriret n\u00eb mes.<\/p>\n<p>Pak ore pas apelit n\u00eb News24, kreu i bashkis\u00eb s\u00eb Maliqit, G\u00ebzim Topcia b\u00ebn t\u00eb ditur se kan\u00eb nisur menj\u00ebher\u00eb procedurat p\u00ebr pajisjen me pasaport\u00eb t\u00eb 14 vjecares, nd\u00ebrsa vet\u00eb konsulli grek n\u00eb Korc\u00eb ka marr\u00eb p\u00ebrsip\u00ebr viz\u00ebn e vajz\u00ebs.<\/p>\n<p>Bashkia e Maliqit ka hapur llogari bankara p\u00ebr t\u00eb ndihmuar vajz\u00ebn 14 vjecare e cila vuan nga gj\u00ebndra tumorale. N\u00eb adres\u00ebn e Balkanweb kan\u00eb mb\u00ebrritur numrat e llogarive bankare ku cdo kush q\u00eb d\u00ebshiron mund t\u00eb derdh\u00eb t\u00eb hodhat t\u00eb cilat m\u00eb pas do ti kalojn\u00eb familjes Lanka. BalkanWeb pasi b\u00ebri verifikimin nga Bashkia e Maliqit dhe\u00a0Raiffeissen Bank konfirmon se numrat e llogaris\u00eb jan\u00eb t\u00eb sakta. &#8220;Parate do derdhen ne emer te Haxhi Xhevahir Lanka (xhaxhai i vajzes ,sepse i ati nuk jeton).\u00a0 Po publikojme dhe numrin e xhaxhait te Irtes, per kushdo qe kerkon te kontaktoje drejteperdrejte per te dhene kontributin e vet ne ndihme te 14 vjecares.\u00a0 Haxhi Lenka numri i telefonit Celular: 067 22 93 131<\/p>\n<p><strong>Per derdhjet ne lek nr i llogarise eshte : 0001706587<br \/>\n<\/strong>kodi IBAN : AL51202410270000000001706587<br \/>\nRaiffeisen Bank Albania<br \/>\nMaliq-Korce<br \/>\nAlbania<\/p>\n<p><strong>Per derdhjet qe do behen nga jashte vendit duhet te jepen keto te dhena:<br \/>\n<\/strong><em><span style=\"text-decoration: underline;\"><strong>Kur derdhja behet ne Eur : <\/strong><br \/>\n<\/span><\/em>Emer Mbiemer Haxhi Lanka<br \/>\nNr. i llogarise : 0002706587<br \/>\nkodi IBAN AL98202410270000000002706587<br \/>\nSwift\/Code SGSBALTX<br \/>\nEmri i bankes Raiffeisen Bank Albania<br \/>\nAdresa: Qyteti Maliq-Korce<br \/>\nAlbania<\/p>\n<p><span style=\"text-decoration: underline;\"><em><strong>Kur derdhja behet ne Usd <\/strong><br \/>\n<\/em><\/span>Emer Mbiemer Haxhi Lanka<br \/>\nNr. i llogarise 0003706587<br \/>\nKodi IBAN AL 48202410270000000003706587<br \/>\nSwift\/Code SGSBALTX<br \/>\nEmri i bankes Raiffeisen Bank Albania<br \/>\nAdresa: Qyteti Maliq-Korce<\/p>\n<p>Albania&#8221;<\/p>\n<p><span style=\"font-weight: bold;\">(s.g\/BalkaWeb)<br \/>\n<\/span>[flv width=&#8221;580&#8243; height=&#8221;400&#8243;]http:\/\/bw.balkanweb.com\/videoAlbum\/Video\/1851.flv[\/flv]<\/p>\n","protected":false},"excerpt":{"rendered":"<p>Korc\u00eb &#8211; Rritet solidariteti p\u00ebr Irt\u00ebn e vog\u00ebl e cila vuan nga gj\u00ebndrat tumorale. Pas apelit t\u00eb b\u00ebr\u00eb n\u00eb NEWS24 dhe BalkanWeb p\u00ebr t\u00eb ndihmuar q\u00eb \u00ebndrra e vajz\u00ebs 14 vjecare t\u00eb mos nd\u00ebrpritet n\u00eb mes , mjaft shqiptar\u00eb nga brenda dhe jasht\u00eb vendit kan\u00eb shprehur solidaritetin duke derdhur kontributin e tyre n\u00eb numrat e [&hellip;]<\/p>\n","protected":false},"author":1,"featured_media":0,"comment_status":"open","ping_status":"closed","sticky":false,"template":"","format":"standard","meta":{"spay_email":"","jetpack_publicize_message":"","jetpack_is_tweetstorm":false,"jetpack_publicize_feature_enabled":true},"categories":[11],"tags":[13468,5589,13469],"jetpack_publicize_connections":[],"yoast_head":"<!-- This site is optimized with the Yoast SEO plugin v19.1 - https:\/\/yoast.com\/wordpress\/plugins\/seo\/ -->\n<title>SOS apeli, solidaritet per 14 vjecaren qe vuan nga tumori - Lajme nga Ulqini<\/title>\n<meta name=\"description\" content=\"Korc\u00eb - Rritet solidariteti p\u00ebr Irt\u00ebn e vog\u00ebl e cila vuan nga gj\u00ebndrat tumorale. Pas apelit t\u00eb b\u00ebr\u00eb n\u00eb NEWS24 dhe BalkanWeb p\u00ebr t\u00eb ndihmuar q\u00eb \u00ebndrra e\" \/>\n<meta name=\"robots\" content=\"index, follow, max-snippet:-1, max-image-preview:large, max-video-preview:-1\" \/>\n<link rel=\"canonical\" href=\"https:\/\/www.visit-ulcinj.com\/blog\/2010\/02\/06\/sos-apeli-solidaritet-per-14-vjecaren-qe-vuan-nga-tumori\/\" \/>\n<meta property=\"og:locale\" content=\"en_US\" \/>\n<meta property=\"og:type\" content=\"article\" \/>\n<meta property=\"og:title\" content=\"SOS apeli, solidaritet per 14 vjecaren qe vuan nga tumori - Lajme nga Ulqini\" \/>\n<meta property=\"og:description\" content=\"Korc\u00eb - Rritet solidariteti p\u00ebr Irt\u00ebn e vog\u00ebl e cila vuan nga gj\u00ebndrat tumorale. Pas apelit t\u00eb b\u00ebr\u00eb n\u00eb NEWS24 dhe BalkanWeb p\u00ebr t\u00eb ndihmuar q\u00eb \u00ebndrra e\" \/>\n<meta property=\"og:url\" content=\"https:\/\/www.visit-ulcinj.com\/blog\/2010\/02\/06\/sos-apeli-solidaritet-per-14-vjecaren-qe-vuan-nga-tumori\/\" \/>\n<meta property=\"og:site_name\" content=\"Lajme nga Ulqini\" \/>\n<meta property=\"article:published_time\" content=\"2010-02-06T09:52:03+00:00\" \/>\n<meta property=\"og:image\" content=\"http:\/\/www.visit-ulcinj.com\/blog\/wp-content\/uploads\/2010\/02\/Irta-lanka.jpg\" \/>\n<meta name=\"twitter:label1\" content=\"Written by\" \/>\n\t<meta name=\"twitter:data1\" content=\"ulqini\" \/>\n\t<meta name=\"twitter:label2\" content=\"Est. reading time\" \/>\n\t<meta name=\"twitter:data2\" content=\"4 minutes\" \/>\n<script type=\"application\/ld+json\" class=\"yoast-schema-graph\">{\"@context\":\"https:\/\/schema.org\",\"@graph\":[{\"@type\":\"WebSite\",\"@id\":\"https:\/\/www.visit-ulcinj.com\/blog\/#website\",\"url\":\"https:\/\/www.visit-ulcinj.com\/blog\/\",\"name\":\"Lajme nga Ulqini\",\"description\":\"Lajme,Vijesti,Ulqini,Ulqin,Crna Gora,Mali i Zi\",\"potentialAction\":[{\"@type\":\"SearchAction\",\"target\":{\"@type\":\"EntryPoint\",\"urlTemplate\":\"https:\/\/www.visit-ulcinj.com\/blog\/?s={search_term_string}\"},\"query-input\":\"required name=search_term_string\"}],\"inLanguage\":\"en-US\"},{\"@type\":\"ImageObject\",\"inLanguage\":\"en-US\",\"@id\":\"https:\/\/www.visit-ulcinj.com\/blog\/2010\/02\/06\/sos-apeli-solidaritet-per-14-vjecaren-qe-vuan-nga-tumori\/#primaryimage\",\"url\":\"http:\/\/www.visit-ulcinj.com\/blog\/wp-content\/uploads\/2010\/02\/Irta-lanka.jpg\",\"contentUrl\":\"http:\/\/www.visit-ulcinj.com\/blog\/wp-content\/uploads\/2010\/02\/Irta-lanka.jpg\"},{\"@type\":\"WebPage\",\"@id\":\"https:\/\/www.visit-ulcinj.com\/blog\/2010\/02\/06\/sos-apeli-solidaritet-per-14-vjecaren-qe-vuan-nga-tumori\/#webpage\",\"url\":\"https:\/\/www.visit-ulcinj.com\/blog\/2010\/02\/06\/sos-apeli-solidaritet-per-14-vjecaren-qe-vuan-nga-tumori\/\",\"name\":\"SOS apeli, solidaritet per 14 vjecaren qe vuan nga tumori - Lajme nga Ulqini\",\"isPartOf\":{\"@id\":\"https:\/\/www.visit-ulcinj.com\/blog\/#website\"},\"primaryImageOfPage\":{\"@id\":\"https:\/\/www.visit-ulcinj.com\/blog\/2010\/02\/06\/sos-apeli-solidaritet-per-14-vjecaren-qe-vuan-nga-tumori\/#primaryimage\"},\"datePublished\":\"2010-02-06T09:52:03+00:00\",\"dateModified\":\"2010-02-06T09:52:03+00:00\",\"author\":{\"@id\":\"https:\/\/www.visit-ulcinj.com\/blog\/#\/schema\/person\/dcab619c614d3038751c63bc2aadc06d\"},\"description\":\"Korc\u00eb - Rritet solidariteti p\u00ebr Irt\u00ebn e vog\u00ebl e cila vuan nga gj\u00ebndrat tumorale. Pas apelit t\u00eb b\u00ebr\u00eb n\u00eb NEWS24 dhe BalkanWeb p\u00ebr t\u00eb ndihmuar q\u00eb \u00ebndrra e\",\"breadcrumb\":{\"@id\":\"https:\/\/www.visit-ulcinj.com\/blog\/2010\/02\/06\/sos-apeli-solidaritet-per-14-vjecaren-qe-vuan-nga-tumori\/#breadcrumb\"},\"inLanguage\":\"en-US\",\"potentialAction\":[{\"@type\":\"ReadAction\",\"target\":[\"https:\/\/www.visit-ulcinj.com\/blog\/2010\/02\/06\/sos-apeli-solidaritet-per-14-vjecaren-qe-vuan-nga-tumori\/\"]}]},{\"@type\":\"BreadcrumbList\",\"@id\":\"https:\/\/www.visit-ulcinj.com\/blog\/2010\/02\/06\/sos-apeli-solidaritet-per-14-vjecaren-qe-vuan-nga-tumori\/#breadcrumb\",\"itemListElement\":[{\"@type\":\"ListItem\",\"position\":1,\"name\":\"SOS apeli, solidaritet per 14 vjecaren qe vuan nga tumori\"}]},{\"@type\":\"Person\",\"@id\":\"https:\/\/www.visit-ulcinj.com\/blog\/#\/schema\/person\/dcab619c614d3038751c63bc2aadc06d\",\"name\":\"ulqini\",\"sameAs\":[\"http:\/\/www.visit-ulcinj.com\"],\"url\":\"https:\/\/www.visit-ulcinj.com\/blog\/author\/admin\/\"}]}<\/script>\n<!-- \/ Yoast SEO plugin. -->","yoast_head_json":{"title":"SOS apeli, solidaritet per 14 vjecaren qe vuan nga tumori - Lajme nga Ulqini","description":"Korc\u00eb - Rritet solidariteti p\u00ebr Irt\u00ebn e vog\u00ebl e cila vuan nga gj\u00ebndrat tumorale. Pas apelit t\u00eb b\u00ebr\u00eb n\u00eb NEWS24 dhe BalkanWeb p\u00ebr t\u00eb ndihmuar q\u00eb \u00ebndrra e","robots":{"index":"index","follow":"follow","max-snippet":"max-snippet:-1","max-image-preview":"max-image-preview:large","max-video-preview":"max-video-preview:-1"},"canonical":"https:\/\/www.visit-ulcinj.com\/blog\/2010\/02\/06\/sos-apeli-solidaritet-per-14-vjecaren-qe-vuan-nga-tumori\/","og_locale":"en_US","og_type":"article","og_title":"SOS apeli, solidaritet per 14 vjecaren qe vuan nga tumori - Lajme nga Ulqini","og_description":"Korc\u00eb - Rritet solidariteti p\u00ebr Irt\u00ebn e vog\u00ebl e cila vuan nga gj\u00ebndrat tumorale. Pas apelit t\u00eb b\u00ebr\u00eb n\u00eb NEWS24 dhe BalkanWeb p\u00ebr t\u00eb ndihmuar q\u00eb \u00ebndrra e","og_url":"https:\/\/www.visit-ulcinj.com\/blog\/2010\/02\/06\/sos-apeli-solidaritet-per-14-vjecaren-qe-vuan-nga-tumori\/","og_site_name":"Lajme nga Ulqini","article_published_time":"2010-02-06T09:52:03+00:00","og_image":[{"url":"http:\/\/www.visit-ulcinj.com\/blog\/wp-content\/uploads\/2010\/02\/Irta-lanka.jpg"}],"twitter_misc":{"Written by":"ulqini","Est. reading time":"4 minutes"},"schema":{"@context":"https:\/\/schema.org","@graph":[{"@type":"WebSite","@id":"https:\/\/www.visit-ulcinj.com\/blog\/#website","url":"https:\/\/www.visit-ulcinj.com\/blog\/","name":"Lajme nga Ulqini","description":"Lajme,Vijesti,Ulqini,Ulqin,Crna Gora,Mali i Zi","potentialAction":[{"@type":"SearchAction","target":{"@type":"EntryPoint","urlTemplate":"https:\/\/www.visit-ulcinj.com\/blog\/?s={search_term_string}"},"query-input":"required name=search_term_string"}],"inLanguage":"en-US"},{"@type":"ImageObject","inLanguage":"en-US","@id":"https:\/\/www.visit-ulcinj.com\/blog\/2010\/02\/06\/sos-apeli-solidaritet-per-14-vjecaren-qe-vuan-nga-tumori\/#primaryimage","url":"http:\/\/www.visit-ulcinj.com\/blog\/wp-content\/uploads\/2010\/02\/Irta-lanka.jpg","contentUrl":"http:\/\/www.visit-ulcinj.com\/blog\/wp-content\/uploads\/2010\/02\/Irta-lanka.jpg"},{"@type":"WebPage","@id":"https:\/\/www.visit-ulcinj.com\/blog\/2010\/02\/06\/sos-apeli-solidaritet-per-14-vjecaren-qe-vuan-nga-tumori\/#webpage","url":"https:\/\/www.visit-ulcinj.com\/blog\/2010\/02\/06\/sos-apeli-solidaritet-per-14-vjecaren-qe-vuan-nga-tumori\/","name":"SOS apeli, solidaritet per 14 vjecaren qe vuan nga tumori - Lajme nga Ulqini","isPartOf":{"@id":"https:\/\/www.visit-ulcinj.com\/blog\/#website"},"primaryImageOfPage":{"@id":"https:\/\/www.visit-ulcinj.com\/blog\/2010\/02\/06\/sos-apeli-solidaritet-per-14-vjecaren-qe-vuan-nga-tumori\/#primaryimage"},"datePublished":"2010-02-06T09:52:03+00:00","dateModified":"2010-02-06T09:52:03+00:00","author":{"@id":"https:\/\/www.visit-ulcinj.com\/blog\/#\/schema\/person\/dcab619c614d3038751c63bc2aadc06d"},"description":"Korc\u00eb - Rritet solidariteti p\u00ebr Irt\u00ebn e vog\u00ebl e cila vuan nga gj\u00ebndrat tumorale. Pas apelit t\u00eb b\u00ebr\u00eb n\u00eb NEWS24 dhe BalkanWeb p\u00ebr t\u00eb ndihmuar q\u00eb \u00ebndrra e","breadcrumb":{"@id":"https:\/\/www.visit-ulcinj.com\/blog\/2010\/02\/06\/sos-apeli-solidaritet-per-14-vjecaren-qe-vuan-nga-tumori\/#breadcrumb"},"inLanguage":"en-US","potentialAction":[{"@type":"ReadAction","target":["https:\/\/www.visit-ulcinj.com\/blog\/2010\/02\/06\/sos-apeli-solidaritet-per-14-vjecaren-qe-vuan-nga-tumori\/"]}]},{"@type":"BreadcrumbList","@id":"https:\/\/www.visit-ulcinj.com\/blog\/2010\/02\/06\/sos-apeli-solidaritet-per-14-vjecaren-qe-vuan-nga-tumori\/#breadcrumb","itemListElement":[{"@type":"ListItem","position":1,"name":"SOS apeli, solidaritet per 14 vjecaren qe vuan nga tumori"}]},{"@type":"Person","@id":"https:\/\/www.visit-ulcinj.com\/blog\/#\/schema\/person\/dcab619c614d3038751c63bc2aadc06d","name":"ulqini","sameAs":["http:\/\/www.visit-ulcinj.com"],"url":"https:\/\/www.visit-ulcinj.com\/blog\/author\/admin\/"}]}},"jetpack_featured_media_url":"","jetpack_sharing_enabled":true,"jetpack_shortlink":"https:\/\/wp.me\/pe6lTn-7Pf","_links":{"self":[{"href":"https:\/\/www.visit-ulcinj.com\/blog\/wp-json\/wp\/v2\/posts\/30085"}],"collection":[{"href":"https:\/\/www.visit-ulcinj.com\/blog\/wp-json\/wp\/v2\/posts"}],"about":[{"href":"https:\/\/www.visit-ulcinj.com\/blog\/wp-json\/wp\/v2\/types\/post"}],"author":[{"embeddable":true,"href":"https:\/\/www.visit-ulcinj.com\/blog\/wp-json\/wp\/v2\/users\/1"}],"replies":[{"embeddable":true,"href":"https:\/\/www.visit-ulcinj.com\/blog\/wp-json\/wp\/v2\/comments?post=30085"}],"version-history":[{"count":0,"href":"https:\/\/www.visit-ulcinj.com\/blog\/wp-json\/wp\/v2\/posts\/30085\/revisions"}],"wp:attachment":[{"href":"https:\/\/www.visit-ulcinj.com\/blog\/wp-json\/wp\/v2\/media?parent=30085"}],"wp:term":[{"taxonomy":"category","embeddable":true,"href":"https:\/\/www.visit-ulcinj.com\/blog\/wp-json\/wp\/v2\/categories?post=30085"},{"taxonomy":"post_tag","embeddable":true,"href":"https:\/\/www.visit-ulcinj.com\/blog\/wp-json\/wp\/v2\/tags?post=30085"}],"curies":[{"name":"wp","href":"https:\/\/api.w.org\/{rel}","templated":true}]}}