{"id":3014,"date":"2008-09-05T15:42:48","date_gmt":"2008-09-05T20:42:48","guid":{"rendered":"http:\/\/www.visit-ulcinj.com\/blog\/?p=3014"},"modified":"2008-09-06T08:10:50","modified_gmt":"2008-09-06T13:10:50","slug":"pasaportat-e-kosoves-njihen-edhe-nga-italia","status":"publish","type":"post","link":"https:\/\/www.visit-ulcinj.com\/blog\/2008\/09\/05\/pasaportat-e-kosoves-njihen-edhe-nga-italia\/","title":{"rendered":"Pasaportat e Kosov\u00ebs njihen edhe nga Italia"},"content":{"rendered":"<p><a href=\"http:\/\/www.president-ksgov.net\/img\/images\/content\/news\/Sejdiu_Giffon_text.JPG\"><img loading=\"lazy\" class=\"alignleft\" src=\"http:\/\/www.president-ksgov.net\/img\/images\/content\/news\/Sejdiu_Giffon_text.JPG\" alt=\"\" width=\"274\" height=\"176\" \/><\/a>Italia q\u00eb nga sot njeh pasaportat e Republik\u00ebs s\u00eb Kosov\u00ebs. K\u00ebshtu u shpreh pas nj\u00eb takimi me presidentin e Kosov\u00ebs ambasadori i Italis\u00eb n\u00eb Prishtin\u00eb Michael Luis Giffoni.<br \/>\nDiplomati italian theksoi se njohja e pasaportave t\u00eb Kosov\u00ebs, vjen p\u00ebr shkak t\u00eb ndjenjave v\u00ebllaz\u00ebrore nd\u00ebrmjet popullit italian dhe atij t\u00eb Kosov\u00ebs.<br \/>\n&#8220;Dua t\u00eb n\u00ebnvizoi ndjenj\u00ebn v\u00ebllaz\u00ebrore t\u00eb gjith\u00eb popullit italian, p\u00ebr kosovar\u00ebt dhe k\u00ebto ndjenja v\u00ebllaz\u00ebrore duhen forcuar n\u00ebp\u00ebrmjet kontakteve midis dy popujve. Pik\u00ebrisht p\u00ebr k\u00ebt\u00eb arsye, iu them se duke filluar nga dita e sotme Italia zyrtarisht i njeh pasaportat e Republik\u00ebs s\u00eb Kosov\u00ebs dhe q\u00eb ekspert\u00ebt e e ambasad\u00ebs italiane n\u00eb Prishtin\u00eb k\u00ebrkojn\u00eb q\u00eb sa m\u00eb shpejt\u00eb t\u00eb p\u00ebrfundojn\u00eb procedurat e l\u00ebshimit t\u00eb vizave&#8221;, tha ambasadori i Italis\u00eb n\u00eb Kosov\u00ebs Michael Luis Giffoni.<\/p>\n<div id=\"attachment_3016\" style=\"width: 181px\" class=\"wp-caption alignright\"><a href=\"http:\/\/www.visit-ulcinj.com\/blog\/wp-content\/uploads\/2008\/09\/pasaporti-i-kosoves.jpg\"><img aria-describedby=\"caption-attachment-3016\" loading=\"lazy\" class=\"size-medium wp-image-3016\" title=\"pasaporti-i-kosoves\" src=\"http:\/\/www.visit-ulcinj.com\/blog\/wp-content\/uploads\/2008\/09\/pasaporti-i-kosoves.jpg\" alt=\"Pasaporti i Kosov\u00ebs\" width=\"171\" height=\"248\" \/><\/a><p id=\"caption-attachment-3016\" class=\"wp-caption-text\">Pasaporti i Kosov\u00ebs<\/p><\/div>\n<p>Duke fal\u00ebnderuar p\u00ebr k\u00ebt\u00eb hap q\u00eb ka marr\u00eb shteti italian, Presidenti i Kosov\u00ebs Fatmir Sejdiu, k\u00ebrkoi edhe zhvillimin e marr\u00ebdh\u00ebnieve n\u00eb mes dy shteteve edhe n\u00eb shum\u00eb fusha tjera.<br \/>\n&#8220;Paralelisht mund t\u00eb them se gjith\u00eb ai objektiv q\u00eb \u00ebsht\u00eb i yni n\u00eb zhvillimin marr\u00ebdh\u00ebnieve n\u00eb mes dy vendeve do t\u00eb thellohet dhe m\u00eb tep\u00ebr, sidomos n\u00eb bashk\u00ebpunimin edhe n\u00eb fushat e tjera. Un\u00eb shtrova edhe ndjenj\u00ebn ton\u00eb se krahas asaj q\u00eb lidhet me bashk\u00ebpunimet ekonomike, me pjes\u00ebn e siguris\u00eb q\u00eb \u00ebsht\u00eb kontigjentin italian i shk\u00eblqyesh\u00ebm n\u00eb Kosov\u00eb, po ashtu t\u00eb zhvillohen raporte n\u00eb mes universiteteve, n\u00eb fush\u00ebn e kultur\u00ebs, shkenc\u00ebs dhe n\u00eb fushat e tjera&#8221;, deklaroi Presidenti i Kosov\u00ebs Fatmir Sejdiu.<br \/>\nItalia \u00ebsht\u00eb nj\u00eb nd\u00ebr shtetet e para q\u00eb ka njohur pavar\u00ebsin\u00eb e Kosov\u00ebs, nd\u00ebrkoh\u00eb me kontigjentin e vet ushtarak dhe policor vepron n\u00eb pjes\u00ebn per\u00ebndimore t\u00eb Kosov\u00ebs.<br \/>\n<strong>Shaip Mustafa<br \/>\nBurimi \/ ALSAT-M.TV<\/strong><\/p>\n<p style=\"text-align: center;\"><a class=\"aligncenter\" title=\"???? ????,?????,Ulcinj,Montenegru,??????????,\u00c7ernoqoriya,Besplatni internet oglasi,Besplatni oglasi,besplatni mali oglasi,besplatni turisti?ki oglasi,oglasi, usluge, turizam,Turisti?ke usluge,Doma?i turizam,Besplatni Oglasnik,Brzi Oglasi Besplatno,Besplatno OglasavanjeTurizam,besplatni oglasi sa slikom,Turisticki informator besplatni,li?ni-oglasi,BESPLATNI Turisticki OGLASI SA SLIKAMA,BESPLATNI Turisticki Oglasi saVideom,turisticki smestaj oglasi,Turisti?ki vodi? balkana,BESPLATNA REZERVACIJA SMESTAJA,Postavite besplatno Vas oglas,FREE TOURIST GUIDES,Izdavanje-Turizam oglasi,Balkan Turisticki vodic,shpallje turistike falas,Shpallje Falas,Shpallje falas per Komplekse Turistike,Lajmerime,Njoftime,shpallje shqip per shqiptaret ne shqiperi kosova maqedoni,mal te zi,???????????,Montenegiro,?ern\u00e1 Hora,??????????,Cz\u00f4rnog\u00f3ra,Cz\u00f4rn\u00f4 G\u00f3ra,Carna G\u00f3ra,T\u0161ernogooria,\u00c7ernogoriya,Montain\u00e9agr\u00f3,Montenegwo,?orna Hora,Montenegr\u00f3,M?ntenigro,Chernogoriya ,\u00c7\u00earnogor\u00ee ,?????????,????????? ,??????? ,Montes Nigrae,Mons Niger,M\u00f4ntenegr\u00f4,Muntenegru,??????????,Czarnog\u00f3ra,Muntinigru,Muntenegro,&lt;br &gt;&lt;\/a&gt; Muntenegru,\t?ierna Hora,Cxerngora,????????,?rna gora,Moontineegro,?ornog?ra,\u00c7ernogori\u00fda,Chernogoriya,Mont\u00f5negro,????? ???? ,?r?na Gora,?r?nogorije,?ernogorija,?arnahoryja,??????????,???????????????????? ,?ern?g?riy\u00e2,M?nt?n??r?,????? ?????? ,?????????,??????????,???????????,M?nten?gro,???? ????? ,????????,M\u00f4ntenegr\u00f4,????????????,???????????,????????????, ??????????? ,????????????,??????????? ,??\/?? ,??????,????? ,Muntenegru, ????? ????, Montenegr\u00f3,chambres \u00e0 louer \u00e0 ulcinj, location de vacance, location saisonni\u00e8res, louer villa,location de vacance, Locations vacance, h\u00e9bergements vacances, locations villa, logements de vacances, location maison avec piscine, Location vacance, locations de vacance, h\u00e9bergements de vacances, location villa, locations entre particulier, logements vacance, vacances \u00e0 Mont\u00e9n\u00e9gro - location \u00e0 Ulcinj ,location  de bigorre,Urlaub in Ulcinj -Montenegro,Hotelbewertungen Ulcinj,Reisen Ulcinj, Urlaub Ulcinj,Hotel in Serbien und Montenegro von Urlaubern bewertet,Billig Urlaub in Ulcinj,ferienh\u00e4user,ferienwohnung,Billige Ferienh\u00e4user,Ferienwohnung ULCINJ,Ferien an der Adria,Urlaub im Ferienhaus ulcinjBilligreisen Ulcinj,Pauschalreisen,FKK Strand Ada Bojana ulcinj,Last Minute Angebote ulcinj,Preise f\u00fcr Lastminute,Kleinanzeigen gratis,Ausflug nach Ulcinj,FKK-Reisen ada bojana,FKK-Urlaub ulcinj,Privatni smje\u0161taj,rezervacija smje\u0161taja,apartmani,sobe,ku?e,odmor,sobe za odmor ulcinj,Pretra\u017eivanje privatnog smje\u0161taja,rooms rent accommodation ulcinj, rentail private accommodation ulcinj,\u017delite rezervirati privatni smje\u0161taj,Private accommodation,Smje\u0161taj ulcinj,Pushime Verore ulqin,pushime t\u00eb lira n\u00eb ulqin,Pushime ne plazh,Pushime te kendshme,dhoma per pushime ulqin,dhoma me qera ulqin,dhoma te lira ulqin,pushime te lira ulqin,mali i zi,kosova,maqedoni,shqiperi,Pushime ne det te ulqinit,godi\u0161nji odmor u ulcinj,odmor u ulcinj,Ku?a za odmor,kuda na odmor,ljetovanje u ulcinj,slobodne sobe,dhoma te lira,ku?a uz more,turisti?ka ponuda,odmor i zabava,povolne cene,sobe,usluge,Mjesto za Va\u0161 odmor , Place for Your holiday,Odmor portal,putovanaja,Iznajmljivanje soba ulcinj,odmor ulcinj info,Va\u0161e mjesto za odmor ulcinj,nudisticka plaza ada bojana,smjestaj ponuda ulcinj,lokacioni i dhomave ulqin,deti,plazhet e bukura,diskoteka,zbavitja,.\" href=\"http:\/\/www.visit-ulcinj.com\/tourism\/\" target=\"_blank\"><img loading=\"lazy\" class=\"aligncenter\" title=\"SHPALLJE TURISTIKE FALAS,FREE TOURIST GUIDES,BESPLATNI TURISTI?KI OGLASI,balkan holiday rentals,ALBANIJA,ALBANIA,SHQIPERIJA,CRNA GORA,HRVATSKA,KROACIA,SLOVENIJA,MAKEDONIJA,MAKEDONIA,SRBIJA,MONTENEGRO,MALI I ZI,\" src=\"http:\/\/www.visit-ulcinj.com\/blog\/wp-content\/uploads\/2008\/09\/balkanholidayrentals.gif\" alt=\"Apatin,  Aran?elovac,  ?uprija,  ?a?ak,  ?apljina,  ?itluk,  \u0160abac,  \u0160ipovo,  \u0160iroki Brijeg,  \u017dep?e,  \u017divinice,  Ba?ka Palanka,  Banja Luka,  Banovi?i,  Be?ej,  beograd,  Biha?,  Bijeljina,  Bor,  Bor?a,  Bosanska Gradi\u0161ka,  Bosanska Krupa,  Bosanski \u0160amac,  Bosanski Brod,  Bosanski Novi,  Br?ko,  Bu\u017eim,  Bugojno,  Cazin,  Crna Gora,  Derventa,  Doboj,  Donji Vakuf,  Drvar,  Dubrovnik,  Fo?a,  Fojnica,  Glamo?,  Gora\u017ede,  Gornji Milanovac,  Gornji Vakuf,  gostivar,  Gra?anica,  Grada?ac,  Gradiska,  Grahovo,  Had\u017ei?i,  Ilid\u017ea,  In?ija,  Jablanica,  Jagodina,  Jajce,  Kakanj,  Kalu?erica,  Kikinda,  Klju?,  Konjic,  Kotor Varo\u0161,  Kragujevac,  Kraljevo,  Kru\u0161evac,  Kula,  Kupres,  Lakta\u0161i,  Lazarevac,  Leskovac,  Livno,  Ljubinje,  ljublana,  Ljubu\u0161ki,  Loznica,  Lukavac,  Maglaj,  Mladenovac,  Modri?a,  montenegro erlajnz,  mostar,  Mrkonji? Grad,  Neum,  Ni\u0161,  Novi Pazar,  Novi Sad,  Novi Travnik,  Obrenovac,  Od\u017eak,  ohrid,  Ora\u0161je,  Pale,  Pan?evo,  Para?in,  Pirot,  Po\u017earevac,  Podgorica,  Priboj,  Prijedor,  Prokuplje,  Prozor,  pula,  rijeka,  Ruma,  Sanski Most,  Sarajevo,  Senta,  serbija,  sibenik,  skopje,  Smederevo,  Smederevska Palanka,  Sokolac,  Sombor,  split,  Srebrenica,  Srebrenik,  Sremska Mitrovica,  Stolac,  Struga,  Subotica,  Temerin,  Tesli?,  tetovo,  Travnik,  Trebinje,  tuzla,  U\u017eice,  ulcinj,  Valjevo,  Velika Kladu\u0161a,  Vi\u0161egrad,  Visoko,  Vitez,  Vogo\u0161?a,  vojvodina,  Vranje,  Vr\u0161ac,  Vrbas,  zadar,  Zagreb,  Zaje?ar,  Zavidovi?i,  Zenica,  Zrenjanin,  Zvornik,copacabana ulcinj,  h\u00f4tels,  hotel ulqin,  Kosova,  Mali i Zi,  Maqedonija,  Montenegro,  montenegro tourisme plage,  montenegro ulcinj,  Shpallje Falas,  Shpallje Falas per shitjen e shtepis se juaj,  Shpallje Falas per villat e juaj,  Shpallje Falas Real Estate,  Shpallje Falas turistike,  shqiperija,  tourisme,  Ulci?,  ulcinj,  ulqin,  ulqin hotel,  ulqini,  ulqini 2007,Ada Bojana,  Alba?czyk,  Cita di Dolcino,  Copacabana,  Czarnog\u00f3ra,  Czarnog\u00f3rzec,  Don Kichota,  Ma?a Pla?a,  Mandra,  MIGUEL DE SERVANTES,  p\u00f3?wyspy Marjan,  Pla?a Valdanos,  Rzeka Bojana,  Shas \/ \u0160as \/ Sva?,  Ulci?,  Ulcinjsk? Riwier?,  Wielka Pla?a,  Wyspa Bojana,GORA,??????????,???????,??????????, ?ern\u00e1 Hora,TO ULCINJ \/ ULQIN,MONTENEGRO, Czarnog\u00f3ra, Muntenegru, ????? ????, Montenegr\u00f3,villa \u00e0 louer \u00e0 ulcinj, location de vacance, location saisonni\u00e8res, louer chambres,location de vacance, Locations vacance, h\u00e9bergements vacances, locations villa, logements de vacances, location maison avec piscine, Location vacance, locations de vacance, h\u00e9bergements de vacances, location, locations entre particulier, logements vacance, vacances \u00e0 Mont\u00e9n\u00e9gro - location \u00e0 Ulcinj ,location  de bigorre,Albaniku,  Artana,  Bujanoci,  Burimi,  Dardana,  Dardan\u00eb,  De\u00e7an,  Dibra,  Drenas,  Drenasi,  Ferizaj,  Ferizaji,  Fush\u00eb Kosova,Besplatni internet oglasi,Besplatni oglasi,besplatni mali oglasi,besplatni turisti?ki oglasi,oglasi, usluge, turizam,Turisti?ke usluge,Doma?i turizam,Besplatni Oglasnik,Brzi Oglasi Besplatno,Besplatno OglasavanjeTurizam,besplatni oglasi sa slikom,Turisticki informator besplatni,li?ni-oglasi,BESPLATNI Turisticki OGLASI SA SLIKAMA,BESPLATNI Turisticki Oglasi saVideom,turisticki smestaj oglasi,Turisti?ki vodi? balkana,BESPLATNA REZERVACIJA SMESTAJA,Postavite besplatno Vas oglas,FREE TOURIST GUIDES,Izdavanje-Turizam oglasi,Balkan Turisticki vodic,shpallje turistike falas,Shpallje Falas,Shpallje falas per Komplekse Turistike,Lajmerime,Njoftime,shpallje shqip per shqiptaret ne shqiperi kosova maqedoni,mal te zi,Fush\u00eb Kosov\u00eb,  Gjakova,  Gjakov\u00eb,  Gjilan,  Gjilani,  Gostivari,  Istog,  Istog\u00b7,  Ka\u00e7anik,  Ka\u00e7aniku,  Kastrioti,  K\u00ebr\u00e7ova,  Klina,  Klin\u00eb,  Kumanova,  Leposaviq,  Leskovci,  Likova,  Lipjan,  Lipjani,  Malisheva,  Malishev\u00eb,  Manastiri,  Medvegja,  Mitrovica,  Mitrovic\u00eb,  Novob\u00ebrd\u00eb,  Obiliq\u00b7 Rahovec,  Ohri,  Peja,  Pej\u00eb,  Podujeva,  Podujev\u00eb,  Presheva,  Prishtina,  Prishtin\u00eb,  Prizren,  Prizreni,  Rahoveci,  Sharri,  Sharri (Kosov\u00eb),  Shkupi,  Sht\u00ebrpca,  Sht\u00ebrpc\u00eb,  Shtime,  Sk\u00ebnderaj,  Struga,  Tetova,  Theranda,  Therand\u00eb,  Triumf Riza,  Veleshta,  Viti,  Vitia,  Vushtrri,  Vushtrria,  Zubin Potok,  Zubin Potoku,  Zve\u00e7an,  Zve\u00e7ani,Struga,Gostivari,Gostivar,Ker\u00e7ova,Tirana,Durr\u00ebsi,Elbasani,Shkodra,Tuzi,Vlora, Kor\u00e7a,Fieri,Berati,Lushnja ,Kavaja,Pogradeci,La\u00e7i,Gjirokastra,Patosi,Kruja,Ku\u00e7ova,Kuk\u00ebsi,Lezha,Saranda,Peshkopia,Burreli,C\u00ebrriku,\u00c7orovoda,Shijaku,Librazhdi,Tepelena,Gramshi,Poli\u00e7ani,Bulqiza,P\u00ebrmeti,Fush\u00ebKruja,Kamza,Rr\u00ebsheni,Ballshi,Mamurrasi,BajramCurri,Erseka,Peqini,Divjaka,Selenica,Bilishti,Roskoveci,Puka,Memaliaj,Rrogozhina,Ura Vajgurore,Himara,Delvina,Vora,Kopliku,Maliqi,P\u00ebrrenjasi,Kruma, Libohova,Orikumi,Fush\u00eb-Arr\u00ebza,Sh\u00ebngjini,Rubiku,Miloti, Leskoviku,Konispoli,K\u00eblcyra,Krasta,K\u00ebrraba,Manastiri,Hara\u00e7ina,Likova,Prilepi,Zajazi,Vrap\u00e7ishti,Bogovin\u00eb,\" width=\"420\" height=\"120\" \/><\/a><\/p>\n","protected":false},"excerpt":{"rendered":"<p><img loading=\"lazy\" class=\"alignleft\" src=\"http:\/\/www.president-ksgov.net\/img\/images\/content\/news\/Sejdiu_Giffon_text.JPG\" alt=\"\" width=\"140\" height=\"140\" \/><\/p>\n","protected":false},"author":1,"featured_media":0,"comment_status":"open","ping_status":"closed","sticky":false,"template":"","format":"standard","meta":{"spay_email":"","jetpack_publicize_message":"","jetpack_is_tweetstorm":false,"jetpack_publicize_feature_enabled":true},"categories":[1,14,12],"tags":[4495,4496],"jetpack_publicize_connections":[],"yoast_head":"<!-- This site is optimized with the Yoast SEO plugin v19.1 - https:\/\/yoast.com\/wordpress\/plugins\/seo\/ -->\n<title>Pasaportat e Kosov\u00ebs njihen edhe nga Italia - Lajme nga Ulqini<\/title>\n<meta name=\"robots\" content=\"index, follow, max-snippet:-1, max-image-preview:large, max-video-preview:-1\" \/>\n<link rel=\"canonical\" href=\"https:\/\/www.visit-ulcinj.com\/blog\/2008\/09\/05\/pasaportat-e-kosoves-njihen-edhe-nga-italia\/\" \/>\n<meta property=\"og:locale\" content=\"en_US\" \/>\n<meta property=\"og:type\" content=\"article\" \/>\n<meta property=\"og:title\" content=\"Pasaportat e Kosov\u00ebs njihen edhe nga Italia - Lajme nga Ulqini\" \/>\n<meta property=\"og:url\" content=\"https:\/\/www.visit-ulcinj.com\/blog\/2008\/09\/05\/pasaportat-e-kosoves-njihen-edhe-nga-italia\/\" \/>\n<meta property=\"og:site_name\" content=\"Lajme nga Ulqini\" \/>\n<meta property=\"article:published_time\" content=\"2008-09-05T20:42:48+00:00\" \/>\n<meta property=\"article:modified_time\" content=\"2008-09-06T13:10:50+00:00\" \/>\n<meta property=\"og:image\" content=\"http:\/\/www.president-ksgov.net\/img\/images\/content\/news\/Sejdiu_Giffon_text.JPG\" \/>\n<meta name=\"twitter:label1\" content=\"Written by\" \/>\n\t<meta name=\"twitter:data1\" content=\"ulqini\" \/>\n\t<meta name=\"twitter:label2\" content=\"Est. reading time\" \/>\n\t<meta name=\"twitter:data2\" content=\"2 minutes\" \/>\n<script type=\"application\/ld+json\" class=\"yoast-schema-graph\">{\"@context\":\"https:\/\/schema.org\",\"@graph\":[{\"@type\":\"WebSite\",\"@id\":\"https:\/\/www.visit-ulcinj.com\/blog\/#website\",\"url\":\"https:\/\/www.visit-ulcinj.com\/blog\/\",\"name\":\"Lajme nga Ulqini\",\"description\":\"Lajme,Vijesti,Ulqini,Ulqin,Crna Gora,Mali i Zi\",\"potentialAction\":[{\"@type\":\"SearchAction\",\"target\":{\"@type\":\"EntryPoint\",\"urlTemplate\":\"https:\/\/www.visit-ulcinj.com\/blog\/?s={search_term_string}\"},\"query-input\":\"required name=search_term_string\"}],\"inLanguage\":\"en-US\"},{\"@type\":\"ImageObject\",\"inLanguage\":\"en-US\",\"@id\":\"https:\/\/www.visit-ulcinj.com\/blog\/2008\/09\/05\/pasaportat-e-kosoves-njihen-edhe-nga-italia\/#primaryimage\",\"url\":\"http:\/\/www.president-ksgov.net\/img\/images\/content\/news\/Sejdiu_Giffon_text.JPG\",\"contentUrl\":\"http:\/\/www.president-ksgov.net\/img\/images\/content\/news\/Sejdiu_Giffon_text.JPG\"},{\"@type\":\"WebPage\",\"@id\":\"https:\/\/www.visit-ulcinj.com\/blog\/2008\/09\/05\/pasaportat-e-kosoves-njihen-edhe-nga-italia\/#webpage\",\"url\":\"https:\/\/www.visit-ulcinj.com\/blog\/2008\/09\/05\/pasaportat-e-kosoves-njihen-edhe-nga-italia\/\",\"name\":\"Pasaportat e Kosov\u00ebs njihen edhe nga Italia - Lajme nga Ulqini\",\"isPartOf\":{\"@id\":\"https:\/\/www.visit-ulcinj.com\/blog\/#website\"},\"primaryImageOfPage\":{\"@id\":\"https:\/\/www.visit-ulcinj.com\/blog\/2008\/09\/05\/pasaportat-e-kosoves-njihen-edhe-nga-italia\/#primaryimage\"},\"datePublished\":\"2008-09-05T20:42:48+00:00\",\"dateModified\":\"2008-09-06T13:10:50+00:00\",\"author\":{\"@id\":\"https:\/\/www.visit-ulcinj.com\/blog\/#\/schema\/person\/dcab619c614d3038751c63bc2aadc06d\"},\"breadcrumb\":{\"@id\":\"https:\/\/www.visit-ulcinj.com\/blog\/2008\/09\/05\/pasaportat-e-kosoves-njihen-edhe-nga-italia\/#breadcrumb\"},\"inLanguage\":\"en-US\",\"potentialAction\":[{\"@type\":\"ReadAction\",\"target\":[\"https:\/\/www.visit-ulcinj.com\/blog\/2008\/09\/05\/pasaportat-e-kosoves-njihen-edhe-nga-italia\/\"]}]},{\"@type\":\"BreadcrumbList\",\"@id\":\"https:\/\/www.visit-ulcinj.com\/blog\/2008\/09\/05\/pasaportat-e-kosoves-njihen-edhe-nga-italia\/#breadcrumb\",\"itemListElement\":[{\"@type\":\"ListItem\",\"position\":1,\"name\":\"Pasaportat e Kosov\u00ebs njihen edhe nga Italia\"}]},{\"@type\":\"Person\",\"@id\":\"https:\/\/www.visit-ulcinj.com\/blog\/#\/schema\/person\/dcab619c614d3038751c63bc2aadc06d\",\"name\":\"ulqini\",\"sameAs\":[\"http:\/\/www.visit-ulcinj.com\"],\"url\":\"https:\/\/www.visit-ulcinj.com\/blog\/author\/admin\/\"}]}<\/script>\n<!-- \/ Yoast SEO plugin. -->","yoast_head_json":{"title":"Pasaportat e Kosov\u00ebs njihen edhe nga Italia - Lajme nga Ulqini","robots":{"index":"index","follow":"follow","max-snippet":"max-snippet:-1","max-image-preview":"max-image-preview:large","max-video-preview":"max-video-preview:-1"},"canonical":"https:\/\/www.visit-ulcinj.com\/blog\/2008\/09\/05\/pasaportat-e-kosoves-njihen-edhe-nga-italia\/","og_locale":"en_US","og_type":"article","og_title":"Pasaportat e Kosov\u00ebs njihen edhe nga Italia - Lajme nga Ulqini","og_url":"https:\/\/www.visit-ulcinj.com\/blog\/2008\/09\/05\/pasaportat-e-kosoves-njihen-edhe-nga-italia\/","og_site_name":"Lajme nga Ulqini","article_published_time":"2008-09-05T20:42:48+00:00","article_modified_time":"2008-09-06T13:10:50+00:00","og_image":[{"url":"http:\/\/www.president-ksgov.net\/img\/images\/content\/news\/Sejdiu_Giffon_text.JPG"}],"twitter_misc":{"Written by":"ulqini","Est. reading time":"2 minutes"},"schema":{"@context":"https:\/\/schema.org","@graph":[{"@type":"WebSite","@id":"https:\/\/www.visit-ulcinj.com\/blog\/#website","url":"https:\/\/www.visit-ulcinj.com\/blog\/","name":"Lajme nga Ulqini","description":"Lajme,Vijesti,Ulqini,Ulqin,Crna Gora,Mali i Zi","potentialAction":[{"@type":"SearchAction","target":{"@type":"EntryPoint","urlTemplate":"https:\/\/www.visit-ulcinj.com\/blog\/?s={search_term_string}"},"query-input":"required name=search_term_string"}],"inLanguage":"en-US"},{"@type":"ImageObject","inLanguage":"en-US","@id":"https:\/\/www.visit-ulcinj.com\/blog\/2008\/09\/05\/pasaportat-e-kosoves-njihen-edhe-nga-italia\/#primaryimage","url":"http:\/\/www.president-ksgov.net\/img\/images\/content\/news\/Sejdiu_Giffon_text.JPG","contentUrl":"http:\/\/www.president-ksgov.net\/img\/images\/content\/news\/Sejdiu_Giffon_text.JPG"},{"@type":"WebPage","@id":"https:\/\/www.visit-ulcinj.com\/blog\/2008\/09\/05\/pasaportat-e-kosoves-njihen-edhe-nga-italia\/#webpage","url":"https:\/\/www.visit-ulcinj.com\/blog\/2008\/09\/05\/pasaportat-e-kosoves-njihen-edhe-nga-italia\/","name":"Pasaportat e Kosov\u00ebs njihen edhe nga Italia - Lajme nga Ulqini","isPartOf":{"@id":"https:\/\/www.visit-ulcinj.com\/blog\/#website"},"primaryImageOfPage":{"@id":"https:\/\/www.visit-ulcinj.com\/blog\/2008\/09\/05\/pasaportat-e-kosoves-njihen-edhe-nga-italia\/#primaryimage"},"datePublished":"2008-09-05T20:42:48+00:00","dateModified":"2008-09-06T13:10:50+00:00","author":{"@id":"https:\/\/www.visit-ulcinj.com\/blog\/#\/schema\/person\/dcab619c614d3038751c63bc2aadc06d"},"breadcrumb":{"@id":"https:\/\/www.visit-ulcinj.com\/blog\/2008\/09\/05\/pasaportat-e-kosoves-njihen-edhe-nga-italia\/#breadcrumb"},"inLanguage":"en-US","potentialAction":[{"@type":"ReadAction","target":["https:\/\/www.visit-ulcinj.com\/blog\/2008\/09\/05\/pasaportat-e-kosoves-njihen-edhe-nga-italia\/"]}]},{"@type":"BreadcrumbList","@id":"https:\/\/www.visit-ulcinj.com\/blog\/2008\/09\/05\/pasaportat-e-kosoves-njihen-edhe-nga-italia\/#breadcrumb","itemListElement":[{"@type":"ListItem","position":1,"name":"Pasaportat e Kosov\u00ebs njihen edhe nga Italia"}]},{"@type":"Person","@id":"https:\/\/www.visit-ulcinj.com\/blog\/#\/schema\/person\/dcab619c614d3038751c63bc2aadc06d","name":"ulqini","sameAs":["http:\/\/www.visit-ulcinj.com"],"url":"https:\/\/www.visit-ulcinj.com\/blog\/author\/admin\/"}]}},"jetpack_featured_media_url":"","jetpack_sharing_enabled":true,"jetpack_shortlink":"https:\/\/wp.me\/pe6lTn-MC","_links":{"self":[{"href":"https:\/\/www.visit-ulcinj.com\/blog\/wp-json\/wp\/v2\/posts\/3014"}],"collection":[{"href":"https:\/\/www.visit-ulcinj.com\/blog\/wp-json\/wp\/v2\/posts"}],"about":[{"href":"https:\/\/www.visit-ulcinj.com\/blog\/wp-json\/wp\/v2\/types\/post"}],"author":[{"embeddable":true,"href":"https:\/\/www.visit-ulcinj.com\/blog\/wp-json\/wp\/v2\/users\/1"}],"replies":[{"embeddable":true,"href":"https:\/\/www.visit-ulcinj.com\/blog\/wp-json\/wp\/v2\/comments?post=3014"}],"version-history":[{"count":0,"href":"https:\/\/www.visit-ulcinj.com\/blog\/wp-json\/wp\/v2\/posts\/3014\/revisions"}],"wp:attachment":[{"href":"https:\/\/www.visit-ulcinj.com\/blog\/wp-json\/wp\/v2\/media?parent=3014"}],"wp:term":[{"taxonomy":"category","embeddable":true,"href":"https:\/\/www.visit-ulcinj.com\/blog\/wp-json\/wp\/v2\/categories?post=3014"},{"taxonomy":"post_tag","embeddable":true,"href":"https:\/\/www.visit-ulcinj.com\/blog\/wp-json\/wp\/v2\/tags?post=3014"}],"curies":[{"name":"wp","href":"https:\/\/api.w.org\/{rel}","templated":true}]}}