{"id":30151,"date":"2010-02-07T20:45:13","date_gmt":"2010-02-07T18:45:13","guid":{"rendered":"http:\/\/www.visit-ulcinj.com\/blog\/?p=30151"},"modified":"2010-02-10T19:21:40","modified_gmt":"2010-02-10T17:21:40","slug":"dusan-hajdukovic-optuzuje-lokalnu-vlast-i-predsjednika-opstine-da-vrse-nacionalnu-diskriminaciju","status":"publish","type":"post","link":"https:\/\/www.visit-ulcinj.com\/blog\/2010\/02\/07\/dusan-hajdukovic-optuzuje-lokalnu-vlast-i-predsjednika-opstine-da-vrse-nacionalnu-diskriminaciju\/","title":{"rendered":"Du\u0161an Hajdukovi? optu\u017euje lokalnu vlast i predsjednika op\u0161tine da vr\u0161e nacionalnu diskriminaciju &#8211; Video"},"content":{"rendered":"<p><strong><a href=\"http:\/\/www.visit-ulcinj.com\/blog\/wp-content\/uploads\/2010\/02\/Du\u0161an-Hajdukovi?.jpg\"><img loading=\"lazy\" class=\"alignleft size-full wp-image-30152\" title=\"Du\u0161an Hajdukovi?\" src=\"http:\/\/www.visit-ulcinj.com\/blog\/wp-content\/uploads\/2010\/02\/Du\u0161an-Hajdukovi?.jpg\" alt=\"Du\u0161an Hajdukovi?\" width=\"359\" height=\"320\" \/><\/a>Samo pravoslavci ne mogu da grade<\/strong><\/p>\n<address><strong>Uzalud sam obijao op\u0161tinske pragove mole?i nadle\u017ene da mi produ\u017ee dozvolu za gradnju koju je jo\u0161 za \u017eivota dobio moj pokojni otac, dok su povla\u0161?eni pojedinci, partijski drugovi i \u201ezaslu\u017eni\u00a0 gra?ani bespravno gradili vi\u0161espratne ku?e i lokale .<\/strong><\/address>\n<p>Du\u0161an Hajdukovi? ponovo je optu\u017eio ulcinjsku vlast i predsjednika op\u0161tine Gzima Hajdinagu da su nedavnim ru\u0161enjem objekata na dijelu \u0161etali\u0161ta na Pristanu (Mala pla\u017ea) vr\u0161ili pritisak na pravoslavni \u017eivalj i izazvali nacionalnu diskriminaciju.<br \/>\n&#8211; Neka predsjednik op\u0161tine Gzim Hajdinaga objasni za\u0161to samo pravoslavcima, meni i mojim prvim kom\u0161ijama na Pristanu, nije dozvoljeno da gradimo vi\u0161e od jednog sprata, i za\u0161to je li?no intervenisao kod projektanata urbanisti?kog projekta, koji su u ovoj zoni prvobitno predvidjeli p+2 spratnost. Javnost mora znati da nedaleko od nas ima objekata sa ?etiri, ?ak i pet spratova i zna se u ?ijem su vlasni\u0161tvu &#8211; ka\u017ee Hajdukovi?.<br \/>\nU reagovanju povodom nedavnih tvrdnji kabineta predsjednika da je na sastanku sa prvim ?ovjekom op\u0161tine podr\u017eao akciju uklanjanja privremenih objekata i da su njegove optu\u017ebe o nacionalnoj diskriminaciji neistinite, Hajdukovi? ka\u017ee kako njegove optu\u017ebe nijesu izmi\u0161ljene.<br \/>\n\u2013 I te kako su osnovane jer op\u0161tinska vlast na ?elu sa predsjednikom op\u0161tine, ve? du\u017ee vrijeme vr\u0161i pritisak na moju porodicu, diskrimini\u0161e nas i ugro\u017eava nam osnovna ljudska prava. U obavezi sam prema mojim prijateljima i kumovima, ?asnim Albancima, da se ne bi na\u0161li prozvani u mojim izjavama o diskriminaciji na nacionalnoj osnovi, da objasnim kako se i za\u0161to osje?am gra?aninom drugog reda i za\u0161to sam ugro\u017een. Ne znam kako druga?ije tuma?iti uklanjanje objekta uprkos dokumentaciji koja nedvosmileno dokazuje da sam ja vlasnik predmetne parcele. Kako shvatiti izjavu predsjednika \u201e?uo sam da si dokazao vlasni\u0161tvo, ?estitam ti ali ipak ?u ti ru\u0161iti?. \u0160ta to treba da zna?i i kakav je to poruka najvi\u0161eg zvani?nika op\u0161tine? Zna?i li to da je on iznad zakona i da mo\u017ee da otima i ru\u0161i kada mu padne na pamet? Ja znam odgovor, a javnost neka procjeni \u0161ta je u pitanju &#8211; ka\u017ee Hajdukovi?.<br \/>\nIsti?e da je ta?no da je na sastanku sa predsjednikom op\u0161tine \u201ebio najglasniji?, kako je to saop\u0161tio njegov kabinet, te da se slo\u017eio sa uklanjanjem privremnih objekata.<br \/>\n&#8211; Jedini razlog mog odobravanja bio je to \u0161to su mi op\u0161tinari tvrdili da ?e uklanjati samo privremene objekte i to sa javnih povr\u0161ina. Kako sam nedavno kona?no potvrdio vlasni\u0161tvo nad tom povr\u0161inom od 50 kvadrata, koja je dio vlasni\u0161tva moje porodice jo\u0161 od 1922. godine, nijesam prihvatio da se sporna kvadratura tretira kao javna povr\u0161ina, niti da se ja tretiram kao uzurpator, jer to nijesam nikada bio, niti ?u biti &#8211; obja\u0161njava Hajdukovi?.<br \/>\nTvrdi da to nije jedina nesuglasica sa op\u0161tinskom vla\u0161?u, jer od 2002. godine bezuspje\u0161no poku\u0161ava da dobije odobrenje od za gradnju irekonstrukciju postoje?eg objekta na Pristanu.<br \/>\n&#8211; Uzalud sam obijao op\u0161tinske pragove mole?i nadle\u017ene da mi produ\u017ee dozvolu za gradnju, koju je jo\u0161 za \u017eivota dobio moj pokojni otac. Hajdinagina vlast mi to nije omogu?ila pozivaju?i se na nepostojanje urbanisti?kog plana, ali je, sa druge strane, upravo u mom kom\u0161iluku, tolerisala povla\u0161?enim pojedincima, partijskim drugovima i \u201ezaslu\u017enim gra?anima gradnju vi\u0161espratnih ku?a i lokala, iako su, op\u0161te je poznato, svi radili bespravno. Tako?e, jo\u0161 od 1993. godine poku\u0161avam da vratim vlasni\u0161tvo nad imovinom koja nam je 1960. godine oduzeta u blizini Solane. Prije 10 godina vra?eno mi je oko 9.100 kvadrata, dok dio od 12.000 kvadrata, na kome se nalazi klanica Javne veterinarske ustanove, jo\u0161 uvijek nije iako, tako?e, kao i na Pristanu, posjedujem svu potrebnu dokumentaciju. Svim biv\u0161im vlasnicima oko mene je vra?ena imovina osim meni. Eto to je su\u0161tina problema, i zato tvrdim da se vr\u0161i nacionalna diskriminacija u cilju progona moje porodice &#8211; ubije?en je Hajdukovi?.<br \/>\n<strong><br \/>\nPomogao Hajdinagi da do?e na vlast<\/strong><br \/>\nHajdukovi? tvrdi da je kao predsjednik OO SRS-a \u201ei te kako zaslu\u017ean \u0161to je 2006. godine Gzim Hajdinaga pobijedio na izborima za predsjednika op\u0161tine.<br \/>\nPrema njegovim rije?ima, upravo je on obezbijedio glasove pravoslavaca \u201ei upravo su ti glasovi presudili da Hajdinaga pobijedi protivkandidata Nazifa Cungua.<br \/>\n&#8211; Sad javno priznajem da je moja gre\u0161ka \u0161to sam ga kao starosjedioca smatrao ?asnim i po\u0161tenim ?ovjekom, demokratom koji ?e raditi u interesu grada i svih gra?ana, bez obzira kako se ko nacionalno izja\u0161njava. Za sve \u0161to tvrdim imam dokumentaciju, kao i za jo\u0161 neke rabote koje predsjedniku ne idu u prilog, te mu je bolje da me ne proziva previ\u0161e &#8211; ka\u017ee Hajdukovi?.<\/p>\n<p><a href=\"http:\/\/www.dan.co.me\/?nivo=3&amp;rubrika=Regioni&amp;clanak=218346&amp;datum=2010-02-05\" target=\"_blank\"><strong>Izvor: DAN<\/strong><\/a><\/p>\n<p><strong>VIDEO TV TEUTA ULCINJ<\/strong><\/p>\n<!--YouTube Error: bad URL entered-->\n","protected":false},"excerpt":{"rendered":"<p>Samo pravoslavci ne mogu da grade Uzalud sam obijao op\u0161tinske pragove mole?i nadle\u017ene da mi produ\u017ee dozvolu za gradnju koju je jo\u0161 za \u017eivota dobio moj pokojni otac, dok su povla\u0161?eni pojedinci, partijski drugovi i \u201ezaslu\u017eni\u00a0 gra?ani bespravno gradili vi\u0161espratne ku?e i lokale . Du\u0161an Hajdukovi? ponovo je optu\u017eio ulcinjsku vlast i predsjednika op\u0161tine Gzima [&hellip;]<\/p>\n","protected":false},"author":1,"featured_media":0,"comment_status":"open","ping_status":"closed","sticky":false,"template":"","format":"standard","meta":{"spay_email":"","jetpack_publicize_message":"","jetpack_is_tweetstorm":false,"jetpack_publicize_feature_enabled":true},"categories":[8337],"tags":[13491,87,13453,13484,11758,13493,13492,2394,19],"jetpack_publicize_connections":[],"yoast_head":"<!-- This site is optimized with the Yoast SEO plugin v19.1 - https:\/\/yoast.com\/wordpress\/plugins\/seo\/ -->\n<title>Du\u0161an Hajdukovi? optu\u017euje lokalnu vlast i predsjednika op\u0161tine da vr\u0161e nacionalnu diskriminaciju - Video - Lajme nga Ulqini<\/title>\n<meta name=\"description\" content=\"Samo pravoslavci ne mogu da grade Uzalud sam obijao op\u0161tinske pragove mole?i nadle\u017ene da mi produ\u017ee dozvolu za gradnju koju je jo\u0161 za \u017eivota dobio moj\" \/>\n<meta name=\"robots\" content=\"index, follow, max-snippet:-1, max-image-preview:large, max-video-preview:-1\" \/>\n<link rel=\"canonical\" href=\"https:\/\/www.visit-ulcinj.com\/blog\/2010\/02\/07\/dusan-hajdukovic-optuzuje-lokalnu-vlast-i-predsjednika-opstine-da-vrse-nacionalnu-diskriminaciju\/\" \/>\n<meta property=\"og:locale\" content=\"en_US\" \/>\n<meta property=\"og:type\" content=\"article\" \/>\n<meta property=\"og:title\" content=\"Du\u0161an Hajdukovi? optu\u017euje lokalnu vlast i predsjednika op\u0161tine da vr\u0161e nacionalnu diskriminaciju - Video - Lajme nga Ulqini\" \/>\n<meta property=\"og:description\" content=\"Samo pravoslavci ne mogu da grade Uzalud sam obijao op\u0161tinske pragove mole?i nadle\u017ene da mi produ\u017ee dozvolu za gradnju koju je jo\u0161 za \u017eivota dobio moj\" \/>\n<meta property=\"og:url\" content=\"https:\/\/www.visit-ulcinj.com\/blog\/2010\/02\/07\/dusan-hajdukovic-optuzuje-lokalnu-vlast-i-predsjednika-opstine-da-vrse-nacionalnu-diskriminaciju\/\" \/>\n<meta property=\"og:site_name\" content=\"Lajme nga Ulqini\" \/>\n<meta property=\"article:published_time\" content=\"2010-02-07T18:45:13+00:00\" \/>\n<meta property=\"article:modified_time\" content=\"2010-02-10T17:21:40+00:00\" \/>\n<meta name=\"twitter:label1\" content=\"Written by\" \/>\n\t<meta name=\"twitter:data1\" content=\"ulqini\" \/>\n\t<meta name=\"twitter:label2\" content=\"Est. reading time\" \/>\n\t<meta name=\"twitter:data2\" content=\"4 minutes\" \/>\n<script type=\"application\/ld+json\" class=\"yoast-schema-graph\">{\"@context\":\"https:\/\/schema.org\",\"@graph\":[{\"@type\":\"WebSite\",\"@id\":\"https:\/\/www.visit-ulcinj.com\/blog\/#website\",\"url\":\"https:\/\/www.visit-ulcinj.com\/blog\/\",\"name\":\"Lajme nga Ulqini\",\"description\":\"Lajme,Vijesti,Ulqini,Ulqin,Crna Gora,Mali i Zi\",\"potentialAction\":[{\"@type\":\"SearchAction\",\"target\":{\"@type\":\"EntryPoint\",\"urlTemplate\":\"https:\/\/www.visit-ulcinj.com\/blog\/?s={search_term_string}\"},\"query-input\":\"required name=search_term_string\"}],\"inLanguage\":\"en-US\"},{\"@type\":\"WebPage\",\"@id\":\"https:\/\/www.visit-ulcinj.com\/blog\/2010\/02\/07\/dusan-hajdukovic-optuzuje-lokalnu-vlast-i-predsjednika-opstine-da-vrse-nacionalnu-diskriminaciju\/#webpage\",\"url\":\"https:\/\/www.visit-ulcinj.com\/blog\/2010\/02\/07\/dusan-hajdukovic-optuzuje-lokalnu-vlast-i-predsjednika-opstine-da-vrse-nacionalnu-diskriminaciju\/\",\"name\":\"Du\u0161an Hajdukovi? optu\u017euje lokalnu vlast i predsjednika op\u0161tine da vr\u0161e nacionalnu diskriminaciju - Video - Lajme nga Ulqini\",\"isPartOf\":{\"@id\":\"https:\/\/www.visit-ulcinj.com\/blog\/#website\"},\"datePublished\":\"2010-02-07T18:45:13+00:00\",\"dateModified\":\"2010-02-10T17:21:40+00:00\",\"author\":{\"@id\":\"https:\/\/www.visit-ulcinj.com\/blog\/#\/schema\/person\/dcab619c614d3038751c63bc2aadc06d\"},\"description\":\"Samo pravoslavci ne mogu da grade Uzalud sam obijao op\u0161tinske pragove mole?i nadle\u017ene da mi produ\u017ee dozvolu za gradnju koju je jo\u0161 za \u017eivota dobio moj\",\"breadcrumb\":{\"@id\":\"https:\/\/www.visit-ulcinj.com\/blog\/2010\/02\/07\/dusan-hajdukovic-optuzuje-lokalnu-vlast-i-predsjednika-opstine-da-vrse-nacionalnu-diskriminaciju\/#breadcrumb\"},\"inLanguage\":\"en-US\",\"potentialAction\":[{\"@type\":\"ReadAction\",\"target\":[\"https:\/\/www.visit-ulcinj.com\/blog\/2010\/02\/07\/dusan-hajdukovic-optuzuje-lokalnu-vlast-i-predsjednika-opstine-da-vrse-nacionalnu-diskriminaciju\/\"]}]},{\"@type\":\"BreadcrumbList\",\"@id\":\"https:\/\/www.visit-ulcinj.com\/blog\/2010\/02\/07\/dusan-hajdukovic-optuzuje-lokalnu-vlast-i-predsjednika-opstine-da-vrse-nacionalnu-diskriminaciju\/#breadcrumb\",\"itemListElement\":[{\"@type\":\"ListItem\",\"position\":1,\"name\":\"Du\u0161an Hajdukovi? optu\u017euje lokalnu vlast i predsjednika op\u0161tine da vr\u0161e nacionalnu diskriminaciju &#8211; Video\"}]},{\"@type\":\"Person\",\"@id\":\"https:\/\/www.visit-ulcinj.com\/blog\/#\/schema\/person\/dcab619c614d3038751c63bc2aadc06d\",\"name\":\"ulqini\",\"sameAs\":[\"http:\/\/www.visit-ulcinj.com\"],\"url\":\"https:\/\/www.visit-ulcinj.com\/blog\/author\/admin\/\"}]}<\/script>\n<!-- \/ Yoast SEO plugin. -->","yoast_head_json":{"title":"Du\u0161an Hajdukovi? optu\u017euje lokalnu vlast i predsjednika op\u0161tine da vr\u0161e nacionalnu diskriminaciju - Video - Lajme nga Ulqini","description":"Samo pravoslavci ne mogu da grade Uzalud sam obijao op\u0161tinske pragove mole?i nadle\u017ene da mi produ\u017ee dozvolu za gradnju koju je jo\u0161 za \u017eivota dobio moj","robots":{"index":"index","follow":"follow","max-snippet":"max-snippet:-1","max-image-preview":"max-image-preview:large","max-video-preview":"max-video-preview:-1"},"canonical":"https:\/\/www.visit-ulcinj.com\/blog\/2010\/02\/07\/dusan-hajdukovic-optuzuje-lokalnu-vlast-i-predsjednika-opstine-da-vrse-nacionalnu-diskriminaciju\/","og_locale":"en_US","og_type":"article","og_title":"Du\u0161an Hajdukovi? optu\u017euje lokalnu vlast i predsjednika op\u0161tine da vr\u0161e nacionalnu diskriminaciju - Video - Lajme nga Ulqini","og_description":"Samo pravoslavci ne mogu da grade Uzalud sam obijao op\u0161tinske pragove mole?i nadle\u017ene da mi produ\u017ee dozvolu za gradnju koju je jo\u0161 za \u017eivota dobio moj","og_url":"https:\/\/www.visit-ulcinj.com\/blog\/2010\/02\/07\/dusan-hajdukovic-optuzuje-lokalnu-vlast-i-predsjednika-opstine-da-vrse-nacionalnu-diskriminaciju\/","og_site_name":"Lajme nga Ulqini","article_published_time":"2010-02-07T18:45:13+00:00","article_modified_time":"2010-02-10T17:21:40+00:00","twitter_misc":{"Written by":"ulqini","Est. reading time":"4 minutes"},"schema":{"@context":"https:\/\/schema.org","@graph":[{"@type":"WebSite","@id":"https:\/\/www.visit-ulcinj.com\/blog\/#website","url":"https:\/\/www.visit-ulcinj.com\/blog\/","name":"Lajme nga Ulqini","description":"Lajme,Vijesti,Ulqini,Ulqin,Crna Gora,Mali i Zi","potentialAction":[{"@type":"SearchAction","target":{"@type":"EntryPoint","urlTemplate":"https:\/\/www.visit-ulcinj.com\/blog\/?s={search_term_string}"},"query-input":"required name=search_term_string"}],"inLanguage":"en-US"},{"@type":"WebPage","@id":"https:\/\/www.visit-ulcinj.com\/blog\/2010\/02\/07\/dusan-hajdukovic-optuzuje-lokalnu-vlast-i-predsjednika-opstine-da-vrse-nacionalnu-diskriminaciju\/#webpage","url":"https:\/\/www.visit-ulcinj.com\/blog\/2010\/02\/07\/dusan-hajdukovic-optuzuje-lokalnu-vlast-i-predsjednika-opstine-da-vrse-nacionalnu-diskriminaciju\/","name":"Du\u0161an Hajdukovi? optu\u017euje lokalnu vlast i predsjednika op\u0161tine da vr\u0161e nacionalnu diskriminaciju - Video - Lajme nga Ulqini","isPartOf":{"@id":"https:\/\/www.visit-ulcinj.com\/blog\/#website"},"datePublished":"2010-02-07T18:45:13+00:00","dateModified":"2010-02-10T17:21:40+00:00","author":{"@id":"https:\/\/www.visit-ulcinj.com\/blog\/#\/schema\/person\/dcab619c614d3038751c63bc2aadc06d"},"description":"Samo pravoslavci ne mogu da grade Uzalud sam obijao op\u0161tinske pragove mole?i nadle\u017ene da mi produ\u017ee dozvolu za gradnju koju je jo\u0161 za \u017eivota dobio moj","breadcrumb":{"@id":"https:\/\/www.visit-ulcinj.com\/blog\/2010\/02\/07\/dusan-hajdukovic-optuzuje-lokalnu-vlast-i-predsjednika-opstine-da-vrse-nacionalnu-diskriminaciju\/#breadcrumb"},"inLanguage":"en-US","potentialAction":[{"@type":"ReadAction","target":["https:\/\/www.visit-ulcinj.com\/blog\/2010\/02\/07\/dusan-hajdukovic-optuzuje-lokalnu-vlast-i-predsjednika-opstine-da-vrse-nacionalnu-diskriminaciju\/"]}]},{"@type":"BreadcrumbList","@id":"https:\/\/www.visit-ulcinj.com\/blog\/2010\/02\/07\/dusan-hajdukovic-optuzuje-lokalnu-vlast-i-predsjednika-opstine-da-vrse-nacionalnu-diskriminaciju\/#breadcrumb","itemListElement":[{"@type":"ListItem","position":1,"name":"Du\u0161an Hajdukovi? optu\u017euje lokalnu vlast i predsjednika op\u0161tine da vr\u0161e nacionalnu diskriminaciju &#8211; Video"}]},{"@type":"Person","@id":"https:\/\/www.visit-ulcinj.com\/blog\/#\/schema\/person\/dcab619c614d3038751c63bc2aadc06d","name":"ulqini","sameAs":["http:\/\/www.visit-ulcinj.com"],"url":"https:\/\/www.visit-ulcinj.com\/blog\/author\/admin\/"}]}},"jetpack_featured_media_url":"","jetpack_sharing_enabled":true,"jetpack_shortlink":"https:\/\/wp.me\/pe6lTn-7Qj","_links":{"self":[{"href":"https:\/\/www.visit-ulcinj.com\/blog\/wp-json\/wp\/v2\/posts\/30151"}],"collection":[{"href":"https:\/\/www.visit-ulcinj.com\/blog\/wp-json\/wp\/v2\/posts"}],"about":[{"href":"https:\/\/www.visit-ulcinj.com\/blog\/wp-json\/wp\/v2\/types\/post"}],"author":[{"embeddable":true,"href":"https:\/\/www.visit-ulcinj.com\/blog\/wp-json\/wp\/v2\/users\/1"}],"replies":[{"embeddable":true,"href":"https:\/\/www.visit-ulcinj.com\/blog\/wp-json\/wp\/v2\/comments?post=30151"}],"version-history":[{"count":0,"href":"https:\/\/www.visit-ulcinj.com\/blog\/wp-json\/wp\/v2\/posts\/30151\/revisions"}],"wp:attachment":[{"href":"https:\/\/www.visit-ulcinj.com\/blog\/wp-json\/wp\/v2\/media?parent=30151"}],"wp:term":[{"taxonomy":"category","embeddable":true,"href":"https:\/\/www.visit-ulcinj.com\/blog\/wp-json\/wp\/v2\/categories?post=30151"},{"taxonomy":"post_tag","embeddable":true,"href":"https:\/\/www.visit-ulcinj.com\/blog\/wp-json\/wp\/v2\/tags?post=30151"}],"curies":[{"name":"wp","href":"https:\/\/api.w.org\/{rel}","templated":true}]}}