{"id":30158,"date":"2010-02-07T21:19:32","date_gmt":"2010-02-07T19:19:32","guid":{"rendered":"http:\/\/www.visit-ulcinj.com\/blog\/?p=30158"},"modified":"2010-02-07T21:19:51","modified_gmt":"2010-02-07T19:19:51","slug":"hajdukovic-najvise-steti-sebi-video","status":"publish","type":"post","link":"https:\/\/www.visit-ulcinj.com\/blog\/2010\/02\/07\/hajdukovic-najvise-steti-sebi-video\/","title":{"rendered":"Hajdukovi? najvi\u0161e \u0161teti sebi &#8211; Video"},"content":{"rendered":"<p><a href=\"http:\/\/www.visit-ulcinj.com\/blog\/wp-content\/uploads\/2010\/02\/Predsjednika-op\u0161tine-Ulcinj-Gzima-Hajdinage-reagovao-je-na-izjave-Du\u0161ana-Hajdukovi?a.jpg\"><img loading=\"lazy\" class=\"alignleft size-full wp-image-30159\" title=\"Predsjednika op\u0161tine Ulcinj Gzima Hajdinage reagovao je na izjave Du\u0161ana Hajdukovi?a\" src=\"http:\/\/www.visit-ulcinj.com\/blog\/wp-content\/uploads\/2010\/02\/Predsjednika-op\u0161tine-Ulcinj-Gzima-Hajdinage-reagovao-je-na-izjave-Du\u0161ana-Hajdukovi?a.jpg\" alt=\"Predsjednika op\u0161tine Ulcinj Gzima Hajdinage reagovao je na izjave Du\u0161ana Hajdukovi?a\" width=\"580\" height=\"347\" \/><\/a>ULCINj &#8211; Kabinet predsjednika op\u0161tine Ulcinj Gzima Hajdinage reagovao je na izjave Du\u0161ana Hajdukovi?a navedene u tekstu objavljenom u &#8220;Danu&#8221; 5. februra 2010. godine pod naslovom &#8220;Samo pravoslavci ne mogu da grade&#8221;.<br \/>\nU reagovanju je nazna?eno da kabinet predsjednika op\u0161tine izjave Hajdukovi?a odbacuje kao neistinite i nagla\u0161ava da zavr\u0161ava svaku dalju polemiku na temu &#8220;navodne ugro\u017eenosti prava Srba u Ulcinju.&#8221;<br \/>\n&#8211; Lokalna samouprava postoji zbog svojih gra?ana koje servisira jednako bez obzira na nacionalnu, vjersku, rasnu, politi?ku ili bilo koju drugu pripadnost. Sa najve?im prezirom odbacujemo tvrdnje gospodina Hajdukovi?a da je kod nedavne akcije uklanjanja privremenih objekata na Pristanu primjenjivan princip nacionalne diskriminacije i da je vr\u0161en navodni pritisak na ulcinjske Srbe da se isele. U poku\u0161aju da se prika\u017ee kao \u017ertva u borbi &#8220;dobra i zla&#8221;, u kojoj on navodno predstvalja dobro, gospodin Hajdukovi? najvi\u0161e \u0161teti upravo sebi. Veliki broj Ulcinjana ovih dana sa zgra\u017eavanjem i nevjericom ?ita tekstove svog sugra?anina u kojima on ka\u017ee da se u gradu vr\u0161i sistemski pritisak na njega i njegovu porodicu zbog toga \u0161to nije Albanac. Gospodin Hajdukovi? ovakvim izjavama najvi\u0161e vrije?a svoje kom\u0161ije, prijatelje i sugra?ane &#8211; nazna?eno je u reagovanju u kom se dodaje da kabinet predsjednika op\u0161tine Ulcinj smatra da je &#8220;maratonsko prepucavanje sa gospodinom Hajdukovi?em zapravo gubljenje vremena&#8221;.<br \/>\n&#8211; Redakciji &#8220;Dana&#8221; dostavljamo zajedni?ku izjavu vlasnika privremenih objekata potpisanu dana 29.5.2009. godine, koju je upravo prvi potpisao gospodin Hajdukovi?. Svako dobronamjeran primjeti?e da je velika ve?ina osoba albanske nacionalnosti \u0161to na eksplicitan na?in odbacuje navodnu ugro\u017eenost gospodina Hajdukovi?a. Dostavljamo i snimak zajedni?kog sastanka predsjednika Gzima Hajdinage i vlasnika privremenih objekata odr\u017eanog istog dana, na kome gospodin Hajdukovi? ne izgleda nimalo ugro\u017eeno, ve? naprotiv veoma konstruktivno hvali predsjednika i ubje?uje ostale da je on u pravu. Ovim zavr\u0161avamo polemiku sa gospodinom Hajdukovi?em i ubudu?e ne?emo odgovarati na njegove optu\u017ebe &#8211; zaklju?ak je reagovanja.<br \/>\n<strong><br \/>\nM.K.<br \/>\n<a href=\"http:\/\/www.dan.co.me\/?nivo=3&amp;rubrika=Regioni&amp;datum=2010-02-06&amp;clanak=218423\" target=\"_blank\">Izvor: DAN<br \/>\n<\/a><\/strong><!--YouTube Error: bad URL entered--><\/p>\n","protected":false},"excerpt":{"rendered":"<p>ULCINj &#8211; Kabinet predsjednika op\u0161tine Ulcinj Gzima Hajdinage reagovao je na izjave Du\u0161ana Hajdukovi?a navedene u tekstu objavljenom u &#8220;Danu&#8221; 5. februra 2010. godine pod naslovom &#8220;Samo pravoslavci ne mogu da grade&#8221;. U reagovanju je nazna?eno da kabinet predsjednika op\u0161tine izjave Hajdukovi?a odbacuje kao neistinite i nagla\u0161ava da zavr\u0161ava svaku dalju polemiku na temu &#8220;navodne [&hellip;]<\/p>\n","protected":false},"author":1,"featured_media":0,"comment_status":"open","ping_status":"closed","sticky":false,"template":"","format":"standard","meta":{"spay_email":"","jetpack_publicize_message":"","jetpack_is_tweetstorm":false,"jetpack_publicize_feature_enabled":true},"categories":[8337],"tags":[13453,13484,13485,19],"jetpack_publicize_connections":[],"yoast_head":"<!-- This site is optimized with the Yoast SEO plugin v19.1 - https:\/\/yoast.com\/wordpress\/plugins\/seo\/ -->\n<title>Hajdukovi? najvi\u0161e \u0161teti sebi - Video - Lajme nga Ulqini<\/title>\n<meta name=\"description\" content=\"ULCINj - Kabinet predsjednika op\u0161tine Ulcinj Gzima Hajdinage reagovao je na izjave Du\u0161ana Hajdukovi?a navedene u tekstu objavljenom u &quot;Danu&quot; 5. februra\" \/>\n<meta name=\"robots\" content=\"index, follow, max-snippet:-1, max-image-preview:large, max-video-preview:-1\" \/>\n<link rel=\"canonical\" href=\"https:\/\/www.visit-ulcinj.com\/blog\/2010\/02\/07\/hajdukovic-najvise-steti-sebi-video\/\" \/>\n<meta property=\"og:locale\" content=\"en_US\" \/>\n<meta property=\"og:type\" content=\"article\" \/>\n<meta property=\"og:title\" content=\"Hajdukovi? najvi\u0161e \u0161teti sebi - Video - Lajme nga Ulqini\" \/>\n<meta property=\"og:description\" content=\"ULCINj - Kabinet predsjednika op\u0161tine Ulcinj Gzima Hajdinage reagovao je na izjave Du\u0161ana Hajdukovi?a navedene u tekstu objavljenom u &quot;Danu&quot; 5. februra\" \/>\n<meta property=\"og:url\" content=\"https:\/\/www.visit-ulcinj.com\/blog\/2010\/02\/07\/hajdukovic-najvise-steti-sebi-video\/\" \/>\n<meta property=\"og:site_name\" content=\"Lajme nga Ulqini\" \/>\n<meta property=\"article:published_time\" content=\"2010-02-07T19:19:32+00:00\" \/>\n<meta property=\"article:modified_time\" content=\"2010-02-07T19:19:51+00:00\" \/>\n<meta name=\"twitter:label1\" content=\"Written by\" \/>\n\t<meta name=\"twitter:data1\" content=\"ulqini\" \/>\n\t<meta name=\"twitter:label2\" content=\"Est. reading time\" \/>\n\t<meta name=\"twitter:data2\" content=\"2 minutes\" \/>\n<script type=\"application\/ld+json\" class=\"yoast-schema-graph\">{\"@context\":\"https:\/\/schema.org\",\"@graph\":[{\"@type\":\"WebSite\",\"@id\":\"https:\/\/www.visit-ulcinj.com\/blog\/#website\",\"url\":\"https:\/\/www.visit-ulcinj.com\/blog\/\",\"name\":\"Lajme nga Ulqini\",\"description\":\"Lajme,Vijesti,Ulqini,Ulqin,Crna Gora,Mali i Zi\",\"potentialAction\":[{\"@type\":\"SearchAction\",\"target\":{\"@type\":\"EntryPoint\",\"urlTemplate\":\"https:\/\/www.visit-ulcinj.com\/blog\/?s={search_term_string}\"},\"query-input\":\"required name=search_term_string\"}],\"inLanguage\":\"en-US\"},{\"@type\":\"WebPage\",\"@id\":\"https:\/\/www.visit-ulcinj.com\/blog\/2010\/02\/07\/hajdukovic-najvise-steti-sebi-video\/#webpage\",\"url\":\"https:\/\/www.visit-ulcinj.com\/blog\/2010\/02\/07\/hajdukovic-najvise-steti-sebi-video\/\",\"name\":\"Hajdukovi? najvi\u0161e \u0161teti sebi - Video - Lajme nga Ulqini\",\"isPartOf\":{\"@id\":\"https:\/\/www.visit-ulcinj.com\/blog\/#website\"},\"datePublished\":\"2010-02-07T19:19:32+00:00\",\"dateModified\":\"2010-02-07T19:19:51+00:00\",\"author\":{\"@id\":\"https:\/\/www.visit-ulcinj.com\/blog\/#\/schema\/person\/dcab619c614d3038751c63bc2aadc06d\"},\"description\":\"ULCINj - Kabinet predsjednika op\u0161tine Ulcinj Gzima Hajdinage reagovao je na izjave Du\u0161ana Hajdukovi?a navedene u tekstu objavljenom u \\\"Danu\\\" 5. februra\",\"breadcrumb\":{\"@id\":\"https:\/\/www.visit-ulcinj.com\/blog\/2010\/02\/07\/hajdukovic-najvise-steti-sebi-video\/#breadcrumb\"},\"inLanguage\":\"en-US\",\"potentialAction\":[{\"@type\":\"ReadAction\",\"target\":[\"https:\/\/www.visit-ulcinj.com\/blog\/2010\/02\/07\/hajdukovic-najvise-steti-sebi-video\/\"]}]},{\"@type\":\"BreadcrumbList\",\"@id\":\"https:\/\/www.visit-ulcinj.com\/blog\/2010\/02\/07\/hajdukovic-najvise-steti-sebi-video\/#breadcrumb\",\"itemListElement\":[{\"@type\":\"ListItem\",\"position\":1,\"name\":\"Hajdukovi? najvi\u0161e \u0161teti sebi &#8211; Video\"}]},{\"@type\":\"Person\",\"@id\":\"https:\/\/www.visit-ulcinj.com\/blog\/#\/schema\/person\/dcab619c614d3038751c63bc2aadc06d\",\"name\":\"ulqini\",\"sameAs\":[\"http:\/\/www.visit-ulcinj.com\"],\"url\":\"https:\/\/www.visit-ulcinj.com\/blog\/author\/admin\/\"}]}<\/script>\n<!-- \/ Yoast SEO plugin. -->","yoast_head_json":{"title":"Hajdukovi? najvi\u0161e \u0161teti sebi - Video - Lajme nga Ulqini","description":"ULCINj - Kabinet predsjednika op\u0161tine Ulcinj Gzima Hajdinage reagovao je na izjave Du\u0161ana Hajdukovi?a navedene u tekstu objavljenom u \"Danu\" 5. februra","robots":{"index":"index","follow":"follow","max-snippet":"max-snippet:-1","max-image-preview":"max-image-preview:large","max-video-preview":"max-video-preview:-1"},"canonical":"https:\/\/www.visit-ulcinj.com\/blog\/2010\/02\/07\/hajdukovic-najvise-steti-sebi-video\/","og_locale":"en_US","og_type":"article","og_title":"Hajdukovi? najvi\u0161e \u0161teti sebi - Video - Lajme nga Ulqini","og_description":"ULCINj - Kabinet predsjednika op\u0161tine Ulcinj Gzima Hajdinage reagovao je na izjave Du\u0161ana Hajdukovi?a navedene u tekstu objavljenom u \"Danu\" 5. februra","og_url":"https:\/\/www.visit-ulcinj.com\/blog\/2010\/02\/07\/hajdukovic-najvise-steti-sebi-video\/","og_site_name":"Lajme nga Ulqini","article_published_time":"2010-02-07T19:19:32+00:00","article_modified_time":"2010-02-07T19:19:51+00:00","twitter_misc":{"Written by":"ulqini","Est. reading time":"2 minutes"},"schema":{"@context":"https:\/\/schema.org","@graph":[{"@type":"WebSite","@id":"https:\/\/www.visit-ulcinj.com\/blog\/#website","url":"https:\/\/www.visit-ulcinj.com\/blog\/","name":"Lajme nga Ulqini","description":"Lajme,Vijesti,Ulqini,Ulqin,Crna Gora,Mali i Zi","potentialAction":[{"@type":"SearchAction","target":{"@type":"EntryPoint","urlTemplate":"https:\/\/www.visit-ulcinj.com\/blog\/?s={search_term_string}"},"query-input":"required name=search_term_string"}],"inLanguage":"en-US"},{"@type":"WebPage","@id":"https:\/\/www.visit-ulcinj.com\/blog\/2010\/02\/07\/hajdukovic-najvise-steti-sebi-video\/#webpage","url":"https:\/\/www.visit-ulcinj.com\/blog\/2010\/02\/07\/hajdukovic-najvise-steti-sebi-video\/","name":"Hajdukovi? najvi\u0161e \u0161teti sebi - Video - Lajme nga Ulqini","isPartOf":{"@id":"https:\/\/www.visit-ulcinj.com\/blog\/#website"},"datePublished":"2010-02-07T19:19:32+00:00","dateModified":"2010-02-07T19:19:51+00:00","author":{"@id":"https:\/\/www.visit-ulcinj.com\/blog\/#\/schema\/person\/dcab619c614d3038751c63bc2aadc06d"},"description":"ULCINj - Kabinet predsjednika op\u0161tine Ulcinj Gzima Hajdinage reagovao je na izjave Du\u0161ana Hajdukovi?a navedene u tekstu objavljenom u \"Danu\" 5. februra","breadcrumb":{"@id":"https:\/\/www.visit-ulcinj.com\/blog\/2010\/02\/07\/hajdukovic-najvise-steti-sebi-video\/#breadcrumb"},"inLanguage":"en-US","potentialAction":[{"@type":"ReadAction","target":["https:\/\/www.visit-ulcinj.com\/blog\/2010\/02\/07\/hajdukovic-najvise-steti-sebi-video\/"]}]},{"@type":"BreadcrumbList","@id":"https:\/\/www.visit-ulcinj.com\/blog\/2010\/02\/07\/hajdukovic-najvise-steti-sebi-video\/#breadcrumb","itemListElement":[{"@type":"ListItem","position":1,"name":"Hajdukovi? najvi\u0161e \u0161teti sebi &#8211; Video"}]},{"@type":"Person","@id":"https:\/\/www.visit-ulcinj.com\/blog\/#\/schema\/person\/dcab619c614d3038751c63bc2aadc06d","name":"ulqini","sameAs":["http:\/\/www.visit-ulcinj.com"],"url":"https:\/\/www.visit-ulcinj.com\/blog\/author\/admin\/"}]}},"jetpack_featured_media_url":"","jetpack_sharing_enabled":true,"jetpack_shortlink":"https:\/\/wp.me\/pe6lTn-7Qq","_links":{"self":[{"href":"https:\/\/www.visit-ulcinj.com\/blog\/wp-json\/wp\/v2\/posts\/30158"}],"collection":[{"href":"https:\/\/www.visit-ulcinj.com\/blog\/wp-json\/wp\/v2\/posts"}],"about":[{"href":"https:\/\/www.visit-ulcinj.com\/blog\/wp-json\/wp\/v2\/types\/post"}],"author":[{"embeddable":true,"href":"https:\/\/www.visit-ulcinj.com\/blog\/wp-json\/wp\/v2\/users\/1"}],"replies":[{"embeddable":true,"href":"https:\/\/www.visit-ulcinj.com\/blog\/wp-json\/wp\/v2\/comments?post=30158"}],"version-history":[{"count":0,"href":"https:\/\/www.visit-ulcinj.com\/blog\/wp-json\/wp\/v2\/posts\/30158\/revisions"}],"wp:attachment":[{"href":"https:\/\/www.visit-ulcinj.com\/blog\/wp-json\/wp\/v2\/media?parent=30158"}],"wp:term":[{"taxonomy":"category","embeddable":true,"href":"https:\/\/www.visit-ulcinj.com\/blog\/wp-json\/wp\/v2\/categories?post=30158"},{"taxonomy":"post_tag","embeddable":true,"href":"https:\/\/www.visit-ulcinj.com\/blog\/wp-json\/wp\/v2\/tags?post=30158"}],"curies":[{"name":"wp","href":"https:\/\/api.w.org\/{rel}","templated":true}]}}