{"id":30164,"date":"2010-02-07T22:56:59","date_gmt":"2010-02-07T20:56:59","guid":{"rendered":"http:\/\/www.visit-ulcinj.com\/blog\/?p=30164"},"modified":"2010-02-08T19:49:49","modified_gmt":"2010-02-08T17:49:49","slug":"aa-poziva-ostale-albanske-stranke-da-razmisle","status":"publish","type":"post","link":"https:\/\/www.visit-ulcinj.com\/blog\/2010\/02\/07\/aa-poziva-ostale-albanske-stranke-da-razmisle\/","title":{"rendered":"AA poziva ostale albanske stranke da razmisle &#8211; Video"},"content":{"rendered":"<p><strong><a href=\"http:\/\/www.visit-ulcinj.com\/blog\/wp-content\/uploads\/2010\/02\/Alternativa-shqiptare.jpg\"><img loading=\"lazy\" class=\"alignleft size-full wp-image-30165\" title=\"Alternativa shqiptare\" src=\"http:\/\/www.visit-ulcinj.com\/blog\/wp-content\/uploads\/2010\/02\/Alternativa-shqiptare.jpg\" alt=\"Alternativa shqiptare\" width=\"580\" height=\"400\" \/><\/a>Da li u?estvovati na izborima<\/strong><br \/>\nPodgorica (MINA) \u2013 Albanske nacionalne stranke treba da razmisle da li da u?estvuju na izborima, ukoliko Skup\u0161tina usvoji izmjene izbornog zakonodavstva koje predvi?aju Crnu Goru kao jednu izbornu jedinicu i bez garantovanih mandata, smatra predsjednik Albanske alternative ?er? Camaj.<br \/>\nOn je pozvao me?unarodne faktore u Crnoj Gori da reaguju, da ne podr\u017ee namjere \u201cjedinstvenof DPS-a da Albance izbri\u0161u sa polit?ke mape\u201d.<br \/>\nOn je kazao da poslije ovoga Albanci ne znaju \u0161ta sve mogu da o?ekuju.<br \/>\n\u201cNe znam \u0161ta mo\u017eemo o?ekivati, da Albance izbri\u0161u sa izbornog spiska, da nas izbri\u0161u iz Ustava kako im svakodnevno njihove partije sugeri\u0161u\u201d, rekao je on.<br \/>\nCamaj smatra da ukoliko ovakvo rje\u0161enje bude usvojeno, to ?e biti znak za nacionalne stranke da nijesu dobrodo\u0161le u izbornom procesu: \u201cI poku\u0161aj da se na\u0161i subjekti izbace iz institucija sistema kako bi se izborili za albanska prava\u201d.<\/p>\n<p>On je rekao da ?e na te provokacije jedinstvenog DPS-a nacionalne stranke odgovoriti institucionalno, demokratski i onako kako im dolikuje, \u201cjer smo znali i zna?emo se opredijeliti za sve na\u0161e politi?ke poteze\u201d.<br \/>\nCamaj je podsjetio da je AA kao dio koalicije Albanska lista, najo\u0161trije osudila najave da ?e biti ukinuta ste?ena prava Albanaca u Crnoj Gori u izbornom zakonodavstvu.<br \/>\n\u201cJedinstveni DPS je slo\u017ean da se ste?ena prava Albanaca ukinu, ovo je nova osveta prema albanskim bira?ima koji iz godine u godinu podr\u017eavaju sve vi\u0161e nacionalne stranke. Bira?i su na taj na?in doveli DPS na samo jedan mandat od pet u albanskoj izbornoj jedinici\u201d, smatra Camaj.<br \/>\nPrema njegovim rije?ima, gubitak podr\u0161ke bira?a je jedini razlog zbog ?ega se \u201czadire ovako grubo, nedemokratski, bez podr\u0161ke nijedne albanske stranke u izborno pravo.<\/p>\n<p>\u201cKoje ve? funkcioni\u0161e veoma dobro u izbornom procesu, a koje se rje\u0161enje proizvelo uz podr\u0161ku i saradnju me?unarodne zajednice, a pogotovo ameri?ke ambasade u Podgorici\u201d, kazao je on.<br \/>\nCamaj je pozdravio i stav predsjednika DUA Ferhata Dino\u0161e koji je kazao da ta stranka ne?e podr\u017eati promjene izbornog zakonodavstva koje bi bilo gore od onoga \u0161to su do sada imali Albanci u vidu ste?enih prava.<br \/>\n\u201cSad je definitivno vrijeme da se Dino\u0161a okrene onima koji su mu i prirodni saveznici, uz nadu da ?emo ne samo za ovo pitanje, nego za sva pitanja koja se ti?u prava Albanacu u Crnoj Gori imati zajedni?ki stav\u201d, rekao je Camaj.<\/p>\n<p><a href=\"http:\/\/www.vijesti.me\/index.php\" target=\"_blank\"><strong>Vijesti<\/strong><\/a><br \/>\n<strong>VIDEO TVCG<\/strong><br \/>\n<object type=\"application\/x-shockwave-flash\" style=\"width: 580px; height: 400px;\" data=\"http:\/\/forca.me\/plugins\/content\/jw_allvideos\/includes\/players\/mediaplayer\/player.swf\" title=\"JoomlaWorks AllVideos Player\"><param name=\"movie\" value=\"http:\/\/forca.me\/plugins\/content\/jw_allvideos\/includes\/players\/mediaplayer\/player.swf\"><param name=\"quality\" value=\"high\"><param name=\"wmode\" value=\"transparent\"><param name=\"bgcolor\" value=\"#010101\"><param name=\"autoplay\" value=\"false\"><param name=\"allowfullscreen\" value=\"true\"><param name=\"allowscriptaccess\" value=\"always\"><param name=\"flashvars\" value=\"file=http:\/\/forca.me\/images\/stories\/videos\/Genci_Nimanbegu_070210_RTCG.flv&amp;image=http:\/\/forca.me\/images\/stories\/videos\/Genci_Nimanbegu_070210_RTCG.jpg&amp;autostart=false&amp;fullscreen=true\"><\/object><\/p>\n","protected":false},"excerpt":{"rendered":"<p>Da li u?estvovati na izborima Podgorica (MINA) \u2013 Albanske nacionalne stranke treba da razmisle da li da u?estvuju na izborima, ukoliko Skup\u0161tina usvoji izmjene izbornog zakonodavstva koje predvi?aju Crnu Goru kao jednu izbornu jedinicu i bez garantovanih mandata, smatra predsjednik Albanske alternative ?er? Camaj. On je pozvao me?unarodne faktore u Crnoj Gori da reaguju, da [&hellip;]<\/p>\n","protected":false},"author":1,"featured_media":0,"comment_status":"open","ping_status":"closed","sticky":false,"template":"","format":"standard","meta":{"spay_email":"","jetpack_publicize_message":"","jetpack_is_tweetstorm":false,"jetpack_publicize_feature_enabled":true},"categories":[8337],"tags":[20,3104],"jetpack_publicize_connections":[],"yoast_head":"<!-- This site is optimized with the Yoast SEO plugin v19.1 - https:\/\/yoast.com\/wordpress\/plugins\/seo\/ -->\n<title>AA poziva ostale albanske stranke da razmisle - Video - Lajme nga Ulqini<\/title>\n<meta name=\"description\" content=\"Da li u?estvovati na izborima Podgorica (MINA) \u2013 Albanske nacionalne stranke treba da razmisle da li da u?estvuju na izborima, ukoliko Skup\u0161tina usvoji\" \/>\n<meta name=\"robots\" content=\"index, follow, max-snippet:-1, max-image-preview:large, max-video-preview:-1\" \/>\n<link rel=\"canonical\" href=\"https:\/\/www.visit-ulcinj.com\/blog\/2010\/02\/07\/aa-poziva-ostale-albanske-stranke-da-razmisle\/\" \/>\n<meta property=\"og:locale\" content=\"en_US\" \/>\n<meta property=\"og:type\" content=\"article\" \/>\n<meta property=\"og:title\" content=\"AA poziva ostale albanske stranke da razmisle - Video - Lajme nga Ulqini\" \/>\n<meta property=\"og:description\" content=\"Da li u?estvovati na izborima Podgorica (MINA) \u2013 Albanske nacionalne stranke treba da razmisle da li da u?estvuju na izborima, ukoliko Skup\u0161tina usvoji\" \/>\n<meta property=\"og:url\" content=\"https:\/\/www.visit-ulcinj.com\/blog\/2010\/02\/07\/aa-poziva-ostale-albanske-stranke-da-razmisle\/\" \/>\n<meta property=\"og:site_name\" content=\"Lajme nga Ulqini\" \/>\n<meta property=\"article:published_time\" content=\"2010-02-07T20:56:59+00:00\" \/>\n<meta property=\"article:modified_time\" content=\"2010-02-08T17:49:49+00:00\" \/>\n<meta property=\"og:image\" content=\"http:\/\/www.visit-ulcinj.com\/blog\/wp-content\/uploads\/2010\/02\/Alternativa-shqiptare.jpg\" \/>\n<meta name=\"twitter:label1\" content=\"Written by\" \/>\n\t<meta name=\"twitter:data1\" content=\"ulqini\" \/>\n\t<meta name=\"twitter:label2\" content=\"Est. reading time\" \/>\n\t<meta name=\"twitter:data2\" content=\"2 minutes\" \/>\n<script type=\"application\/ld+json\" class=\"yoast-schema-graph\">{\"@context\":\"https:\/\/schema.org\",\"@graph\":[{\"@type\":\"WebSite\",\"@id\":\"https:\/\/www.visit-ulcinj.com\/blog\/#website\",\"url\":\"https:\/\/www.visit-ulcinj.com\/blog\/\",\"name\":\"Lajme nga Ulqini\",\"description\":\"Lajme,Vijesti,Ulqini,Ulqin,Crna Gora,Mali i Zi\",\"potentialAction\":[{\"@type\":\"SearchAction\",\"target\":{\"@type\":\"EntryPoint\",\"urlTemplate\":\"https:\/\/www.visit-ulcinj.com\/blog\/?s={search_term_string}\"},\"query-input\":\"required name=search_term_string\"}],\"inLanguage\":\"en-US\"},{\"@type\":\"ImageObject\",\"inLanguage\":\"en-US\",\"@id\":\"https:\/\/www.visit-ulcinj.com\/blog\/2010\/02\/07\/aa-poziva-ostale-albanske-stranke-da-razmisle\/#primaryimage\",\"url\":\"https:\/\/www.visit-ulcinj.com\/blog\/wp-content\/uploads\/2010\/02\/Alternativa-shqiptare.jpg\",\"contentUrl\":\"https:\/\/www.visit-ulcinj.com\/blog\/wp-content\/uploads\/2010\/02\/Alternativa-shqiptare.jpg\",\"width\":\"604\",\"height\":\"453\"},{\"@type\":\"WebPage\",\"@id\":\"https:\/\/www.visit-ulcinj.com\/blog\/2010\/02\/07\/aa-poziva-ostale-albanske-stranke-da-razmisle\/#webpage\",\"url\":\"https:\/\/www.visit-ulcinj.com\/blog\/2010\/02\/07\/aa-poziva-ostale-albanske-stranke-da-razmisle\/\",\"name\":\"AA poziva ostale albanske stranke da razmisle - Video - Lajme nga Ulqini\",\"isPartOf\":{\"@id\":\"https:\/\/www.visit-ulcinj.com\/blog\/#website\"},\"primaryImageOfPage\":{\"@id\":\"https:\/\/www.visit-ulcinj.com\/blog\/2010\/02\/07\/aa-poziva-ostale-albanske-stranke-da-razmisle\/#primaryimage\"},\"datePublished\":\"2010-02-07T20:56:59+00:00\",\"dateModified\":\"2010-02-08T17:49:49+00:00\",\"author\":{\"@id\":\"https:\/\/www.visit-ulcinj.com\/blog\/#\/schema\/person\/dcab619c614d3038751c63bc2aadc06d\"},\"description\":\"Da li u?estvovati na izborima Podgorica (MINA) \u2013 Albanske nacionalne stranke treba da razmisle da li da u?estvuju na izborima, ukoliko Skup\u0161tina usvoji\",\"breadcrumb\":{\"@id\":\"https:\/\/www.visit-ulcinj.com\/blog\/2010\/02\/07\/aa-poziva-ostale-albanske-stranke-da-razmisle\/#breadcrumb\"},\"inLanguage\":\"en-US\",\"potentialAction\":[{\"@type\":\"ReadAction\",\"target\":[\"https:\/\/www.visit-ulcinj.com\/blog\/2010\/02\/07\/aa-poziva-ostale-albanske-stranke-da-razmisle\/\"]}]},{\"@type\":\"BreadcrumbList\",\"@id\":\"https:\/\/www.visit-ulcinj.com\/blog\/2010\/02\/07\/aa-poziva-ostale-albanske-stranke-da-razmisle\/#breadcrumb\",\"itemListElement\":[{\"@type\":\"ListItem\",\"position\":1,\"name\":\"AA poziva ostale albanske stranke da razmisle &#8211; Video\"}]},{\"@type\":\"Person\",\"@id\":\"https:\/\/www.visit-ulcinj.com\/blog\/#\/schema\/person\/dcab619c614d3038751c63bc2aadc06d\",\"name\":\"ulqini\",\"sameAs\":[\"http:\/\/www.visit-ulcinj.com\"],\"url\":\"https:\/\/www.visit-ulcinj.com\/blog\/author\/admin\/\"}]}<\/script>\n<!-- \/ Yoast SEO plugin. -->","yoast_head_json":{"title":"AA poziva ostale albanske stranke da razmisle - Video - Lajme nga Ulqini","description":"Da li u?estvovati na izborima Podgorica (MINA) \u2013 Albanske nacionalne stranke treba da razmisle da li da u?estvuju na izborima, ukoliko Skup\u0161tina usvoji","robots":{"index":"index","follow":"follow","max-snippet":"max-snippet:-1","max-image-preview":"max-image-preview:large","max-video-preview":"max-video-preview:-1"},"canonical":"https:\/\/www.visit-ulcinj.com\/blog\/2010\/02\/07\/aa-poziva-ostale-albanske-stranke-da-razmisle\/","og_locale":"en_US","og_type":"article","og_title":"AA poziva ostale albanske stranke da razmisle - Video - Lajme nga Ulqini","og_description":"Da li u?estvovati na izborima Podgorica (MINA) \u2013 Albanske nacionalne stranke treba da razmisle da li da u?estvuju na izborima, ukoliko Skup\u0161tina usvoji","og_url":"https:\/\/www.visit-ulcinj.com\/blog\/2010\/02\/07\/aa-poziva-ostale-albanske-stranke-da-razmisle\/","og_site_name":"Lajme nga Ulqini","article_published_time":"2010-02-07T20:56:59+00:00","article_modified_time":"2010-02-08T17:49:49+00:00","og_image":[{"url":"http:\/\/www.visit-ulcinj.com\/blog\/wp-content\/uploads\/2010\/02\/Alternativa-shqiptare.jpg"}],"twitter_misc":{"Written by":"ulqini","Est. reading time":"2 minutes"},"schema":{"@context":"https:\/\/schema.org","@graph":[{"@type":"WebSite","@id":"https:\/\/www.visit-ulcinj.com\/blog\/#website","url":"https:\/\/www.visit-ulcinj.com\/blog\/","name":"Lajme nga Ulqini","description":"Lajme,Vijesti,Ulqini,Ulqin,Crna Gora,Mali i Zi","potentialAction":[{"@type":"SearchAction","target":{"@type":"EntryPoint","urlTemplate":"https:\/\/www.visit-ulcinj.com\/blog\/?s={search_term_string}"},"query-input":"required name=search_term_string"}],"inLanguage":"en-US"},{"@type":"ImageObject","inLanguage":"en-US","@id":"https:\/\/www.visit-ulcinj.com\/blog\/2010\/02\/07\/aa-poziva-ostale-albanske-stranke-da-razmisle\/#primaryimage","url":"https:\/\/www.visit-ulcinj.com\/blog\/wp-content\/uploads\/2010\/02\/Alternativa-shqiptare.jpg","contentUrl":"https:\/\/www.visit-ulcinj.com\/blog\/wp-content\/uploads\/2010\/02\/Alternativa-shqiptare.jpg","width":"604","height":"453"},{"@type":"WebPage","@id":"https:\/\/www.visit-ulcinj.com\/blog\/2010\/02\/07\/aa-poziva-ostale-albanske-stranke-da-razmisle\/#webpage","url":"https:\/\/www.visit-ulcinj.com\/blog\/2010\/02\/07\/aa-poziva-ostale-albanske-stranke-da-razmisle\/","name":"AA poziva ostale albanske stranke da razmisle - Video - Lajme nga Ulqini","isPartOf":{"@id":"https:\/\/www.visit-ulcinj.com\/blog\/#website"},"primaryImageOfPage":{"@id":"https:\/\/www.visit-ulcinj.com\/blog\/2010\/02\/07\/aa-poziva-ostale-albanske-stranke-da-razmisle\/#primaryimage"},"datePublished":"2010-02-07T20:56:59+00:00","dateModified":"2010-02-08T17:49:49+00:00","author":{"@id":"https:\/\/www.visit-ulcinj.com\/blog\/#\/schema\/person\/dcab619c614d3038751c63bc2aadc06d"},"description":"Da li u?estvovati na izborima Podgorica (MINA) \u2013 Albanske nacionalne stranke treba da razmisle da li da u?estvuju na izborima, ukoliko Skup\u0161tina usvoji","breadcrumb":{"@id":"https:\/\/www.visit-ulcinj.com\/blog\/2010\/02\/07\/aa-poziva-ostale-albanske-stranke-da-razmisle\/#breadcrumb"},"inLanguage":"en-US","potentialAction":[{"@type":"ReadAction","target":["https:\/\/www.visit-ulcinj.com\/blog\/2010\/02\/07\/aa-poziva-ostale-albanske-stranke-da-razmisle\/"]}]},{"@type":"BreadcrumbList","@id":"https:\/\/www.visit-ulcinj.com\/blog\/2010\/02\/07\/aa-poziva-ostale-albanske-stranke-da-razmisle\/#breadcrumb","itemListElement":[{"@type":"ListItem","position":1,"name":"AA poziva ostale albanske stranke da razmisle &#8211; Video"}]},{"@type":"Person","@id":"https:\/\/www.visit-ulcinj.com\/blog\/#\/schema\/person\/dcab619c614d3038751c63bc2aadc06d","name":"ulqini","sameAs":["http:\/\/www.visit-ulcinj.com"],"url":"https:\/\/www.visit-ulcinj.com\/blog\/author\/admin\/"}]}},"jetpack_featured_media_url":"","jetpack_sharing_enabled":true,"jetpack_shortlink":"https:\/\/wp.me\/pe6lTn-7Qw","_links":{"self":[{"href":"https:\/\/www.visit-ulcinj.com\/blog\/wp-json\/wp\/v2\/posts\/30164"}],"collection":[{"href":"https:\/\/www.visit-ulcinj.com\/blog\/wp-json\/wp\/v2\/posts"}],"about":[{"href":"https:\/\/www.visit-ulcinj.com\/blog\/wp-json\/wp\/v2\/types\/post"}],"author":[{"embeddable":true,"href":"https:\/\/www.visit-ulcinj.com\/blog\/wp-json\/wp\/v2\/users\/1"}],"replies":[{"embeddable":true,"href":"https:\/\/www.visit-ulcinj.com\/blog\/wp-json\/wp\/v2\/comments?post=30164"}],"version-history":[{"count":0,"href":"https:\/\/www.visit-ulcinj.com\/blog\/wp-json\/wp\/v2\/posts\/30164\/revisions"}],"wp:attachment":[{"href":"https:\/\/www.visit-ulcinj.com\/blog\/wp-json\/wp\/v2\/media?parent=30164"}],"wp:term":[{"taxonomy":"category","embeddable":true,"href":"https:\/\/www.visit-ulcinj.com\/blog\/wp-json\/wp\/v2\/categories?post=30164"},{"taxonomy":"post_tag","embeddable":true,"href":"https:\/\/www.visit-ulcinj.com\/blog\/wp-json\/wp\/v2\/tags?post=30164"}],"curies":[{"name":"wp","href":"https:\/\/api.w.org\/{rel}","templated":true}]}}