{"id":30170,"date":"2010-02-08T18:19:08","date_gmt":"2010-02-08T16:19:08","guid":{"rendered":"http:\/\/www.visit-ulcinj.com\/blog\/?p=30170"},"modified":"2010-02-17T15:27:34","modified_gmt":"2010-02-17T13:27:34","slug":"genci-nimanbegu-ne-tvcg-shprehet-per-mandatet-e-partive-shqiptare-video","status":"publish","type":"post","link":"https:\/\/www.visit-ulcinj.com\/blog\/2010\/02\/08\/genci-nimanbegu-ne-tvcg-shprehet-per-mandatet-e-partive-shqiptare-video\/","title":{"rendered":"Genci Nimanbegu n\u00eb TVCG shprehet p\u00ebr mandatet e partive shqiptare &#8211; Video"},"content":{"rendered":"<p><strong><a href=\"http:\/\/www.visit-ulcinj.com\/blog\/wp-content\/uploads\/2010\/02\/Genci-Nimanbegu-u-TVCG.jpg\"><img loading=\"lazy\" class=\"alignleft size-full wp-image-30171\" title=\"Genci Nimanbegu u TVCG\" src=\"http:\/\/www.visit-ulcinj.com\/blog\/wp-content\/uploads\/2010\/02\/Genci-Nimanbegu-u-TVCG.jpg\" alt=\"Genci Nimanbegu u TVCG\" width=\"388\" height=\"300\" \/><\/a>Albanske stranke o\u0161tro protiv novog izbornog zakona, potpredsjednik force Genci Nimanbegu najavio<\/strong><\/p>\n<p><strong>Sve ?emo da oborimo na Ustavnom sudu<\/strong><br \/>\nPodgorica \u2013 Poslanici svih albanskih stranaka poru?ili su da ne?e prihvatiti izmjene izbornog zakona po kojem se ukidaju garantovani mandati i posebna izborna jedinica za tu manjinu, najavljuju?i da ?e zakon oboriti na Ustavnom sudu.<br \/>\nPoslanik Force Genci Nimanbegu tvrdi da ?e Albanci zakon poku\u0161ati da ospore kroz institucije, upozoravaju?i da je ukidanje garantovanih mandata u susprotnosti sa Ustavom koji garantuje autenti?nu zastupljenost i ste?ena prava manjina.<br \/>\n\u201eSmatram da nam je sljede?a instanca Ustavni sud, na kojem bi mo\u017eda poku\u0161ali da argumentovano pojasnimo da je ovaj zakon neustavan. Na sve na?ine ?emo poku\u0161ati da osporimo zakon, i to kroz institucije sistema i predlaganjem amandmana, a za dalje na?ine treba vidjeti. U prinicipu vaninstitucionalna borba do sad nije davala rezultate, a pod tim mislim na bojkot narednih izbora\u201c, kazao je Nimanbegu \u201eVijestima\u201c.<br \/>\nU albanskim politi?kim krugovima preovladava mi\u0161ljenje da bi ukidanje garantovanih mandata, smanjilo prostor za djelovanje politi?arima iz te nacionalne manjine. Kako je \u201eVijestima\u201c kazalo vi\u0161e funkcionera iz albanskih stranaka, manje prisustvo Albanaca u institucijama poja?alo bi nezadovoljstvo u toj nacionoj manjini i otvorilo prostor zagovornicima radikalnijih stavova.<br \/>\nPredsjednik Demokratskog saveza i ?lan Radne grupe Mehmed Bardhi nazvao je ranije predlo\u017eeni izborni model napadom na prava Albanaca, upozoravaju?i predlaga?e da \\\u201ddobro razmisle\\\u201d prije nego dostave zakon Skup\u0161tini. On je model Radne grupe nazvao istorijskom nepravdom prema Albancima.<br \/>\nI lider DUA Ferhat Dino\u0161a smatra da je po\u0161tovanje ste?enih prava najva\u017enije politi?ko pitanje Albanaca u Crnoj Gori, najavljuju?i da ne?e glasati za model koji je predlo\u017eila Radna grupa. On je upozorio da novi zakonski model ne smije i?i ispod va\u017ee?eg po kojem Albanci imaju neku vrstu posebne izborne jedinice u kojoj se bira pet poslanika. Tokom vi\u0161emjese?nih pregovora Radne grupe razmatrano je da taj model va\u017ei jo\u0161 jedan izborni krug, ali je krajem pregovora DPS prihvatio model koji je predlo\u017eila Socijalisti?ka narodna partija (SNP). Dino\u0161a smatra da je po srijedi gre\u0161ka i da bi usvajanje takvog modela bez Albanaca bilo ra?un bez kr?mara.<br \/>\n\u201cMo\u017ee se govoriti o demokratski boljem rje\u0161enju, ali ne o gorem. Ovo \u0161to je danas u \u0161tampi je gore i ne mo\u017ee imati podr\u0161ku DUA\u2026 Ovaj model ne mo\u017ee da dobije podr\u0161ku i ako bi se na tome insistiralo spreman sam podnositi sve kosenkvence u smislu onoga \u0161to ne bih podr\u017eao \u0161to je ispod ste?enih prava u dosada\u0161njim demokratskim procesima u Crnoj Gori\u201c, rekao je Dino\u0161a agenciji MINA.<br \/>\nNa njegovu primjedbu da mu tokom pregovora o izmjenama izbornog zakona nije re?eno da se ukidaju garantovani mandati, koordinator Radne grupe Miodrag Vukovi? je kazao da je lider DUA podr\u017eao takvo rje\u0161enje.<br \/>\n\u201eNormalno je da smo mu rekli kakvo rje\u0161enje ima ve?insku podr\u0161ku i kazao je da ga prihvata\u201c, izjavio je Vukovi? za TV \u201eVijesti\u201c.<br \/>\nI Demokratska zajednica Muslimana Bo\u0161njaka (DZMB) saop\u0161tila je ju?e da za tu partiju nije prihvatljiv predlog izbornog zakonodavstva Crne Gore kao jedne izborne jedinice bez garantovanih mandata, poru?uju?i da Bo\u0161njaci i Albanci nikada ne?e prihvatiti takvo nacionalno poni\u017eenje\\\u201d. Predsjednik DZMB Rifat Veskovi? kazao je da se predlo\u017eenim modelom asimiliraju manjine.<br \/>\nDUA mijenjanjem stava oslabila albanske partije<br \/>\nKomentari\u0161u?i Dino\u0161inu tvrdnju da je spreman da sa ostalim albanskim politi?arima utana?i zajedni?ki stav, Nimanbegu je kazao da bi problemi sa izbornim zakonom mogli izazvati unutra\u0161nju reorganizaciju na albanskoj politi?koj sceni. Kada je u pitanju zajedni?ki sastanak on nije optimista.<br \/>\n\u201eDijalog je pozitivan, ali velike su razlike u vezi sa nekim pitanjima i ne znam kakav bi bio tok sastanka. DUA je dosada\u0161njim mjenjanjem stava o izbornom zakonu ostale albanske partije stavila u neravnopravan polo\u017eaj i smanjila nam manevarski prostor\u201c, smatra Nimanbegu.<\/p>\n<p><strong>Sa.K<br \/>\n<a href=\"http:\/\/www.vijesti.me\/\" target=\"_blank\">Vijesti<\/a><\/strong><\/p>\n<p><strong>VIDEO TVCG<a href=\"http:\/\/www.vijesti.me\/\" target=\"_blank\"><br \/>\n<\/a><\/strong><br \/>\n[flv width=&#8221;580&#8243; height=&#8221;400&#8243;]http:\/\/www.rtcg.me\/images\/biblioteka\/audio_video_arhiva\/Nedjeljom%20u%2016%20-%20Genci%20Nimanbegu.flv[\/flv]<\/p>\n","protected":false},"excerpt":{"rendered":"<p>Albanske stranke o\u0161tro protiv novog izbornog zakona, potpredsjednik force Genci Nimanbegu najavio Sve ?emo da oborimo na Ustavnom sudu Podgorica \u2013 Poslanici svih albanskih stranaka poru?ili su da ne?e prihvatiti izmjene izbornog zakona po kojem se ukidaju garantovani mandati i posebna izborna jedinica za tu manjinu, najavljuju?i da ?e zakon oboriti na Ustavnom sudu. Poslanik [&hellip;]<\/p>\n","protected":false},"author":1,"featured_media":0,"comment_status":"open","ping_status":"closed","sticky":false,"template":"","format":"standard","meta":{"spay_email":"","jetpack_publicize_message":"","jetpack_is_tweetstorm":false,"jetpack_publicize_feature_enabled":true},"categories":[5],"tags":[12577,1073],"jetpack_publicize_connections":[],"yoast_head":"<!-- This site is optimized with the Yoast SEO plugin v19.1 - https:\/\/yoast.com\/wordpress\/plugins\/seo\/ -->\n<title>Genci Nimanbegu n\u00eb TVCG shprehet p\u00ebr mandatet e partive shqiptare - Video - Lajme nga Ulqini<\/title>\n<meta name=\"description\" content=\"Albanske stranke o\u0161tro protiv novog izbornog zakona, potpredsjednik force Genci Nimanbegu najavio Sve ?emo da oborimo na Ustavnom sudu Podgorica \u2013\" \/>\n<meta name=\"robots\" content=\"index, follow, max-snippet:-1, max-image-preview:large, max-video-preview:-1\" \/>\n<link rel=\"canonical\" href=\"https:\/\/www.visit-ulcinj.com\/blog\/2010\/02\/08\/genci-nimanbegu-ne-tvcg-shprehet-per-mandatet-e-partive-shqiptare-video\/\" \/>\n<meta property=\"og:locale\" content=\"en_US\" \/>\n<meta property=\"og:type\" content=\"article\" \/>\n<meta property=\"og:title\" content=\"Genci Nimanbegu n\u00eb TVCG shprehet p\u00ebr mandatet e partive shqiptare - Video - Lajme nga Ulqini\" \/>\n<meta property=\"og:description\" content=\"Albanske stranke o\u0161tro protiv novog izbornog zakona, potpredsjednik force Genci Nimanbegu najavio Sve ?emo da oborimo na Ustavnom sudu Podgorica \u2013\" \/>\n<meta property=\"og:url\" content=\"https:\/\/www.visit-ulcinj.com\/blog\/2010\/02\/08\/genci-nimanbegu-ne-tvcg-shprehet-per-mandatet-e-partive-shqiptare-video\/\" \/>\n<meta property=\"og:site_name\" content=\"Lajme nga Ulqini\" \/>\n<meta property=\"article:published_time\" content=\"2010-02-08T16:19:08+00:00\" \/>\n<meta property=\"article:modified_time\" content=\"2010-02-17T13:27:34+00:00\" \/>\n<meta property=\"og:image\" content=\"http:\/\/www.visit-ulcinj.com\/blog\/wp-content\/uploads\/2010\/02\/Genci-Nimanbegu-u-TVCG.jpg\" \/>\n<meta name=\"twitter:label1\" content=\"Written by\" \/>\n\t<meta name=\"twitter:data1\" content=\"ulqini\" \/>\n\t<meta name=\"twitter:label2\" content=\"Est. reading time\" \/>\n\t<meta name=\"twitter:data2\" content=\"4 minutes\" \/>\n<script type=\"application\/ld+json\" class=\"yoast-schema-graph\">{\"@context\":\"https:\/\/schema.org\",\"@graph\":[{\"@type\":\"WebSite\",\"@id\":\"https:\/\/www.visit-ulcinj.com\/blog\/#website\",\"url\":\"https:\/\/www.visit-ulcinj.com\/blog\/\",\"name\":\"Lajme nga Ulqini\",\"description\":\"Lajme,Vijesti,Ulqini,Ulqin,Crna Gora,Mali i Zi\",\"potentialAction\":[{\"@type\":\"SearchAction\",\"target\":{\"@type\":\"EntryPoint\",\"urlTemplate\":\"https:\/\/www.visit-ulcinj.com\/blog\/?s={search_term_string}\"},\"query-input\":\"required name=search_term_string\"}],\"inLanguage\":\"en-US\"},{\"@type\":\"ImageObject\",\"inLanguage\":\"en-US\",\"@id\":\"https:\/\/www.visit-ulcinj.com\/blog\/2010\/02\/08\/genci-nimanbegu-ne-tvcg-shprehet-per-mandatet-e-partive-shqiptare-video\/#primaryimage\",\"url\":\"https:\/\/www.visit-ulcinj.com\/blog\/wp-content\/uploads\/2010\/02\/Genci-Nimanbegu-u-TVCG.jpg\",\"contentUrl\":\"https:\/\/www.visit-ulcinj.com\/blog\/wp-content\/uploads\/2010\/02\/Genci-Nimanbegu-u-TVCG.jpg\",\"width\":\"368\",\"height\":\"272\"},{\"@type\":\"WebPage\",\"@id\":\"https:\/\/www.visit-ulcinj.com\/blog\/2010\/02\/08\/genci-nimanbegu-ne-tvcg-shprehet-per-mandatet-e-partive-shqiptare-video\/#webpage\",\"url\":\"https:\/\/www.visit-ulcinj.com\/blog\/2010\/02\/08\/genci-nimanbegu-ne-tvcg-shprehet-per-mandatet-e-partive-shqiptare-video\/\",\"name\":\"Genci Nimanbegu n\u00eb TVCG shprehet p\u00ebr mandatet e partive shqiptare - Video - Lajme nga Ulqini\",\"isPartOf\":{\"@id\":\"https:\/\/www.visit-ulcinj.com\/blog\/#website\"},\"primaryImageOfPage\":{\"@id\":\"https:\/\/www.visit-ulcinj.com\/blog\/2010\/02\/08\/genci-nimanbegu-ne-tvcg-shprehet-per-mandatet-e-partive-shqiptare-video\/#primaryimage\"},\"datePublished\":\"2010-02-08T16:19:08+00:00\",\"dateModified\":\"2010-02-17T13:27:34+00:00\",\"author\":{\"@id\":\"https:\/\/www.visit-ulcinj.com\/blog\/#\/schema\/person\/dcab619c614d3038751c63bc2aadc06d\"},\"description\":\"Albanske stranke o\u0161tro protiv novog izbornog zakona, potpredsjednik force Genci Nimanbegu najavio Sve ?emo da oborimo na Ustavnom sudu Podgorica \u2013\",\"breadcrumb\":{\"@id\":\"https:\/\/www.visit-ulcinj.com\/blog\/2010\/02\/08\/genci-nimanbegu-ne-tvcg-shprehet-per-mandatet-e-partive-shqiptare-video\/#breadcrumb\"},\"inLanguage\":\"en-US\",\"potentialAction\":[{\"@type\":\"ReadAction\",\"target\":[\"https:\/\/www.visit-ulcinj.com\/blog\/2010\/02\/08\/genci-nimanbegu-ne-tvcg-shprehet-per-mandatet-e-partive-shqiptare-video\/\"]}]},{\"@type\":\"BreadcrumbList\",\"@id\":\"https:\/\/www.visit-ulcinj.com\/blog\/2010\/02\/08\/genci-nimanbegu-ne-tvcg-shprehet-per-mandatet-e-partive-shqiptare-video\/#breadcrumb\",\"itemListElement\":[{\"@type\":\"ListItem\",\"position\":1,\"name\":\"Genci Nimanbegu n\u00eb TVCG shprehet p\u00ebr mandatet e partive shqiptare &#8211; Video\"}]},{\"@type\":\"Person\",\"@id\":\"https:\/\/www.visit-ulcinj.com\/blog\/#\/schema\/person\/dcab619c614d3038751c63bc2aadc06d\",\"name\":\"ulqini\",\"sameAs\":[\"http:\/\/www.visit-ulcinj.com\"],\"url\":\"https:\/\/www.visit-ulcinj.com\/blog\/author\/admin\/\"}]}<\/script>\n<!-- \/ Yoast SEO plugin. -->","yoast_head_json":{"title":"Genci Nimanbegu n\u00eb TVCG shprehet p\u00ebr mandatet e partive shqiptare - Video - Lajme nga Ulqini","description":"Albanske stranke o\u0161tro protiv novog izbornog zakona, potpredsjednik force Genci Nimanbegu najavio Sve ?emo da oborimo na Ustavnom sudu Podgorica \u2013","robots":{"index":"index","follow":"follow","max-snippet":"max-snippet:-1","max-image-preview":"max-image-preview:large","max-video-preview":"max-video-preview:-1"},"canonical":"https:\/\/www.visit-ulcinj.com\/blog\/2010\/02\/08\/genci-nimanbegu-ne-tvcg-shprehet-per-mandatet-e-partive-shqiptare-video\/","og_locale":"en_US","og_type":"article","og_title":"Genci Nimanbegu n\u00eb TVCG shprehet p\u00ebr mandatet e partive shqiptare - Video - Lajme nga Ulqini","og_description":"Albanske stranke o\u0161tro protiv novog izbornog zakona, potpredsjednik force Genci Nimanbegu najavio Sve ?emo da oborimo na Ustavnom sudu Podgorica \u2013","og_url":"https:\/\/www.visit-ulcinj.com\/blog\/2010\/02\/08\/genci-nimanbegu-ne-tvcg-shprehet-per-mandatet-e-partive-shqiptare-video\/","og_site_name":"Lajme nga Ulqini","article_published_time":"2010-02-08T16:19:08+00:00","article_modified_time":"2010-02-17T13:27:34+00:00","og_image":[{"url":"http:\/\/www.visit-ulcinj.com\/blog\/wp-content\/uploads\/2010\/02\/Genci-Nimanbegu-u-TVCG.jpg"}],"twitter_misc":{"Written by":"ulqini","Est. reading time":"4 minutes"},"schema":{"@context":"https:\/\/schema.org","@graph":[{"@type":"WebSite","@id":"https:\/\/www.visit-ulcinj.com\/blog\/#website","url":"https:\/\/www.visit-ulcinj.com\/blog\/","name":"Lajme nga Ulqini","description":"Lajme,Vijesti,Ulqini,Ulqin,Crna Gora,Mali i Zi","potentialAction":[{"@type":"SearchAction","target":{"@type":"EntryPoint","urlTemplate":"https:\/\/www.visit-ulcinj.com\/blog\/?s={search_term_string}"},"query-input":"required name=search_term_string"}],"inLanguage":"en-US"},{"@type":"ImageObject","inLanguage":"en-US","@id":"https:\/\/www.visit-ulcinj.com\/blog\/2010\/02\/08\/genci-nimanbegu-ne-tvcg-shprehet-per-mandatet-e-partive-shqiptare-video\/#primaryimage","url":"https:\/\/www.visit-ulcinj.com\/blog\/wp-content\/uploads\/2010\/02\/Genci-Nimanbegu-u-TVCG.jpg","contentUrl":"https:\/\/www.visit-ulcinj.com\/blog\/wp-content\/uploads\/2010\/02\/Genci-Nimanbegu-u-TVCG.jpg","width":"368","height":"272"},{"@type":"WebPage","@id":"https:\/\/www.visit-ulcinj.com\/blog\/2010\/02\/08\/genci-nimanbegu-ne-tvcg-shprehet-per-mandatet-e-partive-shqiptare-video\/#webpage","url":"https:\/\/www.visit-ulcinj.com\/blog\/2010\/02\/08\/genci-nimanbegu-ne-tvcg-shprehet-per-mandatet-e-partive-shqiptare-video\/","name":"Genci Nimanbegu n\u00eb TVCG shprehet p\u00ebr mandatet e partive shqiptare - Video - Lajme nga Ulqini","isPartOf":{"@id":"https:\/\/www.visit-ulcinj.com\/blog\/#website"},"primaryImageOfPage":{"@id":"https:\/\/www.visit-ulcinj.com\/blog\/2010\/02\/08\/genci-nimanbegu-ne-tvcg-shprehet-per-mandatet-e-partive-shqiptare-video\/#primaryimage"},"datePublished":"2010-02-08T16:19:08+00:00","dateModified":"2010-02-17T13:27:34+00:00","author":{"@id":"https:\/\/www.visit-ulcinj.com\/blog\/#\/schema\/person\/dcab619c614d3038751c63bc2aadc06d"},"description":"Albanske stranke o\u0161tro protiv novog izbornog zakona, potpredsjednik force Genci Nimanbegu najavio Sve ?emo da oborimo na Ustavnom sudu Podgorica \u2013","breadcrumb":{"@id":"https:\/\/www.visit-ulcinj.com\/blog\/2010\/02\/08\/genci-nimanbegu-ne-tvcg-shprehet-per-mandatet-e-partive-shqiptare-video\/#breadcrumb"},"inLanguage":"en-US","potentialAction":[{"@type":"ReadAction","target":["https:\/\/www.visit-ulcinj.com\/blog\/2010\/02\/08\/genci-nimanbegu-ne-tvcg-shprehet-per-mandatet-e-partive-shqiptare-video\/"]}]},{"@type":"BreadcrumbList","@id":"https:\/\/www.visit-ulcinj.com\/blog\/2010\/02\/08\/genci-nimanbegu-ne-tvcg-shprehet-per-mandatet-e-partive-shqiptare-video\/#breadcrumb","itemListElement":[{"@type":"ListItem","position":1,"name":"Genci Nimanbegu n\u00eb TVCG shprehet p\u00ebr mandatet e partive shqiptare &#8211; Video"}]},{"@type":"Person","@id":"https:\/\/www.visit-ulcinj.com\/blog\/#\/schema\/person\/dcab619c614d3038751c63bc2aadc06d","name":"ulqini","sameAs":["http:\/\/www.visit-ulcinj.com"],"url":"https:\/\/www.visit-ulcinj.com\/blog\/author\/admin\/"}]}},"jetpack_featured_media_url":"","jetpack_sharing_enabled":true,"jetpack_shortlink":"https:\/\/wp.me\/pe6lTn-7QC","_links":{"self":[{"href":"https:\/\/www.visit-ulcinj.com\/blog\/wp-json\/wp\/v2\/posts\/30170"}],"collection":[{"href":"https:\/\/www.visit-ulcinj.com\/blog\/wp-json\/wp\/v2\/posts"}],"about":[{"href":"https:\/\/www.visit-ulcinj.com\/blog\/wp-json\/wp\/v2\/types\/post"}],"author":[{"embeddable":true,"href":"https:\/\/www.visit-ulcinj.com\/blog\/wp-json\/wp\/v2\/users\/1"}],"replies":[{"embeddable":true,"href":"https:\/\/www.visit-ulcinj.com\/blog\/wp-json\/wp\/v2\/comments?post=30170"}],"version-history":[{"count":0,"href":"https:\/\/www.visit-ulcinj.com\/blog\/wp-json\/wp\/v2\/posts\/30170\/revisions"}],"wp:attachment":[{"href":"https:\/\/www.visit-ulcinj.com\/blog\/wp-json\/wp\/v2\/media?parent=30170"}],"wp:term":[{"taxonomy":"category","embeddable":true,"href":"https:\/\/www.visit-ulcinj.com\/blog\/wp-json\/wp\/v2\/categories?post=30170"},{"taxonomy":"post_tag","embeddable":true,"href":"https:\/\/www.visit-ulcinj.com\/blog\/wp-json\/wp\/v2\/tags?post=30170"}],"curies":[{"name":"wp","href":"https:\/\/api.w.org\/{rel}","templated":true}]}}