{"id":30175,"date":"2010-02-08T19:33:19","date_gmt":"2010-02-08T17:33:19","guid":{"rendered":"http:\/\/www.visit-ulcinj.com\/blog\/?p=30175"},"modified":"2010-02-08T19:42:27","modified_gmt":"2010-02-08T17:42:27","slug":"dinosa-nijesam-podrzao-finalno-rjesenje","status":"publish","type":"post","link":"https:\/\/www.visit-ulcinj.com\/blog\/2010\/02\/08\/dinosa-nijesam-podrzao-finalno-rjesenje\/","title":{"rendered":"Dino\u0161a: Nijesam podr\u017eao finalno rje\u0161enje &#8211; Video"},"content":{"rendered":"<p><a href=\"http:\/\/www.visit-ulcinj.com\/blog\/wp-content\/uploads\/2010\/02\/Ferhat-Dino\u0161a-_Predsjednik-Demokratske-unije-Albanaca.jpg\"><img loading=\"lazy\" class=\"alignleft size-full wp-image-30176\" title=\"Ferhat Dino\u0161a _Predsjednik Demokratske unije Albanaca\" src=\"http:\/\/www.visit-ulcinj.com\/blog\/wp-content\/uploads\/2010\/02\/Ferhat-Dino\u0161a-_Predsjednik-Demokratske-unije-Albanaca.jpg\" alt=\"Ferhat Dino\u0161a _Predsjednik Demokratske unije Albanaca\" width=\"580\" height=\"400\" \/><\/a>Predsjednik DUA o nesuglasicama u radnoj grupi za izradu izbornog zakona<br \/>\nPodgorica &#8211; Predsjednik Demokratske unije Albanaca Ferhat Dino\u0161a negirao je da je podr\u017eao rje\u0161enje skup\u0161tinske Radne grupe u vezi sa modelom autenti?nog predstavljanja nacionalnih manjina u parlamentu, koje predvi?a Crnu Goru kao jednu izbornu jedinicu bez garantovanih mandata.<\/p>\n<p>&#8211; Koordinator Radne grupe Miodrag Vukovi? rekao je da sam bio upoznat i da sam podr\u017eao to rje\u0161enje koje je izazvalo opravdano nezadovoljstvo predstavnika albanskih politi?kih partija. Ta tvrdnja Vukovi?a nije ta?na \u2013 kazao je Dino\u0161a u reagovanju dostavljenom agenciji Mina.<\/p>\n<p>Dino\u0161a je naveo da su se, u tra\u017eenju rje\u0161enja koje ?e imati dvotre?insku podr\u0161ku, predstavnici politi?kih subjekata koji ?ine Vladu, a me?u njima i on, dogovorili da se podr\u017ei prijedlog SNP o autenti?nom predstavljanju manjina.<\/p>\n<p>&#8211; Taj prijedlog je donekle modifikovan, jer je umjesto 0,5 odsto glasova koliko bi bilo potrebno nacionalnoj partiji da u?e u parlament prihva?eno da to bude 0,7 odsto, \u0161to je oko 2,1 hiljada glasova &#8211; kazao je Dino\u0161a.<\/p>\n<p>Kazao je da je prijedlog SNP predvi?ao da bi, ako bi se desilo da neka manjinska partije osvoji puno ve?i procenat glasova, manjinski mandati bili raspodijeljeni po Dontovoj formuli. Taj model, naveo je Dino\u0161a, imao je u vidu Crnu Goru kao jednu izbornu jedinicu.<\/p>\n<p>Dino\u0161a je istakao da je to finalni dogovor predstavnika politi?kih subjekata koji ?ine Vladu koji je on podr\u017eao kao predstavnik DUA, ali ne i finalno rje\u0161enje skup\u0161tinske Radne grupe.<\/p>\n<p>&#8211; Prijedlog koji sam tada podr\u017eao, i danas bih. To je istina u vezi sa tim a sve drugo je manipulacija, nesporazum ili gre\u0161ka koja se mora ispraviti &#8211; dodao je Dino\u0161a.<\/p>\n<p><strong>Vukovi?: Va\u017eno je da je nacrt prihvatila ve?ina<br \/>\n<\/strong><br \/>\n&#8211; Dino\u0161a mo\u017ee da prihvati ili ne, kroz raspravu, predlo\u017eena rje\u0161enja, ali Radna grupa je do njih do\u0161la ve?inom glasova &#8211; rekao je za ,,Pobjedu\u201d Miodrag Vukovi?, \u0161ef Radne grupe za uskla?ivanje izbornog zakonodavstva sa Ustavom Crne Gore.<\/p>\n<p>Vukovi? je, reaguju?i na izjavu Ferhata Dino\u0161e, objasnio da model SNP, koji je bio prihvatljiv za ve?inu, nije podrazumijevao garantovane mandate i posebne izborne jedinice. Podsjetio je da se Radna grupa nije usaglasila jedino o procentu koji je potreban nacionalnoj partiji da zbirno, sa manjinskim partijama koje ne osvoje census od tri odsto, u?estvuje u raspodjeli mandata. &#8211; Ali, o tom rje\u0161enju mo\u017ee se jo\u0161 razgovarati \u2013 kazao je Vukovi?.<\/p>\n<p>Podsjetio je da su albanske partije tra\u017eile da se zadr\u017ei dosada\u0161nje rje\u0161enje, koje podrazumijeva garantovane mandate i posebnu izbornu jedinicu.<\/p>\n<p>&#8211; Takav model SNP nije predlo\u017eila. Nema ste?enih prava, ni garantovanih mandata \u2013 kazao je Vukovi?.<\/p>\n<p>Dodao je da rje\u0161enje do kojeg je do\u0161la Radna grupa nije model koji treba da usvaja dvotre?inska ve?ina, ve? nacrt koji ?e najprije razmatrati Venecijanska komisija.<\/p>\n<p><strong>Do petka nacrt Kolegijumu<\/strong><\/p>\n<p>Nacrt izmjena i dopuna Zakona o izboru odbornika i poslanika do petka ?e biti proslije?en Kolegijumu predsjednika Skup\u0161tine Crne Gore.<\/p>\n<p>&#8211; Do kraja ove sedmice preda?emo Kolegijumu u pisanoj formi rje\u0161enja o kojima smo se dogovorili, a od predsjednika parlamenta zavisi kada ?e zakazati sjednicu tog tijela i razmatrati model nacrta \u2013 kazao je Miodrag Vukovi?.<\/p>\n<p><strong>I. K.<br \/>\n<a href=\"http:\/\/www.pobjeda.co.me\/citanje.php?datum=2010-02-08&amp;id=179247\" target=\"_blank\">Pobjeda<br \/>\n<\/a>Video TV IN<br \/>\n[flv width=&#8221;580&#8243; height=&#8221;400&#8243;]http:\/\/www.rtvin.me\/flv\/03_02_post_radna_grupa.flv[\/flv]<a href=\"http:\/\/www.pobjeda.co.me\/citanje.php?datum=2010-02-08&amp;id=179247\" target=\"_blank\"><\/a><\/strong><\/p>\n","protected":false},"excerpt":{"rendered":"<p>Predsjednik DUA o nesuglasicama u radnoj grupi za izradu izbornog zakona Podgorica &#8211; Predsjednik Demokratske unije Albanaca Ferhat Dino\u0161a negirao je da je podr\u017eao rje\u0161enje skup\u0161tinske Radne grupe u vezi sa modelom autenti?nog predstavljanja nacionalnih manjina u parlamentu, koje predvi?a Crnu Goru kao jednu izbornu jedinicu bez garantovanih mandata. &#8211; Koordinator Radne grupe Miodrag Vukovi? [&hellip;]<\/p>\n","protected":false},"author":1,"featured_media":0,"comment_status":"open","ping_status":"closed","sticky":false,"template":"","format":"standard","meta":{"spay_email":"","jetpack_publicize_message":"","jetpack_is_tweetstorm":false,"jetpack_publicize_feature_enabled":true},"categories":[8337],"tags":[524,88,13486,9129],"jetpack_publicize_connections":[],"yoast_head":"<!-- This site is optimized with the Yoast SEO plugin v19.1 - https:\/\/yoast.com\/wordpress\/plugins\/seo\/ -->\n<title>Dino\u0161a: Nijesam podr\u017eao finalno rje\u0161enje - Video - Lajme nga Ulqini<\/title>\n<meta name=\"description\" content=\"Predsjednik DUA o nesuglasicama u radnoj grupi za izradu izbornog zakona Podgorica - Predsjednik Demokratske unije Albanaca Ferhat Dino\u0161a negirao je da je\" \/>\n<meta name=\"robots\" content=\"index, follow, max-snippet:-1, max-image-preview:large, max-video-preview:-1\" \/>\n<link rel=\"canonical\" href=\"https:\/\/www.visit-ulcinj.com\/blog\/2010\/02\/08\/dinosa-nijesam-podrzao-finalno-rjesenje\/\" \/>\n<meta property=\"og:locale\" content=\"en_US\" \/>\n<meta property=\"og:type\" content=\"article\" \/>\n<meta property=\"og:title\" content=\"Dino\u0161a: Nijesam podr\u017eao finalno rje\u0161enje - Video - Lajme nga Ulqini\" \/>\n<meta property=\"og:description\" content=\"Predsjednik DUA o nesuglasicama u radnoj grupi za izradu izbornog zakona Podgorica - Predsjednik Demokratske unije Albanaca Ferhat Dino\u0161a negirao je da je\" \/>\n<meta property=\"og:url\" content=\"https:\/\/www.visit-ulcinj.com\/blog\/2010\/02\/08\/dinosa-nijesam-podrzao-finalno-rjesenje\/\" \/>\n<meta property=\"og:site_name\" content=\"Lajme nga Ulqini\" \/>\n<meta property=\"article:published_time\" content=\"2010-02-08T17:33:19+00:00\" \/>\n<meta property=\"article:modified_time\" content=\"2010-02-08T17:42:27+00:00\" \/>\n<meta name=\"twitter:label1\" content=\"Written by\" \/>\n\t<meta name=\"twitter:data1\" content=\"ulqini\" \/>\n\t<meta name=\"twitter:label2\" content=\"Est. reading time\" \/>\n\t<meta name=\"twitter:data2\" content=\"3 minutes\" \/>\n<script type=\"application\/ld+json\" class=\"yoast-schema-graph\">{\"@context\":\"https:\/\/schema.org\",\"@graph\":[{\"@type\":\"WebSite\",\"@id\":\"https:\/\/www.visit-ulcinj.com\/blog\/#website\",\"url\":\"https:\/\/www.visit-ulcinj.com\/blog\/\",\"name\":\"Lajme nga Ulqini\",\"description\":\"Lajme,Vijesti,Ulqini,Ulqin,Crna Gora,Mali i Zi\",\"potentialAction\":[{\"@type\":\"SearchAction\",\"target\":{\"@type\":\"EntryPoint\",\"urlTemplate\":\"https:\/\/www.visit-ulcinj.com\/blog\/?s={search_term_string}\"},\"query-input\":\"required name=search_term_string\"}],\"inLanguage\":\"en-US\"},{\"@type\":\"WebPage\",\"@id\":\"https:\/\/www.visit-ulcinj.com\/blog\/2010\/02\/08\/dinosa-nijesam-podrzao-finalno-rjesenje\/#webpage\",\"url\":\"https:\/\/www.visit-ulcinj.com\/blog\/2010\/02\/08\/dinosa-nijesam-podrzao-finalno-rjesenje\/\",\"name\":\"Dino\u0161a: Nijesam podr\u017eao finalno rje\u0161enje - Video - Lajme nga Ulqini\",\"isPartOf\":{\"@id\":\"https:\/\/www.visit-ulcinj.com\/blog\/#website\"},\"datePublished\":\"2010-02-08T17:33:19+00:00\",\"dateModified\":\"2010-02-08T17:42:27+00:00\",\"author\":{\"@id\":\"https:\/\/www.visit-ulcinj.com\/blog\/#\/schema\/person\/dcab619c614d3038751c63bc2aadc06d\"},\"description\":\"Predsjednik DUA o nesuglasicama u radnoj grupi za izradu izbornog zakona Podgorica - Predsjednik Demokratske unije Albanaca Ferhat Dino\u0161a negirao je da je\",\"breadcrumb\":{\"@id\":\"https:\/\/www.visit-ulcinj.com\/blog\/2010\/02\/08\/dinosa-nijesam-podrzao-finalno-rjesenje\/#breadcrumb\"},\"inLanguage\":\"en-US\",\"potentialAction\":[{\"@type\":\"ReadAction\",\"target\":[\"https:\/\/www.visit-ulcinj.com\/blog\/2010\/02\/08\/dinosa-nijesam-podrzao-finalno-rjesenje\/\"]}]},{\"@type\":\"BreadcrumbList\",\"@id\":\"https:\/\/www.visit-ulcinj.com\/blog\/2010\/02\/08\/dinosa-nijesam-podrzao-finalno-rjesenje\/#breadcrumb\",\"itemListElement\":[{\"@type\":\"ListItem\",\"position\":1,\"name\":\"Dino\u0161a: Nijesam podr\u017eao finalno rje\u0161enje &#8211; Video\"}]},{\"@type\":\"Person\",\"@id\":\"https:\/\/www.visit-ulcinj.com\/blog\/#\/schema\/person\/dcab619c614d3038751c63bc2aadc06d\",\"name\":\"ulqini\",\"sameAs\":[\"http:\/\/www.visit-ulcinj.com\"],\"url\":\"https:\/\/www.visit-ulcinj.com\/blog\/author\/admin\/\"}]}<\/script>\n<!-- \/ Yoast SEO plugin. -->","yoast_head_json":{"title":"Dino\u0161a: Nijesam podr\u017eao finalno rje\u0161enje - Video - Lajme nga Ulqini","description":"Predsjednik DUA o nesuglasicama u radnoj grupi za izradu izbornog zakona Podgorica - Predsjednik Demokratske unije Albanaca Ferhat Dino\u0161a negirao je da je","robots":{"index":"index","follow":"follow","max-snippet":"max-snippet:-1","max-image-preview":"max-image-preview:large","max-video-preview":"max-video-preview:-1"},"canonical":"https:\/\/www.visit-ulcinj.com\/blog\/2010\/02\/08\/dinosa-nijesam-podrzao-finalno-rjesenje\/","og_locale":"en_US","og_type":"article","og_title":"Dino\u0161a: Nijesam podr\u017eao finalno rje\u0161enje - Video - Lajme nga Ulqini","og_description":"Predsjednik DUA o nesuglasicama u radnoj grupi za izradu izbornog zakona Podgorica - Predsjednik Demokratske unije Albanaca Ferhat Dino\u0161a negirao je da je","og_url":"https:\/\/www.visit-ulcinj.com\/blog\/2010\/02\/08\/dinosa-nijesam-podrzao-finalno-rjesenje\/","og_site_name":"Lajme nga Ulqini","article_published_time":"2010-02-08T17:33:19+00:00","article_modified_time":"2010-02-08T17:42:27+00:00","twitter_misc":{"Written by":"ulqini","Est. reading time":"3 minutes"},"schema":{"@context":"https:\/\/schema.org","@graph":[{"@type":"WebSite","@id":"https:\/\/www.visit-ulcinj.com\/blog\/#website","url":"https:\/\/www.visit-ulcinj.com\/blog\/","name":"Lajme nga Ulqini","description":"Lajme,Vijesti,Ulqini,Ulqin,Crna Gora,Mali i Zi","potentialAction":[{"@type":"SearchAction","target":{"@type":"EntryPoint","urlTemplate":"https:\/\/www.visit-ulcinj.com\/blog\/?s={search_term_string}"},"query-input":"required name=search_term_string"}],"inLanguage":"en-US"},{"@type":"WebPage","@id":"https:\/\/www.visit-ulcinj.com\/blog\/2010\/02\/08\/dinosa-nijesam-podrzao-finalno-rjesenje\/#webpage","url":"https:\/\/www.visit-ulcinj.com\/blog\/2010\/02\/08\/dinosa-nijesam-podrzao-finalno-rjesenje\/","name":"Dino\u0161a: Nijesam podr\u017eao finalno rje\u0161enje - Video - Lajme nga Ulqini","isPartOf":{"@id":"https:\/\/www.visit-ulcinj.com\/blog\/#website"},"datePublished":"2010-02-08T17:33:19+00:00","dateModified":"2010-02-08T17:42:27+00:00","author":{"@id":"https:\/\/www.visit-ulcinj.com\/blog\/#\/schema\/person\/dcab619c614d3038751c63bc2aadc06d"},"description":"Predsjednik DUA o nesuglasicama u radnoj grupi za izradu izbornog zakona Podgorica - Predsjednik Demokratske unije Albanaca Ferhat Dino\u0161a negirao je da je","breadcrumb":{"@id":"https:\/\/www.visit-ulcinj.com\/blog\/2010\/02\/08\/dinosa-nijesam-podrzao-finalno-rjesenje\/#breadcrumb"},"inLanguage":"en-US","potentialAction":[{"@type":"ReadAction","target":["https:\/\/www.visit-ulcinj.com\/blog\/2010\/02\/08\/dinosa-nijesam-podrzao-finalno-rjesenje\/"]}]},{"@type":"BreadcrumbList","@id":"https:\/\/www.visit-ulcinj.com\/blog\/2010\/02\/08\/dinosa-nijesam-podrzao-finalno-rjesenje\/#breadcrumb","itemListElement":[{"@type":"ListItem","position":1,"name":"Dino\u0161a: Nijesam podr\u017eao finalno rje\u0161enje &#8211; Video"}]},{"@type":"Person","@id":"https:\/\/www.visit-ulcinj.com\/blog\/#\/schema\/person\/dcab619c614d3038751c63bc2aadc06d","name":"ulqini","sameAs":["http:\/\/www.visit-ulcinj.com"],"url":"https:\/\/www.visit-ulcinj.com\/blog\/author\/admin\/"}]}},"jetpack_featured_media_url":"","jetpack_sharing_enabled":true,"jetpack_shortlink":"https:\/\/wp.me\/pe6lTn-7QH","_links":{"self":[{"href":"https:\/\/www.visit-ulcinj.com\/blog\/wp-json\/wp\/v2\/posts\/30175"}],"collection":[{"href":"https:\/\/www.visit-ulcinj.com\/blog\/wp-json\/wp\/v2\/posts"}],"about":[{"href":"https:\/\/www.visit-ulcinj.com\/blog\/wp-json\/wp\/v2\/types\/post"}],"author":[{"embeddable":true,"href":"https:\/\/www.visit-ulcinj.com\/blog\/wp-json\/wp\/v2\/users\/1"}],"replies":[{"embeddable":true,"href":"https:\/\/www.visit-ulcinj.com\/blog\/wp-json\/wp\/v2\/comments?post=30175"}],"version-history":[{"count":0,"href":"https:\/\/www.visit-ulcinj.com\/blog\/wp-json\/wp\/v2\/posts\/30175\/revisions"}],"wp:attachment":[{"href":"https:\/\/www.visit-ulcinj.com\/blog\/wp-json\/wp\/v2\/media?parent=30175"}],"wp:term":[{"taxonomy":"category","embeddable":true,"href":"https:\/\/www.visit-ulcinj.com\/blog\/wp-json\/wp\/v2\/categories?post=30175"},{"taxonomy":"post_tag","embeddable":true,"href":"https:\/\/www.visit-ulcinj.com\/blog\/wp-json\/wp\/v2\/tags?post=30175"}],"curies":[{"name":"wp","href":"https:\/\/api.w.org\/{rel}","templated":true}]}}