{"id":30182,"date":"2010-02-08T20:37:11","date_gmt":"2010-02-08T18:37:11","guid":{"rendered":"http:\/\/www.visit-ulcinj.com\/blog\/?p=30182"},"modified":"2010-02-08T20:37:11","modified_gmt":"2010-02-08T18:37:11","slug":"aksion-tremujor-per-pastrimin-e-liqenit-te-shkodres-video","status":"publish","type":"post","link":"https:\/\/www.visit-ulcinj.com\/blog\/2010\/02\/08\/aksion-tremujor-per-pastrimin-e-liqenit-te-shkodres-video\/","title":{"rendered":"Aksion tremujor p\u00ebr pastrimin e liqenit t\u00eb Shkodr\u00ebs &#8211; Video"},"content":{"rendered":"<p><a href=\"http:\/\/www.visit-ulcinj.com\/blog\/wp-content\/uploads\/2010\/02\/Liqeni-i-Shkodres.jpg\"><img loading=\"lazy\" class=\"alignleft size-full wp-image-30184\" title=\"Liqeni i Shkodres\" src=\"http:\/\/www.visit-ulcinj.com\/blog\/wp-content\/uploads\/2010\/02\/Liqeni-i-Shkodres.jpg\" alt=\"Liqeni i Shkodres\" width=\"580\" height=\"400\" \/><\/a>Ulqin, 6 shkurt &#8211; Ministria e Rregullimit Hap\u00ebsinor dhe Mjedisit e Malit t\u00eb Zi nisi aksionin tremujor p\u00ebr pastrimin e liqenit t\u00eb Shkodr\u00ebs nga ndotjet e m\u00ebdha t\u00eb krijuara nga p\u00ebrmbytjet e muajit t\u00eb kaluar.<br \/>\nNdihm\u00ebsministri i k\u00ebsaj ministrie, Sinisha Stankoviq, tha dit\u00ebn e shtun\u00eb se ky aksion do t\u00eb zhvillohet n\u00eb 53 lokacionet m\u00eb t\u00eb prekura nga prurjet e ndryshme l\u00ebndore n\u00eb liqen.<br \/>\nAi shtoi se do t\u00eb nis\u00eb edhe realizimi i projektit t\u00eb montimit t\u00eb rrjetave p\u00ebr filtrimin e l\u00ebnd\u00ebve t\u00eb ngurta n\u00eb liqen, t\u00eb cilin e financon qeveria austriake.<br \/>\n\u201cDo t\u00eb p\u00ebrpiqemi q\u00eb merremi vesh me organet p\u00ebrkat\u00ebse t\u00eb Shkodr\u00ebs q\u00eb nj\u00eb struktur\u00eb t\u00eb ngjashme mbrojt\u00ebse ta instalojm\u00eb n\u00eb lumin nd\u00ebrkufitar t\u00eb Bun\u00ebs p\u00ebr t\u00eb mbrojtur ishullin Ada dhe Plazhin e Madh n\u00eb territorin e komun\u00ebs s\u00eb Ulqinit\u201d,- shprehet Stankoviq.<br \/>\nDrejtori i Nd\u00ebrmarrjes Publike \u201cParku nacional liqeni i Shkodr\u00ebs\u201d, Zoran Merdak, thot\u00eb se p\u00ebrmbytjet i kan\u00eb sjell\u00eb d\u00ebme t\u00eb m\u00ebdha edhe flor\u00ebs e faun\u00ebs n\u00eb ishuj e brigjet e liqenit t\u00eb Shkodr\u00ebs dhe lumit Buna. Jan\u00eb rrezikuar t\u00eb gjitha \u00e7erdhet e pelikan\u00ebve, edhe ne urgjentisht do t\u00eb vendosim \u00e7erdhet artificiale\u201d,- shprehet Merdak.<br \/>\nNd\u00ebrkaq, studiuesi i njohur shkodran, Ahmet Osja, n\u00eb nj\u00eb tribun\u00eb me qytetar\u00eb n\u00eb An\u00eb t\u00eb Malit, komuna e Ulqinit, porositi popullat\u00ebn vendore q\u00eb t\u00eb pastrojn\u00eb nga mbeturinat lumin Buna dhe delt\u00ebn e tij, sepse nuk \u00ebsht\u00eb vet\u00ebm perl\u00eb e Detit Adriatik, por potencial i ardhm\u00ebris\u00eb turistike dhe bujq\u00ebsore n\u00eb t\u00ebr\u00eb an\u00ebt e kufirit, Ulqinit e Shkodr\u00ebs.<\/p>\n<p><strong><br \/>\nKoha Net<\/strong><strong><\/p>\n<p>Video RTV IN<br \/>\n[flv width=&#8221;580&#8243; height=&#8221;400&#8243;]http:\/\/www.rtvin.me\/flv\/07_02_post_jezero.flv[\/flv]<\/strong><\/p>\n","protected":false},"excerpt":{"rendered":"<p>Ulqin, 6 shkurt &#8211; Ministria e Rregullimit Hap\u00ebsinor dhe Mjedisit e Malit t\u00eb Zi nisi aksionin tremujor p\u00ebr pastrimin e liqenit t\u00eb Shkodr\u00ebs nga ndotjet e m\u00ebdha t\u00eb krijuara nga p\u00ebrmbytjet e muajit t\u00eb kaluar. Ndihm\u00ebsministri i k\u00ebsaj ministrie, Sinisha Stankoviq, tha dit\u00ebn e shtun\u00eb se ky aksion do t\u00eb zhvillohet n\u00eb 53 lokacionet m\u00eb [&hellip;]<\/p>\n","protected":false},"author":1,"featured_media":0,"comment_status":"open","ping_status":"closed","sticky":false,"template":"","format":"standard","meta":{"spay_email":"","jetpack_publicize_message":"","jetpack_is_tweetstorm":false,"jetpack_publicize_feature_enabled":true},"categories":[14],"tags":[12138],"jetpack_publicize_connections":[],"yoast_head":"<!-- This site is optimized with the Yoast SEO plugin v19.1 - https:\/\/yoast.com\/wordpress\/plugins\/seo\/ -->\n<title>Aksion tremujor p\u00ebr pastrimin e liqenit t\u00eb Shkodr\u00ebs - Video - Lajme nga Ulqini<\/title>\n<meta name=\"description\" content=\"Ulqin, 6 shkurt - Ministria e Rregullimit Hap\u00ebsinor dhe Mjedisit e Malit t\u00eb Zi nisi aksionin tremujor p\u00ebr pastrimin e liqenit t\u00eb Shkodr\u00ebs nga ndotjet e\" \/>\n<meta name=\"robots\" content=\"index, follow, max-snippet:-1, max-image-preview:large, max-video-preview:-1\" \/>\n<link rel=\"canonical\" href=\"https:\/\/www.visit-ulcinj.com\/blog\/2010\/02\/08\/aksion-tremujor-per-pastrimin-e-liqenit-te-shkodres-video\/\" \/>\n<meta property=\"og:locale\" content=\"en_US\" \/>\n<meta property=\"og:type\" content=\"article\" \/>\n<meta property=\"og:title\" content=\"Aksion tremujor p\u00ebr pastrimin e liqenit t\u00eb Shkodr\u00ebs - Video - Lajme nga Ulqini\" \/>\n<meta property=\"og:description\" content=\"Ulqin, 6 shkurt - Ministria e Rregullimit Hap\u00ebsinor dhe Mjedisit e Malit t\u00eb Zi nisi aksionin tremujor p\u00ebr pastrimin e liqenit t\u00eb Shkodr\u00ebs nga ndotjet e\" \/>\n<meta property=\"og:url\" content=\"https:\/\/www.visit-ulcinj.com\/blog\/2010\/02\/08\/aksion-tremujor-per-pastrimin-e-liqenit-te-shkodres-video\/\" \/>\n<meta property=\"og:site_name\" content=\"Lajme nga Ulqini\" \/>\n<meta property=\"article:published_time\" content=\"2010-02-08T18:37:11+00:00\" \/>\n<meta property=\"og:image\" content=\"http:\/\/www.visit-ulcinj.com\/blog\/wp-content\/uploads\/2010\/02\/Liqeni-i-Shkodres.jpg\" \/>\n<meta name=\"twitter:label1\" content=\"Written by\" \/>\n\t<meta name=\"twitter:data1\" content=\"ulqini\" \/>\n\t<meta name=\"twitter:label2\" content=\"Est. reading time\" \/>\n\t<meta name=\"twitter:data2\" content=\"1 minute\" \/>\n<script type=\"application\/ld+json\" class=\"yoast-schema-graph\">{\"@context\":\"https:\/\/schema.org\",\"@graph\":[{\"@type\":\"WebSite\",\"@id\":\"https:\/\/www.visit-ulcinj.com\/blog\/#website\",\"url\":\"https:\/\/www.visit-ulcinj.com\/blog\/\",\"name\":\"Lajme nga Ulqini\",\"description\":\"Lajme,Vijesti,Ulqini,Ulqin,Crna Gora,Mali i Zi\",\"potentialAction\":[{\"@type\":\"SearchAction\",\"target\":{\"@type\":\"EntryPoint\",\"urlTemplate\":\"https:\/\/www.visit-ulcinj.com\/blog\/?s={search_term_string}\"},\"query-input\":\"required name=search_term_string\"}],\"inLanguage\":\"en-US\"},{\"@type\":\"ImageObject\",\"inLanguage\":\"en-US\",\"@id\":\"https:\/\/www.visit-ulcinj.com\/blog\/2010\/02\/08\/aksion-tremujor-per-pastrimin-e-liqenit-te-shkodres-video\/#primaryimage\",\"url\":\"https:\/\/www.visit-ulcinj.com\/blog\/wp-content\/uploads\/2010\/02\/Liqeni-i-Shkodres.jpg\",\"contentUrl\":\"https:\/\/www.visit-ulcinj.com\/blog\/wp-content\/uploads\/2010\/02\/Liqeni-i-Shkodres.jpg\",\"width\":\"1472\",\"height\":\"894\"},{\"@type\":\"WebPage\",\"@id\":\"https:\/\/www.visit-ulcinj.com\/blog\/2010\/02\/08\/aksion-tremujor-per-pastrimin-e-liqenit-te-shkodres-video\/#webpage\",\"url\":\"https:\/\/www.visit-ulcinj.com\/blog\/2010\/02\/08\/aksion-tremujor-per-pastrimin-e-liqenit-te-shkodres-video\/\",\"name\":\"Aksion tremujor p\u00ebr pastrimin e liqenit t\u00eb Shkodr\u00ebs - Video - Lajme nga Ulqini\",\"isPartOf\":{\"@id\":\"https:\/\/www.visit-ulcinj.com\/blog\/#website\"},\"primaryImageOfPage\":{\"@id\":\"https:\/\/www.visit-ulcinj.com\/blog\/2010\/02\/08\/aksion-tremujor-per-pastrimin-e-liqenit-te-shkodres-video\/#primaryimage\"},\"datePublished\":\"2010-02-08T18:37:11+00:00\",\"dateModified\":\"2010-02-08T18:37:11+00:00\",\"author\":{\"@id\":\"https:\/\/www.visit-ulcinj.com\/blog\/#\/schema\/person\/dcab619c614d3038751c63bc2aadc06d\"},\"description\":\"Ulqin, 6 shkurt - Ministria e Rregullimit Hap\u00ebsinor dhe Mjedisit e Malit t\u00eb Zi nisi aksionin tremujor p\u00ebr pastrimin e liqenit t\u00eb Shkodr\u00ebs nga ndotjet e\",\"breadcrumb\":{\"@id\":\"https:\/\/www.visit-ulcinj.com\/blog\/2010\/02\/08\/aksion-tremujor-per-pastrimin-e-liqenit-te-shkodres-video\/#breadcrumb\"},\"inLanguage\":\"en-US\",\"potentialAction\":[{\"@type\":\"ReadAction\",\"target\":[\"https:\/\/www.visit-ulcinj.com\/blog\/2010\/02\/08\/aksion-tremujor-per-pastrimin-e-liqenit-te-shkodres-video\/\"]}]},{\"@type\":\"BreadcrumbList\",\"@id\":\"https:\/\/www.visit-ulcinj.com\/blog\/2010\/02\/08\/aksion-tremujor-per-pastrimin-e-liqenit-te-shkodres-video\/#breadcrumb\",\"itemListElement\":[{\"@type\":\"ListItem\",\"position\":1,\"name\":\"Aksion tremujor p\u00ebr pastrimin e liqenit t\u00eb Shkodr\u00ebs &#8211; Video\"}]},{\"@type\":\"Person\",\"@id\":\"https:\/\/www.visit-ulcinj.com\/blog\/#\/schema\/person\/dcab619c614d3038751c63bc2aadc06d\",\"name\":\"ulqini\",\"sameAs\":[\"http:\/\/www.visit-ulcinj.com\"],\"url\":\"https:\/\/www.visit-ulcinj.com\/blog\/author\/admin\/\"}]}<\/script>\n<!-- \/ Yoast SEO plugin. -->","yoast_head_json":{"title":"Aksion tremujor p\u00ebr pastrimin e liqenit t\u00eb Shkodr\u00ebs - Video - Lajme nga Ulqini","description":"Ulqin, 6 shkurt - Ministria e Rregullimit Hap\u00ebsinor dhe Mjedisit e Malit t\u00eb Zi nisi aksionin tremujor p\u00ebr pastrimin e liqenit t\u00eb Shkodr\u00ebs nga ndotjet e","robots":{"index":"index","follow":"follow","max-snippet":"max-snippet:-1","max-image-preview":"max-image-preview:large","max-video-preview":"max-video-preview:-1"},"canonical":"https:\/\/www.visit-ulcinj.com\/blog\/2010\/02\/08\/aksion-tremujor-per-pastrimin-e-liqenit-te-shkodres-video\/","og_locale":"en_US","og_type":"article","og_title":"Aksion tremujor p\u00ebr pastrimin e liqenit t\u00eb Shkodr\u00ebs - Video - Lajme nga Ulqini","og_description":"Ulqin, 6 shkurt - Ministria e Rregullimit Hap\u00ebsinor dhe Mjedisit e Malit t\u00eb Zi nisi aksionin tremujor p\u00ebr pastrimin e liqenit t\u00eb Shkodr\u00ebs nga ndotjet e","og_url":"https:\/\/www.visit-ulcinj.com\/blog\/2010\/02\/08\/aksion-tremujor-per-pastrimin-e-liqenit-te-shkodres-video\/","og_site_name":"Lajme nga Ulqini","article_published_time":"2010-02-08T18:37:11+00:00","og_image":[{"url":"http:\/\/www.visit-ulcinj.com\/blog\/wp-content\/uploads\/2010\/02\/Liqeni-i-Shkodres.jpg"}],"twitter_misc":{"Written by":"ulqini","Est. reading time":"1 minute"},"schema":{"@context":"https:\/\/schema.org","@graph":[{"@type":"WebSite","@id":"https:\/\/www.visit-ulcinj.com\/blog\/#website","url":"https:\/\/www.visit-ulcinj.com\/blog\/","name":"Lajme nga Ulqini","description":"Lajme,Vijesti,Ulqini,Ulqin,Crna Gora,Mali i Zi","potentialAction":[{"@type":"SearchAction","target":{"@type":"EntryPoint","urlTemplate":"https:\/\/www.visit-ulcinj.com\/blog\/?s={search_term_string}"},"query-input":"required name=search_term_string"}],"inLanguage":"en-US"},{"@type":"ImageObject","inLanguage":"en-US","@id":"https:\/\/www.visit-ulcinj.com\/blog\/2010\/02\/08\/aksion-tremujor-per-pastrimin-e-liqenit-te-shkodres-video\/#primaryimage","url":"https:\/\/www.visit-ulcinj.com\/blog\/wp-content\/uploads\/2010\/02\/Liqeni-i-Shkodres.jpg","contentUrl":"https:\/\/www.visit-ulcinj.com\/blog\/wp-content\/uploads\/2010\/02\/Liqeni-i-Shkodres.jpg","width":"1472","height":"894"},{"@type":"WebPage","@id":"https:\/\/www.visit-ulcinj.com\/blog\/2010\/02\/08\/aksion-tremujor-per-pastrimin-e-liqenit-te-shkodres-video\/#webpage","url":"https:\/\/www.visit-ulcinj.com\/blog\/2010\/02\/08\/aksion-tremujor-per-pastrimin-e-liqenit-te-shkodres-video\/","name":"Aksion tremujor p\u00ebr pastrimin e liqenit t\u00eb Shkodr\u00ebs - Video - Lajme nga Ulqini","isPartOf":{"@id":"https:\/\/www.visit-ulcinj.com\/blog\/#website"},"primaryImageOfPage":{"@id":"https:\/\/www.visit-ulcinj.com\/blog\/2010\/02\/08\/aksion-tremujor-per-pastrimin-e-liqenit-te-shkodres-video\/#primaryimage"},"datePublished":"2010-02-08T18:37:11+00:00","dateModified":"2010-02-08T18:37:11+00:00","author":{"@id":"https:\/\/www.visit-ulcinj.com\/blog\/#\/schema\/person\/dcab619c614d3038751c63bc2aadc06d"},"description":"Ulqin, 6 shkurt - Ministria e Rregullimit Hap\u00ebsinor dhe Mjedisit e Malit t\u00eb Zi nisi aksionin tremujor p\u00ebr pastrimin e liqenit t\u00eb Shkodr\u00ebs nga ndotjet e","breadcrumb":{"@id":"https:\/\/www.visit-ulcinj.com\/blog\/2010\/02\/08\/aksion-tremujor-per-pastrimin-e-liqenit-te-shkodres-video\/#breadcrumb"},"inLanguage":"en-US","potentialAction":[{"@type":"ReadAction","target":["https:\/\/www.visit-ulcinj.com\/blog\/2010\/02\/08\/aksion-tremujor-per-pastrimin-e-liqenit-te-shkodres-video\/"]}]},{"@type":"BreadcrumbList","@id":"https:\/\/www.visit-ulcinj.com\/blog\/2010\/02\/08\/aksion-tremujor-per-pastrimin-e-liqenit-te-shkodres-video\/#breadcrumb","itemListElement":[{"@type":"ListItem","position":1,"name":"Aksion tremujor p\u00ebr pastrimin e liqenit t\u00eb Shkodr\u00ebs &#8211; Video"}]},{"@type":"Person","@id":"https:\/\/www.visit-ulcinj.com\/blog\/#\/schema\/person\/dcab619c614d3038751c63bc2aadc06d","name":"ulqini","sameAs":["http:\/\/www.visit-ulcinj.com"],"url":"https:\/\/www.visit-ulcinj.com\/blog\/author\/admin\/"}]}},"jetpack_featured_media_url":"","jetpack_sharing_enabled":true,"jetpack_shortlink":"https:\/\/wp.me\/pe6lTn-7QO","_links":{"self":[{"href":"https:\/\/www.visit-ulcinj.com\/blog\/wp-json\/wp\/v2\/posts\/30182"}],"collection":[{"href":"https:\/\/www.visit-ulcinj.com\/blog\/wp-json\/wp\/v2\/posts"}],"about":[{"href":"https:\/\/www.visit-ulcinj.com\/blog\/wp-json\/wp\/v2\/types\/post"}],"author":[{"embeddable":true,"href":"https:\/\/www.visit-ulcinj.com\/blog\/wp-json\/wp\/v2\/users\/1"}],"replies":[{"embeddable":true,"href":"https:\/\/www.visit-ulcinj.com\/blog\/wp-json\/wp\/v2\/comments?post=30182"}],"version-history":[{"count":0,"href":"https:\/\/www.visit-ulcinj.com\/blog\/wp-json\/wp\/v2\/posts\/30182\/revisions"}],"wp:attachment":[{"href":"https:\/\/www.visit-ulcinj.com\/blog\/wp-json\/wp\/v2\/media?parent=30182"}],"wp:term":[{"taxonomy":"category","embeddable":true,"href":"https:\/\/www.visit-ulcinj.com\/blog\/wp-json\/wp\/v2\/categories?post=30182"},{"taxonomy":"post_tag","embeddable":true,"href":"https:\/\/www.visit-ulcinj.com\/blog\/wp-json\/wp\/v2\/tags?post=30182"}],"curies":[{"name":"wp","href":"https:\/\/api.w.org\/{rel}","templated":true}]}}