{"id":30187,"date":"2010-02-08T20:51:07","date_gmt":"2010-02-08T18:51:07","guid":{"rendered":"http:\/\/www.visit-ulcinj.com\/blog\/?p=30187"},"modified":"2010-02-08T20:51:07","modified_gmt":"2010-02-08T18:51:07","slug":"nora-istrefi-aksident-me-makine-ne-tirane","status":"publish","type":"post","link":"https:\/\/www.visit-ulcinj.com\/blog\/2010\/02\/08\/nora-istrefi-aksident-me-makine-ne-tirane\/","title":{"rendered":"Nora Istrefi, aksident me makine ne Tirane"},"content":{"rendered":"<p><a href=\"http:\/\/www.visit-ulcinj.com\/blog\/wp-content\/uploads\/2010\/02\/Nora-Istrefi-Robert-Berisha.jpg\"><img loading=\"lazy\" class=\"alignleft size-full wp-image-30188\" title=\"Nora Istrefi &amp; Robert Berisha\" src=\"http:\/\/www.visit-ulcinj.com\/blog\/wp-content\/uploads\/2010\/02\/Nora-Istrefi-Robert-Berisha.jpg\" alt=\"Nora Istrefi &amp; Robert Berisha\" width=\"580\" height=\"400\" \/><\/a>Nuk ka qen\u00eb aspak e k\u00ebndshme vizita e fundit e Nora Istrefit n\u00eb Tiran\u00eb. Teksa po b\u00ebnte nj\u00eb xhiro me makin\u00eb n\u00eb zon\u00ebn e ish-Bllokut, ajo \u00ebsht\u00eb p\u00ebrplasur me nj\u00eb vajz\u00eb tjet\u00ebr nga kryeqyteti. Aksidenti u b\u00eb shkak p\u00ebr nj\u00eb debat mes tyre, madje k\u00ebng\u00ebtarja nuk ka k\u00ebrkuar aspak falje, por i ka th\u00ebn\u00eb asaj se ishte artiste, ishte pik\u00ebrisht Nora Istrefi. Por, vajz\u00ebs s\u00eb aksidentuar nuk i ka b\u00ebr\u00eb aspak p\u00ebrshtypje ky fakt, por i ka k\u00ebrkuar k\u00ebng\u00ebtares q\u00eb t\u2019i paguante d\u00ebmin, ndryshe do t\u00eb lajm\u00ebronte policin\u00eb. M\u00eb n\u00eb fund Nora \u00ebsht\u00eb dor\u00ebzuar, pasi e dinte se ishte fajtore n\u00eb incident. Kjo nuk \u00ebsht\u00eb hera e par\u00eb p\u00ebr Nor\u00ebn, pasi n\u00eb Prishtin\u00eb, policia e ka gjobitur disa her\u00eb p\u00ebr shpejt\u00ebsi t\u00eb lart\u00eb dhe parkim t\u00eb gabuar.<\/p>\n<p><a rel=\"nofollow\" href=\"http:\/\/www.balkanweb.com\/\" target=\"_blank\"> <\/a><strong>Bluetooth<br \/>\n[flv width=&#8221;580&#8243; height=&#8221;400&#8243;]http:\/\/www.youtube.com\/watch?v=3QQw4_qucE0[\/flv]<\/strong><\/p>\n","protected":false},"excerpt":{"rendered":"<p>Nuk ka qen\u00eb aspak e k\u00ebndshme vizita e fundit e Nora Istrefit n\u00eb Tiran\u00eb. Teksa po b\u00ebnte nj\u00eb xhiro me makin\u00eb n\u00eb zon\u00ebn e ish-Bllokut, ajo \u00ebsht\u00eb p\u00ebrplasur me nj\u00eb vajz\u00eb tjet\u00ebr nga kryeqyteti. Aksidenti u b\u00eb shkak p\u00ebr nj\u00eb debat mes tyre, madje k\u00ebng\u00ebtarja nuk ka k\u00ebrkuar aspak falje, por i ka th\u00ebn\u00eb asaj [&hellip;]<\/p>\n","protected":false},"author":1,"featured_media":0,"comment_status":"open","ping_status":"closed","sticky":false,"template":"","format":"standard","meta":{"spay_email":"","jetpack_publicize_message":"","jetpack_is_tweetstorm":false,"jetpack_publicize_feature_enabled":true},"categories":[1],"tags":[4939],"jetpack_publicize_connections":[],"yoast_head":"<!-- This site is optimized with the Yoast SEO plugin v19.1 - https:\/\/yoast.com\/wordpress\/plugins\/seo\/ -->\n<title>Nora Istrefi, aksident me makine ne Tirane - Lajme nga Ulqini<\/title>\n<meta name=\"description\" content=\"Nuk ka qen\u00eb aspak e k\u00ebndshme vizita e fundit e Nora Istrefit n\u00eb Tiran\u00eb. Teksa po b\u00ebnte nj\u00eb xhiro me makin\u00eb n\u00eb zon\u00ebn e ish-Bllokut, ajo \u00ebsht\u00eb p\u00ebrplasur me\" \/>\n<meta name=\"robots\" content=\"index, follow, max-snippet:-1, max-image-preview:large, max-video-preview:-1\" \/>\n<link rel=\"canonical\" href=\"https:\/\/www.visit-ulcinj.com\/blog\/2010\/02\/08\/nora-istrefi-aksident-me-makine-ne-tirane\/\" \/>\n<meta property=\"og:locale\" content=\"en_US\" \/>\n<meta property=\"og:type\" content=\"article\" \/>\n<meta property=\"og:title\" content=\"Nora Istrefi, aksident me makine ne Tirane - Lajme nga Ulqini\" \/>\n<meta property=\"og:description\" content=\"Nuk ka qen\u00eb aspak e k\u00ebndshme vizita e fundit e Nora Istrefit n\u00eb Tiran\u00eb. Teksa po b\u00ebnte nj\u00eb xhiro me makin\u00eb n\u00eb zon\u00ebn e ish-Bllokut, ajo \u00ebsht\u00eb p\u00ebrplasur me\" \/>\n<meta property=\"og:url\" content=\"https:\/\/www.visit-ulcinj.com\/blog\/2010\/02\/08\/nora-istrefi-aksident-me-makine-ne-tirane\/\" \/>\n<meta property=\"og:site_name\" content=\"Lajme nga Ulqini\" \/>\n<meta property=\"article:published_time\" content=\"2010-02-08T18:51:07+00:00\" \/>\n<meta property=\"og:image\" content=\"http:\/\/www.visit-ulcinj.com\/blog\/wp-content\/uploads\/2010\/02\/Nora-Istrefi-Robert-Berisha.jpg\" \/>\n<meta name=\"twitter:label1\" content=\"Written by\" \/>\n\t<meta name=\"twitter:data1\" content=\"ulqini\" \/>\n\t<meta name=\"twitter:label2\" content=\"Est. reading time\" \/>\n\t<meta name=\"twitter:data2\" content=\"1 minute\" \/>\n<script type=\"application\/ld+json\" class=\"yoast-schema-graph\">{\"@context\":\"https:\/\/schema.org\",\"@graph\":[{\"@type\":\"WebSite\",\"@id\":\"https:\/\/www.visit-ulcinj.com\/blog\/#website\",\"url\":\"https:\/\/www.visit-ulcinj.com\/blog\/\",\"name\":\"Lajme nga Ulqini\",\"description\":\"Lajme,Vijesti,Ulqini,Ulqin,Crna Gora,Mali i Zi\",\"potentialAction\":[{\"@type\":\"SearchAction\",\"target\":{\"@type\":\"EntryPoint\",\"urlTemplate\":\"https:\/\/www.visit-ulcinj.com\/blog\/?s={search_term_string}\"},\"query-input\":\"required name=search_term_string\"}],\"inLanguage\":\"en-US\"},{\"@type\":\"ImageObject\",\"inLanguage\":\"en-US\",\"@id\":\"https:\/\/www.visit-ulcinj.com\/blog\/2010\/02\/08\/nora-istrefi-aksident-me-makine-ne-tirane\/#primaryimage\",\"url\":\"http:\/\/www.visit-ulcinj.com\/blog\/wp-content\/uploads\/2010\/02\/Nora-Istrefi-Robert-Berisha.jpg\",\"contentUrl\":\"http:\/\/www.visit-ulcinj.com\/blog\/wp-content\/uploads\/2010\/02\/Nora-Istrefi-Robert-Berisha.jpg\"},{\"@type\":\"WebPage\",\"@id\":\"https:\/\/www.visit-ulcinj.com\/blog\/2010\/02\/08\/nora-istrefi-aksident-me-makine-ne-tirane\/#webpage\",\"url\":\"https:\/\/www.visit-ulcinj.com\/blog\/2010\/02\/08\/nora-istrefi-aksident-me-makine-ne-tirane\/\",\"name\":\"Nora Istrefi, aksident me makine ne Tirane - Lajme nga Ulqini\",\"isPartOf\":{\"@id\":\"https:\/\/www.visit-ulcinj.com\/blog\/#website\"},\"primaryImageOfPage\":{\"@id\":\"https:\/\/www.visit-ulcinj.com\/blog\/2010\/02\/08\/nora-istrefi-aksident-me-makine-ne-tirane\/#primaryimage\"},\"datePublished\":\"2010-02-08T18:51:07+00:00\",\"dateModified\":\"2010-02-08T18:51:07+00:00\",\"author\":{\"@id\":\"https:\/\/www.visit-ulcinj.com\/blog\/#\/schema\/person\/dcab619c614d3038751c63bc2aadc06d\"},\"description\":\"Nuk ka qen\u00eb aspak e k\u00ebndshme vizita e fundit e Nora Istrefit n\u00eb Tiran\u00eb. Teksa po b\u00ebnte nj\u00eb xhiro me makin\u00eb n\u00eb zon\u00ebn e ish-Bllokut, ajo \u00ebsht\u00eb p\u00ebrplasur me\",\"breadcrumb\":{\"@id\":\"https:\/\/www.visit-ulcinj.com\/blog\/2010\/02\/08\/nora-istrefi-aksident-me-makine-ne-tirane\/#breadcrumb\"},\"inLanguage\":\"en-US\",\"potentialAction\":[{\"@type\":\"ReadAction\",\"target\":[\"https:\/\/www.visit-ulcinj.com\/blog\/2010\/02\/08\/nora-istrefi-aksident-me-makine-ne-tirane\/\"]}]},{\"@type\":\"BreadcrumbList\",\"@id\":\"https:\/\/www.visit-ulcinj.com\/blog\/2010\/02\/08\/nora-istrefi-aksident-me-makine-ne-tirane\/#breadcrumb\",\"itemListElement\":[{\"@type\":\"ListItem\",\"position\":1,\"name\":\"Nora Istrefi, aksident me makine ne Tirane\"}]},{\"@type\":\"Person\",\"@id\":\"https:\/\/www.visit-ulcinj.com\/blog\/#\/schema\/person\/dcab619c614d3038751c63bc2aadc06d\",\"name\":\"ulqini\",\"sameAs\":[\"http:\/\/www.visit-ulcinj.com\"],\"url\":\"https:\/\/www.visit-ulcinj.com\/blog\/author\/admin\/\"}]}<\/script>\n<!-- \/ Yoast SEO plugin. -->","yoast_head_json":{"title":"Nora Istrefi, aksident me makine ne Tirane - Lajme nga Ulqini","description":"Nuk ka qen\u00eb aspak e k\u00ebndshme vizita e fundit e Nora Istrefit n\u00eb Tiran\u00eb. Teksa po b\u00ebnte nj\u00eb xhiro me makin\u00eb n\u00eb zon\u00ebn e ish-Bllokut, ajo \u00ebsht\u00eb p\u00ebrplasur me","robots":{"index":"index","follow":"follow","max-snippet":"max-snippet:-1","max-image-preview":"max-image-preview:large","max-video-preview":"max-video-preview:-1"},"canonical":"https:\/\/www.visit-ulcinj.com\/blog\/2010\/02\/08\/nora-istrefi-aksident-me-makine-ne-tirane\/","og_locale":"en_US","og_type":"article","og_title":"Nora Istrefi, aksident me makine ne Tirane - Lajme nga Ulqini","og_description":"Nuk ka qen\u00eb aspak e k\u00ebndshme vizita e fundit e Nora Istrefit n\u00eb Tiran\u00eb. Teksa po b\u00ebnte nj\u00eb xhiro me makin\u00eb n\u00eb zon\u00ebn e ish-Bllokut, ajo \u00ebsht\u00eb p\u00ebrplasur me","og_url":"https:\/\/www.visit-ulcinj.com\/blog\/2010\/02\/08\/nora-istrefi-aksident-me-makine-ne-tirane\/","og_site_name":"Lajme nga Ulqini","article_published_time":"2010-02-08T18:51:07+00:00","og_image":[{"url":"http:\/\/www.visit-ulcinj.com\/blog\/wp-content\/uploads\/2010\/02\/Nora-Istrefi-Robert-Berisha.jpg"}],"twitter_misc":{"Written by":"ulqini","Est. reading time":"1 minute"},"schema":{"@context":"https:\/\/schema.org","@graph":[{"@type":"WebSite","@id":"https:\/\/www.visit-ulcinj.com\/blog\/#website","url":"https:\/\/www.visit-ulcinj.com\/blog\/","name":"Lajme nga Ulqini","description":"Lajme,Vijesti,Ulqini,Ulqin,Crna Gora,Mali i Zi","potentialAction":[{"@type":"SearchAction","target":{"@type":"EntryPoint","urlTemplate":"https:\/\/www.visit-ulcinj.com\/blog\/?s={search_term_string}"},"query-input":"required name=search_term_string"}],"inLanguage":"en-US"},{"@type":"ImageObject","inLanguage":"en-US","@id":"https:\/\/www.visit-ulcinj.com\/blog\/2010\/02\/08\/nora-istrefi-aksident-me-makine-ne-tirane\/#primaryimage","url":"http:\/\/www.visit-ulcinj.com\/blog\/wp-content\/uploads\/2010\/02\/Nora-Istrefi-Robert-Berisha.jpg","contentUrl":"http:\/\/www.visit-ulcinj.com\/blog\/wp-content\/uploads\/2010\/02\/Nora-Istrefi-Robert-Berisha.jpg"},{"@type":"WebPage","@id":"https:\/\/www.visit-ulcinj.com\/blog\/2010\/02\/08\/nora-istrefi-aksident-me-makine-ne-tirane\/#webpage","url":"https:\/\/www.visit-ulcinj.com\/blog\/2010\/02\/08\/nora-istrefi-aksident-me-makine-ne-tirane\/","name":"Nora Istrefi, aksident me makine ne Tirane - Lajme nga Ulqini","isPartOf":{"@id":"https:\/\/www.visit-ulcinj.com\/blog\/#website"},"primaryImageOfPage":{"@id":"https:\/\/www.visit-ulcinj.com\/blog\/2010\/02\/08\/nora-istrefi-aksident-me-makine-ne-tirane\/#primaryimage"},"datePublished":"2010-02-08T18:51:07+00:00","dateModified":"2010-02-08T18:51:07+00:00","author":{"@id":"https:\/\/www.visit-ulcinj.com\/blog\/#\/schema\/person\/dcab619c614d3038751c63bc2aadc06d"},"description":"Nuk ka qen\u00eb aspak e k\u00ebndshme vizita e fundit e Nora Istrefit n\u00eb Tiran\u00eb. Teksa po b\u00ebnte nj\u00eb xhiro me makin\u00eb n\u00eb zon\u00ebn e ish-Bllokut, ajo \u00ebsht\u00eb p\u00ebrplasur me","breadcrumb":{"@id":"https:\/\/www.visit-ulcinj.com\/blog\/2010\/02\/08\/nora-istrefi-aksident-me-makine-ne-tirane\/#breadcrumb"},"inLanguage":"en-US","potentialAction":[{"@type":"ReadAction","target":["https:\/\/www.visit-ulcinj.com\/blog\/2010\/02\/08\/nora-istrefi-aksident-me-makine-ne-tirane\/"]}]},{"@type":"BreadcrumbList","@id":"https:\/\/www.visit-ulcinj.com\/blog\/2010\/02\/08\/nora-istrefi-aksident-me-makine-ne-tirane\/#breadcrumb","itemListElement":[{"@type":"ListItem","position":1,"name":"Nora Istrefi, aksident me makine ne Tirane"}]},{"@type":"Person","@id":"https:\/\/www.visit-ulcinj.com\/blog\/#\/schema\/person\/dcab619c614d3038751c63bc2aadc06d","name":"ulqini","sameAs":["http:\/\/www.visit-ulcinj.com"],"url":"https:\/\/www.visit-ulcinj.com\/blog\/author\/admin\/"}]}},"jetpack_featured_media_url":"","jetpack_sharing_enabled":true,"jetpack_shortlink":"https:\/\/wp.me\/pe6lTn-7QT","_links":{"self":[{"href":"https:\/\/www.visit-ulcinj.com\/blog\/wp-json\/wp\/v2\/posts\/30187"}],"collection":[{"href":"https:\/\/www.visit-ulcinj.com\/blog\/wp-json\/wp\/v2\/posts"}],"about":[{"href":"https:\/\/www.visit-ulcinj.com\/blog\/wp-json\/wp\/v2\/types\/post"}],"author":[{"embeddable":true,"href":"https:\/\/www.visit-ulcinj.com\/blog\/wp-json\/wp\/v2\/users\/1"}],"replies":[{"embeddable":true,"href":"https:\/\/www.visit-ulcinj.com\/blog\/wp-json\/wp\/v2\/comments?post=30187"}],"version-history":[{"count":0,"href":"https:\/\/www.visit-ulcinj.com\/blog\/wp-json\/wp\/v2\/posts\/30187\/revisions"}],"wp:attachment":[{"href":"https:\/\/www.visit-ulcinj.com\/blog\/wp-json\/wp\/v2\/media?parent=30187"}],"wp:term":[{"taxonomy":"category","embeddable":true,"href":"https:\/\/www.visit-ulcinj.com\/blog\/wp-json\/wp\/v2\/categories?post=30187"},{"taxonomy":"post_tag","embeddable":true,"href":"https:\/\/www.visit-ulcinj.com\/blog\/wp-json\/wp\/v2\/tags?post=30187"}],"curies":[{"name":"wp","href":"https:\/\/api.w.org\/{rel}","templated":true}]}}