{"id":30191,"date":"2010-02-08T21:10:52","date_gmt":"2010-02-08T19:10:52","guid":{"rendered":"http:\/\/www.visit-ulcinj.com\/blog\/?p=30191"},"modified":"2010-02-08T21:29:45","modified_gmt":"2010-02-08T19:29:45","slug":"ciljeta-mbush-25-vjec-ne-feste-edhe-shkelzen-berisha","status":"publish","type":"post","link":"https:\/\/www.visit-ulcinj.com\/blog\/2010\/02\/08\/ciljeta-mbush-25-vjec-ne-feste-edhe-shkelzen-berisha\/","title":{"rendered":"\u00c7iljeta mbush 25 vjec, ne feste edhe Shkelzen Berisha"},"content":{"rendered":"<p><a href=\"http:\/\/www.visit-ulcinj.com\/blog\/wp-content\/uploads\/2010\/02\/Ciljeta-Xhilaga1.jpg\"><img loading=\"lazy\" class=\"alignleft size-full wp-image-30192\" title=\"Ciljeta Xhilaga\" src=\"http:\/\/www.visit-ulcinj.com\/blog\/wp-content\/uploads\/2010\/02\/Ciljeta-Xhilaga1.jpg\" alt=\"Ciljeta Xhilaga\" width=\"400\" height=\"563\" \/><\/a>Ka mbushur 25 vje\u00e7 te enjten dhe ka vendosur t\u00eb b\u00ebj\u00eb nj\u00eb fest\u00eb shum\u00eb speciale. Si fillim ka menduar t\u00eb ftoj\u00eb t\u00eb gjith\u00eb koleg\u00ebt e saj k\u00ebng\u00ebtar\u00eb, t\u00eb muzik\u00ebs s\u00eb leht\u00eb dhe asaj popullore dhe m\u00eb pas disa nga ata q\u00eb mund t\u00eb jen\u00eb koleg\u00ebt e saj nes\u00ebr, kur ajo mbase do vendos\u00eb ta l\u00ebr\u00eb k\u00ebng\u00ebn dhe t\u00eb merret me politik\u00eb. Nuk ka patur p\u00ebrfaq\u00ebsues t\u00eb lart\u00eb nga Partia Demokratike p\u00ebrve\u00e7 Rajmonda Bulkut e cila \u00ebsht\u00eb deputete dhe prefektit t\u00eb Tiran\u00ebs Keltis Kruja, por kan\u00eb qen\u00eb t\u00eb shumt\u00eb z\u00ebdh\u00ebn\u00ebsit e rinj q\u00eb aderojn\u00eb edhe n\u00eb forumet rinore t\u00eb k\u00ebsaj partie. Surpriza? Edhe djali i kryeministrit Berisha, Shk\u00eblzeni nuk i ka rezistuar ftes\u00ebs s\u00eb \u00c7ilit, por ka vendosur t\u00eb jet\u00eb i pranish\u00ebm n\u00eb nj\u00eb mbr\u00ebmje t\u00eb paharrueshme p\u00ebr vet\u00eb protagonist\u00ebn por edhe p\u00ebr t\u00eb gjith\u00eb t\u00eb ftuarit.<\/p>\n<p><strong>Shk\u00eblzeni eviton paparac\u00ebt<\/strong><\/p>\n<p>Edhe pse \u00c7iljeta iu kishte premtuar t\u00eb ftuarve se festa do t\u00eb ishte private, pra pa pranin\u00eb e fotograf\u00ebve dhe gazetar\u00ebve, prezenca e tyre ka qen\u00eb e pashmangshme. Por ai q\u00eb duket se ka qen\u00eb m\u00eb i bezdisuri prej tyre, ishte djali i kryeministrit, Shk\u00eblzeni. Ai ka qen\u00eb shum\u00eb i kujdessh\u00ebm q\u00eb t\u00eb mos bjer\u00eb pre e blic\u00ebve duke ditur q\u00eb t\u00eb gjith\u00eb jan\u00eb kurioz\u00eb t\u00eb m\u00ebsojn\u00eb sa m\u00eb shum\u00eb p\u00ebr \u00e7do l\u00ebvizje t\u00eb tij, por gjithsesi nuk ka mundur t\u00eb shp\u00ebtoj\u00eb. Sipas miqve t\u00eb \u00c7iljet\u00ebs thuhet se kjo e fundit nuk ka ndonj\u00eb njohje t\u00eb af\u00ebrt me djalin e kryeministrit por ka preferuar q\u00eb edhe ai t\u00eb ishte n\u00eb fest\u00ebn e saj. Nga fotot duket se Shk\u00eblzeni si t\u00eb gjith\u00eb t\u00eb tjer\u00ebt, e ka shijuar mjaft atmosfer\u00ebn mes artist\u00ebsh.<\/p>\n<p><strong>Dhurata t\u00eb shtrenjta dhe shum\u00eb lule<\/strong><\/p>\n<p>\u00cbsht\u00eb e v\u00ebrtet\u00eb q\u00eb \u00c7iljeta ka zgjedhur nj\u00eb ambient tejet luksoz p\u00ebr t\u00eb sejdisur t\u00eb ftuarit e saj, madje thuhet se ka shpenzuar shum\u00eb para, por edhe t\u00eb ftuarti duket se nuk jan\u00eb kursyer.<br \/>\nSipas disa t\u00eb njohurve t\u00eb saj, thuhet se \u00c7iljeta ka marr\u00eb shum\u00eb dhurata dhe me vlera t\u00eb larta monetare. T\u00eb ftuarit nuk jan\u00eb mjaftuar vet\u00ebm me lule t\u00eb cilat kan\u00eb qen\u00eb t\u00eb shumta, por ata i kan\u00eb sjell\u00eb vajz\u00ebs seksi edhe bizhuteri t\u00eb shtrenjta, parfume, k\u00ebpuc\u00eb, \u00e7anta, rroba e shum\u00eb dhurata t\u00eb tjera m\u00eb s\u00eb shumti firmato. Thuhet se edhe Romeo i ka sjell\u00eb nj\u00eb unaz\u00eb, byzylyk dhe var\u00ebse t\u00eb shtrenjt\u00eb, por dhurat\u00ebn m\u00eb t\u00eb shtrenjt\u00eb ia kan\u00eb b\u00ebr\u00eb prind\u00ebrit e saj t\u00eb cil\u00ebt i kan\u00eb dhuruar vajz\u00ebs s\u00eb tyre t\u00eb vetme nj\u00eb unaz\u00eb me gur\u00eb diamanti. Edhe tort\u00ebn e dit\u00eblindjes ka preferuar q\u00eb t\u2019ia sjell\u00eb vet\u00eb i ati nd\u00ebrkoh\u00eb q\u00eb \u00c7iljeta ka hipur maj\u00eb t\u00eb nj\u00eb tavoline p\u00ebr t\u00eb fikur 25 qirinjt\u00eb. Nuk diaskutohet q\u00eb pamja e saj ka qen\u00eb perfekte, fal\u00eb hijeshis\u00eb q\u00eb i jepte fustani ngjyr\u00eb portokalli i firm\u00ebs Cavalli.<br \/>\n<a><img loading=\"lazy\" class=\"alignleft size-full wp-image-30199\" title=\"Ciljeta Xhilaga._ditlindja\" src=\"http:\/\/www.visit-ulcinj.com\/blog\/wp-content\/uploads\/2010\/02\/Ciljeta-Xhilaga._ditlindja.jpg\" alt=\"Ciljeta Xhilaga._ditlindja\" width=\"550\" height=\"347\" \/><\/a><\/p>\n<p><strong>\u00c7ili p\u00ebrs\u00ebri me Romeon<\/strong><\/p>\n<p>Duhej pik\u00ebrisht kjo fest\u00eb p\u00ebr t\u00eb m\u00ebsuar nj\u00eb her\u00eb e mir\u00eb n\u00ebse \u00c7iljeta vijon t\u00eb jet\u00eb akoma e lidhur me Romeon apo jan\u00eb ndar\u00eb, sipas disa z\u00ebrave q\u00eb qarkullonin prej koh\u00ebsh mbi k\u00ebt\u00eb dilem\u00eb. Dhe pik\u00ebrisht nat\u00ebn e fest\u00ebs s\u00eb dit\u00eblindjes s\u00eb saj, kemi marr\u00eb p\u00ebrgjigjen. \u00c7iljeta vijon t\u00eb jet\u00eb me Romeon dhe duket se lidhja e tyre po funksionon p\u00ebr mrekulli. Gjat\u00eb fest\u00ebs Romeo nuk ka qen\u00eb edhe aq aktiv. Atij nuk i p\u00eblqen t\u00eb jet\u00eb n\u00eb qend\u00ebr t\u00eb vemendjes dhe n\u00eb k\u00ebto raste preferon t\u00eb rrij\u00eb diku i shmangur nga njer\u00ebzit dhe aq m\u00eb shum\u00eb nga fotograf\u00ebt. Por duke qen\u00eb i dashuri i \u00c7iljet\u00ebs, shmangia \u00ebsht\u00eb thuajse e pamundur.<\/p>\n<p><strong>\u00c7iljeta zgjedh v\u00ebllez\u00ebrit kor\u00e7ar\u00eb p\u00ebr fest\u00eb<\/strong><\/p>\n<p>Megjith\u00ebse shumica e t\u00eb ftuarve ishin k\u00ebng\u00ebtar\u00eb, Endri dhe Stefi, dy v\u00ebllez\u00ebrti kor\u00e7ar\u00eb kan\u00eb qen\u00eb dy k\u00ebng\u00ebtar\u00ebt kryesor\u00eb t\u00eb fest\u00ebs. Ata kan\u00eb k\u00ebnduar gjith\u00eb repertorin e tyre, k\u00ebng\u00eb t\u00eb tjera shum\u00eb t\u00eb njohura p\u00ebr publikun dhe t\u00eb p\u00ebrshtatshme p\u00ebr nj\u00eb fest\u00eb t\u00eb till\u00eb por edhe serenata bashk\u00eb me \u00c7iljet\u00ebn. Ka qen\u00eb vet\u00eb \u00c7ili q\u00eb ka preferuar Endrin dhe Stefin p\u00ebr t\u00eb mbajtuar pesh\u00ebn kryesore n\u00eb fest\u00eb pa\u00e7ka se ata e kan\u00eb ndar\u00eb mikrofonin me shum\u00eb k\u00ebng\u00ebtar\u00eb t\u00eb tjer\u00eb gjat\u00eb dark\u00ebs.<\/p>\n<p><strong>Genti: \u201cFlori nuk i hapim kutit\u00eb\u201d<\/strong><\/p>\n<p>Me siguri duke shfryt\u00ebzuar dhe atmosfer\u00ebn disi t\u00eb tensionuar politke mes partis\u00eb socialiste dhe asaj demokratike, Genti i THSHBLSH ka dashur t\u00eb ngacmoj\u00eb pak Florin e WSF i cili si\u00e7 e dim\u00eb ka k\u00ebnduar kolon\u00ebn zanore t\u00eb partis\u00eb socialiste n\u00eb zgjedhjet e fundit. Genti e ka p\u00ebrsh\u00ebndetur me dy gishta lart si p\u00ebr t\u2019i treguar se k\u00ebtu ishte nj\u00eb ambient artist\u00ebsh por edhe ambient demokrat. Jan\u00eb pik\u00ebrisht ata q\u00eb ju thon\u00eb \u201cnuk i hapim kutit\u00eb\u201d- ka dashur t\u2019i thot\u00eb Genti. Por dihet q\u00eb artist\u00ebt edhe pse kan\u00eb simpati p\u00ebr nj\u00eb forc\u00eb t\u00eb caktuar politike nuk e shprehin tifozerin\u00eb e tyre n\u00eb m\u00ebnyr\u00eb aq demonstrative nga ato q\u00eb t\u00eb krijon bezdi.<\/p>\n<p><strong><a href=\"http:\/\/www.visit-ulcinj.com\/blog\/wp-content\/uploads\/2010\/02\/Ciljeta-Xhilaga_Sinan-Hoxha.jpg\"><img loading=\"lazy\" class=\"alignleft size-medium wp-image-30196\" title=\"Ciljeta Xhilaga_Sinan Hoxha\" src=\"http:\/\/www.visit-ulcinj.com\/blog\/wp-content\/uploads\/2010\/02\/Ciljeta-Xhilaga_Sinan-Hoxha-249x300.jpg\" alt=\"Ciljeta Xhilaga_Sinan Hoxha\" width=\"249\" height=\"300\" \/><\/a>Dit\u00eblindje apo das\u00ebm?<\/strong><br \/>\nTeksa shohim Sinan Hoxh\u00ebn, edhe ky nj\u00eb nga t\u00eb ftuarit e dit\u00eblindjes s\u00eb \u00c7iljet\u00ebs, me nj\u00eb 10 mij\u00eb lek\u00ebsh n\u00eb dor\u00eb, t\u00eb kujtohen atmosferat e dasmave, ku dh\u00ebndrit dhe nuses i hedhin para teksa k\u00ebrcejn\u00eb. Nuk e dim\u00eb se p\u00ebrse Sinani ka nxjerr\u00eb para dhe i ka mbajtur ashtu n\u00eb m\u00ebnyr\u00eb demostrative: p\u00ebr t\u00eb treguar se parat\u00eb nuk i mungojn\u00eb, kishte harruar t\u2019i blente nj\u00eb dhurat\u00eb \u00c7iljet\u00ebs dhe vendos t\u2019i jap\u00eb para, apo thjesht p\u00ebr t\u00eb b\u00ebr\u00eb pak shaka para aparatit t\u00eb paparacit ton\u00eb? Gjithsesi Sinani dhe Valbona Mema kan\u00eb qen\u00eb lezeti i mbr\u00ebmjes pasi nuk kan\u00eb ngurruar t\u00eb k\u00ebndojn\u00eb disa k\u00ebng\u00eb nga repertori i tyre t\u00eb cilat si\u00e7 dihet ndezin atmosfer\u00ebn e \u00e7do feste.<\/p>\n<p><strong>Panorama Plus<\/strong><\/p>\n<p><strong><!--YouTube Error: bad URL entered--><\/strong><\/p>\n","protected":false},"excerpt":{"rendered":"<p>Ka mbushur 25 vje\u00e7 te enjten dhe ka vendosur t\u00eb b\u00ebj\u00eb nj\u00eb fest\u00eb shum\u00eb speciale. Si fillim ka menduar t\u00eb ftoj\u00eb t\u00eb gjith\u00eb koleg\u00ebt e saj k\u00ebng\u00ebtar\u00eb, t\u00eb muzik\u00ebs s\u00eb leht\u00eb dhe asaj popullore dhe m\u00eb pas disa nga ata q\u00eb mund t\u00eb jen\u00eb koleg\u00ebt e saj nes\u00ebr, kur ajo mbase do vendos\u00eb ta l\u00ebr\u00eb [&hellip;]<\/p>\n","protected":false},"author":1,"featured_media":0,"comment_status":"open","ping_status":"closed","sticky":false,"template":"","format":"standard","meta":{"spay_email":"","jetpack_publicize_message":"","jetpack_is_tweetstorm":false,"jetpack_publicize_feature_enabled":true},"categories":[1],"tags":[5456],"jetpack_publicize_connections":[],"yoast_head":"<!-- This site is optimized with the Yoast SEO plugin v19.1 - https:\/\/yoast.com\/wordpress\/plugins\/seo\/ -->\n<title>\u00c7iljeta mbush 25 vjec, ne feste edhe Shkelzen Berisha - Lajme nga Ulqini<\/title>\n<meta name=\"description\" content=\"Ka mbushur 25 vje\u00e7 te enjten dhe ka vendosur t\u00eb b\u00ebj\u00eb nj\u00eb fest\u00eb shum\u00eb speciale. Si fillim ka menduar t\u00eb ftoj\u00eb t\u00eb gjith\u00eb koleg\u00ebt e saj k\u00ebng\u00ebtar\u00eb, t\u00eb muzik\u00ebs\" \/>\n<meta name=\"robots\" content=\"index, follow, max-snippet:-1, max-image-preview:large, max-video-preview:-1\" \/>\n<link rel=\"canonical\" href=\"https:\/\/www.visit-ulcinj.com\/blog\/2010\/02\/08\/ciljeta-mbush-25-vjec-ne-feste-edhe-shkelzen-berisha\/\" \/>\n<meta property=\"og:locale\" content=\"en_US\" \/>\n<meta property=\"og:type\" content=\"article\" \/>\n<meta property=\"og:title\" content=\"\u00c7iljeta mbush 25 vjec, ne feste edhe Shkelzen Berisha - Lajme nga Ulqini\" \/>\n<meta property=\"og:description\" content=\"Ka mbushur 25 vje\u00e7 te enjten dhe ka vendosur t\u00eb b\u00ebj\u00eb nj\u00eb fest\u00eb shum\u00eb speciale. Si fillim ka menduar t\u00eb ftoj\u00eb t\u00eb gjith\u00eb koleg\u00ebt e saj k\u00ebng\u00ebtar\u00eb, t\u00eb muzik\u00ebs\" \/>\n<meta property=\"og:url\" content=\"https:\/\/www.visit-ulcinj.com\/blog\/2010\/02\/08\/ciljeta-mbush-25-vjec-ne-feste-edhe-shkelzen-berisha\/\" \/>\n<meta property=\"og:site_name\" content=\"Lajme nga Ulqini\" \/>\n<meta property=\"article:published_time\" content=\"2010-02-08T19:10:52+00:00\" \/>\n<meta property=\"article:modified_time\" content=\"2010-02-08T19:29:45+00:00\" \/>\n<meta property=\"og:image\" content=\"http:\/\/www.visit-ulcinj.com\/blog\/wp-content\/uploads\/2010\/02\/Ciljeta-Xhilaga1.jpg\" \/>\n<meta name=\"twitter:label1\" content=\"Written by\" \/>\n\t<meta name=\"twitter:data1\" content=\"ulqini\" \/>\n\t<meta name=\"twitter:label2\" content=\"Est. reading time\" \/>\n\t<meta name=\"twitter:data2\" content=\"5 minutes\" \/>\n<script type=\"application\/ld+json\" class=\"yoast-schema-graph\">{\"@context\":\"https:\/\/schema.org\",\"@graph\":[{\"@type\":\"WebSite\",\"@id\":\"https:\/\/www.visit-ulcinj.com\/blog\/#website\",\"url\":\"https:\/\/www.visit-ulcinj.com\/blog\/\",\"name\":\"Lajme nga Ulqini\",\"description\":\"Lajme,Vijesti,Ulqini,Ulqin,Crna Gora,Mali i Zi\",\"potentialAction\":[{\"@type\":\"SearchAction\",\"target\":{\"@type\":\"EntryPoint\",\"urlTemplate\":\"https:\/\/www.visit-ulcinj.com\/blog\/?s={search_term_string}\"},\"query-input\":\"required name=search_term_string\"}],\"inLanguage\":\"en-US\"},{\"@type\":\"ImageObject\",\"inLanguage\":\"en-US\",\"@id\":\"https:\/\/www.visit-ulcinj.com\/blog\/2010\/02\/08\/ciljeta-mbush-25-vjec-ne-feste-edhe-shkelzen-berisha\/#primaryimage\",\"url\":\"http:\/\/www.visit-ulcinj.com\/blog\/wp-content\/uploads\/2010\/02\/Ciljeta-Xhilaga1.jpg\",\"contentUrl\":\"http:\/\/www.visit-ulcinj.com\/blog\/wp-content\/uploads\/2010\/02\/Ciljeta-Xhilaga1.jpg\"},{\"@type\":\"WebPage\",\"@id\":\"https:\/\/www.visit-ulcinj.com\/blog\/2010\/02\/08\/ciljeta-mbush-25-vjec-ne-feste-edhe-shkelzen-berisha\/#webpage\",\"url\":\"https:\/\/www.visit-ulcinj.com\/blog\/2010\/02\/08\/ciljeta-mbush-25-vjec-ne-feste-edhe-shkelzen-berisha\/\",\"name\":\"\u00c7iljeta mbush 25 vjec, ne feste edhe Shkelzen Berisha - Lajme nga Ulqini\",\"isPartOf\":{\"@id\":\"https:\/\/www.visit-ulcinj.com\/blog\/#website\"},\"primaryImageOfPage\":{\"@id\":\"https:\/\/www.visit-ulcinj.com\/blog\/2010\/02\/08\/ciljeta-mbush-25-vjec-ne-feste-edhe-shkelzen-berisha\/#primaryimage\"},\"datePublished\":\"2010-02-08T19:10:52+00:00\",\"dateModified\":\"2010-02-08T19:29:45+00:00\",\"author\":{\"@id\":\"https:\/\/www.visit-ulcinj.com\/blog\/#\/schema\/person\/dcab619c614d3038751c63bc2aadc06d\"},\"description\":\"Ka mbushur 25 vje\u00e7 te enjten dhe ka vendosur t\u00eb b\u00ebj\u00eb nj\u00eb fest\u00eb shum\u00eb speciale. Si fillim ka menduar t\u00eb ftoj\u00eb t\u00eb gjith\u00eb koleg\u00ebt e saj k\u00ebng\u00ebtar\u00eb, t\u00eb muzik\u00ebs\",\"breadcrumb\":{\"@id\":\"https:\/\/www.visit-ulcinj.com\/blog\/2010\/02\/08\/ciljeta-mbush-25-vjec-ne-feste-edhe-shkelzen-berisha\/#breadcrumb\"},\"inLanguage\":\"en-US\",\"potentialAction\":[{\"@type\":\"ReadAction\",\"target\":[\"https:\/\/www.visit-ulcinj.com\/blog\/2010\/02\/08\/ciljeta-mbush-25-vjec-ne-feste-edhe-shkelzen-berisha\/\"]}]},{\"@type\":\"BreadcrumbList\",\"@id\":\"https:\/\/www.visit-ulcinj.com\/blog\/2010\/02\/08\/ciljeta-mbush-25-vjec-ne-feste-edhe-shkelzen-berisha\/#breadcrumb\",\"itemListElement\":[{\"@type\":\"ListItem\",\"position\":1,\"name\":\"\u00c7iljeta mbush 25 vjec, ne feste edhe Shkelzen Berisha\"}]},{\"@type\":\"Person\",\"@id\":\"https:\/\/www.visit-ulcinj.com\/blog\/#\/schema\/person\/dcab619c614d3038751c63bc2aadc06d\",\"name\":\"ulqini\",\"sameAs\":[\"http:\/\/www.visit-ulcinj.com\"],\"url\":\"https:\/\/www.visit-ulcinj.com\/blog\/author\/admin\/\"}]}<\/script>\n<!-- \/ Yoast SEO plugin. -->","yoast_head_json":{"title":"\u00c7iljeta mbush 25 vjec, ne feste edhe Shkelzen Berisha - Lajme nga Ulqini","description":"Ka mbushur 25 vje\u00e7 te enjten dhe ka vendosur t\u00eb b\u00ebj\u00eb nj\u00eb fest\u00eb shum\u00eb speciale. Si fillim ka menduar t\u00eb ftoj\u00eb t\u00eb gjith\u00eb koleg\u00ebt e saj k\u00ebng\u00ebtar\u00eb, t\u00eb muzik\u00ebs","robots":{"index":"index","follow":"follow","max-snippet":"max-snippet:-1","max-image-preview":"max-image-preview:large","max-video-preview":"max-video-preview:-1"},"canonical":"https:\/\/www.visit-ulcinj.com\/blog\/2010\/02\/08\/ciljeta-mbush-25-vjec-ne-feste-edhe-shkelzen-berisha\/","og_locale":"en_US","og_type":"article","og_title":"\u00c7iljeta mbush 25 vjec, ne feste edhe Shkelzen Berisha - Lajme nga Ulqini","og_description":"Ka mbushur 25 vje\u00e7 te enjten dhe ka vendosur t\u00eb b\u00ebj\u00eb nj\u00eb fest\u00eb shum\u00eb speciale. Si fillim ka menduar t\u00eb ftoj\u00eb t\u00eb gjith\u00eb koleg\u00ebt e saj k\u00ebng\u00ebtar\u00eb, t\u00eb muzik\u00ebs","og_url":"https:\/\/www.visit-ulcinj.com\/blog\/2010\/02\/08\/ciljeta-mbush-25-vjec-ne-feste-edhe-shkelzen-berisha\/","og_site_name":"Lajme nga Ulqini","article_published_time":"2010-02-08T19:10:52+00:00","article_modified_time":"2010-02-08T19:29:45+00:00","og_image":[{"url":"http:\/\/www.visit-ulcinj.com\/blog\/wp-content\/uploads\/2010\/02\/Ciljeta-Xhilaga1.jpg"}],"twitter_misc":{"Written by":"ulqini","Est. reading time":"5 minutes"},"schema":{"@context":"https:\/\/schema.org","@graph":[{"@type":"WebSite","@id":"https:\/\/www.visit-ulcinj.com\/blog\/#website","url":"https:\/\/www.visit-ulcinj.com\/blog\/","name":"Lajme nga Ulqini","description":"Lajme,Vijesti,Ulqini,Ulqin,Crna Gora,Mali i Zi","potentialAction":[{"@type":"SearchAction","target":{"@type":"EntryPoint","urlTemplate":"https:\/\/www.visit-ulcinj.com\/blog\/?s={search_term_string}"},"query-input":"required name=search_term_string"}],"inLanguage":"en-US"},{"@type":"ImageObject","inLanguage":"en-US","@id":"https:\/\/www.visit-ulcinj.com\/blog\/2010\/02\/08\/ciljeta-mbush-25-vjec-ne-feste-edhe-shkelzen-berisha\/#primaryimage","url":"http:\/\/www.visit-ulcinj.com\/blog\/wp-content\/uploads\/2010\/02\/Ciljeta-Xhilaga1.jpg","contentUrl":"http:\/\/www.visit-ulcinj.com\/blog\/wp-content\/uploads\/2010\/02\/Ciljeta-Xhilaga1.jpg"},{"@type":"WebPage","@id":"https:\/\/www.visit-ulcinj.com\/blog\/2010\/02\/08\/ciljeta-mbush-25-vjec-ne-feste-edhe-shkelzen-berisha\/#webpage","url":"https:\/\/www.visit-ulcinj.com\/blog\/2010\/02\/08\/ciljeta-mbush-25-vjec-ne-feste-edhe-shkelzen-berisha\/","name":"\u00c7iljeta mbush 25 vjec, ne feste edhe Shkelzen Berisha - Lajme nga Ulqini","isPartOf":{"@id":"https:\/\/www.visit-ulcinj.com\/blog\/#website"},"primaryImageOfPage":{"@id":"https:\/\/www.visit-ulcinj.com\/blog\/2010\/02\/08\/ciljeta-mbush-25-vjec-ne-feste-edhe-shkelzen-berisha\/#primaryimage"},"datePublished":"2010-02-08T19:10:52+00:00","dateModified":"2010-02-08T19:29:45+00:00","author":{"@id":"https:\/\/www.visit-ulcinj.com\/blog\/#\/schema\/person\/dcab619c614d3038751c63bc2aadc06d"},"description":"Ka mbushur 25 vje\u00e7 te enjten dhe ka vendosur t\u00eb b\u00ebj\u00eb nj\u00eb fest\u00eb shum\u00eb speciale. Si fillim ka menduar t\u00eb ftoj\u00eb t\u00eb gjith\u00eb koleg\u00ebt e saj k\u00ebng\u00ebtar\u00eb, t\u00eb muzik\u00ebs","breadcrumb":{"@id":"https:\/\/www.visit-ulcinj.com\/blog\/2010\/02\/08\/ciljeta-mbush-25-vjec-ne-feste-edhe-shkelzen-berisha\/#breadcrumb"},"inLanguage":"en-US","potentialAction":[{"@type":"ReadAction","target":["https:\/\/www.visit-ulcinj.com\/blog\/2010\/02\/08\/ciljeta-mbush-25-vjec-ne-feste-edhe-shkelzen-berisha\/"]}]},{"@type":"BreadcrumbList","@id":"https:\/\/www.visit-ulcinj.com\/blog\/2010\/02\/08\/ciljeta-mbush-25-vjec-ne-feste-edhe-shkelzen-berisha\/#breadcrumb","itemListElement":[{"@type":"ListItem","position":1,"name":"\u00c7iljeta mbush 25 vjec, ne feste edhe Shkelzen Berisha"}]},{"@type":"Person","@id":"https:\/\/www.visit-ulcinj.com\/blog\/#\/schema\/person\/dcab619c614d3038751c63bc2aadc06d","name":"ulqini","sameAs":["http:\/\/www.visit-ulcinj.com"],"url":"https:\/\/www.visit-ulcinj.com\/blog\/author\/admin\/"}]}},"jetpack_featured_media_url":"","jetpack_sharing_enabled":true,"jetpack_shortlink":"https:\/\/wp.me\/pe6lTn-7QX","_links":{"self":[{"href":"https:\/\/www.visit-ulcinj.com\/blog\/wp-json\/wp\/v2\/posts\/30191"}],"collection":[{"href":"https:\/\/www.visit-ulcinj.com\/blog\/wp-json\/wp\/v2\/posts"}],"about":[{"href":"https:\/\/www.visit-ulcinj.com\/blog\/wp-json\/wp\/v2\/types\/post"}],"author":[{"embeddable":true,"href":"https:\/\/www.visit-ulcinj.com\/blog\/wp-json\/wp\/v2\/users\/1"}],"replies":[{"embeddable":true,"href":"https:\/\/www.visit-ulcinj.com\/blog\/wp-json\/wp\/v2\/comments?post=30191"}],"version-history":[{"count":0,"href":"https:\/\/www.visit-ulcinj.com\/blog\/wp-json\/wp\/v2\/posts\/30191\/revisions"}],"wp:attachment":[{"href":"https:\/\/www.visit-ulcinj.com\/blog\/wp-json\/wp\/v2\/media?parent=30191"}],"wp:term":[{"taxonomy":"category","embeddable":true,"href":"https:\/\/www.visit-ulcinj.com\/blog\/wp-json\/wp\/v2\/categories?post=30191"},{"taxonomy":"post_tag","embeddable":true,"href":"https:\/\/www.visit-ulcinj.com\/blog\/wp-json\/wp\/v2\/tags?post=30191"}],"curies":[{"name":"wp","href":"https:\/\/api.w.org\/{rel}","templated":true}]}}