{"id":30201,"date":"2010-02-09T19:44:37","date_gmt":"2010-02-09T17:44:37","guid":{"rendered":"http:\/\/www.visit-ulcinj.com\/blog\/?p=30201"},"modified":"2010-02-15T21:48:47","modified_gmt":"2010-02-15T19:48:47","slug":"kumtese-per-opinion-per-mandatet-e-garantuara-te-shqiptareve","status":"publish","type":"post","link":"https:\/\/www.visit-ulcinj.com\/blog\/2010\/02\/09\/kumtese-per-opinion-per-mandatet-e-garantuara-te-shqiptareve\/","title":{"rendered":"Kumtes\u00eb p\u00ebr Opinion: P\u00ebr mandatet e garantuara t\u00eb Shqiptar\u00ebve &#8211; Video"},"content":{"rendered":"<p><strong><img loading=\"lazy\" class=\"alignleft\" title=\"K\u00cbSHILLI NACIONAL I SHQIPTAR\u00cbVE N\u00cb MALIN E ZI\" src=\"http:\/\/www.visit-ulcinj.com\/blog\/wp-content\/uploads\/2010\/01\/K%C3%8BSHILLI-NACIONAL-I-SHQIPTAR%C3%8BVE-N%C3%8B-MALIN-E-ZI.jpg\" alt=\"\" width=\"580\" height=\"400\" \/>K\u00cbSHILLI NACIONAL I SHQIPTAR\u00cbVE N\u00cb MALIN E ZI<\/strong><\/p>\n<p><strong>NACIONALNI SAVJET ALBANACA U CRNOJ GORI<\/strong><\/p>\n<p><strong>ALBANIAN  NATIONAL COUNCIL IN MONTENEGRO<\/strong><\/p>\n<p>Nr. 09 \/ 10<\/p>\n<p>Ulqin, m\u00eb  09. 02. 2010<\/p>\n<p><strong>KUMTES\u00cb P\u00cbR OPINION<\/strong><\/p>\n<p>K\u00ebshilli Nacional i Shqiptar\u00ebve n\u00eb  Malin e Zi, modelin e pranuar t\u00eb forcave t\u00eb bashkuara politike t\u00eb pozit\u00ebs dhe nj\u00eb pjese t\u00eb opozit\u00ebs, n\u00eb lidhje me p\u00ebrfaq\u00ebsimin autentik t\u00eb popujve pakic\u00eb, n\u00eb k\u00ebt\u00eb rast konkretisht popullit Shqiptar, q\u00eb e parasheh Malin e Zi  si nj\u00eb nj\u00ebsi zgjedhore, por tani pa mandatet e garantuara p\u00ebr Shqiptar\u00ebt, t\u00eb zgjedhur prej vitit 1998 n\u00eb vendvotimet e posa\u00e7me p\u00ebr  shqiptar\u00ebt, me vendim t\u00eb Kuvendit t\u00eb Malit t\u00eb Zi, e p\u00ebrjeton si t\u00eb dob\u00ebt e keqdash\u00ebs dhe paraqet nj\u00eb hap prapa kur jan\u00eb n\u00eb pyetje t\u00eb drejtat e Shqiptar\u00ebve, sepse mohon t\u00eb drejtat e tyre t\u00eb arritura .<\/p>\n<p>Konsiderojm\u00eb q\u00eb nj\u00eb  zgjidhje e till\u00eb, e pranuar nga shumica e trupit punues kund\u00ebr vullnetit t\u00eb p\u00ebrfaq\u00ebsuesve legjitim t\u00eb Shqiptar\u00ebve \u00ebsht\u00eb n\u00eb kund\u00ebrshtim me p\u00ebrcaktimet Kushtetuese t\u00eb cil\u00ebt garantojn\u00eb p\u00ebrfaq\u00ebsimin autentik dhe n\u00eb kund\u00ebrshtim me p\u00ebrfundimet e Kuvendit t\u00eb Malit t\u00eb Zi p\u00ebr p\u00ebrfaq\u00ebsimin autentik t\u00eb shqiptar\u00ebve.<\/p>\n<p>K\u00ebshilli  Nacional i Shqiptar\u00ebve  p\u00ebrkrah n\u00eb t\u00ebr\u00ebsi dhe pa asnj\u00eb razerv\u00eb  q\u00ebndrimin dhe k\u00ebrkesat e deputetve shqiptar\u00eb , si dhe t\u00eb subjekteve politike Shqiptare n\u00eb Malin e Zi, dhe q\u00ebndron fuqish\u00ebm n\u00eb mb\u00ebshtetje t\u00eb k\u00ebrkesave t\u00eb tyre legjitime.<\/p>\n<p>Rreth t\u00ebr\u00eb k\u00ebsaj \u00e7\u00ebshtje lidhur me propozimin  e lart\u00ebp\u00ebrmendur  p\u00ebr  Ligjin e ri zgjedhor\u00eb t\u00eb cilat i konsiderojm\u00eb t\u00eb pa pranueshme, momenti i vet\u00ebm q\u00eb g\u00ebzon  sa i p\u00ebrket KNSH-s\u00eb \u00ebsht\u00eb fakti se t\u00eb gjith\u00eb Deputet\u00ebt Shqiptar\u00eb por dhe subjektet politike Shqiptare  jan\u00eb unik n\u00eb k\u00ebrkes\u00ebn, se nuk ka kthim prapa sa i p\u00ebrket t\u00eb drejtave t\u00eb arritura p\u00ebr Shqiptar\u00ebt.<\/p>\n<p>Prandaj duke qen\u00eb jet\u00ebsisht t\u00eb interesuar q\u00eb t\u00eb drejtat e arritura p\u00ebr Shqiptar\u00ebt asnjiher\u00eb t\u00eb mos vehen n\u00eb dyshim, ftojm\u00eb institucionet  relevante n\u00eb Mal t\u00eb Zi por dhe faktorin  nd\u00ebrkomb\u00ebtar\u00eb , q\u00eb n\u00eb vep\u00ebr t\u00eb tregojn\u00eb se respektojn\u00eb principet demokratike dhe se v\u00ebrtet jan\u00eb t\u00eb p\u00ebrcaktuar p\u00ebr ndertimin  e nj\u00eb shoq\u00ebrie demokratike n\u00eb t\u00eb cil\u00ebn popujt pakic\u00eb, autokton dhe t\u00eb tjer\u00eb,do g\u00ebzojn\u00eb t\u00eb drejta t\u00eb plota njerzore e komb\u00ebtare.<\/p>\n<p><strong>Kryetari ,<br \/>\nTahir Tahiri<\/strong><br \/>\n<object width=\"580\" height=\"400\"><param name=\"movie\" value=\"http:\/\/www.dailymotion.com\/swf\/xc8r1w&#038;autoPlay=1\"><\/param><param name=\"allowFullScreen\" value=\"true\"><\/param><param name=\"allowScriptAccess\" value=\"always\"><\/param><\/object><br \/><b><a href=\"http:\/\/www.dailymotion.com\/video\/xc8r1w_shqiptar\u00ebt-n\u00eb-mal-t\u00eb-zi-humbin-nj\u00ebs_news\">Shqiptar&euml;t n&euml; Mal t&euml; Zi humbin nj&euml;sin&euml; e tyre zgjedhore 2010<\/a><\/p>\n","protected":false},"excerpt":{"rendered":"<p>K\u00cbSHILLI NACIONAL I SHQIPTAR\u00cbVE N\u00cb MALIN E ZI NACIONALNI SAVJET ALBANACA U CRNOJ GORI ALBANIAN NATIONAL COUNCIL IN MONTENEGRO Nr. 09 \/ 10 Ulqin, m\u00eb 09. 02. 2010 KUMTES\u00cb P\u00cbR OPINION K\u00ebshilli Nacional i Shqiptar\u00ebve n\u00eb Malin e Zi, modelin e pranuar t\u00eb forcave t\u00eb bashkuara politike t\u00eb pozit\u00ebs dhe nj\u00eb pjese t\u00eb opozit\u00ebs, n\u00eb [&hellip;]<\/p>\n","protected":false},"author":1,"featured_media":0,"comment_status":"open","ping_status":"closed","sticky":false,"template":"","format":"standard","meta":{"spay_email":"","jetpack_publicize_message":"","jetpack_is_tweetstorm":false,"jetpack_publicize_feature_enabled":true},"categories":[11],"tags":[12280,5913,12279,496,899],"jetpack_publicize_connections":[],"yoast_head":"<!-- This site is optimized with the Yoast SEO plugin v19.1 - https:\/\/yoast.com\/wordpress\/plugins\/seo\/ -->\n<title>Kumtes\u00eb p\u00ebr Opinion: P\u00ebr mandatet e garantuara t\u00eb Shqiptar\u00ebve - Video - Lajme nga Ulqini<\/title>\n<meta name=\"description\" content=\"K\u00cbSHILLI NACIONAL I SHQIPTAR\u00cbVE N\u00cb MALIN E ZI NACIONALNI SAVJET ALBANACA U CRNOJ GORI ALBANIAN NATIONAL COUNCIL IN MONTENEGRO Nr. 09 \/ 10 Ulqin, m\u00eb 09.\" \/>\n<meta name=\"robots\" content=\"index, follow, max-snippet:-1, max-image-preview:large, max-video-preview:-1\" \/>\n<link rel=\"canonical\" href=\"https:\/\/www.visit-ulcinj.com\/blog\/2010\/02\/09\/kumtese-per-opinion-per-mandatet-e-garantuara-te-shqiptareve\/\" \/>\n<meta property=\"og:locale\" content=\"en_US\" \/>\n<meta property=\"og:type\" content=\"article\" \/>\n<meta property=\"og:title\" content=\"Kumtes\u00eb p\u00ebr Opinion: P\u00ebr mandatet e garantuara t\u00eb Shqiptar\u00ebve - Video - Lajme nga Ulqini\" \/>\n<meta property=\"og:description\" content=\"K\u00cbSHILLI NACIONAL I SHQIPTAR\u00cbVE N\u00cb MALIN E ZI NACIONALNI SAVJET ALBANACA U CRNOJ GORI ALBANIAN NATIONAL COUNCIL IN MONTENEGRO Nr. 09 \/ 10 Ulqin, m\u00eb 09.\" \/>\n<meta property=\"og:url\" content=\"https:\/\/www.visit-ulcinj.com\/blog\/2010\/02\/09\/kumtese-per-opinion-per-mandatet-e-garantuara-te-shqiptareve\/\" \/>\n<meta property=\"og:site_name\" content=\"Lajme nga Ulqini\" \/>\n<meta property=\"article:published_time\" content=\"2010-02-09T17:44:37+00:00\" \/>\n<meta property=\"article:modified_time\" content=\"2010-02-15T19:48:47+00:00\" \/>\n<meta property=\"og:image\" content=\"http:\/\/www.visit-ulcinj.com\/blog\/wp-content\/uploads\/2010\/01\/K%C3%8BSHILLI-NACIONAL-I-SHQIPTAR%C3%8BVE-N%C3%8B-MALIN-E-ZI.jpg\" \/>\n<meta name=\"twitter:label1\" content=\"Written by\" \/>\n\t<meta name=\"twitter:data1\" content=\"ulqini\" \/>\n\t<meta name=\"twitter:label2\" content=\"Est. reading time\" \/>\n\t<meta name=\"twitter:data2\" content=\"2 minutes\" \/>\n<script type=\"application\/ld+json\" class=\"yoast-schema-graph\">{\"@context\":\"https:\/\/schema.org\",\"@graph\":[{\"@type\":\"WebSite\",\"@id\":\"https:\/\/www.visit-ulcinj.com\/blog\/#website\",\"url\":\"https:\/\/www.visit-ulcinj.com\/blog\/\",\"name\":\"Lajme nga Ulqini\",\"description\":\"Lajme,Vijesti,Ulqini,Ulqin,Crna Gora,Mali i Zi\",\"potentialAction\":[{\"@type\":\"SearchAction\",\"target\":{\"@type\":\"EntryPoint\",\"urlTemplate\":\"https:\/\/www.visit-ulcinj.com\/blog\/?s={search_term_string}\"},\"query-input\":\"required name=search_term_string\"}],\"inLanguage\":\"en-US\"},{\"@type\":\"ImageObject\",\"inLanguage\":\"en-US\",\"@id\":\"https:\/\/www.visit-ulcinj.com\/blog\/2010\/02\/09\/kumtese-per-opinion-per-mandatet-e-garantuara-te-shqiptareve\/#primaryimage\",\"url\":\"http:\/\/www.visit-ulcinj.com\/blog\/wp-content\/uploads\/2010\/01\/K%C3%8BSHILLI-NACIONAL-I-SHQIPTAR%C3%8BVE-N%C3%8B-MALIN-E-ZI.jpg\",\"contentUrl\":\"http:\/\/www.visit-ulcinj.com\/blog\/wp-content\/uploads\/2010\/01\/K%C3%8BSHILLI-NACIONAL-I-SHQIPTAR%C3%8BVE-N%C3%8B-MALIN-E-ZI.jpg\"},{\"@type\":\"WebPage\",\"@id\":\"https:\/\/www.visit-ulcinj.com\/blog\/2010\/02\/09\/kumtese-per-opinion-per-mandatet-e-garantuara-te-shqiptareve\/#webpage\",\"url\":\"https:\/\/www.visit-ulcinj.com\/blog\/2010\/02\/09\/kumtese-per-opinion-per-mandatet-e-garantuara-te-shqiptareve\/\",\"name\":\"Kumtes\u00eb p\u00ebr Opinion: P\u00ebr mandatet e garantuara t\u00eb Shqiptar\u00ebve - Video - Lajme nga Ulqini\",\"isPartOf\":{\"@id\":\"https:\/\/www.visit-ulcinj.com\/blog\/#website\"},\"primaryImageOfPage\":{\"@id\":\"https:\/\/www.visit-ulcinj.com\/blog\/2010\/02\/09\/kumtese-per-opinion-per-mandatet-e-garantuara-te-shqiptareve\/#primaryimage\"},\"datePublished\":\"2010-02-09T17:44:37+00:00\",\"dateModified\":\"2010-02-15T19:48:47+00:00\",\"author\":{\"@id\":\"https:\/\/www.visit-ulcinj.com\/blog\/#\/schema\/person\/dcab619c614d3038751c63bc2aadc06d\"},\"description\":\"K\u00cbSHILLI NACIONAL I SHQIPTAR\u00cbVE N\u00cb MALIN E ZI NACIONALNI SAVJET ALBANACA U CRNOJ GORI ALBANIAN NATIONAL COUNCIL IN MONTENEGRO Nr. 09 \/ 10 Ulqin, m\u00eb 09.\",\"breadcrumb\":{\"@id\":\"https:\/\/www.visit-ulcinj.com\/blog\/2010\/02\/09\/kumtese-per-opinion-per-mandatet-e-garantuara-te-shqiptareve\/#breadcrumb\"},\"inLanguage\":\"en-US\",\"potentialAction\":[{\"@type\":\"ReadAction\",\"target\":[\"https:\/\/www.visit-ulcinj.com\/blog\/2010\/02\/09\/kumtese-per-opinion-per-mandatet-e-garantuara-te-shqiptareve\/\"]}]},{\"@type\":\"BreadcrumbList\",\"@id\":\"https:\/\/www.visit-ulcinj.com\/blog\/2010\/02\/09\/kumtese-per-opinion-per-mandatet-e-garantuara-te-shqiptareve\/#breadcrumb\",\"itemListElement\":[{\"@type\":\"ListItem\",\"position\":1,\"name\":\"Kumtes\u00eb p\u00ebr Opinion: P\u00ebr mandatet e garantuara t\u00eb Shqiptar\u00ebve &#8211; Video\"}]},{\"@type\":\"Person\",\"@id\":\"https:\/\/www.visit-ulcinj.com\/blog\/#\/schema\/person\/dcab619c614d3038751c63bc2aadc06d\",\"name\":\"ulqini\",\"sameAs\":[\"http:\/\/www.visit-ulcinj.com\"],\"url\":\"https:\/\/www.visit-ulcinj.com\/blog\/author\/admin\/\"}]}<\/script>\n<!-- \/ Yoast SEO plugin. -->","yoast_head_json":{"title":"Kumtes\u00eb p\u00ebr Opinion: P\u00ebr mandatet e garantuara t\u00eb Shqiptar\u00ebve - Video - Lajme nga Ulqini","description":"K\u00cbSHILLI NACIONAL I SHQIPTAR\u00cbVE N\u00cb MALIN E ZI NACIONALNI SAVJET ALBANACA U CRNOJ GORI ALBANIAN NATIONAL COUNCIL IN MONTENEGRO Nr. 09 \/ 10 Ulqin, m\u00eb 09.","robots":{"index":"index","follow":"follow","max-snippet":"max-snippet:-1","max-image-preview":"max-image-preview:large","max-video-preview":"max-video-preview:-1"},"canonical":"https:\/\/www.visit-ulcinj.com\/blog\/2010\/02\/09\/kumtese-per-opinion-per-mandatet-e-garantuara-te-shqiptareve\/","og_locale":"en_US","og_type":"article","og_title":"Kumtes\u00eb p\u00ebr Opinion: P\u00ebr mandatet e garantuara t\u00eb Shqiptar\u00ebve - Video - Lajme nga Ulqini","og_description":"K\u00cbSHILLI NACIONAL I SHQIPTAR\u00cbVE N\u00cb MALIN E ZI NACIONALNI SAVJET ALBANACA U CRNOJ GORI ALBANIAN NATIONAL COUNCIL IN MONTENEGRO Nr. 09 \/ 10 Ulqin, m\u00eb 09.","og_url":"https:\/\/www.visit-ulcinj.com\/blog\/2010\/02\/09\/kumtese-per-opinion-per-mandatet-e-garantuara-te-shqiptareve\/","og_site_name":"Lajme nga Ulqini","article_published_time":"2010-02-09T17:44:37+00:00","article_modified_time":"2010-02-15T19:48:47+00:00","og_image":[{"url":"http:\/\/www.visit-ulcinj.com\/blog\/wp-content\/uploads\/2010\/01\/K%C3%8BSHILLI-NACIONAL-I-SHQIPTAR%C3%8BVE-N%C3%8B-MALIN-E-ZI.jpg"}],"twitter_misc":{"Written by":"ulqini","Est. reading time":"2 minutes"},"schema":{"@context":"https:\/\/schema.org","@graph":[{"@type":"WebSite","@id":"https:\/\/www.visit-ulcinj.com\/blog\/#website","url":"https:\/\/www.visit-ulcinj.com\/blog\/","name":"Lajme nga Ulqini","description":"Lajme,Vijesti,Ulqini,Ulqin,Crna Gora,Mali i Zi","potentialAction":[{"@type":"SearchAction","target":{"@type":"EntryPoint","urlTemplate":"https:\/\/www.visit-ulcinj.com\/blog\/?s={search_term_string}"},"query-input":"required name=search_term_string"}],"inLanguage":"en-US"},{"@type":"ImageObject","inLanguage":"en-US","@id":"https:\/\/www.visit-ulcinj.com\/blog\/2010\/02\/09\/kumtese-per-opinion-per-mandatet-e-garantuara-te-shqiptareve\/#primaryimage","url":"http:\/\/www.visit-ulcinj.com\/blog\/wp-content\/uploads\/2010\/01\/K%C3%8BSHILLI-NACIONAL-I-SHQIPTAR%C3%8BVE-N%C3%8B-MALIN-E-ZI.jpg","contentUrl":"http:\/\/www.visit-ulcinj.com\/blog\/wp-content\/uploads\/2010\/01\/K%C3%8BSHILLI-NACIONAL-I-SHQIPTAR%C3%8BVE-N%C3%8B-MALIN-E-ZI.jpg"},{"@type":"WebPage","@id":"https:\/\/www.visit-ulcinj.com\/blog\/2010\/02\/09\/kumtese-per-opinion-per-mandatet-e-garantuara-te-shqiptareve\/#webpage","url":"https:\/\/www.visit-ulcinj.com\/blog\/2010\/02\/09\/kumtese-per-opinion-per-mandatet-e-garantuara-te-shqiptareve\/","name":"Kumtes\u00eb p\u00ebr Opinion: P\u00ebr mandatet e garantuara t\u00eb Shqiptar\u00ebve - Video - Lajme nga Ulqini","isPartOf":{"@id":"https:\/\/www.visit-ulcinj.com\/blog\/#website"},"primaryImageOfPage":{"@id":"https:\/\/www.visit-ulcinj.com\/blog\/2010\/02\/09\/kumtese-per-opinion-per-mandatet-e-garantuara-te-shqiptareve\/#primaryimage"},"datePublished":"2010-02-09T17:44:37+00:00","dateModified":"2010-02-15T19:48:47+00:00","author":{"@id":"https:\/\/www.visit-ulcinj.com\/blog\/#\/schema\/person\/dcab619c614d3038751c63bc2aadc06d"},"description":"K\u00cbSHILLI NACIONAL I SHQIPTAR\u00cbVE N\u00cb MALIN E ZI NACIONALNI SAVJET ALBANACA U CRNOJ GORI ALBANIAN NATIONAL COUNCIL IN MONTENEGRO Nr. 09 \/ 10 Ulqin, m\u00eb 09.","breadcrumb":{"@id":"https:\/\/www.visit-ulcinj.com\/blog\/2010\/02\/09\/kumtese-per-opinion-per-mandatet-e-garantuara-te-shqiptareve\/#breadcrumb"},"inLanguage":"en-US","potentialAction":[{"@type":"ReadAction","target":["https:\/\/www.visit-ulcinj.com\/blog\/2010\/02\/09\/kumtese-per-opinion-per-mandatet-e-garantuara-te-shqiptareve\/"]}]},{"@type":"BreadcrumbList","@id":"https:\/\/www.visit-ulcinj.com\/blog\/2010\/02\/09\/kumtese-per-opinion-per-mandatet-e-garantuara-te-shqiptareve\/#breadcrumb","itemListElement":[{"@type":"ListItem","position":1,"name":"Kumtes\u00eb p\u00ebr Opinion: P\u00ebr mandatet e garantuara t\u00eb Shqiptar\u00ebve &#8211; Video"}]},{"@type":"Person","@id":"https:\/\/www.visit-ulcinj.com\/blog\/#\/schema\/person\/dcab619c614d3038751c63bc2aadc06d","name":"ulqini","sameAs":["http:\/\/www.visit-ulcinj.com"],"url":"https:\/\/www.visit-ulcinj.com\/blog\/author\/admin\/"}]}},"jetpack_featured_media_url":"","jetpack_sharing_enabled":true,"jetpack_shortlink":"https:\/\/wp.me\/pe6lTn-7R7","_links":{"self":[{"href":"https:\/\/www.visit-ulcinj.com\/blog\/wp-json\/wp\/v2\/posts\/30201"}],"collection":[{"href":"https:\/\/www.visit-ulcinj.com\/blog\/wp-json\/wp\/v2\/posts"}],"about":[{"href":"https:\/\/www.visit-ulcinj.com\/blog\/wp-json\/wp\/v2\/types\/post"}],"author":[{"embeddable":true,"href":"https:\/\/www.visit-ulcinj.com\/blog\/wp-json\/wp\/v2\/users\/1"}],"replies":[{"embeddable":true,"href":"https:\/\/www.visit-ulcinj.com\/blog\/wp-json\/wp\/v2\/comments?post=30201"}],"version-history":[{"count":0,"href":"https:\/\/www.visit-ulcinj.com\/blog\/wp-json\/wp\/v2\/posts\/30201\/revisions"}],"wp:attachment":[{"href":"https:\/\/www.visit-ulcinj.com\/blog\/wp-json\/wp\/v2\/media?parent=30201"}],"wp:term":[{"taxonomy":"category","embeddable":true,"href":"https:\/\/www.visit-ulcinj.com\/blog\/wp-json\/wp\/v2\/categories?post=30201"},{"taxonomy":"post_tag","embeddable":true,"href":"https:\/\/www.visit-ulcinj.com\/blog\/wp-json\/wp\/v2\/tags?post=30201"}],"curies":[{"name":"wp","href":"https:\/\/api.w.org\/{rel}","templated":true}]}}