{"id":30214,"date":"2010-02-10T18:11:32","date_gmt":"2010-02-10T16:11:32","guid":{"rendered":"http:\/\/www.visit-ulcinj.com\/blog\/?p=30214"},"modified":"2010-02-10T18:22:32","modified_gmt":"2010-02-10T16:22:32","slug":"kryetarja-e-kuvendit-jozefina-topalli-takohet-me-homologun-malazez-ranko-krivokapicshqiperia-dhe-mali-i-zi-progres-te-rendesishem-drejt-anetaresimit-ne-be","status":"publish","type":"post","link":"https:\/\/www.visit-ulcinj.com\/blog\/2010\/02\/10\/kryetarja-e-kuvendit-jozefina-topalli-takohet-me-homologun-malazez-ranko-krivokapicshqiperia-dhe-mali-i-zi-progres-te-rendesishem-drejt-anetaresimit-ne-be\/","title":{"rendered":"Kryetarja e Kuvendit Jozefina Topalli takohet me homologun malazez Ranko Krivokapi\u00e7:&#8221;Shqip\u00ebria dhe Mali i Zi, progres t\u00eb r\u00ebnd\u00ebsish\u00ebm drejt an\u00ebtar\u00ebsimit n\u00eb BE &#8211; Video"},"content":{"rendered":"<p><a href=\"http:\/\/www.visit-ulcinj.com\/blog\/wp-content\/uploads\/2010\/02\/Jozefina-Topalli-_Ranko-Krivokapic.jpg\"><img loading=\"lazy\" class=\"alignleft size-full wp-image-30215\" title=\"Jozefina Topalli _Ranko Krivokapic\" src=\"http:\/\/www.visit-ulcinj.com\/blog\/wp-content\/uploads\/2010\/02\/Jozefina-Topalli-_Ranko-Krivokapic.jpg\" alt=\"Jozefina Topalli _Ranko Krivokapic\" width=\"580\" height=\"400\" \/><\/a>\u201cMes Malit t\u00eb Zi dhe Shqip\u00ebris\u00eb ekziston\u00a0 nj\u00eb model bashk\u00ebpunimi dhe dialogu\u00a0 i shk\u00eblqyer. N\u00eb k\u00ebt\u00eb frym\u00eb nisi sot takimi mes Kryetares s\u00eb Kuvendit Jozefina Topalli dhe Kryetarit\u00a0 t\u00eb Parlamentit t\u00eb Malit t\u00eb Zi, Ranko Krivokapi\u00e7<br \/>\nKryetarja e Kuvendit shprehu bindjen se kjo vizit\u00eb e nivelit t\u00eb lart\u00eb, nxit m\u00eb tej raportet e bashk\u00ebpunimit mes dy vendeve, n\u00eb frym\u00ebn e prespektiv\u00ebs s\u00eb p\u00ebrbashk\u00ebt evropiane.<br \/>\n<a href=\"http:\/\/www.visit-ulcinj.com\/blog\/wp-content\/uploads\/2010\/02\/Jozefina-Topalli-_Ranko-Krivokapic.1.jpg\"><img loading=\"lazy\" class=\"alignleft size-medium wp-image-30216\" title=\"Jozefina Topalli _Ranko Krivokapic.1\" src=\"http:\/\/www.visit-ulcinj.com\/blog\/wp-content\/uploads\/2010\/02\/Jozefina-Topalli-_Ranko-Krivokapic.1-300x203.jpg\" alt=\"Jozefina Topalli _Ranko Krivokapic.1\" width=\"300\" height=\"203\" srcset=\"https:\/\/www.visit-ulcinj.com\/blog\/wp-content\/uploads\/2010\/02\/Jozefina-Topalli-_Ranko-Krivokapic.1-300x203.jpg 300w, https:\/\/www.visit-ulcinj.com\/blog\/wp-content\/uploads\/2010\/02\/Jozefina-Topalli-_Ranko-Krivokapic.1.jpg 640w\" sizes=\"(max-width: 300px) 100vw, 300px\" \/><\/a>T\u00eb dy kryetar\u00ebt e Kuvendeve ndan\u00eb t\u00eb nj\u00ebjt\u00ebn ide se Shqip\u00ebria dhe Mali i Zi , duhet t\u00eb nxisin nj\u00ebri tjetrin drejt q\u00ebllimit t\u00eb p\u00ebrbashk\u00ebt, an\u00ebtar\u00ebsimit n\u00eb BE.<br \/>\nKryetarja e Kuvendit e shoq\u00ebruar n\u00eb k\u00ebt\u00eb takim nga dy n\u00ebnkryetar\u00ebt e Kuvendit Adrian Turku dhe Nasip Na\u00e7e, i drejtoi homologut malazez urimet\u00a0 m\u00eb t\u00eb mira p\u00ebr miratimin e liberalizimit t\u00eb\u00a0 vizave\u00a0 si dhe shprehu bindjen se n\u00eb fillim t\u00eb korrikut, edhe shqiptar\u00ebt do t\u00eb p\u00ebrjetojn\u00eb k\u00ebt\u00eb arritje t\u00eb madhe t\u00eb integrimit evropian.<br \/>\nN\u00eb k\u00ebt\u00eb pik\u00eb, Kryetarja e Kuvendit theksoi se parlamenti, qeveria, dhe t\u00eb gjitha institucionet e shtetit shqiptar, kan\u00eb punuar seriozisht n\u00eb arritjen e standarteve\u00a0 t\u00eb k\u00ebrkuara nga BE.<br \/>\nKryetarja e Kuvendit\u00a0 vuri n\u00eb dukje shp\u00ebrndarjen masive t\u00eb pasaportave biometrike, projektin p\u00ebr dixhitalizimin e siguris\u00eb s\u00eb kufijve dhe miratimin e paketave ligjore p\u00ebr integrimin evriopian.<br \/>\nKryetarja e Kuvendit b\u00ebri me dije homologun malazez, se administrata shqiptare \u00ebsht\u00eb angazhuar plot\u00ebsisht p\u00ebr t&#8217;iu p\u00ebrgjigjur n\u00eb nj\u00eb koh\u00eb rekord dhe sa m\u00eb sakt\u00eb, Pyetsorit t\u00eb BE.<br \/>\nKryetari I Parlamentit t\u00eb Malit t\u00eb Zi tha se vendi i tij \u00ebsht\u00eb i gatsh\u00ebm t\u00eb ndaj\u00eb me Shqip\u00ebrin\u00eb eksperienc\u00ebn p\u00ebr integrimin n\u00eb BE, sikurse shprehu k\u00ebnaq\u00ebsin\u00eb q\u00eb Shqip\u00ebria t\u00eb ndihmoj\u00eb vendin e tij, p\u00ebr an\u00ebtar\u00ebsimin n\u00eb NATO.<br \/>\nDuke u ndalur n\u00eb situat\u00ebn politike n\u00eb Shqip\u00ebri, Kryetari i Parlamentit malazez, tha se jeta demokratike e nj\u00eb vendi d\u00ebmtohet nga bojkoti.<br \/>\n\u201cUn\u00eb jam i bindur q\u00eb opozita \u00ebsht\u00eb e nd\u00ebrgjegjshme q\u00eb duhet t\u00eb kthehet n\u00eb Pralament p\u00ebr t\u00eb b\u00ebr\u00eb pun\u00ebn e saj , t\u00eb p\u00ebrfaq\u00ebsoj\u00eb votuesit, t\u00eb kontribuoj\u00eb n\u00eb reformat p\u00ebr liberalizimin e vizave, p\u00ebrndryshe ajo \u00ebsht\u00eb jasht\u00eb loje, duke mos kryer funksionin e saj<a href=\"http:\/\/www.visit-ulcinj.com\/blog\/wp-content\/uploads\/2010\/02\/Jozefina-Topalli-_Ranko-Krivokapic.2.jpg\"><img loading=\"lazy\" class=\"alignright size-medium wp-image-30217\" title=\"Jozefina Topalli _Ranko Krivokapic.2\" src=\"http:\/\/www.visit-ulcinj.com\/blog\/wp-content\/uploads\/2010\/02\/Jozefina-Topalli-_Ranko-Krivokapic.2-300x199.jpg\" alt=\"Jozefina Topalli _Ranko Krivokapic.2\" width=\"300\" height=\"199\" srcset=\"https:\/\/www.visit-ulcinj.com\/blog\/wp-content\/uploads\/2010\/02\/Jozefina-Topalli-_Ranko-Krivokapic.2-300x199.jpg 300w, https:\/\/www.visit-ulcinj.com\/blog\/wp-content\/uploads\/2010\/02\/Jozefina-Topalli-_Ranko-Krivokapic.2.jpg 640w\" sizes=\"(max-width: 300px) 100vw, 300px\" \/><\/a><br \/>\nBojkoti \u00ebsht\u00eb nj\u00eb gabim q\u00eb i kushton \u00e7do partie politike dhe q\u00eb duhet m\u00ebsuar prej tyre. Ata e din\u00eb q\u00eb duhet ta ndalin bojkotin\u201d.<br \/>\nM\u00eb tej biseda mes dy kryetar\u00ebve t\u00eb parlamenteve u p\u00ebrq\u00ebndrua n\u00eb projeket e zhvillimit ekonomik, infrastrukturor, ku ve\u00e7an\u00ebrisht u trajtua projekti madhor p\u00ebr liqenin Shkodr\u00ebs dhe lumin e Bun\u00ebs, si projekt me interesa t\u00eb jasht\u00ebzakonshme p\u00ebr t\u00eb dy vendet.<br \/>\nKryetarja e Kuvendit theksoi se prioritet I pun\u00ebs s\u00eb dy parlamenteve duhet t\u00eb jet\u00eb lobimi p\u00ebr projektet me interes t\u00eb p\u00ebrbashk\u00ebt n\u00eb nivel rrajonal.<\/p>\n<p><strong>Parlamenti i Shqiperis<\/strong><\/p>\n<p><strong><\/strong><strong>VIDEO BalkanWeb<\/strong><br \/>\n[flv width=&#8221;580&#8243; height=&#8221;400&#8243;]http:\/\/bw.balkanweb.com\/videoAlbum\/Video\/1956.flv[\/flv]<\/p>\n","protected":false},"excerpt":{"rendered":"<p>\u201cMes Malit t\u00eb Zi dhe Shqip\u00ebris\u00eb ekziston\u00a0 nj\u00eb model bashk\u00ebpunimi dhe dialogu\u00a0 i shk\u00eblqyer. N\u00eb k\u00ebt\u00eb frym\u00eb nisi sot takimi mes Kryetares s\u00eb Kuvendit Jozefina Topalli dhe Kryetarit\u00a0 t\u00eb Parlamentit t\u00eb Malit t\u00eb Zi, Ranko Krivokapi\u00e7 Kryetarja e Kuvendit shprehu bindjen se kjo vizit\u00eb e nivelit t\u00eb lart\u00eb, nxit m\u00eb tej raportet e bashk\u00ebpunimit mes [&hellip;]<\/p>\n","protected":false},"author":1,"featured_media":0,"comment_status":"open","ping_status":"closed","sticky":false,"template":"","format":"standard","meta":{"spay_email":"","jetpack_publicize_message":"","jetpack_is_tweetstorm":false,"jetpack_publicize_feature_enabled":true},"categories":[14],"tags":[3713,13489,13490,2398],"jetpack_publicize_connections":[],"yoast_head":"<!-- This site is optimized with the Yoast SEO plugin v19.1 - https:\/\/yoast.com\/wordpress\/plugins\/seo\/ -->\n<title>Kryetarja e Kuvendit Jozefina Topalli takohet me homologun malazez Ranko Krivokapi\u00e7:&quot;Shqip\u00ebria dhe Mali i Zi, progres t\u00eb r\u00ebnd\u00ebsish\u00ebm drejt an\u00ebtar\u00ebsimit n\u00eb BE - Video - Lajme nga Ulqini<\/title>\n<meta name=\"description\" content=\"\u201cMes Malit t\u00eb Zi dhe Shqip\u00ebris\u00eb ekziston\u00a0 nj\u00eb model bashk\u00ebpunimi dhe dialogu\u00a0 i shk\u00eblqyer. N\u00eb k\u00ebt\u00eb frym\u00eb nisi sot takimi mes Kryetares s\u00eb Kuvendit\" \/>\n<meta name=\"robots\" content=\"index, follow, max-snippet:-1, max-image-preview:large, max-video-preview:-1\" \/>\n<link rel=\"canonical\" href=\"https:\/\/www.visit-ulcinj.com\/blog\/2010\/02\/10\/kryetarja-e-kuvendit-jozefina-topalli-takohet-me-homologun-malazez-ranko-krivokapicshqiperia-dhe-mali-i-zi-progres-te-rendesishem-drejt-anetaresimit-ne-be\/\" \/>\n<meta property=\"og:locale\" content=\"en_US\" \/>\n<meta property=\"og:type\" content=\"article\" \/>\n<meta property=\"og:title\" content=\"Kryetarja e Kuvendit Jozefina Topalli takohet me homologun malazez Ranko Krivokapi\u00e7:&quot;Shqip\u00ebria dhe Mali i Zi, progres t\u00eb r\u00ebnd\u00ebsish\u00ebm drejt an\u00ebtar\u00ebsimit n\u00eb BE - Video - Lajme nga Ulqini\" \/>\n<meta property=\"og:description\" content=\"\u201cMes Malit t\u00eb Zi dhe Shqip\u00ebris\u00eb ekziston\u00a0 nj\u00eb model bashk\u00ebpunimi dhe dialogu\u00a0 i shk\u00eblqyer. N\u00eb k\u00ebt\u00eb frym\u00eb nisi sot takimi mes Kryetares s\u00eb Kuvendit\" \/>\n<meta property=\"og:url\" content=\"https:\/\/www.visit-ulcinj.com\/blog\/2010\/02\/10\/kryetarja-e-kuvendit-jozefina-topalli-takohet-me-homologun-malazez-ranko-krivokapicshqiperia-dhe-mali-i-zi-progres-te-rendesishem-drejt-anetaresimit-ne-be\/\" \/>\n<meta property=\"og:site_name\" content=\"Lajme nga Ulqini\" \/>\n<meta property=\"article:published_time\" content=\"2010-02-10T16:11:32+00:00\" \/>\n<meta property=\"article:modified_time\" content=\"2010-02-10T16:22:32+00:00\" \/>\n<meta property=\"og:image\" content=\"http:\/\/www.visit-ulcinj.com\/blog\/wp-content\/uploads\/2010\/02\/Jozefina-Topalli-_Ranko-Krivokapic.jpg\" \/>\n<meta name=\"twitter:label1\" content=\"Written by\" \/>\n\t<meta name=\"twitter:data1\" content=\"ulqini\" \/>\n\t<meta name=\"twitter:label2\" content=\"Est. reading time\" \/>\n\t<meta name=\"twitter:data2\" content=\"3 minutes\" \/>\n<script type=\"application\/ld+json\" class=\"yoast-schema-graph\">{\"@context\":\"https:\/\/schema.org\",\"@graph\":[{\"@type\":\"WebSite\",\"@id\":\"https:\/\/www.visit-ulcinj.com\/blog\/#website\",\"url\":\"https:\/\/www.visit-ulcinj.com\/blog\/\",\"name\":\"Lajme nga Ulqini\",\"description\":\"Lajme,Vijesti,Ulqini,Ulqin,Crna Gora,Mali i Zi\",\"potentialAction\":[{\"@type\":\"SearchAction\",\"target\":{\"@type\":\"EntryPoint\",\"urlTemplate\":\"https:\/\/www.visit-ulcinj.com\/blog\/?s={search_term_string}\"},\"query-input\":\"required name=search_term_string\"}],\"inLanguage\":\"en-US\"},{\"@type\":\"ImageObject\",\"inLanguage\":\"en-US\",\"@id\":\"https:\/\/www.visit-ulcinj.com\/blog\/2010\/02\/10\/kryetarja-e-kuvendit-jozefina-topalli-takohet-me-homologun-malazez-ranko-krivokapicshqiperia-dhe-mali-i-zi-progres-te-rendesishem-drejt-anetaresimit-ne-be\/#primaryimage\",\"url\":\"https:\/\/www.visit-ulcinj.com\/blog\/wp-content\/uploads\/2010\/02\/Jozefina-Topalli-_Ranko-Krivokapic.jpg\",\"contentUrl\":\"https:\/\/www.visit-ulcinj.com\/blog\/wp-content\/uploads\/2010\/02\/Jozefina-Topalli-_Ranko-Krivokapic.jpg\",\"width\":\"640\",\"height\":\"527\"},{\"@type\":\"WebPage\",\"@id\":\"https:\/\/www.visit-ulcinj.com\/blog\/2010\/02\/10\/kryetarja-e-kuvendit-jozefina-topalli-takohet-me-homologun-malazez-ranko-krivokapicshqiperia-dhe-mali-i-zi-progres-te-rendesishem-drejt-anetaresimit-ne-be\/#webpage\",\"url\":\"https:\/\/www.visit-ulcinj.com\/blog\/2010\/02\/10\/kryetarja-e-kuvendit-jozefina-topalli-takohet-me-homologun-malazez-ranko-krivokapicshqiperia-dhe-mali-i-zi-progres-te-rendesishem-drejt-anetaresimit-ne-be\/\",\"name\":\"Kryetarja e Kuvendit Jozefina Topalli takohet me homologun malazez Ranko Krivokapi\u00e7:\\\"Shqip\u00ebria dhe Mali i Zi, progres t\u00eb r\u00ebnd\u00ebsish\u00ebm drejt an\u00ebtar\u00ebsimit n\u00eb BE - Video - Lajme nga Ulqini\",\"isPartOf\":{\"@id\":\"https:\/\/www.visit-ulcinj.com\/blog\/#website\"},\"primaryImageOfPage\":{\"@id\":\"https:\/\/www.visit-ulcinj.com\/blog\/2010\/02\/10\/kryetarja-e-kuvendit-jozefina-topalli-takohet-me-homologun-malazez-ranko-krivokapicshqiperia-dhe-mali-i-zi-progres-te-rendesishem-drejt-anetaresimit-ne-be\/#primaryimage\"},\"datePublished\":\"2010-02-10T16:11:32+00:00\",\"dateModified\":\"2010-02-10T16:22:32+00:00\",\"author\":{\"@id\":\"https:\/\/www.visit-ulcinj.com\/blog\/#\/schema\/person\/dcab619c614d3038751c63bc2aadc06d\"},\"description\":\"\u201cMes Malit t\u00eb Zi dhe Shqip\u00ebris\u00eb ekziston\u00a0 nj\u00eb model bashk\u00ebpunimi dhe dialogu\u00a0 i shk\u00eblqyer. N\u00eb k\u00ebt\u00eb frym\u00eb nisi sot takimi mes Kryetares s\u00eb Kuvendit\",\"breadcrumb\":{\"@id\":\"https:\/\/www.visit-ulcinj.com\/blog\/2010\/02\/10\/kryetarja-e-kuvendit-jozefina-topalli-takohet-me-homologun-malazez-ranko-krivokapicshqiperia-dhe-mali-i-zi-progres-te-rendesishem-drejt-anetaresimit-ne-be\/#breadcrumb\"},\"inLanguage\":\"en-US\",\"potentialAction\":[{\"@type\":\"ReadAction\",\"target\":[\"https:\/\/www.visit-ulcinj.com\/blog\/2010\/02\/10\/kryetarja-e-kuvendit-jozefina-topalli-takohet-me-homologun-malazez-ranko-krivokapicshqiperia-dhe-mali-i-zi-progres-te-rendesishem-drejt-anetaresimit-ne-be\/\"]}]},{\"@type\":\"BreadcrumbList\",\"@id\":\"https:\/\/www.visit-ulcinj.com\/blog\/2010\/02\/10\/kryetarja-e-kuvendit-jozefina-topalli-takohet-me-homologun-malazez-ranko-krivokapicshqiperia-dhe-mali-i-zi-progres-te-rendesishem-drejt-anetaresimit-ne-be\/#breadcrumb\",\"itemListElement\":[{\"@type\":\"ListItem\",\"position\":1,\"name\":\"Kryetarja e Kuvendit Jozefina Topalli takohet me homologun malazez Ranko Krivokapi\u00e7:&#8221;Shqip\u00ebria dhe Mali i Zi, progres t\u00eb r\u00ebnd\u00ebsish\u00ebm drejt an\u00ebtar\u00ebsimit n\u00eb BE &#8211; Video\"}]},{\"@type\":\"Person\",\"@id\":\"https:\/\/www.visit-ulcinj.com\/blog\/#\/schema\/person\/dcab619c614d3038751c63bc2aadc06d\",\"name\":\"ulqini\",\"sameAs\":[\"http:\/\/www.visit-ulcinj.com\"],\"url\":\"https:\/\/www.visit-ulcinj.com\/blog\/author\/admin\/\"}]}<\/script>\n<!-- \/ Yoast SEO plugin. -->","yoast_head_json":{"title":"Kryetarja e Kuvendit Jozefina Topalli takohet me homologun malazez Ranko Krivokapi\u00e7:\"Shqip\u00ebria dhe Mali i Zi, progres t\u00eb r\u00ebnd\u00ebsish\u00ebm drejt an\u00ebtar\u00ebsimit n\u00eb BE - Video - Lajme nga Ulqini","description":"\u201cMes Malit t\u00eb Zi dhe Shqip\u00ebris\u00eb ekziston\u00a0 nj\u00eb model bashk\u00ebpunimi dhe dialogu\u00a0 i shk\u00eblqyer. N\u00eb k\u00ebt\u00eb frym\u00eb nisi sot takimi mes Kryetares s\u00eb Kuvendit","robots":{"index":"index","follow":"follow","max-snippet":"max-snippet:-1","max-image-preview":"max-image-preview:large","max-video-preview":"max-video-preview:-1"},"canonical":"https:\/\/www.visit-ulcinj.com\/blog\/2010\/02\/10\/kryetarja-e-kuvendit-jozefina-topalli-takohet-me-homologun-malazez-ranko-krivokapicshqiperia-dhe-mali-i-zi-progres-te-rendesishem-drejt-anetaresimit-ne-be\/","og_locale":"en_US","og_type":"article","og_title":"Kryetarja e Kuvendit Jozefina Topalli takohet me homologun malazez Ranko Krivokapi\u00e7:\"Shqip\u00ebria dhe Mali i Zi, progres t\u00eb r\u00ebnd\u00ebsish\u00ebm drejt an\u00ebtar\u00ebsimit n\u00eb BE - Video - Lajme nga Ulqini","og_description":"\u201cMes Malit t\u00eb Zi dhe Shqip\u00ebris\u00eb ekziston\u00a0 nj\u00eb model bashk\u00ebpunimi dhe dialogu\u00a0 i shk\u00eblqyer. N\u00eb k\u00ebt\u00eb frym\u00eb nisi sot takimi mes Kryetares s\u00eb Kuvendit","og_url":"https:\/\/www.visit-ulcinj.com\/blog\/2010\/02\/10\/kryetarja-e-kuvendit-jozefina-topalli-takohet-me-homologun-malazez-ranko-krivokapicshqiperia-dhe-mali-i-zi-progres-te-rendesishem-drejt-anetaresimit-ne-be\/","og_site_name":"Lajme nga Ulqini","article_published_time":"2010-02-10T16:11:32+00:00","article_modified_time":"2010-02-10T16:22:32+00:00","og_image":[{"url":"http:\/\/www.visit-ulcinj.com\/blog\/wp-content\/uploads\/2010\/02\/Jozefina-Topalli-_Ranko-Krivokapic.jpg"}],"twitter_misc":{"Written by":"ulqini","Est. reading time":"3 minutes"},"schema":{"@context":"https:\/\/schema.org","@graph":[{"@type":"WebSite","@id":"https:\/\/www.visit-ulcinj.com\/blog\/#website","url":"https:\/\/www.visit-ulcinj.com\/blog\/","name":"Lajme nga Ulqini","description":"Lajme,Vijesti,Ulqini,Ulqin,Crna Gora,Mali i Zi","potentialAction":[{"@type":"SearchAction","target":{"@type":"EntryPoint","urlTemplate":"https:\/\/www.visit-ulcinj.com\/blog\/?s={search_term_string}"},"query-input":"required name=search_term_string"}],"inLanguage":"en-US"},{"@type":"ImageObject","inLanguage":"en-US","@id":"https:\/\/www.visit-ulcinj.com\/blog\/2010\/02\/10\/kryetarja-e-kuvendit-jozefina-topalli-takohet-me-homologun-malazez-ranko-krivokapicshqiperia-dhe-mali-i-zi-progres-te-rendesishem-drejt-anetaresimit-ne-be\/#primaryimage","url":"https:\/\/www.visit-ulcinj.com\/blog\/wp-content\/uploads\/2010\/02\/Jozefina-Topalli-_Ranko-Krivokapic.jpg","contentUrl":"https:\/\/www.visit-ulcinj.com\/blog\/wp-content\/uploads\/2010\/02\/Jozefina-Topalli-_Ranko-Krivokapic.jpg","width":"640","height":"527"},{"@type":"WebPage","@id":"https:\/\/www.visit-ulcinj.com\/blog\/2010\/02\/10\/kryetarja-e-kuvendit-jozefina-topalli-takohet-me-homologun-malazez-ranko-krivokapicshqiperia-dhe-mali-i-zi-progres-te-rendesishem-drejt-anetaresimit-ne-be\/#webpage","url":"https:\/\/www.visit-ulcinj.com\/blog\/2010\/02\/10\/kryetarja-e-kuvendit-jozefina-topalli-takohet-me-homologun-malazez-ranko-krivokapicshqiperia-dhe-mali-i-zi-progres-te-rendesishem-drejt-anetaresimit-ne-be\/","name":"Kryetarja e Kuvendit Jozefina Topalli takohet me homologun malazez Ranko Krivokapi\u00e7:\"Shqip\u00ebria dhe Mali i Zi, progres t\u00eb r\u00ebnd\u00ebsish\u00ebm drejt an\u00ebtar\u00ebsimit n\u00eb BE - Video - Lajme nga Ulqini","isPartOf":{"@id":"https:\/\/www.visit-ulcinj.com\/blog\/#website"},"primaryImageOfPage":{"@id":"https:\/\/www.visit-ulcinj.com\/blog\/2010\/02\/10\/kryetarja-e-kuvendit-jozefina-topalli-takohet-me-homologun-malazez-ranko-krivokapicshqiperia-dhe-mali-i-zi-progres-te-rendesishem-drejt-anetaresimit-ne-be\/#primaryimage"},"datePublished":"2010-02-10T16:11:32+00:00","dateModified":"2010-02-10T16:22:32+00:00","author":{"@id":"https:\/\/www.visit-ulcinj.com\/blog\/#\/schema\/person\/dcab619c614d3038751c63bc2aadc06d"},"description":"\u201cMes Malit t\u00eb Zi dhe Shqip\u00ebris\u00eb ekziston\u00a0 nj\u00eb model bashk\u00ebpunimi dhe dialogu\u00a0 i shk\u00eblqyer. N\u00eb k\u00ebt\u00eb frym\u00eb nisi sot takimi mes Kryetares s\u00eb Kuvendit","breadcrumb":{"@id":"https:\/\/www.visit-ulcinj.com\/blog\/2010\/02\/10\/kryetarja-e-kuvendit-jozefina-topalli-takohet-me-homologun-malazez-ranko-krivokapicshqiperia-dhe-mali-i-zi-progres-te-rendesishem-drejt-anetaresimit-ne-be\/#breadcrumb"},"inLanguage":"en-US","potentialAction":[{"@type":"ReadAction","target":["https:\/\/www.visit-ulcinj.com\/blog\/2010\/02\/10\/kryetarja-e-kuvendit-jozefina-topalli-takohet-me-homologun-malazez-ranko-krivokapicshqiperia-dhe-mali-i-zi-progres-te-rendesishem-drejt-anetaresimit-ne-be\/"]}]},{"@type":"BreadcrumbList","@id":"https:\/\/www.visit-ulcinj.com\/blog\/2010\/02\/10\/kryetarja-e-kuvendit-jozefina-topalli-takohet-me-homologun-malazez-ranko-krivokapicshqiperia-dhe-mali-i-zi-progres-te-rendesishem-drejt-anetaresimit-ne-be\/#breadcrumb","itemListElement":[{"@type":"ListItem","position":1,"name":"Kryetarja e Kuvendit Jozefina Topalli takohet me homologun malazez Ranko Krivokapi\u00e7:&#8221;Shqip\u00ebria dhe Mali i Zi, progres t\u00eb r\u00ebnd\u00ebsish\u00ebm drejt an\u00ebtar\u00ebsimit n\u00eb BE &#8211; Video"}]},{"@type":"Person","@id":"https:\/\/www.visit-ulcinj.com\/blog\/#\/schema\/person\/dcab619c614d3038751c63bc2aadc06d","name":"ulqini","sameAs":["http:\/\/www.visit-ulcinj.com"],"url":"https:\/\/www.visit-ulcinj.com\/blog\/author\/admin\/"}]}},"jetpack_featured_media_url":"","jetpack_sharing_enabled":true,"jetpack_shortlink":"https:\/\/wp.me\/pe6lTn-7Rk","_links":{"self":[{"href":"https:\/\/www.visit-ulcinj.com\/blog\/wp-json\/wp\/v2\/posts\/30214"}],"collection":[{"href":"https:\/\/www.visit-ulcinj.com\/blog\/wp-json\/wp\/v2\/posts"}],"about":[{"href":"https:\/\/www.visit-ulcinj.com\/blog\/wp-json\/wp\/v2\/types\/post"}],"author":[{"embeddable":true,"href":"https:\/\/www.visit-ulcinj.com\/blog\/wp-json\/wp\/v2\/users\/1"}],"replies":[{"embeddable":true,"href":"https:\/\/www.visit-ulcinj.com\/blog\/wp-json\/wp\/v2\/comments?post=30214"}],"version-history":[{"count":0,"href":"https:\/\/www.visit-ulcinj.com\/blog\/wp-json\/wp\/v2\/posts\/30214\/revisions"}],"wp:attachment":[{"href":"https:\/\/www.visit-ulcinj.com\/blog\/wp-json\/wp\/v2\/media?parent=30214"}],"wp:term":[{"taxonomy":"category","embeddable":true,"href":"https:\/\/www.visit-ulcinj.com\/blog\/wp-json\/wp\/v2\/categories?post=30214"},{"taxonomy":"post_tag","embeddable":true,"href":"https:\/\/www.visit-ulcinj.com\/blog\/wp-json\/wp\/v2\/tags?post=30214"}],"curies":[{"name":"wp","href":"https:\/\/api.w.org\/{rel}","templated":true}]}}