{"id":30238,"date":"2010-02-10T20:18:46","date_gmt":"2010-02-10T18:18:46","guid":{"rendered":"http:\/\/www.visit-ulcinj.com\/blog\/?p=30238"},"modified":"2010-02-10T20:18:46","modified_gmt":"2010-02-10T18:18:46","slug":"pas-kroacise-edhe-mali-i-zi-ne-be","status":"publish","type":"post","link":"https:\/\/www.visit-ulcinj.com\/blog\/2010\/02\/10\/pas-kroacise-edhe-mali-i-zi-ne-be\/","title":{"rendered":"Pas Kroacis\u00eb, edhe Mali i Zi n\u00eb BE"},"content":{"rendered":"<p><a href=\"http:\/\/www.visit-ulcinj.com\/blog\/wp-content\/uploads\/2010\/02\/Jean-Asselborn-montenegro.jpg\"><img loading=\"lazy\" class=\"alignleft size-full wp-image-30239\" title=\"Jean Asselborn montenegro\" src=\"http:\/\/www.visit-ulcinj.com\/blog\/wp-content\/uploads\/2010\/02\/Jean-Asselborn-montenegro.jpg\" alt=\"Jean Asselborn montenegro\" width=\"399\" height=\"324\" srcset=\"https:\/\/www.visit-ulcinj.com\/blog\/wp-content\/uploads\/2010\/02\/Jean-Asselborn-montenegro.jpg 399w, https:\/\/www.visit-ulcinj.com\/blog\/wp-content\/uploads\/2010\/02\/Jean-Asselborn-montenegro-300x243.jpg 300w\" sizes=\"(max-width: 399px) 100vw, 399px\" \/><\/a>Mali i Zi do t\u00eb jet\u00eb vendi i par\u00eb pas Kroacis\u00eb q\u00eb do t\u00eb b\u00ebhet an\u00ebtar me t\u00eb drejta t\u00eb plota n\u00eb BE, deklaroi z\u00ebvend\u00ebskryetari i qeveris\u00eb dhe ministri p\u00ebr Pun\u00eb t\u00eb Jashtme i Luksemburgut Jean Asselborn.<br \/>\nAi theksoi se Mali i Zi duhet t\u00eb b\u00ebj\u00eb edhe disa hapa para hyrjes n\u00eb BE dhe \u00ebsht\u00eb optimist, pasi progresi shihet n\u00eb t\u00eb gjitha segmentet e shoq\u00ebris\u00eb, raportoi Televizioni i Malit t\u00eb Zi.<br \/>\nAsselborn p\u00ebr t\u00eb p\u00ebrditshmen \u201cPobjeda\u201d konstatoi se Komisioni Evropian po analizon p\u00ebrgjigjet e Malit t\u00eb Zi dhe n\u00eb k\u00ebt\u00eb vit do t\u00eb jet\u00eb i gatsh\u00ebm opinioni.<br \/>\n\u201cBesoj se k\u00ebto procedura do t\u00eb vazhdojn\u00eb normalisht dhe shum\u00eb shpejt do t\u00eb ket\u00eb progres\u201d, tha Aselborn.<br \/>\nMegjithat\u00eb, shtoi ai, shum\u00eb m\u00eb e r\u00ebnd\u00ebsishme se afatet \u00ebsht\u00eb procesi i reformave, ve\u00e7an\u00ebrisht n\u00eb sistemin gjyq\u00ebsor, luft\u00ebn kund\u00ebr krimit t\u00eb organizuar dhe korrupsionit.<br \/>\n\u201cKriteret e Kopenhag\u00ebs duhet t\u00eb arrihen.<br \/>\nT\u00eb jemi t\u00eb duruesh\u00ebm dhe optimist\u00eb\u201d, tha Asselborn. Ai shpjegoi se BE do t\u00eb vler\u00ebsoj\u00eb p\u00ebrparimin individual t\u00eb kandidat\u00ebve, por an\u00ebtar\u00ebt e Unionit kur t\u00eb vendosin, do t\u00eb ken\u00eb parasysh gjith\u00eb rajon.<br \/>\nAsselborn nuk beson se Mali i Zi mund t\u00eb jet\u00eb peng i gjith\u00eb rajonit, por gjithashtu paralajm\u00ebron se bashk\u00ebpunimi n\u00eb Ballkan duhet t\u00eb rifreskohet.<\/p>\n<p><strong>Koha Net<\/strong><\/p>\n","protected":false},"excerpt":{"rendered":"<p>Mali i Zi do t\u00eb jet\u00eb vendi i par\u00eb pas Kroacis\u00eb q\u00eb do t\u00eb b\u00ebhet an\u00ebtar me t\u00eb drejta t\u00eb plota n\u00eb BE, deklaroi z\u00ebvend\u00ebskryetari i qeveris\u00eb dhe ministri p\u00ebr Pun\u00eb t\u00eb Jashtme i Luksemburgut Jean Asselborn. Ai theksoi se Mali i Zi duhet t\u00eb b\u00ebj\u00eb edhe disa hapa para hyrjes n\u00eb BE dhe \u00ebsht\u00eb [&hellip;]<\/p>\n","protected":false},"author":1,"featured_media":0,"comment_status":"open","ping_status":"closed","sticky":false,"template":"","format":"standard","meta":{"spay_email":"","jetpack_publicize_message":"","jetpack_is_tweetstorm":false,"jetpack_publicize_feature_enabled":true},"categories":[11],"tags":[1679,13494],"jetpack_publicize_connections":[],"yoast_head":"<!-- This site is optimized with the Yoast SEO plugin v19.1 - https:\/\/yoast.com\/wordpress\/plugins\/seo\/ -->\n<title>Pas Kroacis\u00eb, edhe Mali i Zi n\u00eb BE - Lajme nga Ulqini<\/title>\n<meta name=\"description\" content=\"Mali i Zi do t\u00eb jet\u00eb vendi i par\u00eb pas Kroacis\u00eb q\u00eb do t\u00eb b\u00ebhet an\u00ebtar me t\u00eb drejta t\u00eb plota n\u00eb BE, deklaroi z\u00ebvend\u00ebskryetari i qeveris\u00eb dhe ministri p\u00ebr\" \/>\n<meta name=\"robots\" content=\"index, follow, max-snippet:-1, max-image-preview:large, max-video-preview:-1\" \/>\n<link rel=\"canonical\" href=\"https:\/\/www.visit-ulcinj.com\/blog\/2010\/02\/10\/pas-kroacise-edhe-mali-i-zi-ne-be\/\" \/>\n<meta property=\"og:locale\" content=\"en_US\" \/>\n<meta property=\"og:type\" content=\"article\" \/>\n<meta property=\"og:title\" content=\"Pas Kroacis\u00eb, edhe Mali i Zi n\u00eb BE - Lajme nga Ulqini\" \/>\n<meta property=\"og:description\" content=\"Mali i Zi do t\u00eb jet\u00eb vendi i par\u00eb pas Kroacis\u00eb q\u00eb do t\u00eb b\u00ebhet an\u00ebtar me t\u00eb drejta t\u00eb plota n\u00eb BE, deklaroi z\u00ebvend\u00ebskryetari i qeveris\u00eb dhe ministri p\u00ebr\" \/>\n<meta property=\"og:url\" content=\"https:\/\/www.visit-ulcinj.com\/blog\/2010\/02\/10\/pas-kroacise-edhe-mali-i-zi-ne-be\/\" \/>\n<meta property=\"og:site_name\" content=\"Lajme nga Ulqini\" \/>\n<meta property=\"article:published_time\" content=\"2010-02-10T18:18:46+00:00\" \/>\n<meta property=\"og:image\" content=\"http:\/\/www.visit-ulcinj.com\/blog\/wp-content\/uploads\/2010\/02\/Jean-Asselborn-montenegro.jpg\" \/>\n<meta name=\"twitter:label1\" content=\"Written by\" \/>\n\t<meta name=\"twitter:data1\" content=\"ulqini\" \/>\n\t<meta name=\"twitter:label2\" content=\"Est. reading time\" \/>\n\t<meta name=\"twitter:data2\" content=\"1 minute\" \/>\n<script type=\"application\/ld+json\" class=\"yoast-schema-graph\">{\"@context\":\"https:\/\/schema.org\",\"@graph\":[{\"@type\":\"WebSite\",\"@id\":\"https:\/\/www.visit-ulcinj.com\/blog\/#website\",\"url\":\"https:\/\/www.visit-ulcinj.com\/blog\/\",\"name\":\"Lajme nga Ulqini\",\"description\":\"Lajme,Vijesti,Ulqini,Ulqin,Crna Gora,Mali i Zi\",\"potentialAction\":[{\"@type\":\"SearchAction\",\"target\":{\"@type\":\"EntryPoint\",\"urlTemplate\":\"https:\/\/www.visit-ulcinj.com\/blog\/?s={search_term_string}\"},\"query-input\":\"required name=search_term_string\"}],\"inLanguage\":\"en-US\"},{\"@type\":\"ImageObject\",\"inLanguage\":\"en-US\",\"@id\":\"https:\/\/www.visit-ulcinj.com\/blog\/2010\/02\/10\/pas-kroacise-edhe-mali-i-zi-ne-be\/#primaryimage\",\"url\":\"https:\/\/www.visit-ulcinj.com\/blog\/wp-content\/uploads\/2010\/02\/Jean-Asselborn-montenegro.jpg\",\"contentUrl\":\"https:\/\/www.visit-ulcinj.com\/blog\/wp-content\/uploads\/2010\/02\/Jean-Asselborn-montenegro.jpg\",\"width\":\"399\",\"height\":\"324\"},{\"@type\":\"WebPage\",\"@id\":\"https:\/\/www.visit-ulcinj.com\/blog\/2010\/02\/10\/pas-kroacise-edhe-mali-i-zi-ne-be\/#webpage\",\"url\":\"https:\/\/www.visit-ulcinj.com\/blog\/2010\/02\/10\/pas-kroacise-edhe-mali-i-zi-ne-be\/\",\"name\":\"Pas Kroacis\u00eb, edhe Mali i Zi n\u00eb BE - Lajme nga Ulqini\",\"isPartOf\":{\"@id\":\"https:\/\/www.visit-ulcinj.com\/blog\/#website\"},\"primaryImageOfPage\":{\"@id\":\"https:\/\/www.visit-ulcinj.com\/blog\/2010\/02\/10\/pas-kroacise-edhe-mali-i-zi-ne-be\/#primaryimage\"},\"datePublished\":\"2010-02-10T18:18:46+00:00\",\"dateModified\":\"2010-02-10T18:18:46+00:00\",\"author\":{\"@id\":\"https:\/\/www.visit-ulcinj.com\/blog\/#\/schema\/person\/dcab619c614d3038751c63bc2aadc06d\"},\"description\":\"Mali i Zi do t\u00eb jet\u00eb vendi i par\u00eb pas Kroacis\u00eb q\u00eb do t\u00eb b\u00ebhet an\u00ebtar me t\u00eb drejta t\u00eb plota n\u00eb BE, deklaroi z\u00ebvend\u00ebskryetari i qeveris\u00eb dhe ministri p\u00ebr\",\"breadcrumb\":{\"@id\":\"https:\/\/www.visit-ulcinj.com\/blog\/2010\/02\/10\/pas-kroacise-edhe-mali-i-zi-ne-be\/#breadcrumb\"},\"inLanguage\":\"en-US\",\"potentialAction\":[{\"@type\":\"ReadAction\",\"target\":[\"https:\/\/www.visit-ulcinj.com\/blog\/2010\/02\/10\/pas-kroacise-edhe-mali-i-zi-ne-be\/\"]}]},{\"@type\":\"BreadcrumbList\",\"@id\":\"https:\/\/www.visit-ulcinj.com\/blog\/2010\/02\/10\/pas-kroacise-edhe-mali-i-zi-ne-be\/#breadcrumb\",\"itemListElement\":[{\"@type\":\"ListItem\",\"position\":1,\"name\":\"Pas Kroacis\u00eb, edhe Mali i Zi n\u00eb BE\"}]},{\"@type\":\"Person\",\"@id\":\"https:\/\/www.visit-ulcinj.com\/blog\/#\/schema\/person\/dcab619c614d3038751c63bc2aadc06d\",\"name\":\"ulqini\",\"sameAs\":[\"http:\/\/www.visit-ulcinj.com\"],\"url\":\"https:\/\/www.visit-ulcinj.com\/blog\/author\/admin\/\"}]}<\/script>\n<!-- \/ Yoast SEO plugin. -->","yoast_head_json":{"title":"Pas Kroacis\u00eb, edhe Mali i Zi n\u00eb BE - Lajme nga Ulqini","description":"Mali i Zi do t\u00eb jet\u00eb vendi i par\u00eb pas Kroacis\u00eb q\u00eb do t\u00eb b\u00ebhet an\u00ebtar me t\u00eb drejta t\u00eb plota n\u00eb BE, deklaroi z\u00ebvend\u00ebskryetari i qeveris\u00eb dhe ministri p\u00ebr","robots":{"index":"index","follow":"follow","max-snippet":"max-snippet:-1","max-image-preview":"max-image-preview:large","max-video-preview":"max-video-preview:-1"},"canonical":"https:\/\/www.visit-ulcinj.com\/blog\/2010\/02\/10\/pas-kroacise-edhe-mali-i-zi-ne-be\/","og_locale":"en_US","og_type":"article","og_title":"Pas Kroacis\u00eb, edhe Mali i Zi n\u00eb BE - Lajme nga Ulqini","og_description":"Mali i Zi do t\u00eb jet\u00eb vendi i par\u00eb pas Kroacis\u00eb q\u00eb do t\u00eb b\u00ebhet an\u00ebtar me t\u00eb drejta t\u00eb plota n\u00eb BE, deklaroi z\u00ebvend\u00ebskryetari i qeveris\u00eb dhe ministri p\u00ebr","og_url":"https:\/\/www.visit-ulcinj.com\/blog\/2010\/02\/10\/pas-kroacise-edhe-mali-i-zi-ne-be\/","og_site_name":"Lajme nga Ulqini","article_published_time":"2010-02-10T18:18:46+00:00","og_image":[{"url":"http:\/\/www.visit-ulcinj.com\/blog\/wp-content\/uploads\/2010\/02\/Jean-Asselborn-montenegro.jpg"}],"twitter_misc":{"Written by":"ulqini","Est. reading time":"1 minute"},"schema":{"@context":"https:\/\/schema.org","@graph":[{"@type":"WebSite","@id":"https:\/\/www.visit-ulcinj.com\/blog\/#website","url":"https:\/\/www.visit-ulcinj.com\/blog\/","name":"Lajme nga Ulqini","description":"Lajme,Vijesti,Ulqini,Ulqin,Crna Gora,Mali i Zi","potentialAction":[{"@type":"SearchAction","target":{"@type":"EntryPoint","urlTemplate":"https:\/\/www.visit-ulcinj.com\/blog\/?s={search_term_string}"},"query-input":"required name=search_term_string"}],"inLanguage":"en-US"},{"@type":"ImageObject","inLanguage":"en-US","@id":"https:\/\/www.visit-ulcinj.com\/blog\/2010\/02\/10\/pas-kroacise-edhe-mali-i-zi-ne-be\/#primaryimage","url":"https:\/\/www.visit-ulcinj.com\/blog\/wp-content\/uploads\/2010\/02\/Jean-Asselborn-montenegro.jpg","contentUrl":"https:\/\/www.visit-ulcinj.com\/blog\/wp-content\/uploads\/2010\/02\/Jean-Asselborn-montenegro.jpg","width":"399","height":"324"},{"@type":"WebPage","@id":"https:\/\/www.visit-ulcinj.com\/blog\/2010\/02\/10\/pas-kroacise-edhe-mali-i-zi-ne-be\/#webpage","url":"https:\/\/www.visit-ulcinj.com\/blog\/2010\/02\/10\/pas-kroacise-edhe-mali-i-zi-ne-be\/","name":"Pas Kroacis\u00eb, edhe Mali i Zi n\u00eb BE - Lajme nga Ulqini","isPartOf":{"@id":"https:\/\/www.visit-ulcinj.com\/blog\/#website"},"primaryImageOfPage":{"@id":"https:\/\/www.visit-ulcinj.com\/blog\/2010\/02\/10\/pas-kroacise-edhe-mali-i-zi-ne-be\/#primaryimage"},"datePublished":"2010-02-10T18:18:46+00:00","dateModified":"2010-02-10T18:18:46+00:00","author":{"@id":"https:\/\/www.visit-ulcinj.com\/blog\/#\/schema\/person\/dcab619c614d3038751c63bc2aadc06d"},"description":"Mali i Zi do t\u00eb jet\u00eb vendi i par\u00eb pas Kroacis\u00eb q\u00eb do t\u00eb b\u00ebhet an\u00ebtar me t\u00eb drejta t\u00eb plota n\u00eb BE, deklaroi z\u00ebvend\u00ebskryetari i qeveris\u00eb dhe ministri p\u00ebr","breadcrumb":{"@id":"https:\/\/www.visit-ulcinj.com\/blog\/2010\/02\/10\/pas-kroacise-edhe-mali-i-zi-ne-be\/#breadcrumb"},"inLanguage":"en-US","potentialAction":[{"@type":"ReadAction","target":["https:\/\/www.visit-ulcinj.com\/blog\/2010\/02\/10\/pas-kroacise-edhe-mali-i-zi-ne-be\/"]}]},{"@type":"BreadcrumbList","@id":"https:\/\/www.visit-ulcinj.com\/blog\/2010\/02\/10\/pas-kroacise-edhe-mali-i-zi-ne-be\/#breadcrumb","itemListElement":[{"@type":"ListItem","position":1,"name":"Pas Kroacis\u00eb, edhe Mali i Zi n\u00eb BE"}]},{"@type":"Person","@id":"https:\/\/www.visit-ulcinj.com\/blog\/#\/schema\/person\/dcab619c614d3038751c63bc2aadc06d","name":"ulqini","sameAs":["http:\/\/www.visit-ulcinj.com"],"url":"https:\/\/www.visit-ulcinj.com\/blog\/author\/admin\/"}]}},"jetpack_featured_media_url":"","jetpack_sharing_enabled":true,"jetpack_shortlink":"https:\/\/wp.me\/pe6lTn-7RI","_links":{"self":[{"href":"https:\/\/www.visit-ulcinj.com\/blog\/wp-json\/wp\/v2\/posts\/30238"}],"collection":[{"href":"https:\/\/www.visit-ulcinj.com\/blog\/wp-json\/wp\/v2\/posts"}],"about":[{"href":"https:\/\/www.visit-ulcinj.com\/blog\/wp-json\/wp\/v2\/types\/post"}],"author":[{"embeddable":true,"href":"https:\/\/www.visit-ulcinj.com\/blog\/wp-json\/wp\/v2\/users\/1"}],"replies":[{"embeddable":true,"href":"https:\/\/www.visit-ulcinj.com\/blog\/wp-json\/wp\/v2\/comments?post=30238"}],"version-history":[{"count":0,"href":"https:\/\/www.visit-ulcinj.com\/blog\/wp-json\/wp\/v2\/posts\/30238\/revisions"}],"wp:attachment":[{"href":"https:\/\/www.visit-ulcinj.com\/blog\/wp-json\/wp\/v2\/media?parent=30238"}],"wp:term":[{"taxonomy":"category","embeddable":true,"href":"https:\/\/www.visit-ulcinj.com\/blog\/wp-json\/wp\/v2\/categories?post=30238"},{"taxonomy":"post_tag","embeddable":true,"href":"https:\/\/www.visit-ulcinj.com\/blog\/wp-json\/wp\/v2\/tags?post=30238"}],"curies":[{"name":"wp","href":"https:\/\/api.w.org\/{rel}","templated":true}]}}