{"id":30246,"date":"2010-02-11T16:51:06","date_gmt":"2010-02-11T14:51:06","guid":{"rendered":"http:\/\/www.visit-ulcinj.com\/blog\/?p=30246"},"modified":"2010-02-15T21:35:34","modified_gmt":"2010-02-15T19:35:34","slug":"mali-i-zi-shqiptaret-jashte-parlamenti","status":"publish","type":"post","link":"https:\/\/www.visit-ulcinj.com\/blog\/2010\/02\/11\/mali-i-zi-shqiptaret-jashte-parlamenti\/","title":{"rendered":"Mali i Zi, shqiptar\u00ebt jasht\u00eb Parlamenti &#8211; Video"},"content":{"rendered":"<p><img loading=\"lazy\" class=\"alignleft\" title=\"Parlamenti i malit te zi\" src=\"http:\/\/www.visit-ulcinj.com\/blog\/wp-content\/uploads\/2010\/02\/Albanci-nezadovoljni-izbornim-zakonom.jpg\" alt=\"\" width=\"580\" height=\"395\" \/>Kishin 5 deputet\u00eb. Kodi i ri Zgjedhor u heq p\u00ebrfaq\u00ebsimin si nj\u00ebsi zgjedhore e posa\u00e7me Shqiptar\u00ebt e Malit t\u00eb Zi rrezikojn\u00eb t\u00eb humbin nj\u00ebsin\u00eb e posa\u00e7me zgjedhore q\u00eb u jep numrin e 5 deputet\u00ebve n\u00eb Parlamentin e Republik\u00ebs. Nj\u00eb komision parlamentar prej koh\u00ebsh po diskuton ligjin e ri zgjedhor, i cili heq nj\u00ebsin\u00eb zgjedhore speciale dhe vendos nj\u00eb kufi prej 3 p\u00ebrqind\u00ebsh, q\u00eb i duhet nj\u00eb partie p\u00ebr t\u00eb marr\u00eb deputet\u00eb. K\u00ebshtu, shqiptar\u00ebt rrezikojn\u00eb seriozisht t\u00eb mos p\u00ebrfaq\u00ebsohen n\u00eb Parlament. Dje ka vizituar Shqip\u00ebrin\u00eb Kryetari i Parlamentit t\u00eb Malit t\u00eb Zi, Ranko Krivokapi\u00e7, i cili \u00ebsht\u00eb takuar me homologen e tij shqiptare, Jozefina Topalli, Kryeministrin Berisha dhe shefin e diplomacis\u00eb, Meta. N\u00eb k\u00ebto takime, sipas njoftimeve zyrtare nuk \u00ebsht\u00eb ngritur \u00e7\u00ebshtja e p\u00ebrfaq\u00ebsimit t\u00eb shqiptar\u00ebve t\u00eb Malit t\u00eb Zi n\u00eb Parlament, nd\u00ebrkoh\u00eb q\u00eb n\u00eb referendumin e pavar\u00ebsis\u00eb, m\u00eb 21 maj t\u00eb vitit 2006, vota e shqiptar\u00ebve ka qen\u00eb determinuese p\u00ebr t\u00eb arritur shk\u00ebputjen nga Unioni me Serbin\u00eb. Kreu i komisionit parlamentar p\u00ebr reform\u00ebn zgjedhore n\u00eb Mal t\u00eb Zi, Miodrag Vukovi\u00e7, i cili \u00ebsht\u00eb p\u00ebrfaq\u00ebsues i Partis\u00eb Demokratike t\u00eb Socialist\u00ebve n\u00eb pushtet, deklaroi se \u201cMali i Zi do t\u00eb jet\u00eb nj\u00eb nj\u00ebsi zgjedhore, pa mandate t\u00eb garantuara, p\u00ebr \u00e7ka kan\u00eb insistuar shqiptar\u00ebt, dhe n\u00eb Parlament do t\u00eb mund t\u00eb hyjn\u00eb komunitetet q\u00eb e kalojn\u00eb kushtin e karakterit qytetar prej 3 p\u00ebr qind\u201d. Shqiptar\u00ebt, si popull autokton, pra n\u00eb trojet e veta n\u00eb Mal t\u00eb Zi, n\u00eb vitin 1997 arrit\u00ebn t\u00eb bindin udh\u00ebheq\u00ebsin\u00eb e Malit t\u00eb Zi, se shqiptar\u00ebt, p\u00ebr ndryshim nga pakicat e tjera, jan\u00eb specifik\u00eb dhe e vetmja pakic\u00eb josllave pa asnj\u00eb element t\u00eb p\u00ebrbashk\u00ebt me ta, se kan\u00eb prejardhje ilire, histori t\u00eb ve\u00e7ant\u00eb, zakonet e veta, kultur\u00ebn e vet etj., si dhe gjuh\u00ebn e ve\u00e7ant\u00eb, e cila dallon nga gjuh\u00ebt e tjera, si\u00e7 jan\u00eb boshnjakishtja, kroatishtja etj., t\u00eb cilat jan\u00eb t\u00eb nj\u00ebjta apo me dallim t\u00eb vog\u00ebl me gjuh\u00ebn serbe- malazeze. Viti 1997 ishte vit i cili b\u00ebri kthes\u00eb n\u00eb politik\u00ebn e re malazeze, vit kur u nda partia n\u00eb pushtet (e cila ishte kryek\u00ebput promilloshevi\u00e7iane) n\u00eb dy pjes\u00eb. Nj\u00eb pjes\u00eb mbeti n\u00eb rrug\u00ebn e diktatorit t\u00eb Ballkanit, me udh\u00ebheq\u00ebs Momir Bullatovi\u00e7, dhe pjesa tjet\u00ebr q\u00eb p\u00ebrcaktohet p\u00ebr demokratizimin e Malit t\u00eb Zi, me Milo Gjukanovi\u00e7in n\u00eb krye. N\u00eb k\u00ebt\u00eb vit \u00ebsht\u00eb hartuar edhe ligji zgjedhor q\u00eb u dha shqiptar\u00ebve p\u00ebrfaq\u00ebsimin e p\u00ebrcaktuar.<br \/>\n<img loading=\"lazy\" class=\"alignleft\" title=\"Met Gjoni\" src=\"http:\/\/www.visit-ulcinj.com\/blog\/wp-content\/uploads\/2008\/11\/met-gjoni.jpg\" alt=\"\" width=\"240\" height=\"310\" \/> Ish-deputeti i asaj kohe, Met Gjoni, sot diplomat n\u00eb ambasad\u00ebn e Malit t\u00eb Zi n\u00eb Tiran\u00eb, tregon p\u00ebr \u201cShqip\u201d negociatat e atyre viteve. \u201cDy partit\u00eb shqiptar\u00eb u mor\u00ebn vesh q\u00eb t\u00eb k\u00ebrkojn\u00eb nj\u00ebsin\u00eb e ve\u00e7ant\u00eb t\u00eb shqiptar\u00ebve, e cila do t\u00eb jepte 4 ose ndoshta edhe 5 deputet\u00eb. U kund\u00ebrshtua nga z.Marovi\u00e7, asohere kryetar i Parlamentit, por edhe na nuk l\u00ebshuam pe. Madje z.Marovi\u00e7 m\u2019u drejtua: z. Gjoni, nuk mendon se kat\u00ebr deputet\u00eb shqiptar\u00eb jan\u00eb mjaft? Iu p\u00ebrgjigja se numri i deputet\u00ebve do t\u00eb p\u00ebrcaktohet m\u00eb von\u00eb, kur t\u00eb b\u00ebhet num\u00ebrimi i t\u00eb gjitha trevave me shumic\u00eb shqiptare. Me regjistrimin e zgjedh\u00ebsve n\u00eb trevat shqiptare n\u00eb Mal t\u00eb Zi u fitua edhe deputeti i pest\u00eb\u201d. Nd\u00ebrkaq, miratimi i kodit t\u00eb ri ende ka mbetur n\u00eb strukturat e Parlamentit, por deri tani nuk ka pasur asnj\u00eb ngritje z\u00ebri nga Tirana zyrtare p\u00ebr k\u00ebt\u00eb \u00e7\u00ebshtje<\/p>\n<p><strong>Gazeta Shqip<\/strong><br \/>\n<object width=\"580\" height=\"400\"><param name=\"movie\" value=\"http:\/\/www.dailymotion.com\/swf\/xc8r1w&#038;autoPlay=1\"><\/param><param name=\"allowFullScreen\" value=\"true\"><\/param><param name=\"allowScriptAccess\" value=\"always\"><\/param><\/object><br \/><b><a href=\"http:\/\/www.dailymotion.com\/video\/xc8r1w_shqiptar\u00ebt-n\u00eb-mal-t\u00eb-zi-humbin-nj\u00ebs_news\">Shqiptar&euml;t n&euml; Mal t&euml; Zi humbin nj&euml;sin&euml; e tyre zgjedhore 2010<\/a><\/p>\n","protected":false},"excerpt":{"rendered":"<p>Kishin 5 deputet\u00eb. Kodi i ri Zgjedhor u heq p\u00ebrfaq\u00ebsimin si nj\u00ebsi zgjedhore e posa\u00e7me Shqiptar\u00ebt e Malit t\u00eb Zi rrezikojn\u00eb t\u00eb humbin nj\u00ebsin\u00eb e posa\u00e7me zgjedhore q\u00eb u jep numrin e 5 deputet\u00ebve n\u00eb Parlamentin e Republik\u00ebs. Nj\u00eb komision parlamentar prej koh\u00ebsh po diskuton ligjin e ri zgjedhor, i cili heq nj\u00ebsin\u00eb zgjedhore speciale [&hellip;]<\/p>\n","protected":false},"author":1,"featured_media":0,"comment_status":"open","ping_status":"closed","sticky":false,"template":"","format":"standard","meta":{"spay_email":"","jetpack_publicize_message":"","jetpack_is_tweetstorm":false,"jetpack_publicize_feature_enabled":true},"categories":[12],"tags":[126,1620],"jetpack_publicize_connections":[],"yoast_head":"<!-- This site is optimized with the Yoast SEO plugin v19.1 - https:\/\/yoast.com\/wordpress\/plugins\/seo\/ -->\n<title>Mali i Zi, shqiptar\u00ebt jasht\u00eb Parlamenti - Video - Lajme nga Ulqini<\/title>\n<meta name=\"description\" content=\"Kishin 5 deputet\u00eb. Kodi i ri Zgjedhor u heq p\u00ebrfaq\u00ebsimin si nj\u00ebsi zgjedhore e posa\u00e7me Shqiptar\u00ebt e Malit t\u00eb Zi rrezikojn\u00eb t\u00eb humbin nj\u00ebsin\u00eb e posa\u00e7me\" \/>\n<meta name=\"robots\" content=\"index, follow, max-snippet:-1, max-image-preview:large, max-video-preview:-1\" \/>\n<link rel=\"canonical\" href=\"https:\/\/www.visit-ulcinj.com\/blog\/2010\/02\/11\/mali-i-zi-shqiptaret-jashte-parlamenti\/\" \/>\n<meta property=\"og:locale\" content=\"en_US\" \/>\n<meta property=\"og:type\" content=\"article\" \/>\n<meta property=\"og:title\" content=\"Mali i Zi, shqiptar\u00ebt jasht\u00eb Parlamenti - Video - Lajme nga Ulqini\" \/>\n<meta property=\"og:description\" content=\"Kishin 5 deputet\u00eb. Kodi i ri Zgjedhor u heq p\u00ebrfaq\u00ebsimin si nj\u00ebsi zgjedhore e posa\u00e7me Shqiptar\u00ebt e Malit t\u00eb Zi rrezikojn\u00eb t\u00eb humbin nj\u00ebsin\u00eb e posa\u00e7me\" \/>\n<meta property=\"og:url\" content=\"https:\/\/www.visit-ulcinj.com\/blog\/2010\/02\/11\/mali-i-zi-shqiptaret-jashte-parlamenti\/\" \/>\n<meta property=\"og:site_name\" content=\"Lajme nga Ulqini\" \/>\n<meta property=\"article:published_time\" content=\"2010-02-11T14:51:06+00:00\" \/>\n<meta property=\"article:modified_time\" content=\"2010-02-15T19:35:34+00:00\" \/>\n<meta property=\"og:image\" content=\"http:\/\/www.visit-ulcinj.com\/blog\/wp-content\/uploads\/2010\/02\/Albanci-nezadovoljni-izbornim-zakonom.jpg\" \/>\n<meta name=\"twitter:label1\" content=\"Written by\" \/>\n\t<meta name=\"twitter:data1\" content=\"ulqini\" \/>\n\t<meta name=\"twitter:label2\" content=\"Est. reading time\" \/>\n\t<meta name=\"twitter:data2\" content=\"3 minutes\" \/>\n<script type=\"application\/ld+json\" class=\"yoast-schema-graph\">{\"@context\":\"https:\/\/schema.org\",\"@graph\":[{\"@type\":\"WebSite\",\"@id\":\"https:\/\/www.visit-ulcinj.com\/blog\/#website\",\"url\":\"https:\/\/www.visit-ulcinj.com\/blog\/\",\"name\":\"Lajme nga Ulqini\",\"description\":\"Lajme,Vijesti,Ulqini,Ulqin,Crna Gora,Mali i Zi\",\"potentialAction\":[{\"@type\":\"SearchAction\",\"target\":{\"@type\":\"EntryPoint\",\"urlTemplate\":\"https:\/\/www.visit-ulcinj.com\/blog\/?s={search_term_string}\"},\"query-input\":\"required name=search_term_string\"}],\"inLanguage\":\"en-US\"},{\"@type\":\"ImageObject\",\"inLanguage\":\"en-US\",\"@id\":\"https:\/\/www.visit-ulcinj.com\/blog\/2010\/02\/11\/mali-i-zi-shqiptaret-jashte-parlamenti\/#primaryimage\",\"url\":\"https:\/\/www.visit-ulcinj.com\/blog\/wp-content\/uploads\/2010\/02\/Albanci-nezadovoljni-izbornim-zakonom.jpg\",\"contentUrl\":\"https:\/\/www.visit-ulcinj.com\/blog\/wp-content\/uploads\/2010\/02\/Albanci-nezadovoljni-izbornim-zakonom.jpg\",\"width\":\"527\",\"height\":\"395\"},{\"@type\":\"WebPage\",\"@id\":\"https:\/\/www.visit-ulcinj.com\/blog\/2010\/02\/11\/mali-i-zi-shqiptaret-jashte-parlamenti\/#webpage\",\"url\":\"https:\/\/www.visit-ulcinj.com\/blog\/2010\/02\/11\/mali-i-zi-shqiptaret-jashte-parlamenti\/\",\"name\":\"Mali i Zi, shqiptar\u00ebt jasht\u00eb Parlamenti - Video - Lajme nga Ulqini\",\"isPartOf\":{\"@id\":\"https:\/\/www.visit-ulcinj.com\/blog\/#website\"},\"primaryImageOfPage\":{\"@id\":\"https:\/\/www.visit-ulcinj.com\/blog\/2010\/02\/11\/mali-i-zi-shqiptaret-jashte-parlamenti\/#primaryimage\"},\"datePublished\":\"2010-02-11T14:51:06+00:00\",\"dateModified\":\"2010-02-15T19:35:34+00:00\",\"author\":{\"@id\":\"https:\/\/www.visit-ulcinj.com\/blog\/#\/schema\/person\/dcab619c614d3038751c63bc2aadc06d\"},\"description\":\"Kishin 5 deputet\u00eb. Kodi i ri Zgjedhor u heq p\u00ebrfaq\u00ebsimin si nj\u00ebsi zgjedhore e posa\u00e7me Shqiptar\u00ebt e Malit t\u00eb Zi rrezikojn\u00eb t\u00eb humbin nj\u00ebsin\u00eb e posa\u00e7me\",\"breadcrumb\":{\"@id\":\"https:\/\/www.visit-ulcinj.com\/blog\/2010\/02\/11\/mali-i-zi-shqiptaret-jashte-parlamenti\/#breadcrumb\"},\"inLanguage\":\"en-US\",\"potentialAction\":[{\"@type\":\"ReadAction\",\"target\":[\"https:\/\/www.visit-ulcinj.com\/blog\/2010\/02\/11\/mali-i-zi-shqiptaret-jashte-parlamenti\/\"]}]},{\"@type\":\"BreadcrumbList\",\"@id\":\"https:\/\/www.visit-ulcinj.com\/blog\/2010\/02\/11\/mali-i-zi-shqiptaret-jashte-parlamenti\/#breadcrumb\",\"itemListElement\":[{\"@type\":\"ListItem\",\"position\":1,\"name\":\"Mali i Zi, shqiptar\u00ebt jasht\u00eb Parlamenti &#8211; Video\"}]},{\"@type\":\"Person\",\"@id\":\"https:\/\/www.visit-ulcinj.com\/blog\/#\/schema\/person\/dcab619c614d3038751c63bc2aadc06d\",\"name\":\"ulqini\",\"sameAs\":[\"http:\/\/www.visit-ulcinj.com\"],\"url\":\"https:\/\/www.visit-ulcinj.com\/blog\/author\/admin\/\"}]}<\/script>\n<!-- \/ Yoast SEO plugin. -->","yoast_head_json":{"title":"Mali i Zi, shqiptar\u00ebt jasht\u00eb Parlamenti - Video - Lajme nga Ulqini","description":"Kishin 5 deputet\u00eb. Kodi i ri Zgjedhor u heq p\u00ebrfaq\u00ebsimin si nj\u00ebsi zgjedhore e posa\u00e7me Shqiptar\u00ebt e Malit t\u00eb Zi rrezikojn\u00eb t\u00eb humbin nj\u00ebsin\u00eb e posa\u00e7me","robots":{"index":"index","follow":"follow","max-snippet":"max-snippet:-1","max-image-preview":"max-image-preview:large","max-video-preview":"max-video-preview:-1"},"canonical":"https:\/\/www.visit-ulcinj.com\/blog\/2010\/02\/11\/mali-i-zi-shqiptaret-jashte-parlamenti\/","og_locale":"en_US","og_type":"article","og_title":"Mali i Zi, shqiptar\u00ebt jasht\u00eb Parlamenti - Video - Lajme nga Ulqini","og_description":"Kishin 5 deputet\u00eb. Kodi i ri Zgjedhor u heq p\u00ebrfaq\u00ebsimin si nj\u00ebsi zgjedhore e posa\u00e7me Shqiptar\u00ebt e Malit t\u00eb Zi rrezikojn\u00eb t\u00eb humbin nj\u00ebsin\u00eb e posa\u00e7me","og_url":"https:\/\/www.visit-ulcinj.com\/blog\/2010\/02\/11\/mali-i-zi-shqiptaret-jashte-parlamenti\/","og_site_name":"Lajme nga Ulqini","article_published_time":"2010-02-11T14:51:06+00:00","article_modified_time":"2010-02-15T19:35:34+00:00","og_image":[{"url":"http:\/\/www.visit-ulcinj.com\/blog\/wp-content\/uploads\/2010\/02\/Albanci-nezadovoljni-izbornim-zakonom.jpg"}],"twitter_misc":{"Written by":"ulqini","Est. reading time":"3 minutes"},"schema":{"@context":"https:\/\/schema.org","@graph":[{"@type":"WebSite","@id":"https:\/\/www.visit-ulcinj.com\/blog\/#website","url":"https:\/\/www.visit-ulcinj.com\/blog\/","name":"Lajme nga Ulqini","description":"Lajme,Vijesti,Ulqini,Ulqin,Crna Gora,Mali i Zi","potentialAction":[{"@type":"SearchAction","target":{"@type":"EntryPoint","urlTemplate":"https:\/\/www.visit-ulcinj.com\/blog\/?s={search_term_string}"},"query-input":"required name=search_term_string"}],"inLanguage":"en-US"},{"@type":"ImageObject","inLanguage":"en-US","@id":"https:\/\/www.visit-ulcinj.com\/blog\/2010\/02\/11\/mali-i-zi-shqiptaret-jashte-parlamenti\/#primaryimage","url":"https:\/\/www.visit-ulcinj.com\/blog\/wp-content\/uploads\/2010\/02\/Albanci-nezadovoljni-izbornim-zakonom.jpg","contentUrl":"https:\/\/www.visit-ulcinj.com\/blog\/wp-content\/uploads\/2010\/02\/Albanci-nezadovoljni-izbornim-zakonom.jpg","width":"527","height":"395"},{"@type":"WebPage","@id":"https:\/\/www.visit-ulcinj.com\/blog\/2010\/02\/11\/mali-i-zi-shqiptaret-jashte-parlamenti\/#webpage","url":"https:\/\/www.visit-ulcinj.com\/blog\/2010\/02\/11\/mali-i-zi-shqiptaret-jashte-parlamenti\/","name":"Mali i Zi, shqiptar\u00ebt jasht\u00eb Parlamenti - Video - Lajme nga Ulqini","isPartOf":{"@id":"https:\/\/www.visit-ulcinj.com\/blog\/#website"},"primaryImageOfPage":{"@id":"https:\/\/www.visit-ulcinj.com\/blog\/2010\/02\/11\/mali-i-zi-shqiptaret-jashte-parlamenti\/#primaryimage"},"datePublished":"2010-02-11T14:51:06+00:00","dateModified":"2010-02-15T19:35:34+00:00","author":{"@id":"https:\/\/www.visit-ulcinj.com\/blog\/#\/schema\/person\/dcab619c614d3038751c63bc2aadc06d"},"description":"Kishin 5 deputet\u00eb. Kodi i ri Zgjedhor u heq p\u00ebrfaq\u00ebsimin si nj\u00ebsi zgjedhore e posa\u00e7me Shqiptar\u00ebt e Malit t\u00eb Zi rrezikojn\u00eb t\u00eb humbin nj\u00ebsin\u00eb e posa\u00e7me","breadcrumb":{"@id":"https:\/\/www.visit-ulcinj.com\/blog\/2010\/02\/11\/mali-i-zi-shqiptaret-jashte-parlamenti\/#breadcrumb"},"inLanguage":"en-US","potentialAction":[{"@type":"ReadAction","target":["https:\/\/www.visit-ulcinj.com\/blog\/2010\/02\/11\/mali-i-zi-shqiptaret-jashte-parlamenti\/"]}]},{"@type":"BreadcrumbList","@id":"https:\/\/www.visit-ulcinj.com\/blog\/2010\/02\/11\/mali-i-zi-shqiptaret-jashte-parlamenti\/#breadcrumb","itemListElement":[{"@type":"ListItem","position":1,"name":"Mali i Zi, shqiptar\u00ebt jasht\u00eb Parlamenti &#8211; Video"}]},{"@type":"Person","@id":"https:\/\/www.visit-ulcinj.com\/blog\/#\/schema\/person\/dcab619c614d3038751c63bc2aadc06d","name":"ulqini","sameAs":["http:\/\/www.visit-ulcinj.com"],"url":"https:\/\/www.visit-ulcinj.com\/blog\/author\/admin\/"}]}},"jetpack_featured_media_url":"","jetpack_sharing_enabled":true,"jetpack_shortlink":"https:\/\/wp.me\/pe6lTn-7RQ","_links":{"self":[{"href":"https:\/\/www.visit-ulcinj.com\/blog\/wp-json\/wp\/v2\/posts\/30246"}],"collection":[{"href":"https:\/\/www.visit-ulcinj.com\/blog\/wp-json\/wp\/v2\/posts"}],"about":[{"href":"https:\/\/www.visit-ulcinj.com\/blog\/wp-json\/wp\/v2\/types\/post"}],"author":[{"embeddable":true,"href":"https:\/\/www.visit-ulcinj.com\/blog\/wp-json\/wp\/v2\/users\/1"}],"replies":[{"embeddable":true,"href":"https:\/\/www.visit-ulcinj.com\/blog\/wp-json\/wp\/v2\/comments?post=30246"}],"version-history":[{"count":0,"href":"https:\/\/www.visit-ulcinj.com\/blog\/wp-json\/wp\/v2\/posts\/30246\/revisions"}],"wp:attachment":[{"href":"https:\/\/www.visit-ulcinj.com\/blog\/wp-json\/wp\/v2\/media?parent=30246"}],"wp:term":[{"taxonomy":"category","embeddable":true,"href":"https:\/\/www.visit-ulcinj.com\/blog\/wp-json\/wp\/v2\/categories?post=30246"},{"taxonomy":"post_tag","embeddable":true,"href":"https:\/\/www.visit-ulcinj.com\/blog\/wp-json\/wp\/v2\/tags?post=30246"}],"curies":[{"name":"wp","href":"https:\/\/api.w.org\/{rel}","templated":true}]}}