{"id":30261,"date":"2010-02-12T10:34:52","date_gmt":"2010-02-12T08:34:52","guid":{"rendered":"http:\/\/www.visit-ulcinj.com\/blog\/?p=30261"},"modified":"2010-02-15T21:44:49","modified_gmt":"2010-02-15T19:44:49","slug":"amir-holaj-prava-albancima-ili-bojkot","status":"publish","type":"post","link":"https:\/\/www.visit-ulcinj.com\/blog\/2010\/02\/12\/amir-holaj-prava-albancima-ili-bojkot\/","title":{"rendered":"Amir Holaj: Prava Albancima ili bojkot &#8211; Video"},"content":{"rendered":"<p><strong><a href=\"http:\/\/www.visit-ulcinj.com\/blog\/wp-content\/uploads\/2010\/02\/Amir-Holaj_Poslanik-koalicije-Perspektiva.jpg\"><img loading=\"lazy\" class=\"alignleft size-full wp-image-30262\" title=\"Amir Holaj_Poslanik koalicije Perspektiva\" src=\"http:\/\/www.visit-ulcinj.com\/blog\/wp-content\/uploads\/2010\/02\/Amir-Holaj_Poslanik-koalicije-Perspektiva.jpg\" alt=\"Amir Holaj_Poslanik koalicije Perspektiva\" width=\"580\" height=\"380\" \/><\/a>Amir Holaj o izbornom zakonodavstvu i zakonu o teritorijalnoj organizaciji<\/strong><br \/>\nPoslanik koalicije Perspektiva Amir Holaj kazao je ju?e da je spreman da predlo\u017ei albanskim partijama da bojkotuju izbore i institucije u Crnoj Gori ukoliko im se izmjenama izbornog zakona ukinu ste?ena prava, a Malesija ne dobije status punopravne op\u0161tine. Pojasnio je da ?e prije takvog poteza predstavnici Albanaca u parlamentu iskoristiti sve doma?e i me?unarodne mehanizme da za\u0161tite ste?ena prava.<br \/>\n&#8211; Za nas je predlog modela za zastupljenost manjina koji je ve?inski podr\u017ean u Radnoj grupi neprihvatljiv. Stojimo ?vrsto iza na\u0161ih stavova koji zna?e o?uvanje ste?enih prava Albanaca u Crnoj Gori.<br \/>\nSada smo jo\u0161 ja?i jer je i lider Demokratske unije Albanaca i ministar za za\u0161titu ljudskih i manjinskih prava Ferhat Dino\u0161a podr\u017eao na\u0161 zahtjev da se ste?ena prava ne smiju dovoditi u pitanje &#8211; rekao je on.<br \/>\n<a href=\"http:\/\/www.visit-ulcinj.com\/blog\/wp-content\/uploads\/2010\/02\/Amir-Holaj_Poslanik-koalicije-Perspektiva.1.jpg\"><img loading=\"lazy\" class=\"alignleft size-medium wp-image-30263\" title=\"Amir Holaj_Poslanik koalicije Perspektiva.1\" src=\"http:\/\/www.visit-ulcinj.com\/blog\/wp-content\/uploads\/2010\/02\/Amir-Holaj_Poslanik-koalicije-Perspektiva.1-213x300.jpg\" alt=\"Amir Holaj_Poslanik koalicije Perspektiva.1\" width=\"213\" height=\"300\" srcset=\"https:\/\/www.visit-ulcinj.com\/blog\/wp-content\/uploads\/2010\/02\/Amir-Holaj_Poslanik-koalicije-Perspektiva.1-213x300.jpg 213w, https:\/\/www.visit-ulcinj.com\/blog\/wp-content\/uploads\/2010\/02\/Amir-Holaj_Poslanik-koalicije-Perspektiva.1.jpg 429w\" sizes=\"(max-width: 213px) 100vw, 213px\" \/><\/a>Tvrdi da se od po?etka rada Radne grupe nastojalo da se dvotre?inski ukinu ste?ena prava Albanaca, \u0161to nije dobro. Holaj nagla\u0161ava da kao jedan od ?lanova Radne grupe jo\u0161 nije dobio kona?an materijal.<br \/>\nOn je dodao da je specifi?na situacija i sa Predlogom zakona o teritorijalnoj organizaciji Crne Gore, koji je u skup\u0161tinskoj proceduri.<br \/>\nUvjeren je da ?e albanske partije i oko ovog zakona imati zajedni?ki stav.<br \/>\n&#8211; Poku\u0161a?emo da za\u0161titu na\u0161ih prava tra\u017eimo i pred Ustavnim sudom, a o svemu \u0161to se de\u0161ava obavijesti?emo i relevantne me?unarodne subjekte. Ukoliko ne uspijemo da sa?uvamo prava Albanaca, to bi zna?ilo da je demokratija u Crnoj Gori samo deklarativni pojam.<br \/>\nSpreman sam, ako tako bude da kolegama iz albanskih stranaka predlo\u017eim da bojkotujemo sve izbore i institucije &#8211; zaklju?io je Holaj.<br \/>\nVe?inski prihva?enim rje\u0161enjima u Radnoj grupi predvi?eno je ukidanje posebne izborne jedinice i garantovanih mandata, ?emu se albanske stranke o\u0161tro protive.<br \/>\n<strong><br \/>\nV.R.<br \/>\n<a href=\"http:\/\/www.dan.co.me\/?nivo=3&amp;rubrika=Politika&amp;datum=2010-02-11&amp;clanak=219119\" target=\"_blank\">DAN<\/a><\/strong><\/p>\n<p><object width=\"580\" height=\"400\"><param name=\"movie\" value=\"http:\/\/www.dailymotion.com\/swf\/xc8r1w&#038;autoPlay=1\"><\/param><param name=\"allowFullScreen\" value=\"true\"><\/param><param name=\"allowScriptAccess\" value=\"always\"><\/param><\/object><br \/><b><a href=\"http:\/\/www.dailymotion.com\/video\/xc8r1w_shqiptar\u00ebt-n\u00eb-mal-t\u00eb-zi-humbin-nj\u00ebs_news\">Shqiptar&euml;t n&euml; Mal t&euml; Zi humbin nj&euml;sin&euml; e tyre zgjedhore 2010<\/a><\/p>\n","protected":false},"excerpt":{"rendered":"<p>Amir Holaj o izbornom zakonodavstvu i zakonu o teritorijalnoj organizaciji Poslanik koalicije Perspektiva Amir Holaj kazao je ju?e da je spreman da predlo\u017ei albanskim partijama da bojkotuju izbore i institucije u Crnoj Gori ukoliko im se izmjenama izbornog zakona ukinu ste?ena prava, a Malesija ne dobije status punopravne op\u0161tine. Pojasnio je da ?e prije takvog [&hellip;]<\/p>\n","protected":false},"author":1,"featured_media":0,"comment_status":"open","ping_status":"closed","sticky":false,"template":"","format":"standard","meta":{"spay_email":"","jetpack_publicize_message":"","jetpack_is_tweetstorm":false,"jetpack_publicize_feature_enabled":true},"categories":[8337],"tags":[1630,13498,13497,13499],"jetpack_publicize_connections":[],"yoast_head":"<!-- This site is optimized with the Yoast SEO plugin v19.1 - https:\/\/yoast.com\/wordpress\/plugins\/seo\/ -->\n<title>Amir Holaj: Prava Albancima ili bojkot - Video - Lajme nga Ulqini<\/title>\n<meta name=\"description\" content=\"Amir Holaj o izbornom zakonodavstvu i zakonu o teritorijalnoj organizaciji Poslanik koalicije Perspektiva Amir Holaj kazao je ju?e da je spreman da\" \/>\n<meta name=\"robots\" content=\"index, follow, max-snippet:-1, max-image-preview:large, max-video-preview:-1\" \/>\n<link rel=\"canonical\" href=\"https:\/\/www.visit-ulcinj.com\/blog\/2010\/02\/12\/amir-holaj-prava-albancima-ili-bojkot\/\" \/>\n<meta property=\"og:locale\" content=\"en_US\" \/>\n<meta property=\"og:type\" content=\"article\" \/>\n<meta property=\"og:title\" content=\"Amir Holaj: Prava Albancima ili bojkot - Video - Lajme nga Ulqini\" \/>\n<meta property=\"og:description\" content=\"Amir Holaj o izbornom zakonodavstvu i zakonu o teritorijalnoj organizaciji Poslanik koalicije Perspektiva Amir Holaj kazao je ju?e da je spreman da\" \/>\n<meta property=\"og:url\" content=\"https:\/\/www.visit-ulcinj.com\/blog\/2010\/02\/12\/amir-holaj-prava-albancima-ili-bojkot\/\" \/>\n<meta property=\"og:site_name\" content=\"Lajme nga Ulqini\" \/>\n<meta property=\"article:published_time\" content=\"2010-02-12T08:34:52+00:00\" \/>\n<meta property=\"article:modified_time\" content=\"2010-02-15T19:44:49+00:00\" \/>\n<meta property=\"og:image\" content=\"http:\/\/www.visit-ulcinj.com\/blog\/wp-content\/uploads\/2010\/02\/Amir-Holaj_Poslanik-koalicije-Perspektiva.jpg\" \/>\n<meta name=\"twitter:label1\" content=\"Written by\" \/>\n\t<meta name=\"twitter:data1\" content=\"ulqini\" \/>\n\t<meta name=\"twitter:label2\" content=\"Est. reading time\" \/>\n\t<meta name=\"twitter:data2\" content=\"2 minutes\" \/>\n<script type=\"application\/ld+json\" class=\"yoast-schema-graph\">{\"@context\":\"https:\/\/schema.org\",\"@graph\":[{\"@type\":\"WebSite\",\"@id\":\"https:\/\/www.visit-ulcinj.com\/blog\/#website\",\"url\":\"https:\/\/www.visit-ulcinj.com\/blog\/\",\"name\":\"Lajme nga Ulqini\",\"description\":\"Lajme,Vijesti,Ulqini,Ulqin,Crna Gora,Mali i Zi\",\"potentialAction\":[{\"@type\":\"SearchAction\",\"target\":{\"@type\":\"EntryPoint\",\"urlTemplate\":\"https:\/\/www.visit-ulcinj.com\/blog\/?s={search_term_string}\"},\"query-input\":\"required name=search_term_string\"}],\"inLanguage\":\"en-US\"},{\"@type\":\"ImageObject\",\"inLanguage\":\"en-US\",\"@id\":\"https:\/\/www.visit-ulcinj.com\/blog\/2010\/02\/12\/amir-holaj-prava-albancima-ili-bojkot\/#primaryimage\",\"url\":\"https:\/\/www.visit-ulcinj.com\/blog\/wp-content\/uploads\/2010\/02\/Amir-Holaj_Poslanik-koalicije-Perspektiva.jpg\",\"contentUrl\":\"https:\/\/www.visit-ulcinj.com\/blog\/wp-content\/uploads\/2010\/02\/Amir-Holaj_Poslanik-koalicije-Perspektiva.jpg\",\"width\":\"604\",\"height\":\"380\"},{\"@type\":\"WebPage\",\"@id\":\"https:\/\/www.visit-ulcinj.com\/blog\/2010\/02\/12\/amir-holaj-prava-albancima-ili-bojkot\/#webpage\",\"url\":\"https:\/\/www.visit-ulcinj.com\/blog\/2010\/02\/12\/amir-holaj-prava-albancima-ili-bojkot\/\",\"name\":\"Amir Holaj: Prava Albancima ili bojkot - Video - Lajme nga Ulqini\",\"isPartOf\":{\"@id\":\"https:\/\/www.visit-ulcinj.com\/blog\/#website\"},\"primaryImageOfPage\":{\"@id\":\"https:\/\/www.visit-ulcinj.com\/blog\/2010\/02\/12\/amir-holaj-prava-albancima-ili-bojkot\/#primaryimage\"},\"datePublished\":\"2010-02-12T08:34:52+00:00\",\"dateModified\":\"2010-02-15T19:44:49+00:00\",\"author\":{\"@id\":\"https:\/\/www.visit-ulcinj.com\/blog\/#\/schema\/person\/dcab619c614d3038751c63bc2aadc06d\"},\"description\":\"Amir Holaj o izbornom zakonodavstvu i zakonu o teritorijalnoj organizaciji Poslanik koalicije Perspektiva Amir Holaj kazao je ju?e da je spreman da\",\"breadcrumb\":{\"@id\":\"https:\/\/www.visit-ulcinj.com\/blog\/2010\/02\/12\/amir-holaj-prava-albancima-ili-bojkot\/#breadcrumb\"},\"inLanguage\":\"en-US\",\"potentialAction\":[{\"@type\":\"ReadAction\",\"target\":[\"https:\/\/www.visit-ulcinj.com\/blog\/2010\/02\/12\/amir-holaj-prava-albancima-ili-bojkot\/\"]}]},{\"@type\":\"BreadcrumbList\",\"@id\":\"https:\/\/www.visit-ulcinj.com\/blog\/2010\/02\/12\/amir-holaj-prava-albancima-ili-bojkot\/#breadcrumb\",\"itemListElement\":[{\"@type\":\"ListItem\",\"position\":1,\"name\":\"Amir Holaj: Prava Albancima ili bojkot &#8211; Video\"}]},{\"@type\":\"Person\",\"@id\":\"https:\/\/www.visit-ulcinj.com\/blog\/#\/schema\/person\/dcab619c614d3038751c63bc2aadc06d\",\"name\":\"ulqini\",\"sameAs\":[\"http:\/\/www.visit-ulcinj.com\"],\"url\":\"https:\/\/www.visit-ulcinj.com\/blog\/author\/admin\/\"}]}<\/script>\n<!-- \/ Yoast SEO plugin. -->","yoast_head_json":{"title":"Amir Holaj: Prava Albancima ili bojkot - Video - Lajme nga Ulqini","description":"Amir Holaj o izbornom zakonodavstvu i zakonu o teritorijalnoj organizaciji Poslanik koalicije Perspektiva Amir Holaj kazao je ju?e da je spreman da","robots":{"index":"index","follow":"follow","max-snippet":"max-snippet:-1","max-image-preview":"max-image-preview:large","max-video-preview":"max-video-preview:-1"},"canonical":"https:\/\/www.visit-ulcinj.com\/blog\/2010\/02\/12\/amir-holaj-prava-albancima-ili-bojkot\/","og_locale":"en_US","og_type":"article","og_title":"Amir Holaj: Prava Albancima ili bojkot - Video - Lajme nga Ulqini","og_description":"Amir Holaj o izbornom zakonodavstvu i zakonu o teritorijalnoj organizaciji Poslanik koalicije Perspektiva Amir Holaj kazao je ju?e da je spreman da","og_url":"https:\/\/www.visit-ulcinj.com\/blog\/2010\/02\/12\/amir-holaj-prava-albancima-ili-bojkot\/","og_site_name":"Lajme nga Ulqini","article_published_time":"2010-02-12T08:34:52+00:00","article_modified_time":"2010-02-15T19:44:49+00:00","og_image":[{"url":"http:\/\/www.visit-ulcinj.com\/blog\/wp-content\/uploads\/2010\/02\/Amir-Holaj_Poslanik-koalicije-Perspektiva.jpg"}],"twitter_misc":{"Written by":"ulqini","Est. reading time":"2 minutes"},"schema":{"@context":"https:\/\/schema.org","@graph":[{"@type":"WebSite","@id":"https:\/\/www.visit-ulcinj.com\/blog\/#website","url":"https:\/\/www.visit-ulcinj.com\/blog\/","name":"Lajme nga Ulqini","description":"Lajme,Vijesti,Ulqini,Ulqin,Crna Gora,Mali i Zi","potentialAction":[{"@type":"SearchAction","target":{"@type":"EntryPoint","urlTemplate":"https:\/\/www.visit-ulcinj.com\/blog\/?s={search_term_string}"},"query-input":"required name=search_term_string"}],"inLanguage":"en-US"},{"@type":"ImageObject","inLanguage":"en-US","@id":"https:\/\/www.visit-ulcinj.com\/blog\/2010\/02\/12\/amir-holaj-prava-albancima-ili-bojkot\/#primaryimage","url":"https:\/\/www.visit-ulcinj.com\/blog\/wp-content\/uploads\/2010\/02\/Amir-Holaj_Poslanik-koalicije-Perspektiva.jpg","contentUrl":"https:\/\/www.visit-ulcinj.com\/blog\/wp-content\/uploads\/2010\/02\/Amir-Holaj_Poslanik-koalicije-Perspektiva.jpg","width":"604","height":"380"},{"@type":"WebPage","@id":"https:\/\/www.visit-ulcinj.com\/blog\/2010\/02\/12\/amir-holaj-prava-albancima-ili-bojkot\/#webpage","url":"https:\/\/www.visit-ulcinj.com\/blog\/2010\/02\/12\/amir-holaj-prava-albancima-ili-bojkot\/","name":"Amir Holaj: Prava Albancima ili bojkot - Video - Lajme nga Ulqini","isPartOf":{"@id":"https:\/\/www.visit-ulcinj.com\/blog\/#website"},"primaryImageOfPage":{"@id":"https:\/\/www.visit-ulcinj.com\/blog\/2010\/02\/12\/amir-holaj-prava-albancima-ili-bojkot\/#primaryimage"},"datePublished":"2010-02-12T08:34:52+00:00","dateModified":"2010-02-15T19:44:49+00:00","author":{"@id":"https:\/\/www.visit-ulcinj.com\/blog\/#\/schema\/person\/dcab619c614d3038751c63bc2aadc06d"},"description":"Amir Holaj o izbornom zakonodavstvu i zakonu o teritorijalnoj organizaciji Poslanik koalicije Perspektiva Amir Holaj kazao je ju?e da je spreman da","breadcrumb":{"@id":"https:\/\/www.visit-ulcinj.com\/blog\/2010\/02\/12\/amir-holaj-prava-albancima-ili-bojkot\/#breadcrumb"},"inLanguage":"en-US","potentialAction":[{"@type":"ReadAction","target":["https:\/\/www.visit-ulcinj.com\/blog\/2010\/02\/12\/amir-holaj-prava-albancima-ili-bojkot\/"]}]},{"@type":"BreadcrumbList","@id":"https:\/\/www.visit-ulcinj.com\/blog\/2010\/02\/12\/amir-holaj-prava-albancima-ili-bojkot\/#breadcrumb","itemListElement":[{"@type":"ListItem","position":1,"name":"Amir Holaj: Prava Albancima ili bojkot &#8211; Video"}]},{"@type":"Person","@id":"https:\/\/www.visit-ulcinj.com\/blog\/#\/schema\/person\/dcab619c614d3038751c63bc2aadc06d","name":"ulqini","sameAs":["http:\/\/www.visit-ulcinj.com"],"url":"https:\/\/www.visit-ulcinj.com\/blog\/author\/admin\/"}]}},"jetpack_featured_media_url":"","jetpack_sharing_enabled":true,"jetpack_shortlink":"https:\/\/wp.me\/pe6lTn-7S5","_links":{"self":[{"href":"https:\/\/www.visit-ulcinj.com\/blog\/wp-json\/wp\/v2\/posts\/30261"}],"collection":[{"href":"https:\/\/www.visit-ulcinj.com\/blog\/wp-json\/wp\/v2\/posts"}],"about":[{"href":"https:\/\/www.visit-ulcinj.com\/blog\/wp-json\/wp\/v2\/types\/post"}],"author":[{"embeddable":true,"href":"https:\/\/www.visit-ulcinj.com\/blog\/wp-json\/wp\/v2\/users\/1"}],"replies":[{"embeddable":true,"href":"https:\/\/www.visit-ulcinj.com\/blog\/wp-json\/wp\/v2\/comments?post=30261"}],"version-history":[{"count":0,"href":"https:\/\/www.visit-ulcinj.com\/blog\/wp-json\/wp\/v2\/posts\/30261\/revisions"}],"wp:attachment":[{"href":"https:\/\/www.visit-ulcinj.com\/blog\/wp-json\/wp\/v2\/media?parent=30261"}],"wp:term":[{"taxonomy":"category","embeddable":true,"href":"https:\/\/www.visit-ulcinj.com\/blog\/wp-json\/wp\/v2\/categories?post=30261"},{"taxonomy":"post_tag","embeddable":true,"href":"https:\/\/www.visit-ulcinj.com\/blog\/wp-json\/wp\/v2\/tags?post=30261"}],"curies":[{"name":"wp","href":"https:\/\/api.w.org\/{rel}","templated":true}]}}