{"id":30271,"date":"2010-02-12T11:39:07","date_gmt":"2010-02-12T09:39:07","guid":{"rendered":"http:\/\/www.visit-ulcinj.com\/blog\/?p=30271"},"modified":"2010-02-12T11:39:07","modified_gmt":"2010-02-12T09:39:07","slug":"aksioni-afirmativ-i-pakicave-nga-dr-sc-iur-angjell-gojcaj","status":"publish","type":"post","link":"https:\/\/www.visit-ulcinj.com\/blog\/2010\/02\/12\/aksioni-afirmativ-i-pakicave-nga-dr-sc-iur-angjell-gojcaj\/","title":{"rendered":"Aksioni afirmativ i pakicave nga Dr. Sc. iur. Angjell Goj\u00e7aj"},"content":{"rendered":"<p><strong><a href=\"http:\/\/www.visit-ulcinj.com\/blog\/wp-content\/uploads\/2010\/02\/Angjell-Goj\u00e7aj.jpg\"><img loading=\"lazy\" class=\"alignleft size-full wp-image-30274\" title=\"Angjell Goj\u00e7aj\" src=\"http:\/\/www.visit-ulcinj.com\/blog\/wp-content\/uploads\/2010\/02\/Angjell-Goj\u00e7aj.jpg\" alt=\"Angjell Goj\u00e7aj\" width=\"580\" height=\"400\" \/><\/a>Largimi nga e v\u00ebrteta<\/strong><br \/>\nDiskutimet rreth Ligjit t\u00eb ri zgjedhor n\u00eb Mal t\u00eb Zi po nxjerrin n\u00eb shesh p\u00ebrpjekjet e qeveris\u00eb, si edhe t\u00eb opozit\u00ebs p\u00ebr t\u00eb gjetur nj\u00eb formul\u00eb e cila do t\u00eb degradonte pozit\u00ebn e pakicave etnike n\u00eb Mal t\u00eb Zi, ku nj\u00eb nd\u00ebr kafshatat e pakap\u00ebrdishme jan\u00eb t\u00eb drejtat e arritura t\u00eb shqiptar\u00ebve.\u00a0 Metoda q\u00eb po aplikohet nga qeveria \u00ebsht\u00eb q\u00eb me an\u00eb t\u00eb diskutimeve dhe kompromisit gjoja \u201cdemokratik\u201d t\u00eb arrihet nj\u00eb koncezus me opozit\u00ebn, e cila p\u00ebr fat t\u00eb keq vizionin e saj politik p\u00ebr shtetin e ri t\u00eb Malit t\u00eb Zi e ka t\u00eb padefinuar. K\u00ebtu aktor p\u00ebrkrah\u00ebs jan\u00eb edhe disa pakica t\u00eb k\u00ebrc\u00ebnuara dhe nj\u00eb fraksion i politik\u00ebs shqiptare n\u00eb Mal t\u00eb Zi,\u00a0 e cila\u00a0 \u00ebsht\u00eb e kusht\u00ebzuar nga interesat dhe privilegjet e pun\u00ebsimit p\u00ebr baz\u00ebn elektorale.<\/p>\n<p>Q\u00eb ligji zgjedhor paraqet nj\u00eb sfid\u00eb p\u00ebr Malin e Zi, e v\u00ebrteton edhe vet fakti se nuk \u00ebsht\u00eb hedhur n\u00eb votim, pa u testuar opinioni me deklarata t\u00eb koordinuara, prej pozitave diametralisht t\u00eb kund\u00ebrta. K\u00ebshtu koh\u00ebve t\u00eb fundit kemi vleresime, se gjoja n\u00eb Unionin Evropian nuk ka pakica nacionale, apo akcioni afirmativ \u00ebsht\u00eb i panevojsh\u00ebm.<\/p>\n<p><a href=\"http:\/\/www.visit-ulcinj.com\/blog\/wp-content\/uploads\/2010\/02\/Angjell-Goj\u00e7aj.1.jpg\"><img loading=\"lazy\" class=\"alignleft size-medium wp-image-30275\" title=\"Angjell Goj\u00e7aj.1\" src=\"http:\/\/www.visit-ulcinj.com\/blog\/wp-content\/uploads\/2010\/02\/Angjell-Goj\u00e7aj.1-300x225.jpg\" alt=\"Angjell Goj\u00e7aj.1\" width=\"300\" height=\"225\" \/><\/a>K\u00ebto konstatime, p\u00ebr t\u00eb cilat nuk mund t\u00eb gjykojm\u00eb n\u00ebse jan\u00eb b\u00ebr\u00eb nga niveli\u00a0 politik\u00eb apo shkencor, por pa marr\u00eb parasysh se prej cilit nivel, ato jan\u00eb t\u00eb gabuara.\u00a0 Secili shkenctar-politik\u00a0 duhet t\u00eb posedoj njohuri, p\u00ebr t\u00eb cilat ne nuk dyshojm\u00eb se i kan\u00eb, por pozita e tyre politike i ka shtyr\u00eb q\u00eb t\u00eb mos e pranojn\u00eb faktin se; n\u00eb Unionin Evropian ka pakica nacionale, dhe se Mali i Zi ka ratifikuar dhe n\u00ebnshkruar nj\u00eb num\u00ebr t\u00eb konsideruar\u00a0 t\u00eb marrveshjeve nd\u00ebrkomb\u00ebtare, t\u00eb cilat jan\u00eb b\u00ebr\u00eb edhe pjes\u00eb e sistemit juridik t\u00eb Malit t\u00eb Zi, ku para Malit t\u00eb Zi, i kan\u00eb aprovuar edhe shtetet e Unioni Evropian,\u00a0 p\u00ebr t\u00eb cilat pohohet se nuk kan\u00eb pakica nacionale.<\/p>\n<p>Pakicat nacionale nuk jan\u00eb pakica t\u00eb religjionit apo t\u00eb migrimit, t\u00eb cilat ekzistojn\u00eb n\u00eb shum\u00eb shtete multikulturore.\u00a0 P\u00ebrkundrazi, pakicat nacionale jan\u00eb grupe specifike t\u00eb popujve autokton\u00eb. Ky termin p\u00ebrfshin\u00eb statutin e pakicave, i cili \u00ebsht\u00eb rezultat i inkorporimit n\u00eb nj\u00eb sistem m\u00eb t\u00eb gj\u00ebr\u00eb politik\u00eb, apo t\u00eb ndryshimit t\u00eb kufijve nga konfliket e m\u00ebdhaja nga m\u00eb t\u00eb vjetrat e deri te ato moderne, si\u00e7 kemi rastin e luft\u00ebs s\u00eb I-r\u00eb dhe t\u00eb II-t\u00eb bot\u00ebrore, apo shp\u00ebrb\u00ebrjen e Bashkimit Sovjetik dhe Republik\u00ebs Jugosllave.\u00a0 Pakicat nacionale autoktone n\u00eb Evrop\u00eb, n\u00eb p\u00ebrb\u00ebrje paraqesin popullat\u00ebn, e cila \u201cpapritmas e ka gjetur vehten n\u00eb an\u00ebn e gabuar t\u00eb kufirit\u201d.\u00a0 K\u00ebtu mund t\u00eb p\u00ebrmendim Hungarez\u00ebt n\u00eb Sllovaki, Rumuni,Slloveni, Srbi dhe Ukrain\u00eb; Turqit n\u00eb Bullgari dhe Ballkan; Shqiptar\u00ebt n\u00eb Greqi, Maqedoni, Serbi dhe Mal t\u00eb Zi; Morav\u00ebt n\u00eb \u00c7eki; Austrijak\u00ebt n\u00eb Italin\u00eb Veriore; Italijan\u00ebt n\u00eb Austrin\u00eb Jugore dhe Slloveni; Gjerman\u00ebt n\u00eb Danimark\u00ebn e Jugut; Danez\u00ebt n\u00eb Gjermanin\u00eb Veriore; Rus\u00ebt n\u00eb shtetet Balltike, e k\u00ebshtu me rrall\u00eb.<\/p>\n<p>Pastaj, kriterjumet teritoriale p\u00ebr p\u00ebrcaktimin e k\u00ebtyre grupeve jan\u00eb me r\u00ebnd\u00ebsi t\u00eb ve\u00e7ant\u00eb.\u00a0 Shtetet e Evrop\u00ebs Perendimore n\u00eb aktet m\u00eb t\u00eb larta juridike e kan\u00eb masa t\u00eb qarta te cilat e definojn\u00eb pozit\u00ebn e pakicave nacionale, si\u00e7 \u00ebsht\u00eb rasti i Sllovenis\u00eb.\u00a0 P\u00ebrvoja e shteteve t\u00eb Evrop\u00ebs P\u00ebrendimore tregon se pakicat nacionale autoktone kan\u00eb t\u00eb drejt\u00eb n\u00eb p\u00ebrfaq\u00ebsimin autentik pa cenzus n\u00eb qeverisjen lokale dhe n\u00eb parlamentet republikane, t\u00eb drejt n\u00eb vot\u00ebn e dyfisht\u00eb, krijimin e komunave, rretheve dhe rajoneve n\u00eb teritoret ku jetojn\u00eb pa kusht\u00ebzime dhe t\u00eb pa kufizuar.\u00a0 Gjithashtu, pakicat nacionale autoktone kan\u00eb K\u00ebshillat e veta nacionale dhe fondet p\u00ebr zhvillim.\u00a0 Prej \u00e7far\u00eb u tha m\u00eb sip\u00ebr, sikur pakicave q\u00eb jetojn\u00eb n\u00eb Mal t\u00eb Zi tu jipeshin t\u00eb drejtat e nj\u00ebjta si\u00e7 i kan\u00eb Suedez\u00ebt n\u00eb Finland\u00eb, t\u00eb gjith\u00eb ne do t\u00eb ishim t\u00eb k\u00ebnaqur.<\/p>\n<p>Kur flitet p\u00ebr Malin e Zi si shtet qytetar, qeveria do ti b\u00ebnte nj\u00eb sh\u00ebrbim\u00a0 t\u00eb madh\u00eb demokracis\u00eb, sikur shteti t\u00eb funksiononte me t\u00eb v\u00ebrtet si i till\u00eb. Por besojm\u00eb q\u00eb t\u00eb gjith\u00eb e dim\u00eb se jetojm\u00eb n\u00eb nj\u00eb shtet ku secili q\u00eb mundohet p\u00ebr vlerat e civilizimit, por q\u00eb del jasht\u00eb rrethit familjar, fisnor, fes\u00eb, kish\u00ebs apo kombit, at\u00ebher etiketohet si \u201ctradh\u00ebtar\u201d i grupeve perkat\u00ebse.<\/p>\n<p>Arritja e demokracis\u00eb sh\u00ebnon nj\u00eb hap para n\u00eb zgjedhjen e \u00e7\u00ebshtjes s\u00eb pakicave, por demokracia nuk e zgjedh \u00e7\u00ebshtjen e pakicave.<\/p>\n<p>N\u00eb t\u00eb drejt\u00ebn nd\u00ebrkomb\u00ebtare p\u00ebr grupet e rrezikuara, si\u00e7 jan\u00eb refugjat\u00ebt, grat\u00eb, racat dhe pakicat nacionale jan\u00eb nd\u00ebrtuar rregulla t\u00eb posa\u00e7me p\u00ebr mbrojtjen e tyre.\u00a0 Koncepti modern i mbrojtjes s\u00eb pakicave \u00ebsht\u00eb paraqitur\u00a0 pik\u00ebrisht n\u00eb Ballkan, n\u00eb Kongresin e Berlinit.\u00a0 Kurse sot p\u00ebr fat t\u00eb keq, mund t\u00eb them se Ballkanit nj\u00eb mbrojtje e till\u00eb do ti nevojitet edhe p\u00ebr nj\u00eb koh\u00eb t\u00eb gjat\u00eb.<\/p>\n<p>Me insistimin e disa \u201cpolitikan\u00ebve- shkenc\u00ebtar\u201d t\u00eb pozit\u00ebs n\u00eb pushtet, dhe me p\u00ebrkrahjen e shumic\u00ebs n\u00eb opozit\u00eb, se nuk \u00ebsht\u00eb i nevojsh\u00ebm akcioni afirmativ, mendoj se p\u00ebrs\u00ebri\u00a0 gabohet.\u00a0 N\u00eb baz\u00eb t\u00eb cilave t\u00eb dh\u00ebna kan\u00eb arritur n\u00eb k\u00ebt\u00eb p\u00ebrfundim?\u00a0 Akcioni afirmativ dhe m\u00ebnyra e p\u00ebrfaq\u00ebsimit nuk jan\u00eb t\u00eb nevojsh\u00ebme n\u00eb rastin kur pakicat nacionale jan\u00eb t\u00eb barabarta n\u00eb Mal t\u00eb Zi.\u00a0 Por ne e dim\u00eb q\u00eb sot n\u00eb Gjykatat e Mal t\u00eb Zi nuk \u00ebsht\u00eb asnj\u00eb gjykat\u00ebs shqiptar,\u00a0 pastaj sa \u00ebsht\u00eb pun\u00ebsimi i tyre n\u00eb organet e shtetit q\u00eb numron mbi 50000 (Pes\u00ebdhjet mij\u00eb)\u00a0 t\u00eb pun\u00ebsuar?\u00a0 M\u00eb pak se 0.3%.\u00a0 Pastaj sa \u00ebsht\u00eb papun\u00ebsia e pakic\u00ebs nacionale shqiptare?\u00a0 P\u00ebrgjith\u00ebsisht pes\u00eb her\u00eb m\u00eb e madhe se papun\u00ebsia mesatare\u00a0 n\u00eb Mal t\u00eb Zi.\u00a0 A thua vall\u00eb, n\u00eb baz\u00eb t\u00eb k\u00ebtyre kushteve duhet t\u00eb hiqet akcioni afirmativ dhe m\u00ebnyra e p\u00ebrfaq\u00ebsimit?<\/p>\n<p>Pakicat duhen pruar n\u00eb at\u00eb shkall\u00eb zhvillimi, si\u00e7 ka th\u00ebn\u00eb ish-kryetari i SHBA-s\u00eb Xhonson, q\u00eb me ndihma t\u00eb m\u00ebnyrave t\u00eb ndryshme ata duhet t\u00eb jen\u00eb t\u00eb barabart si qytetar\u00ebt tjer\u00eb, si n\u00eb atletik\u00eb,\u00a0 kur vrapuesit fillojn\u00eb vrapimin n\u00eb staz\u00eb mbas pregaditjeve t\u00eb nj\u00ebjta.\u00a0 Kur p\u00ebr ato p\u00ebrgaditje jan\u00eb shpenzuar mjete t\u00eb nj\u00ebjta.<\/p>\n<p><a href=\"http:\/\/www.visit-ulcinj.com\/blog\/wp-content\/uploads\/2010\/02\/Angjell-Goj\u00e7aj.2.jpg\"><img loading=\"lazy\" class=\"alignright size-medium wp-image-30276\" title=\"Angjell Goj\u00e7aj.2\" src=\"http:\/\/www.visit-ulcinj.com\/blog\/wp-content\/uploads\/2010\/02\/Angjell-Goj\u00e7aj.2-300x225.jpg\" alt=\"Angjell Goj\u00e7aj.2\" width=\"300\" height=\"225\" \/><\/a>Me pohimin e tyre se pakicat duhet t\u00eb g\u00ebzojn\u00eb vet\u00ebm mbrojtjen kulturore,\u00a0 por jo edhe ate politike, bien ndesh me m\u00ebnyr\u00ebn e zgjedhjes s\u00eb \u00e7\u00ebshtjes s\u00eb pakicave n\u00eb bot\u00eb, e posa\u00e7\u00ebrisht n\u00eb Unionin Evropian.<br \/>\n\u00c7\u00ebshtja e pakicave zgjidhet n\u00eb m\u00ebnyra t\u00eb ndryshme: p\u00ebrmes transferimit, asimilimit, gjenocidit (p\u00ebr t\u00eb cilin kemi menduar se i takon s\u00eb kaluar\u00ebs, por fat\u00ebkeq\u00ebsisht \u00ebsht\u00eb paraqitur gjat\u00eb shp\u00ebrb\u00ebrjes s\u00eb ish-Jugosllavis\u00eb ), por edhe me rregulla t\u00eb mbrend\u00ebshme , apo nd\u00ebrkomb\u00ebtare, n\u00eb mes t\u00eb cilave vend t\u00eb r\u00ebnd\u00ebsish\u00ebm nxen\u00eb edhe e drejta politike, si dhe shkall\u00eb t\u00eb ndryshme t\u00eb autonomis\u00eb.\u00a0 Masat e para m\u00eb t\u00eb r\u00ebnd\u00ebsishme p\u00ebr mbrojtjen e pakicave nacionale jan\u00eb paraqitur n\u00eb nenin 27 t\u00eb Paktit p\u00ebr t\u00eb drejtat qytetare dhe politike, e jo n\u00eb Paktin p\u00ebr drejtat ekonomike dhe kulturore.<\/p>\n<p>N\u00eb nj\u00eb shtet ku udh\u00ebhiqet politika fisnore, e t\u00eb flitet p\u00ebr t\u00eb hequr t\u00eb drejtat e pakicave, do t\u00eb thot\u00eb largim nga e v\u00ebrteta, dhe tentim \u201ci zgjidhjes s\u00eb p\u00ebrhersh\u00ebme t\u00eb \u00e7\u00ebshtjes s\u00eb pakicave\u201d, mendoj n\u00eb pakicat e v\u00ebrteta n\u00eb Mal t\u00eb Zi.<\/p>\n<p><strong>Dr. Sc. iur. Angjell Goj\u00e7aj<br \/>\nKoha Javore<\/strong><\/p>\n","protected":false},"excerpt":{"rendered":"<p>Largimi nga e v\u00ebrteta Diskutimet rreth Ligjit t\u00eb ri zgjedhor n\u00eb Mal t\u00eb Zi po nxjerrin n\u00eb shesh p\u00ebrpjekjet e qeveris\u00eb, si edhe t\u00eb opozit\u00ebs p\u00ebr t\u00eb gjetur nj\u00eb formul\u00eb e cila do t\u00eb degradonte pozit\u00ebn e pakicave etnike n\u00eb Mal t\u00eb Zi, ku nj\u00eb nd\u00ebr kafshatat e pakap\u00ebrdishme jan\u00eb t\u00eb drejtat e arritura t\u00eb [&hellip;]<\/p>\n","protected":false},"author":1,"featured_media":0,"comment_status":"open","ping_status":"closed","sticky":false,"template":"","format":"standard","meta":{"spay_email":"","jetpack_publicize_message":"","jetpack_is_tweetstorm":false,"jetpack_publicize_feature_enabled":true},"categories":[11],"tags":[13501,13502],"jetpack_publicize_connections":[],"yoast_head":"<!-- This site is optimized with the Yoast SEO plugin v19.1 - https:\/\/yoast.com\/wordpress\/plugins\/seo\/ -->\n<title>Aksioni afirmativ i pakicave nga Dr. Sc. iur. Angjell Goj\u00e7aj - Lajme nga Ulqini<\/title>\n<meta name=\"description\" content=\"Largimi nga e v\u00ebrteta Diskutimet rreth Ligjit t\u00eb ri zgjedhor n\u00eb Mal t\u00eb Zi po nxjerrin n\u00eb shesh p\u00ebrpjekjet e qeveris\u00eb, si edhe t\u00eb opozit\u00ebs p\u00ebr t\u00eb gjetur\" \/>\n<meta name=\"robots\" content=\"index, follow, max-snippet:-1, max-image-preview:large, max-video-preview:-1\" \/>\n<link rel=\"canonical\" href=\"https:\/\/www.visit-ulcinj.com\/blog\/2010\/02\/12\/aksioni-afirmativ-i-pakicave-nga-dr-sc-iur-angjell-gojcaj\/\" \/>\n<meta property=\"og:locale\" content=\"en_US\" \/>\n<meta property=\"og:type\" content=\"article\" \/>\n<meta property=\"og:title\" content=\"Aksioni afirmativ i pakicave nga Dr. Sc. iur. Angjell Goj\u00e7aj - Lajme nga Ulqini\" \/>\n<meta property=\"og:description\" content=\"Largimi nga e v\u00ebrteta Diskutimet rreth Ligjit t\u00eb ri zgjedhor n\u00eb Mal t\u00eb Zi po nxjerrin n\u00eb shesh p\u00ebrpjekjet e qeveris\u00eb, si edhe t\u00eb opozit\u00ebs p\u00ebr t\u00eb gjetur\" \/>\n<meta property=\"og:url\" content=\"https:\/\/www.visit-ulcinj.com\/blog\/2010\/02\/12\/aksioni-afirmativ-i-pakicave-nga-dr-sc-iur-angjell-gojcaj\/\" \/>\n<meta property=\"og:site_name\" content=\"Lajme nga Ulqini\" \/>\n<meta property=\"article:published_time\" content=\"2010-02-12T09:39:07+00:00\" \/>\n<meta name=\"twitter:label1\" content=\"Written by\" \/>\n\t<meta name=\"twitter:data1\" content=\"ulqini\" \/>\n\t<meta name=\"twitter:label2\" content=\"Est. reading time\" \/>\n\t<meta name=\"twitter:data2\" content=\"6 minutes\" \/>\n<script type=\"application\/ld+json\" class=\"yoast-schema-graph\">{\"@context\":\"https:\/\/schema.org\",\"@graph\":[{\"@type\":\"WebSite\",\"@id\":\"https:\/\/www.visit-ulcinj.com\/blog\/#website\",\"url\":\"https:\/\/www.visit-ulcinj.com\/blog\/\",\"name\":\"Lajme nga Ulqini\",\"description\":\"Lajme,Vijesti,Ulqini,Ulqin,Crna Gora,Mali i Zi\",\"potentialAction\":[{\"@type\":\"SearchAction\",\"target\":{\"@type\":\"EntryPoint\",\"urlTemplate\":\"https:\/\/www.visit-ulcinj.com\/blog\/?s={search_term_string}\"},\"query-input\":\"required name=search_term_string\"}],\"inLanguage\":\"en-US\"},{\"@type\":\"WebPage\",\"@id\":\"https:\/\/www.visit-ulcinj.com\/blog\/2010\/02\/12\/aksioni-afirmativ-i-pakicave-nga-dr-sc-iur-angjell-gojcaj\/#webpage\",\"url\":\"https:\/\/www.visit-ulcinj.com\/blog\/2010\/02\/12\/aksioni-afirmativ-i-pakicave-nga-dr-sc-iur-angjell-gojcaj\/\",\"name\":\"Aksioni afirmativ i pakicave nga Dr. Sc. iur. Angjell Goj\u00e7aj - Lajme nga Ulqini\",\"isPartOf\":{\"@id\":\"https:\/\/www.visit-ulcinj.com\/blog\/#website\"},\"datePublished\":\"2010-02-12T09:39:07+00:00\",\"dateModified\":\"2010-02-12T09:39:07+00:00\",\"author\":{\"@id\":\"https:\/\/www.visit-ulcinj.com\/blog\/#\/schema\/person\/dcab619c614d3038751c63bc2aadc06d\"},\"description\":\"Largimi nga e v\u00ebrteta Diskutimet rreth Ligjit t\u00eb ri zgjedhor n\u00eb Mal t\u00eb Zi po nxjerrin n\u00eb shesh p\u00ebrpjekjet e qeveris\u00eb, si edhe t\u00eb opozit\u00ebs p\u00ebr t\u00eb gjetur\",\"breadcrumb\":{\"@id\":\"https:\/\/www.visit-ulcinj.com\/blog\/2010\/02\/12\/aksioni-afirmativ-i-pakicave-nga-dr-sc-iur-angjell-gojcaj\/#breadcrumb\"},\"inLanguage\":\"en-US\",\"potentialAction\":[{\"@type\":\"ReadAction\",\"target\":[\"https:\/\/www.visit-ulcinj.com\/blog\/2010\/02\/12\/aksioni-afirmativ-i-pakicave-nga-dr-sc-iur-angjell-gojcaj\/\"]}]},{\"@type\":\"BreadcrumbList\",\"@id\":\"https:\/\/www.visit-ulcinj.com\/blog\/2010\/02\/12\/aksioni-afirmativ-i-pakicave-nga-dr-sc-iur-angjell-gojcaj\/#breadcrumb\",\"itemListElement\":[{\"@type\":\"ListItem\",\"position\":1,\"name\":\"Aksioni afirmativ i pakicave nga Dr. Sc. iur. Angjell Goj\u00e7aj\"}]},{\"@type\":\"Person\",\"@id\":\"https:\/\/www.visit-ulcinj.com\/blog\/#\/schema\/person\/dcab619c614d3038751c63bc2aadc06d\",\"name\":\"ulqini\",\"sameAs\":[\"http:\/\/www.visit-ulcinj.com\"],\"url\":\"https:\/\/www.visit-ulcinj.com\/blog\/author\/admin\/\"}]}<\/script>\n<!-- \/ Yoast SEO plugin. -->","yoast_head_json":{"title":"Aksioni afirmativ i pakicave nga Dr. Sc. iur. Angjell Goj\u00e7aj - Lajme nga Ulqini","description":"Largimi nga e v\u00ebrteta Diskutimet rreth Ligjit t\u00eb ri zgjedhor n\u00eb Mal t\u00eb Zi po nxjerrin n\u00eb shesh p\u00ebrpjekjet e qeveris\u00eb, si edhe t\u00eb opozit\u00ebs p\u00ebr t\u00eb gjetur","robots":{"index":"index","follow":"follow","max-snippet":"max-snippet:-1","max-image-preview":"max-image-preview:large","max-video-preview":"max-video-preview:-1"},"canonical":"https:\/\/www.visit-ulcinj.com\/blog\/2010\/02\/12\/aksioni-afirmativ-i-pakicave-nga-dr-sc-iur-angjell-gojcaj\/","og_locale":"en_US","og_type":"article","og_title":"Aksioni afirmativ i pakicave nga Dr. Sc. iur. Angjell Goj\u00e7aj - Lajme nga Ulqini","og_description":"Largimi nga e v\u00ebrteta Diskutimet rreth Ligjit t\u00eb ri zgjedhor n\u00eb Mal t\u00eb Zi po nxjerrin n\u00eb shesh p\u00ebrpjekjet e qeveris\u00eb, si edhe t\u00eb opozit\u00ebs p\u00ebr t\u00eb gjetur","og_url":"https:\/\/www.visit-ulcinj.com\/blog\/2010\/02\/12\/aksioni-afirmativ-i-pakicave-nga-dr-sc-iur-angjell-gojcaj\/","og_site_name":"Lajme nga Ulqini","article_published_time":"2010-02-12T09:39:07+00:00","twitter_misc":{"Written by":"ulqini","Est. reading time":"6 minutes"},"schema":{"@context":"https:\/\/schema.org","@graph":[{"@type":"WebSite","@id":"https:\/\/www.visit-ulcinj.com\/blog\/#website","url":"https:\/\/www.visit-ulcinj.com\/blog\/","name":"Lajme nga Ulqini","description":"Lajme,Vijesti,Ulqini,Ulqin,Crna Gora,Mali i Zi","potentialAction":[{"@type":"SearchAction","target":{"@type":"EntryPoint","urlTemplate":"https:\/\/www.visit-ulcinj.com\/blog\/?s={search_term_string}"},"query-input":"required name=search_term_string"}],"inLanguage":"en-US"},{"@type":"WebPage","@id":"https:\/\/www.visit-ulcinj.com\/blog\/2010\/02\/12\/aksioni-afirmativ-i-pakicave-nga-dr-sc-iur-angjell-gojcaj\/#webpage","url":"https:\/\/www.visit-ulcinj.com\/blog\/2010\/02\/12\/aksioni-afirmativ-i-pakicave-nga-dr-sc-iur-angjell-gojcaj\/","name":"Aksioni afirmativ i pakicave nga Dr. Sc. iur. Angjell Goj\u00e7aj - Lajme nga Ulqini","isPartOf":{"@id":"https:\/\/www.visit-ulcinj.com\/blog\/#website"},"datePublished":"2010-02-12T09:39:07+00:00","dateModified":"2010-02-12T09:39:07+00:00","author":{"@id":"https:\/\/www.visit-ulcinj.com\/blog\/#\/schema\/person\/dcab619c614d3038751c63bc2aadc06d"},"description":"Largimi nga e v\u00ebrteta Diskutimet rreth Ligjit t\u00eb ri zgjedhor n\u00eb Mal t\u00eb Zi po nxjerrin n\u00eb shesh p\u00ebrpjekjet e qeveris\u00eb, si edhe t\u00eb opozit\u00ebs p\u00ebr t\u00eb gjetur","breadcrumb":{"@id":"https:\/\/www.visit-ulcinj.com\/blog\/2010\/02\/12\/aksioni-afirmativ-i-pakicave-nga-dr-sc-iur-angjell-gojcaj\/#breadcrumb"},"inLanguage":"en-US","potentialAction":[{"@type":"ReadAction","target":["https:\/\/www.visit-ulcinj.com\/blog\/2010\/02\/12\/aksioni-afirmativ-i-pakicave-nga-dr-sc-iur-angjell-gojcaj\/"]}]},{"@type":"BreadcrumbList","@id":"https:\/\/www.visit-ulcinj.com\/blog\/2010\/02\/12\/aksioni-afirmativ-i-pakicave-nga-dr-sc-iur-angjell-gojcaj\/#breadcrumb","itemListElement":[{"@type":"ListItem","position":1,"name":"Aksioni afirmativ i pakicave nga Dr. Sc. iur. Angjell Goj\u00e7aj"}]},{"@type":"Person","@id":"https:\/\/www.visit-ulcinj.com\/blog\/#\/schema\/person\/dcab619c614d3038751c63bc2aadc06d","name":"ulqini","sameAs":["http:\/\/www.visit-ulcinj.com"],"url":"https:\/\/www.visit-ulcinj.com\/blog\/author\/admin\/"}]}},"jetpack_featured_media_url":"","jetpack_sharing_enabled":true,"jetpack_shortlink":"https:\/\/wp.me\/pe6lTn-7Sf","_links":{"self":[{"href":"https:\/\/www.visit-ulcinj.com\/blog\/wp-json\/wp\/v2\/posts\/30271"}],"collection":[{"href":"https:\/\/www.visit-ulcinj.com\/blog\/wp-json\/wp\/v2\/posts"}],"about":[{"href":"https:\/\/www.visit-ulcinj.com\/blog\/wp-json\/wp\/v2\/types\/post"}],"author":[{"embeddable":true,"href":"https:\/\/www.visit-ulcinj.com\/blog\/wp-json\/wp\/v2\/users\/1"}],"replies":[{"embeddable":true,"href":"https:\/\/www.visit-ulcinj.com\/blog\/wp-json\/wp\/v2\/comments?post=30271"}],"version-history":[{"count":0,"href":"https:\/\/www.visit-ulcinj.com\/blog\/wp-json\/wp\/v2\/posts\/30271\/revisions"}],"wp:attachment":[{"href":"https:\/\/www.visit-ulcinj.com\/blog\/wp-json\/wp\/v2\/media?parent=30271"}],"wp:term":[{"taxonomy":"category","embeddable":true,"href":"https:\/\/www.visit-ulcinj.com\/blog\/wp-json\/wp\/v2\/categories?post=30271"},{"taxonomy":"post_tag","embeddable":true,"href":"https:\/\/www.visit-ulcinj.com\/blog\/wp-json\/wp\/v2\/tags?post=30271"}],"curies":[{"name":"wp","href":"https:\/\/api.w.org\/{rel}","templated":true}]}}