{"id":30278,"date":"2010-02-12T11:59:06","date_gmt":"2010-02-12T09:59:06","guid":{"rendered":"http:\/\/www.visit-ulcinj.com\/blog\/?p=30278"},"modified":"2010-02-22T20:02:21","modified_gmt":"2010-02-22T18:02:21","slug":"ferhat-dinosha-kriza-e-tiranes-kapercen-kufijte","status":"publish","type":"post","link":"https:\/\/www.visit-ulcinj.com\/blog\/2010\/02\/12\/ferhat-dinosha-kriza-e-tiranes-kapercen-kufijte\/","title":{"rendered":"Ferhat Dinosha: Kriza e Tiran\u00ebs kap\u00ebrcen kufijt\u00eb"},"content":{"rendered":"<p><img loading=\"lazy\" class=\"alignleft\" title=\"Ferha Dinosha\" src=\"http:\/\/www.visit-ulcinj.com\/blog\/wp-content\/uploads\/2009\/06\/ferhat-dinosha.jpg\" alt=\"\" width=\"580\" height=\"400\" \/>&#8220;Tensioni ndikon edhe te faktori politik shqiptar jasht\u00eb kufijve shtet\u00ebror\u00eb&#8221;<br \/>\nNj\u00eb tjet\u00ebr sinjal i r\u00ebnd\u00ebsish\u00ebm p\u00ebr uljen e tensioneve politike n\u00eb Shqip\u00ebri dhe nisjen e dialogut mes mazhoranc\u00ebs dhe opozit\u00ebs ka ardhur nga nj\u00eb prej personaliteteve t\u00eb r\u00ebnd\u00ebsishme t\u00eb jet\u00ebs politike t\u00eb hap\u00ebsir\u00ebs mbar\u00ebshqiptare. \u00cbsht\u00eb pik\u00ebrisht Ferhat Dinosha, minist\u00ebr i Pakicave Komb\u00ebtare n\u00eb Mal t\u00eb Zi dhe kreu i Unionit Demokratik t\u00eb Shqiptar\u00ebve, i cili n\u00eb nj\u00eb intervist\u00eb p\u00ebr &#8220;Shqip&#8221; l\u00ebshon nj\u00eb mesazh t\u00eb fort\u00eb, por q\u00eb sipas tij \u00ebsht\u00eb jetik p\u00ebr normalizimin e politik\u00ebs s\u00eb shqiptar\u00ebve kudo q\u00eb jetojn\u00eb&#8230;<\/p>\n<p>Zoti minist\u00ebr, tani dy vjet pas pavar\u00ebsis\u00eb s\u00eb Malit t\u00eb Zi, si \u00ebsht\u00eb pozita e shqiptar\u00ebve k\u00ebtu, duke u bazuar me standardet e t\u00eb drejtave t\u00eb tyre?<\/p>\n<p>Shqiptar\u00ebt jan\u00eb nj\u00eb faktor i pakap\u00ebrcyesh\u00ebm dhe definitivisht p\u00ebrb\u00ebjn\u00eb nj\u00eb shtyll\u00eb relevante t\u00eb t\u00eb gjitha fazave ky\u00e7e t\u00eb shtetit t\u00eb ri t\u00eb Malit t\u00eb Zi. Pavar\u00ebsia ishte nj\u00eb zhvillim i r\u00ebnd\u00ebsish\u00ebm, q\u00eb p\u00ebrb\u00ebn stadin e par\u00eb vital edhe p\u00ebr shqiptar\u00ebt, pasi \u00ebsht\u00eb hequr var\u00ebsia nga Beogradi, i cili ishte pengesa e madhe e plot\u00ebsimit t\u00eb t\u00eb drejtave tona. Tani duhet nj\u00eb qasje tjet\u00ebr dhe ne po punojm\u00eb n\u00eb nj\u00eb kuad\u00ebr t\u00eb ndrysh\u00ebm. Mali i Zi \u00ebsht\u00eb vendi i par\u00eb ballkanik q\u00eb ka nj\u00eb ministri p\u00ebr pakicat komb\u00ebtare, dikaster q\u00eb ka r\u00ebnd\u00ebsi p\u00ebr t\u00eb institucionalizuar k\u00ebrkesat e minoriteteve. Megjithat\u00eb mund t\u00eb themi se ende nuk ia kemi dal\u00eb p\u00ebr t\u00eb implementuar t\u00eb gjitha standardet. M\u00eb e r\u00ebnd\u00ebsishmi nga k\u00ebto standarde \u00ebsht\u00eb p\u00ebrfaq\u00ebsimi proporcional i minoriteteve n\u00eb institucionet dhe administrat\u00ebn e Republik\u00ebs s\u00eb Malit t\u00eb Zi. Shqiptar\u00ebt p\u00ebrb\u00ebjn\u00eb 7% t\u00eb popullsis\u00eb s\u00eb k\u00ebtushme, nd\u00ebrsa n\u00eb institucionet republikane apo edhe organet e tjera t\u00eb shtetit \u00ebsht\u00eb p\u00ebrfaq\u00ebsuar vet\u00ebm 2% e tyre. Ne kemi nj\u00eb ligj zgjedhor q\u00eb p\u00ebrcakton se Shqiptar\u00ebt duhet t\u00eb ken\u00eb 5 deputet\u00eb n\u00eb Parlamentin malazez, por ne kemi pasur nj\u00eb problem se nj\u00eb pjes\u00eb e votave t\u00eb shqiptar\u00ebve shkojn\u00eb p\u00ebr partit\u00eb n\u00eb pushtet n\u00eb Mal t\u00eb Zi, ndaj dhe kemi k\u00ebrkuar q\u00eb 5 parlamentar\u00ebt t\u2018u p\u00ebrkasin subjekteve politike shqiptare n\u00eb Mal t\u00eb Zi. Shpresojm\u00eb se do ta kalojm\u00eb sa m\u00eb shpejt k\u00ebt\u00eb problem. Por ne mund t\u00eb themi hapur q\u00eb n\u00eb forcimin e pozit\u00ebs son\u00eb presim nj\u00eb ndihm\u00eb t\u00eb madhe edhe nga Tirana zyrtare, e cila realisht nuk ka qen\u00eb shum\u00eb prezente p\u00ebr shqiptar\u00ebt n\u00eb Mal t\u00eb Zi.<\/p>\n<p>Ju thoni q\u00eb Tirana nuk ka qen\u00eb prezente. A mund t\u00eb na e shpjegoni m\u00eb mir\u00eb k\u00ebt\u00eb? Para pak koh\u00ebsh n\u00eb Podgoric\u00eb ishte p\u00ebr vizit\u00eb edhe zv\/kryeministri dhe ministri i Jasht\u00ebm, Ilir Meta. A ia keni b\u00ebr\u00eb prezent k\u00ebt\u00eb k\u00ebrkes\u00eb?<\/p>\n<p>Ne kemi kontakte t\u00eb vazhdueshme me autoritetet m\u00eb t\u00eb larta t\u00eb Shqip\u00ebris\u00eb dhe k\u00ebto kontakte ne do t\u2018i forcojm\u00eb edhe m\u00eb shum\u00eb. Por mendoj se Tirana duhet t\u00eb b\u00ebj\u00eb m\u00eb shum\u00eb p\u00ebr shqiptar\u00ebt e Malit t\u00eb Zi. Kur them ndihm\u00eb, un\u00eb nuk n\u00ebnkuptoj p\u00ebr nj\u00eb mb\u00ebshtetje direkte financiare, pasi ne nuk duhet t\u2018i hym\u00eb n\u00eb hak buxhetit t\u00eb Shqip\u00ebris\u00eb. Por ne mendojm\u00eb se ka rrug\u00eb p\u00ebr nj\u00eb bashk\u00ebpunim m\u00eb intensiv n\u00eb k\u00ebt\u00eb aspekt. Nj\u00eb moment i r\u00ebnd\u00ebsish\u00ebm \u00ebsht\u00eb lidhja e terrenit shqiptar me projektet e reja infrastrukturore, q\u00eb jan\u00eb b\u00ebr\u00eb dhe do t\u00eb p\u00ebrgatiten nga Shqip\u00ebria. Nisja e nj\u00eb rruge t\u00eb re q\u00eb lidh Plav\u00ebn me Podgoric\u00ebn, duke kaluar n\u00ebp\u00ebr Shqip\u00ebri, nga Vermoshi, do ta kthej\u00eb k\u00ebt\u00eb projekt infrastrukturor n\u00eb nj\u00eb rrug\u00eb nd\u00ebrshtet\u00ebrore, q\u00eb do t\u00eb jet\u00eb nj\u00eb plus i madh jo vet\u00ebm p\u00ebr banor\u00ebt e Plav\u00ebs, por edhe p\u00ebr lidhjen me Kosov\u00ebn. Nj\u00eb projekt tjet\u00ebr do t\u00eb ishte rruga q\u00eb lidh Sh\u00ebngjinin me Velipoj\u00ebn dhe m\u00eb pas me Ulqinin, duke e forcuar m\u00eb shum\u00eb aksin turistik t\u00eb trevave shqiptare. Deri tani kemi nj\u00eb num\u00ebr t\u00eb konsideruesh\u00ebm turist\u00ebsh nga Shqip\u00ebria, q\u00eb preferojn\u00eb zonat turistike joshqiptare n\u00eb Mal t\u00eb Zi. \u00cbsht\u00eb nj\u00eb zgjedhje preferenciale e tyre, pasi ndoshta kapacitetet e Bidvas jan\u00eb m\u00eb t\u00eb m\u00ebdha se Ulqini. Por ne mendojm\u00eb se zhvillimi i zon\u00ebs s\u00eb Ulqinit, duke sjell\u00eb k\u00ebtu investime t\u00eb m\u00ebdha me kapitale t\u00eb huaja, do ta kthej\u00eb k\u00ebt\u00eb zon\u00eb me nj\u00eb potencial ekonomik, ku mund t\u00eb pun\u00ebsohen edhe nj\u00eb num\u00ebr i konsideruesh\u00ebm i qytetar\u00ebve t\u00eb Shkodr\u00ebs, pasi Ulqini nuk ka nj\u00eb potencial t\u00eb madh p\u00ebr pun\u00ebsim, k\u00ebshtu p\u00ebrfitimet jan\u00eb t\u00eb dyanshme.<\/p>\n<p>Z.Dinosha, politika shqiptare prej koh\u00ebsh \u00ebsht\u00eb bllokuar nga nj\u00eb kriz\u00eb e cila \u00ebsht\u00eb p\u00ebrforcuar edhe me nj\u00eb tensionim t\u00eb klim\u00ebs politike. P\u00ebrfaq\u00ebsues t\u00eb r\u00ebnd\u00ebsish\u00ebm nd\u00ebrkomb\u00ebtar\u00eb kan\u00eb k\u00ebrkuar nisjen e nj\u00eb dialogu dhe uljen e konfliktualitetit. Por k\u00ebto apele i kan\u00eb b\u00ebr\u00eb edhe personalitete t\u00eb njohur shqiptar\u00eb t\u00eb t\u00eb gjitha fushave, duke u nisur q\u00eb nga Presidenti i Republik\u00ebs, ish-president\u00ebt Moisiu e Meidani, z.Godo etj. Nd\u00ebrsa Z.Arb\u00ebn Xhaferri, n\u00eb nj\u00eb intervist\u00eb p\u00ebr &#8220;Shqip&#8221;, theksonte se ka rrezik t\u00eb d\u00ebshtoj\u00eb demokracia shqiptare. Ju, si nj\u00eb p\u00ebrfaq\u00ebsues i r\u00ebnd\u00ebsish\u00ebm i politik\u00ebs mbar\u00ebkomb\u00ebtare, \u00e7far\u00eb mesazhi do t\u00eb kishit p\u00ebr klas\u00ebn politike n\u00eb Shqip\u00ebri?<\/p>\n<p>M\u00eb duket se nuk \u00ebsht\u00eb aspak e nevojshme p\u00ebr tensionim t\u00eb sken\u00ebs politike shqiptare, kudo qoft\u00eb ajo. Klasa politike, qoft\u00eb n\u00eb pozit\u00eb, qoft\u00eb n\u00eb opozit\u00eb, duhet t\u00eb jet\u00eb e vet\u00ebdijshme se zhvillimet e reja demokratike sot nuk kan\u00eb nevoj\u00eb p\u00ebr \u00e7jerrje, por kan\u00eb nevoj\u00eb p\u00ebr forcim t\u00eb institucioneve, por edhe jet\u00ebs institucionale t\u00eb subjekteve politike, sepse mendoj se k\u00ebshtu na duan edhe m\u00eb tep\u00ebr miqt\u00eb tan\u00eb, pa t\u00eb cil\u00ebt nuk do t\u00eb ishin realizuar projektet me t\u00eb cilat sot shqiptar\u00ebt mund t\u00eb mburren. Natyrisht ecja e proceseve politike n\u00eb Shqip\u00ebri ndikon m\u00eb s\u00eb shumti n\u00eb sjelljen e faktorit politik shqiptar jasht\u00eb kufijve dhe nuk m\u00eb vjen mir\u00eb q\u00eb aktualisht skena politike e Shqip\u00ebris\u00eb ngarkohet me sjellje dhe fjal\u00eb t\u00eb panevojshme, q\u00eb nuk u b\u00ebjn\u00eb mir\u00eb as vet\u00eb klas\u00ebs politike brenda Shqip\u00ebris\u00eb e as klas\u00ebs politike jasht\u00eb saj. Nga pozicioni i nj\u00eb shqiptari &#8220;t\u00eb vog\u00ebl&#8221;, i b\u00ebj apel faktorit politik n\u00eb Shqip\u00ebri q\u00eb t\u00eb na len\u00eb rehat me akuzat e nd\u00ebrsjella, madje edhe t\u00eb karakterit personal. Do t\u00eb ishte e r\u00ebnd\u00ebsishme q\u00eb porosit\u00eb konstruktive q\u00eb kan\u00eb p\u00ebr publikun t\u2018i b\u00ebjn\u00eb para mikrofonave t\u00eb institucioneve dhe medias shqiptare.<\/p>\n<p><strong>Ylli Pata<\/strong><strong><br \/>\nGazeta Shqip<\/strong><\/p>\n","protected":false},"excerpt":{"rendered":"<p>&#8220;Tensioni ndikon edhe te faktori politik shqiptar jasht\u00eb kufijve shtet\u00ebror\u00eb&#8221; Nj\u00eb tjet\u00ebr sinjal i r\u00ebnd\u00ebsish\u00ebm p\u00ebr uljen e tensioneve politike n\u00eb Shqip\u00ebri dhe nisjen e dialogut mes mazhoranc\u00ebs dhe opozit\u00ebs ka ardhur nga nj\u00eb prej personaliteteve t\u00eb r\u00ebnd\u00ebsishme t\u00eb jet\u00ebs politike t\u00eb hap\u00ebsir\u00ebs mbar\u00ebshqiptare. \u00cbsht\u00eb pik\u00ebrisht Ferhat Dinosha, minist\u00ebr i Pakicave Komb\u00ebtare n\u00eb Mal t\u00eb [&hellip;]<\/p>\n","protected":false},"author":1,"featured_media":0,"comment_status":"open","ping_status":"closed","sticky":false,"template":"","format":"standard","meta":{"spay_email":"","jetpack_publicize_message":"","jetpack_is_tweetstorm":false,"jetpack_publicize_feature_enabled":true},"categories":[12],"tags":[97],"jetpack_publicize_connections":[],"yoast_head":"<!-- This site is optimized with the Yoast SEO plugin v19.1 - https:\/\/yoast.com\/wordpress\/plugins\/seo\/ -->\n<title>Ferhat Dinosha: Kriza e Tiran\u00ebs kap\u00ebrcen kufijt\u00eb - Lajme nga Ulqini<\/title>\n<meta name=\"description\" content=\"&quot;Tensioni ndikon edhe te faktori politik shqiptar jasht\u00eb kufijve shtet\u00ebror\u00eb&quot; Nj\u00eb tjet\u00ebr sinjal i r\u00ebnd\u00ebsish\u00ebm p\u00ebr uljen e tensioneve politike n\u00eb Shqip\u00ebri\" \/>\n<meta name=\"robots\" content=\"index, follow, max-snippet:-1, max-image-preview:large, max-video-preview:-1\" \/>\n<link rel=\"canonical\" href=\"https:\/\/www.visit-ulcinj.com\/blog\/2010\/02\/12\/ferhat-dinosha-kriza-e-tiranes-kapercen-kufijte\/\" \/>\n<meta property=\"og:locale\" content=\"en_US\" \/>\n<meta property=\"og:type\" content=\"article\" \/>\n<meta property=\"og:title\" content=\"Ferhat Dinosha: Kriza e Tiran\u00ebs kap\u00ebrcen kufijt\u00eb - Lajme nga Ulqini\" \/>\n<meta property=\"og:description\" content=\"&quot;Tensioni ndikon edhe te faktori politik shqiptar jasht\u00eb kufijve shtet\u00ebror\u00eb&quot; Nj\u00eb tjet\u00ebr sinjal i r\u00ebnd\u00ebsish\u00ebm p\u00ebr uljen e tensioneve politike n\u00eb Shqip\u00ebri\" \/>\n<meta property=\"og:url\" content=\"https:\/\/www.visit-ulcinj.com\/blog\/2010\/02\/12\/ferhat-dinosha-kriza-e-tiranes-kapercen-kufijte\/\" \/>\n<meta property=\"og:site_name\" content=\"Lajme nga Ulqini\" \/>\n<meta property=\"article:published_time\" content=\"2010-02-12T09:59:06+00:00\" \/>\n<meta property=\"article:modified_time\" content=\"2010-02-22T18:02:21+00:00\" \/>\n<meta property=\"og:image\" content=\"http:\/\/www.visit-ulcinj.com\/blog\/wp-content\/uploads\/2009\/06\/ferhat-dinosha.jpg\" \/>\n<meta name=\"twitter:label1\" content=\"Written by\" \/>\n\t<meta name=\"twitter:data1\" content=\"ulqini\" \/>\n\t<meta name=\"twitter:label2\" content=\"Est. reading time\" \/>\n\t<meta name=\"twitter:data2\" content=\"6 minutes\" \/>\n<script type=\"application\/ld+json\" class=\"yoast-schema-graph\">{\"@context\":\"https:\/\/schema.org\",\"@graph\":[{\"@type\":\"WebSite\",\"@id\":\"https:\/\/www.visit-ulcinj.com\/blog\/#website\",\"url\":\"https:\/\/www.visit-ulcinj.com\/blog\/\",\"name\":\"Lajme nga Ulqini\",\"description\":\"Lajme,Vijesti,Ulqini,Ulqin,Crna Gora,Mali i Zi\",\"potentialAction\":[{\"@type\":\"SearchAction\",\"target\":{\"@type\":\"EntryPoint\",\"urlTemplate\":\"https:\/\/www.visit-ulcinj.com\/blog\/?s={search_term_string}\"},\"query-input\":\"required name=search_term_string\"}],\"inLanguage\":\"en-US\"},{\"@type\":\"ImageObject\",\"inLanguage\":\"en-US\",\"@id\":\"https:\/\/www.visit-ulcinj.com\/blog\/2010\/02\/12\/ferhat-dinosha-kriza-e-tiranes-kapercen-kufijte\/#primaryimage\",\"url\":\"https:\/\/www.visit-ulcinj.com\/blog\/wp-content\/uploads\/2009\/06\/ferhat-dinosha.jpg\",\"contentUrl\":\"https:\/\/www.visit-ulcinj.com\/blog\/wp-content\/uploads\/2009\/06\/ferhat-dinosha.jpg\",\"width\":\"648\",\"height\":\"486\"},{\"@type\":\"WebPage\",\"@id\":\"https:\/\/www.visit-ulcinj.com\/blog\/2010\/02\/12\/ferhat-dinosha-kriza-e-tiranes-kapercen-kufijte\/#webpage\",\"url\":\"https:\/\/www.visit-ulcinj.com\/blog\/2010\/02\/12\/ferhat-dinosha-kriza-e-tiranes-kapercen-kufijte\/\",\"name\":\"Ferhat Dinosha: Kriza e Tiran\u00ebs kap\u00ebrcen kufijt\u00eb - Lajme nga Ulqini\",\"isPartOf\":{\"@id\":\"https:\/\/www.visit-ulcinj.com\/blog\/#website\"},\"primaryImageOfPage\":{\"@id\":\"https:\/\/www.visit-ulcinj.com\/blog\/2010\/02\/12\/ferhat-dinosha-kriza-e-tiranes-kapercen-kufijte\/#primaryimage\"},\"datePublished\":\"2010-02-12T09:59:06+00:00\",\"dateModified\":\"2010-02-22T18:02:21+00:00\",\"author\":{\"@id\":\"https:\/\/www.visit-ulcinj.com\/blog\/#\/schema\/person\/dcab619c614d3038751c63bc2aadc06d\"},\"description\":\"\\\"Tensioni ndikon edhe te faktori politik shqiptar jasht\u00eb kufijve shtet\u00ebror\u00eb\\\" Nj\u00eb tjet\u00ebr sinjal i r\u00ebnd\u00ebsish\u00ebm p\u00ebr uljen e tensioneve politike n\u00eb Shqip\u00ebri\",\"breadcrumb\":{\"@id\":\"https:\/\/www.visit-ulcinj.com\/blog\/2010\/02\/12\/ferhat-dinosha-kriza-e-tiranes-kapercen-kufijte\/#breadcrumb\"},\"inLanguage\":\"en-US\",\"potentialAction\":[{\"@type\":\"ReadAction\",\"target\":[\"https:\/\/www.visit-ulcinj.com\/blog\/2010\/02\/12\/ferhat-dinosha-kriza-e-tiranes-kapercen-kufijte\/\"]}]},{\"@type\":\"BreadcrumbList\",\"@id\":\"https:\/\/www.visit-ulcinj.com\/blog\/2010\/02\/12\/ferhat-dinosha-kriza-e-tiranes-kapercen-kufijte\/#breadcrumb\",\"itemListElement\":[{\"@type\":\"ListItem\",\"position\":1,\"name\":\"Ferhat Dinosha: Kriza e Tiran\u00ebs kap\u00ebrcen kufijt\u00eb\"}]},{\"@type\":\"Person\",\"@id\":\"https:\/\/www.visit-ulcinj.com\/blog\/#\/schema\/person\/dcab619c614d3038751c63bc2aadc06d\",\"name\":\"ulqini\",\"sameAs\":[\"http:\/\/www.visit-ulcinj.com\"],\"url\":\"https:\/\/www.visit-ulcinj.com\/blog\/author\/admin\/\"}]}<\/script>\n<!-- \/ Yoast SEO plugin. -->","yoast_head_json":{"title":"Ferhat Dinosha: Kriza e Tiran\u00ebs kap\u00ebrcen kufijt\u00eb - Lajme nga Ulqini","description":"\"Tensioni ndikon edhe te faktori politik shqiptar jasht\u00eb kufijve shtet\u00ebror\u00eb\" Nj\u00eb tjet\u00ebr sinjal i r\u00ebnd\u00ebsish\u00ebm p\u00ebr uljen e tensioneve politike n\u00eb Shqip\u00ebri","robots":{"index":"index","follow":"follow","max-snippet":"max-snippet:-1","max-image-preview":"max-image-preview:large","max-video-preview":"max-video-preview:-1"},"canonical":"https:\/\/www.visit-ulcinj.com\/blog\/2010\/02\/12\/ferhat-dinosha-kriza-e-tiranes-kapercen-kufijte\/","og_locale":"en_US","og_type":"article","og_title":"Ferhat Dinosha: Kriza e Tiran\u00ebs kap\u00ebrcen kufijt\u00eb - Lajme nga Ulqini","og_description":"\"Tensioni ndikon edhe te faktori politik shqiptar jasht\u00eb kufijve shtet\u00ebror\u00eb\" Nj\u00eb tjet\u00ebr sinjal i r\u00ebnd\u00ebsish\u00ebm p\u00ebr uljen e tensioneve politike n\u00eb Shqip\u00ebri","og_url":"https:\/\/www.visit-ulcinj.com\/blog\/2010\/02\/12\/ferhat-dinosha-kriza-e-tiranes-kapercen-kufijte\/","og_site_name":"Lajme nga Ulqini","article_published_time":"2010-02-12T09:59:06+00:00","article_modified_time":"2010-02-22T18:02:21+00:00","og_image":[{"url":"http:\/\/www.visit-ulcinj.com\/blog\/wp-content\/uploads\/2009\/06\/ferhat-dinosha.jpg"}],"twitter_misc":{"Written by":"ulqini","Est. reading time":"6 minutes"},"schema":{"@context":"https:\/\/schema.org","@graph":[{"@type":"WebSite","@id":"https:\/\/www.visit-ulcinj.com\/blog\/#website","url":"https:\/\/www.visit-ulcinj.com\/blog\/","name":"Lajme nga Ulqini","description":"Lajme,Vijesti,Ulqini,Ulqin,Crna Gora,Mali i Zi","potentialAction":[{"@type":"SearchAction","target":{"@type":"EntryPoint","urlTemplate":"https:\/\/www.visit-ulcinj.com\/blog\/?s={search_term_string}"},"query-input":"required name=search_term_string"}],"inLanguage":"en-US"},{"@type":"ImageObject","inLanguage":"en-US","@id":"https:\/\/www.visit-ulcinj.com\/blog\/2010\/02\/12\/ferhat-dinosha-kriza-e-tiranes-kapercen-kufijte\/#primaryimage","url":"https:\/\/www.visit-ulcinj.com\/blog\/wp-content\/uploads\/2009\/06\/ferhat-dinosha.jpg","contentUrl":"https:\/\/www.visit-ulcinj.com\/blog\/wp-content\/uploads\/2009\/06\/ferhat-dinosha.jpg","width":"648","height":"486"},{"@type":"WebPage","@id":"https:\/\/www.visit-ulcinj.com\/blog\/2010\/02\/12\/ferhat-dinosha-kriza-e-tiranes-kapercen-kufijte\/#webpage","url":"https:\/\/www.visit-ulcinj.com\/blog\/2010\/02\/12\/ferhat-dinosha-kriza-e-tiranes-kapercen-kufijte\/","name":"Ferhat Dinosha: Kriza e Tiran\u00ebs kap\u00ebrcen kufijt\u00eb - Lajme nga Ulqini","isPartOf":{"@id":"https:\/\/www.visit-ulcinj.com\/blog\/#website"},"primaryImageOfPage":{"@id":"https:\/\/www.visit-ulcinj.com\/blog\/2010\/02\/12\/ferhat-dinosha-kriza-e-tiranes-kapercen-kufijte\/#primaryimage"},"datePublished":"2010-02-12T09:59:06+00:00","dateModified":"2010-02-22T18:02:21+00:00","author":{"@id":"https:\/\/www.visit-ulcinj.com\/blog\/#\/schema\/person\/dcab619c614d3038751c63bc2aadc06d"},"description":"\"Tensioni ndikon edhe te faktori politik shqiptar jasht\u00eb kufijve shtet\u00ebror\u00eb\" Nj\u00eb tjet\u00ebr sinjal i r\u00ebnd\u00ebsish\u00ebm p\u00ebr uljen e tensioneve politike n\u00eb Shqip\u00ebri","breadcrumb":{"@id":"https:\/\/www.visit-ulcinj.com\/blog\/2010\/02\/12\/ferhat-dinosha-kriza-e-tiranes-kapercen-kufijte\/#breadcrumb"},"inLanguage":"en-US","potentialAction":[{"@type":"ReadAction","target":["https:\/\/www.visit-ulcinj.com\/blog\/2010\/02\/12\/ferhat-dinosha-kriza-e-tiranes-kapercen-kufijte\/"]}]},{"@type":"BreadcrumbList","@id":"https:\/\/www.visit-ulcinj.com\/blog\/2010\/02\/12\/ferhat-dinosha-kriza-e-tiranes-kapercen-kufijte\/#breadcrumb","itemListElement":[{"@type":"ListItem","position":1,"name":"Ferhat Dinosha: Kriza e Tiran\u00ebs kap\u00ebrcen kufijt\u00eb"}]},{"@type":"Person","@id":"https:\/\/www.visit-ulcinj.com\/blog\/#\/schema\/person\/dcab619c614d3038751c63bc2aadc06d","name":"ulqini","sameAs":["http:\/\/www.visit-ulcinj.com"],"url":"https:\/\/www.visit-ulcinj.com\/blog\/author\/admin\/"}]}},"jetpack_featured_media_url":"","jetpack_sharing_enabled":true,"jetpack_shortlink":"https:\/\/wp.me\/pe6lTn-7Sm","_links":{"self":[{"href":"https:\/\/www.visit-ulcinj.com\/blog\/wp-json\/wp\/v2\/posts\/30278"}],"collection":[{"href":"https:\/\/www.visit-ulcinj.com\/blog\/wp-json\/wp\/v2\/posts"}],"about":[{"href":"https:\/\/www.visit-ulcinj.com\/blog\/wp-json\/wp\/v2\/types\/post"}],"author":[{"embeddable":true,"href":"https:\/\/www.visit-ulcinj.com\/blog\/wp-json\/wp\/v2\/users\/1"}],"replies":[{"embeddable":true,"href":"https:\/\/www.visit-ulcinj.com\/blog\/wp-json\/wp\/v2\/comments?post=30278"}],"version-history":[{"count":0,"href":"https:\/\/www.visit-ulcinj.com\/blog\/wp-json\/wp\/v2\/posts\/30278\/revisions"}],"wp:attachment":[{"href":"https:\/\/www.visit-ulcinj.com\/blog\/wp-json\/wp\/v2\/media?parent=30278"}],"wp:term":[{"taxonomy":"category","embeddable":true,"href":"https:\/\/www.visit-ulcinj.com\/blog\/wp-json\/wp\/v2\/categories?post=30278"},{"taxonomy":"post_tag","embeddable":true,"href":"https:\/\/www.visit-ulcinj.com\/blog\/wp-json\/wp\/v2\/tags?post=30278"}],"curies":[{"name":"wp","href":"https:\/\/api.w.org\/{rel}","templated":true}]}}