{"id":3028,"date":"2008-09-06T05:21:42","date_gmt":"2008-09-06T10:21:42","guid":{"rendered":"http:\/\/www.visit-ulcinj.com\/blog\/?p=3028"},"modified":"2008-10-04T12:37:33","modified_gmt":"2008-10-04T17:37:33","slug":"shasi-i-lashte-monument-i-kultures-shpirterore","status":"publish","type":"post","link":"https:\/\/www.visit-ulcinj.com\/blog\/2008\/09\/06\/shasi-i-lashte-monument-i-kultures-shpirterore\/","title":{"rendered":"Shasi i lasht\u00eb monument i kultur\u00ebs shpirt\u00ebrore*"},"content":{"rendered":"<p><a href=\"http:\/\/www.visit-ulcinj.com\/blog\/wp-content\/uploads\/2008\/09\/shasi-svac.jpg\"><img loading=\"lazy\" class=\"size-medium wp-image-3029 alignleft\" title=\"Shas, \u0160as ,Sva? \" src=\"http:\/\/www.visit-ulcinj.com\/blog\/wp-content\/uploads\/2008\/09\/shasi-svac-300x193.jpg\" alt=\"\" width=\"300\" height=\"193\" srcset=\"https:\/\/www.visit-ulcinj.com\/blog\/wp-content\/uploads\/2008\/09\/shasi-svac-300x193.jpg 300w, https:\/\/www.visit-ulcinj.com\/blog\/wp-content\/uploads\/2008\/09\/shasi-svac.jpg 430w\" sizes=\"(max-width: 300px) 100vw, 300px\" \/><\/a><strong>E nderuara Asamble,<\/strong><br \/>\nKur b\u00ebhet fjal\u00eb p\u00ebr Shasin e lasht\u00eb, mund t\u00eb konstatohet me t\u00eb drejt\u00eb dhe n\u00eb m\u00ebnyr\u00eb rea-le se monumentet e kultur\u00ebs materiale mu-nd edhe t\u00eb zhduken. Ato dh\u00ebmbi i koh\u00ebs mund t&#8217;i shkat\u00ebrroj\u00eb. T\u00eb nj\u00ebjt\u00ebn gj\u00eb mund ta b\u00ebj\u00eb edhe dora keqdash\u00ebse e njeriut.<br \/>\nJemi t\u00eb vet\u00ebdijsh\u00ebm se vet kultura materiale pa kultur\u00ebn e zemr\u00ebs, q\u00eb mjerisht n\u00eb koh\u00ebn ton\u00eb \u00ebsht\u00eb shum\u00eb deficitare, nuk mjafton p\u00ebrderisa njeriu \u00ebsht\u00eb zoon politikon (Qenie shoq\u00ebrore). Aq me tep\u00ebr, njeriu nuk \u00ebsht\u00eb vet\u00ebm zoon politikon, por \u00ebsht\u00eb edhe ens religiosus (qenie fetare-shpirt\u00ebrore).<br \/>\nN\u00eb fundin e fundit t\u00eb shpirtit t\u00eb tij \u00ebsht\u00eb vendosur d\u00ebshira e pashuar p\u00ebr t\u00eb mir\u00ebn, p\u00ebr t\u00eb bukuren, p\u00ebr pa-qen, p\u00ebr lumturin\u00eb. E gjith\u00eb kjo flet se zemra e njeriut \u00ebsht\u00eb tempu-lli i t\u00eb gjitha vlerave t\u00eb imagjinueshme.<br \/>\nP\u00ebr t\u00eb gjitha k\u00ebto vlera p\u00ebr t\u00eb cilat fola deri m\u00eb tani, gjejm\u00eb d\u00ebshmin\u00eb n\u00eb k\u00ebt\u00eb lokalitet &#8211; Shas: \u201cNa ishte nj\u00ebhe-r\u00eb n\u00eb Shas, nj\u00eb Ipesh-kvi e themeluar n\u00eb vitin 1067 me bull\u00ebn e dekretuar t\u00eb Pap\u00ebs Aleksandrit II, me ipeshkvin e par\u00eb q\u00eb quhej Pietro Bono, p\u00ebr t\u00eb cilin thuhet se ka nd\u00ebrtuar Kish\u00ebn e Sh\u00ebn Gjon Pag\u00ebzuesit n\u00eb vitin 1030, pas t\u00eb cilit pasojn\u00eb Bazili\u2026 deri me 1530.\u201d<\/p>\n<div id=\"attachment_3030\" style=\"width: 243px\" class=\"wp-caption alignright\"><a href=\"http:\/\/www.visit-ulcinj.com\/blog\/wp-content\/uploads\/2008\/09\/svac.jpg\"><img aria-describedby=\"caption-attachment-3030\" loading=\"lazy\" class=\"size-medium wp-image-3030\" title=\"Shas ,\u0160as ,Sva? \" src=\"http:\/\/www.visit-ulcinj.com\/blog\/wp-content\/uploads\/2008\/09\/svac-233x300.jpg\" alt=\"G\u00ebrmadha e Katedral\u00ebs n\u00eb Shas \" width=\"233\" height=\"300\" srcset=\"https:\/\/www.visit-ulcinj.com\/blog\/wp-content\/uploads\/2008\/09\/svac-233x300.jpg 233w, https:\/\/www.visit-ulcinj.com\/blog\/wp-content\/uploads\/2008\/09\/svac.jpg 399w\" sizes=\"(max-width: 233px) 100vw, 233px\" \/><\/a><p id=\"caption-attachment-3030\" class=\"wp-caption-text\">G\u00ebrmadha e Katedral\u00ebs n\u00eb Shas <\/p><\/div>\n<p>\u00c7ka ka ndodhur me von\u00eb n\u00eb k\u00ebt\u00eb vendbanim dhe me Kishat na tregon Relacioni i vitit 1610 i Arqipeshkvit t\u00eb Tivarit, Marin Bici, i cili referoi: \u201cShasi dikur qytet shum\u00eb i madh, dhe i fortifikuar m\u00eb s\u00eb miri, sikurse edhe sot e tregojn\u00eb rr\u00eb-nimet e tija. Thuhet edhe se aty pati deri n\u00eb 365 kish\u00eb, dmth. aq sa jan\u00eb dit\u00ebt e vitit. Tashti \u00ebsht\u00eb shnd\u00ebrrue e ba fshat, ashtu si ndodh zakonisht me pushtimet e turqve q\u00eb \u00e7dogja shkretojn\u00eb e rr\u00ebnojn\u00eb. Kishte dikur ipeshk\u00ebv, q\u00eb ishte nj\u00eb nga sufragan\u00ebt e Metropolis\u00eb s\u00eb Tivarit. Gjendet i vendosur mbi nj\u00eb kod\u00ebr p\u00ebrsipri nj\u00eb li-qeni t\u00eb kand\u00eb-sh\u00ebm, t\u00eb gjan\u00eb e t\u00eb mbushun me peshq t\u00eb ndrys-h\u00ebm, me t\u00eb cil\u00ebt sidomos mbahen (rrojn\u00eb) ata banor\u00eb [&#8230;].<br \/>\n\u00cbsht\u00eb rreth 20 mil\u00eb larg prej Tivarit. P\u00ebrball\u00eb, n&#8217;an\u00eb t\u00eb detit, i q\u00ebndron qyteti i Ulqinit, q\u00eb n\u00eb luft\u00ebn e kalueme ra n\u00eb pushtimin e turqve bashk\u00eb me Tivarin, q\u00eb ishin t\u00eb republik\u00ebs s\u00eb Venedikut. Mund t\u00eb ket\u00eb nja 80 sht\u00ebpi pothuaj t\u00eb gjitha t\u00eb banueme prej t\u00eb krishten\u00ebsh latin\u00eb e ma pak turq. Ka kish\u00ebn e sh\u00ebn Gjon Pag\u00ebzuesit, shum\u00eb t\u00eb madhe, p\u00ebrve\u00e7 shum\u00eb t\u00eb tjerave q\u00eb jan\u00eb t\u00eb zbulueme. Ajo [kish\u00eb] \u00ebsht\u00eb shum\u00eb keq p\u00ebr \u00e7dogja. Mbi altar nuk ka asnj\u00eb pala (pala \u00ebsht\u00eb nj\u00eb mbuloj\u00eb e kelqit), ka vet\u00ebm nj\u00eb kryq druni dhe n\u00eb mur\u00eb, n\u00ebn tribun\u00eb [balkon] disa fytyra shenjtor\u00ebsh, pa batister e pa sakrar (vende t\u00eb posa\u00e7me n\u00eb kish\u00eb p\u00ebr sh\u00ebrbime t\u00eb ndryshme fetare), sikurse jan\u00eb gati t\u00eb gjitha kishat tjera t\u00eb Arb\u00ebris\u00eb [\u2026].<br \/>\n<a href=\"http:\/\/www.buzuku.cg.yu\/Arkivi\/Buzuku%2026\/Foto%20Buzuku%2026\/shasi%2002.jpg\"><img loading=\"lazy\" class=\"alignleft\" src=\"http:\/\/www.buzuku.cg.yu\/Arkivi\/Buzuku%2026\/Foto%20Buzuku%2026\/shasi%2002.jpg\" alt=\"\" width=\"276\" height=\"207\" \/><\/a>\u00cbsht\u00eb aty famullitar resident [i q\u00ebndruesh\u00ebm] d. Lorenzo Mezilli q\u00eb disa jav\u00eb ma par\u00eb e vendosa un\u00eb aty. Banor\u00ebt nuk flasin gjuh\u00eb tjet\u00ebr ve\u00e7 shqipes dhe turqishtes&#8230;\u201d. (Marin Bizzi, Relacioni i vitit 1610, fq 73).<br \/>\nSidoqoft\u00eb k\u00ebto treva kan\u00eb pasur n\u00eb t\u00eb kaluar\u00ebn shum\u00eb ndryshime si n\u00eb aspektin komb\u00ebtar, ashtu edhe t\u00eb atij fetar, gj\u00eb q\u00eb nuk mohohet as nga gjeneratat e reja, q\u00eb sot jetojn\u00eb n\u00eb k\u00ebto vise.<br \/>\nPra, vlerat shpirt\u00ebrore si kategori me dimensione eskatologjike kan\u00eb qen\u00eb realitet i k\u00ebtij vendi dhe njer\u00ebzve q\u00eb kan\u00eb jetuar n\u00eb t\u00eb.<br \/>\nT\u00eb vet\u00ebdijsh\u00ebm p\u00ebr begatit\u00eb e s\u00eb kaluar\u00ebs t\u00eb k\u00ebtij vendi q\u00eb quhet Shasi, ne mundohemi t&#8217;ia rikthejm\u00eb vlerat historike, arkeologjike, kulturore e shpirt\u00ebrore, si njer\u00ebz q\u00eb i g\u00ebzojm\u00eb dhe i posedojm\u00eb k\u00ebto treva pa marr\u00eb parasysh p\u00ebrkat\u00ebsin\u00eb fetare, sepse q\u00eb t\u00eb dyja religjionet q\u00eb u p\u00ebrkasim si popull i k\u00ebsaj treve e kan\u00eb si baz\u00eb dhe fundament t\u00eb p\u00ebrbashk\u00ebt monoteizmin.<br \/>\nP\u00ebrg\u00ebzoj dhe uroj organizator\u00ebt e k\u00ebtij manifestimi me d\u00ebshir\u00eb q\u00eb nj\u00eb gj\u00eb e till\u00eb t\u00eb b\u00ebhet tradit\u00eb me vler\u00eb.<br \/>\n<strong>Msgr. Zef Gashi, arqipeshk\u00ebv i Tivarit<\/strong><\/p>\n<p>Faleminderit p\u00ebr v\u00ebmendje.<br \/>\nTivar, 17.05.2008<\/p>\n<p style=\"text-align: center;\">*Fjala e Msgr. Zef Gashit, arqipeshk\u00ebv i Tivarit, n\u00eb sesionin shkencor &#8220;Shasi i lasht\u00eb, monument i kultur\u00ebs&#8221;, Ulqin, 16-17 maj 2008.<br \/>\n<strong>Burimi \/ Revista Buzuku<\/strong><br \/>\n<!--YouTube Error: bad URL entered--><\/p>\n<p style=\"text-align: center;\"><a class=\"aligncenter\" title=\"???? ????,?????,Ulcinj,Montenegru,??????????,\u00c7ernoqoriya,Besplatni internet oglasi,Besplatni oglasi,besplatni mali oglasi,besplatni turisti?ki oglasi,oglasi, usluge, turizam,Turisti?ke usluge,Doma?i turizam,Besplatni Oglasnik,Brzi Oglasi Besplatno,Besplatno OglasavanjeTurizam,besplatni oglasi sa slikom,Turisticki informator besplatni,li?ni-oglasi,BESPLATNI Turisticki OGLASI SA SLIKAMA,BESPLATNI Turisticki Oglasi saVideom,turisticki smestaj oglasi,Turisti?ki vodi? balkana,BESPLATNA REZERVACIJA SMESTAJA,Postavite besplatno Vas oglas,FREE TOURIST GUIDES,Izdavanje-Turizam oglasi,Balkan Turisticki vodic,shpallje turistike falas,Shpallje Falas,Shpallje falas per Komplekse Turistike,Lajmerime,Njoftime,shpallje shqip per shqiptaret ne shqiperi kosova maqedoni,mal te zi,???????????,Montenegiro,?ern\u00e1 Hora,??????????,Cz\u00f4rnog\u00f3ra,Cz\u00f4rn\u00f4 G\u00f3ra,Carna G\u00f3ra,T\u0161ernogooria,\u00c7ernogoriya,Montain\u00e9agr\u00f3,Montenegwo,?orna Hora,Montenegr\u00f3,M?ntenigro,Chernogoriya ,\u00c7\u00earnogor\u00ee ,?????????,????????? ,??????? ,Montes Nigrae,Mons Niger,M\u00f4ntenegr\u00f4,Muntenegru,??????????,Czarnog\u00f3ra,Muntinigru,Muntenegro,&lt;br &gt;&lt;\/a&gt; Muntenegru,\t?ierna Hora,Cxerngora,????????,?rna gora,Moontineegro,?ornog?ra,\u00c7ernogori\u00fda,Chernogoriya,Mont\u00f5negro,????? ???? ,?r?na Gora,?r?nogorije,?ernogorija,?arnahoryja,??????????,???????????????????? ,?ern?g?riy\u00e2,M?nt?n??r?,????? ?????? ,?????????,??????????,???????????,M?nten?gro,???? ????? ,????????,M\u00f4ntenegr\u00f4,????????????,???????????,????????????, ??????????? ,????????????,??????????? ,??\/?? ,??????,????? ,Muntenegru, ????? ????, Montenegr\u00f3,chambres \u00e0 louer \u00e0 ulcinj, location de vacance, location saisonni\u00e8res, louer villa,location de vacance, Locations vacance, h\u00e9bergements vacances, locations villa, logements de vacances, location maison avec piscine, Location vacance, locations de vacance, h\u00e9bergements de vacances, location villa, locations entre particulier, logements vacance, vacances \u00e0 Mont\u00e9n\u00e9gro - location \u00e0 Ulcinj ,location  de bigorre,Urlaub in Ulcinj -Montenegro,Hotelbewertungen Ulcinj,Reisen Ulcinj, Urlaub Ulcinj,Hotel in Serbien und Montenegro von Urlaubern bewertet,Billig Urlaub in Ulcinj,ferienh\u00e4user,ferienwohnung,Billige Ferienh\u00e4user,Ferienwohnung ULCINJ,Ferien an der Adria,Urlaub im Ferienhaus ulcinjBilligreisen Ulcinj,Pauschalreisen,FKK Strand Ada Bojana ulcinj,Last Minute Angebote ulcinj,Preise f\u00fcr Lastminute,Kleinanzeigen gratis,Ausflug nach Ulcinj,FKK-Reisen ada bojana,FKK-Urlaub ulcinj,Privatni smje\u0161taj,rezervacija smje\u0161taja,apartmani,sobe,ku?e,odmor,sobe za odmor ulcinj,Pretra\u017eivanje privatnog smje\u0161taja,rooms rent accommodation ulcinj, rentail private accommodation ulcinj,\u017delite rezervirati privatni smje\u0161taj,Private accommodation,Smje\u0161taj ulcinj,Pushime Verore ulqin,pushime t\u00eb lira n\u00eb ulqin,Pushime ne plazh,Pushime te kendshme,dhoma per pushime ulqin,dhoma me qera ulqin,dhoma te lira ulqin,pushime te lira ulqin,mali i zi,kosova,maqedoni,shqiperi,Pushime ne det te ulqinit,godi\u0161nji odmor u ulcinj,odmor u ulcinj,Ku?a za odmor,kuda na odmor,ljetovanje u ulcinj,slobodne sobe,dhoma te lira,ku?a uz more,turisti?ka ponuda,odmor i zabava,povolne cene,sobe,usluge,Mjesto za Va\u0161 odmor , Place for Your holiday,Odmor portal,putovanaja,Iznajmljivanje soba ulcinj,odmor ulcinj info,Va\u0161e mjesto za odmor ulcinj,nudisticka plaza ada bojana,smjestaj ponuda ulcinj,lokacioni i dhomave ulqin,deti,plazhet e bukura,diskoteka,zbavitja,.\" href=\"http:\/\/www.visit-ulcinj.com\/tourism\/\" target=\"_blank\"><img loading=\"lazy\" class=\"aligncenter\" title=\"SHPALLJE TURISTIKE FALAS,FREE TOURIST GUIDES,BESPLATNI TURISTI?KI OGLASI,balkan holiday rentals,ALBANIJA,ALBANIA,SHQIPERIJA,CRNA GORA,HRVATSKA,KROACIA,SLOVENIJA,MAKEDONIJA,MAKEDONIA,SRBIJA,MONTENEGRO,MALI I ZI,\" src=\"http:\/\/www.visit-ulcinj.com\/blog\/wp-content\/uploads\/2008\/09\/balkanholidayrentals.gif\" alt=\"Apatin,  Aran?elovac,  ?uprija,  ?a?ak,  ?apljina,  ?itluk,  \u0160abac,  \u0160ipovo,  \u0160iroki Brijeg,  \u017dep?e,  \u017divinice,  Ba?ka Palanka,  Banja Luka,  Banovi?i,  Be?ej,  beograd,  Biha?,  Bijeljina,  Bor,  Bor?a,  Bosanska Gradi\u0161ka,  Bosanska Krupa,  Bosanski \u0160amac,  Bosanski Brod,  Bosanski Novi,  Br?ko,  Bu\u017eim,  Bugojno,  Cazin,  Crna Gora,  Derventa,  Doboj,  Donji Vakuf,  Drvar,  Dubrovnik,  Fo?a,  Fojnica,  Glamo?,  Gora\u017ede,  Gornji Milanovac,  Gornji Vakuf,  gostivar,  Gra?anica,  Grada?ac,  Gradiska,  Grahovo,  Had\u017ei?i,  Ilid\u017ea,  In?ija,  Jablanica,  Jagodina,  Jajce,  Kakanj,  Kalu?erica,  Kikinda,  Klju?,  Konjic,  Kotor Varo\u0161,  Kragujevac,  Kraljevo,  Kru\u0161evac,  Kula,  Kupres,  Lakta\u0161i,  Lazarevac,  Leskovac,  Livno,  Ljubinje,  ljublana,  Ljubu\u0161ki,  Loznica,  Lukavac,  Maglaj,  Mladenovac,  Modri?a,  montenegro erlajnz,  mostar,  Mrkonji? Grad,  Neum,  Ni\u0161,  Novi Pazar,  Novi Sad,  Novi Travnik,  Obrenovac,  Od\u017eak,  ohrid,  Ora\u0161je,  Pale,  Pan?evo,  Para?in,  Pirot,  Po\u017earevac,  Podgorica,  Priboj,  Prijedor,  Prokuplje,  Prozor,  pula,  rijeka,  Ruma,  Sanski Most,  Sarajevo,  Senta,  serbija,  sibenik,  skopje,  Smederevo,  Smederevska Palanka,  Sokolac,  Sombor,  split,  Srebrenica,  Srebrenik,  Sremska Mitrovica,  Stolac,  Struga,  Subotica,  Temerin,  Tesli?,  tetovo,  Travnik,  Trebinje,  tuzla,  U\u017eice,  ulcinj,  Valjevo,  Velika Kladu\u0161a,  Vi\u0161egrad,  Visoko,  Vitez,  Vogo\u0161?a,  vojvodina,  Vranje,  Vr\u0161ac,  Vrbas,  zadar,  Zagreb,  Zaje?ar,  Zavidovi?i,  Zenica,  Zrenjanin,  Zvornik,copacabana ulcinj,  h\u00f4tels,  hotel ulqin,  Kosova,  Mali i Zi,  Maqedonija,  Montenegro,  montenegro tourisme plage,  montenegro ulcinj,  Shpallje Falas,  Shpallje Falas per shitjen e shtepis se juaj,  Shpallje Falas per villat e juaj,  Shpallje Falas Real Estate,  Shpallje Falas turistike,  shqiperija,  tourisme,  Ulci?,  ulcinj,  ulqin,  ulqin hotel,  ulqini,  ulqini 2007,Ada Bojana,  Alba?czyk,  Cita di Dolcino,  Copacabana,  Czarnog\u00f3ra,  Czarnog\u00f3rzec,  Don Kichota,  Ma?a Pla?a,  Mandra,  MIGUEL DE SERVANTES,  p\u00f3?wyspy Marjan,  Pla?a Valdanos,  Rzeka Bojana,  Shas \/ \u0160as \/ Sva?,  Ulci?,  Ulcinjsk? Riwier?,  Wielka Pla?a,  Wyspa Bojana,GORA,??????????,???????,??????????, ?ern\u00e1 Hora,TO ULCINJ \/ ULQIN,MONTENEGRO, Czarnog\u00f3ra, Muntenegru, ????? ????, Montenegr\u00f3,villa \u00e0 louer \u00e0 ulcinj, location de vacance, location saisonni\u00e8res, louer chambres,location de vacance, Locations vacance, h\u00e9bergements vacances, locations villa, logements de vacances, location maison avec piscine, Location vacance, locations de vacance, h\u00e9bergements de vacances, location, locations entre particulier, logements vacance, vacances \u00e0 Mont\u00e9n\u00e9gro - location \u00e0 Ulcinj ,location  de bigorre,Albaniku,  Artana,  Bujanoci,  Burimi,  Dardana,  Dardan\u00eb,  De\u00e7an,  Dibra,  Drenas,  Drenasi,  Ferizaj,  Ferizaji,  Fush\u00eb Kosova,Besplatni internet oglasi,Besplatni oglasi,besplatni mali oglasi,besplatni turisti?ki oglasi,oglasi, usluge, turizam,Turisti?ke usluge,Doma?i turizam,Besplatni Oglasnik,Brzi Oglasi Besplatno,Besplatno OglasavanjeTurizam,besplatni oglasi sa slikom,Turisticki informator besplatni,li?ni-oglasi,BESPLATNI Turisticki OGLASI SA SLIKAMA,BESPLATNI Turisticki Oglasi saVideom,turisticki smestaj oglasi,Turisti?ki vodi? balkana,BESPLATNA REZERVACIJA SMESTAJA,Postavite besplatno Vas oglas,FREE TOURIST GUIDES,Izdavanje-Turizam oglasi,Balkan Turisticki vodic,shpallje turistike falas,Shpallje Falas,Shpallje falas per Komplekse Turistike,Lajmerime,Njoftime,shpallje shqip per shqiptaret ne shqiperi kosova maqedoni,mal te zi,Fush\u00eb Kosov\u00eb,  Gjakova,  Gjakov\u00eb,  Gjilan,  Gjilani,  Gostivari,  Istog,  Istog\u00b7,  Ka\u00e7anik,  Ka\u00e7aniku,  Kastrioti,  K\u00ebr\u00e7ova,  Klina,  Klin\u00eb,  Kumanova,  Leposaviq,  Leskovci,  Likova,  Lipjan,  Lipjani,  Malisheva,  Malishev\u00eb,  Manastiri,  Medvegja,  Mitrovica,  Mitrovic\u00eb,  Novob\u00ebrd\u00eb,  Obiliq\u00b7 Rahovec,  Ohri,  Peja,  Pej\u00eb,  Podujeva,  Podujev\u00eb,  Presheva,  Prishtina,  Prishtin\u00eb,  Prizren,  Prizreni,  Rahoveci,  Sharri,  Sharri (Kosov\u00eb),  Shkupi,  Sht\u00ebrpca,  Sht\u00ebrpc\u00eb,  Shtime,  Sk\u00ebnderaj,  Struga,  Tetova,  Theranda,  Therand\u00eb,  Triumf Riza,  Veleshta,  Viti,  Vitia,  Vushtrri,  Vushtrria,  Zubin Potok,  Zubin Potoku,  Zve\u00e7an,  Zve\u00e7ani,Struga,Gostivari,Gostivar,Ker\u00e7ova,Tirana,Durr\u00ebsi,Elbasani,Shkodra,Tuzi,Vlora, Kor\u00e7a,Fieri,Berati,Lushnja ,Kavaja,Pogradeci,La\u00e7i,Gjirokastra,Patosi,Kruja,Ku\u00e7ova,Kuk\u00ebsi,Lezha,Saranda,Peshkopia,Burreli,C\u00ebrriku,\u00c7orovoda,Shijaku,Librazhdi,Tepelena,Gramshi,Poli\u00e7ani,Bulqiza,P\u00ebrmeti,Fush\u00ebKruja,Kamza,Rr\u00ebsheni,Ballshi,Mamurrasi,BajramCurri,Erseka,Peqini,Divjaka,Selenica,Bilishti,Roskoveci,Puka,Memaliaj,Rrogozhina,Ura Vajgurore,Himara,Delvina,Vora,Kopliku,Maliqi,P\u00ebrrenjasi,Kruma, Libohova,Orikumi,Fush\u00eb-Arr\u00ebza,Sh\u00ebngjini,Rubiku,Miloti, Leskoviku,Konispoli,K\u00eblcyra,Krasta,K\u00ebrraba,Manastiri,Hara\u00e7ina,Likova,Prilepi,Zajazi,Vrap\u00e7ishti,Bogovin\u00eb,\" width=\"420\" height=\"120\" \/><\/a><\/p>\n","protected":false},"excerpt":{"rendered":"<p><img loading=\"lazy\" class=\"size-medium wp-image-3029 alignleft\" title=\"Shas, \u0160as ,Sva? \" src=\"http:\/\/www.visit-ulcinj.com\/blog\/wp-content\/uploads\/2008\/09\/shasi-svac-300x193.jpg\" alt=\"\" width=\"140\" height=\"140\" \/><\/p>\n","protected":false},"author":1,"featured_media":0,"comment_status":"open","ping_status":"closed","sticky":false,"template":"","format":"standard","meta":{"spay_email":"","jetpack_publicize_message":"","jetpack_is_tweetstorm":false,"jetpack_publicize_feature_enabled":true},"categories":[4,12,15],"tags":[138,21,4507,45,3927,4504,4505,4506,4503,79,4502,3231,4501,2081,4508,19,200,18,2082,4500],"jetpack_publicize_connections":[],"yoast_head":"<!-- This site is optimized with the Yoast SEO plugin v19.1 - https:\/\/yoast.com\/wordpress\/plugins\/seo\/ -->\n<title>Shasi i lasht\u00eb monument i kultur\u00ebs shpirt\u00ebrore* - Lajme nga Ulqini<\/title>\n<meta name=\"robots\" content=\"index, follow, max-snippet:-1, max-image-preview:large, max-video-preview:-1\" \/>\n<link rel=\"canonical\" href=\"https:\/\/www.visit-ulcinj.com\/blog\/2008\/09\/06\/shasi-i-lashte-monument-i-kultures-shpirterore\/\" \/>\n<meta property=\"og:locale\" content=\"en_US\" \/>\n<meta property=\"og:type\" content=\"article\" \/>\n<meta property=\"og:title\" content=\"Shasi i lasht\u00eb monument i kultur\u00ebs shpirt\u00ebrore* - Lajme nga Ulqini\" \/>\n<meta property=\"og:url\" content=\"https:\/\/www.visit-ulcinj.com\/blog\/2008\/09\/06\/shasi-i-lashte-monument-i-kultures-shpirterore\/\" \/>\n<meta property=\"og:site_name\" content=\"Lajme nga Ulqini\" \/>\n<meta property=\"article:published_time\" content=\"2008-09-06T10:21:42+00:00\" \/>\n<meta property=\"article:modified_time\" content=\"2008-10-04T17:37:33+00:00\" \/>\n<meta property=\"og:image\" content=\"http:\/\/www.visit-ulcinj.com\/blog\/wp-content\/uploads\/2008\/09\/shasi-svac-300x193.jpg\" \/>\n<meta name=\"twitter:label1\" content=\"Written by\" \/>\n\t<meta name=\"twitter:data1\" content=\"ulqini\" \/>\n\t<meta name=\"twitter:label2\" content=\"Est. reading time\" \/>\n\t<meta name=\"twitter:data2\" content=\"4 minutes\" \/>\n<script type=\"application\/ld+json\" class=\"yoast-schema-graph\">{\"@context\":\"https:\/\/schema.org\",\"@graph\":[{\"@type\":\"WebSite\",\"@id\":\"https:\/\/www.visit-ulcinj.com\/blog\/#website\",\"url\":\"https:\/\/www.visit-ulcinj.com\/blog\/\",\"name\":\"Lajme nga Ulqini\",\"description\":\"Lajme,Vijesti,Ulqini,Ulqin,Crna Gora,Mali i Zi\",\"potentialAction\":[{\"@type\":\"SearchAction\",\"target\":{\"@type\":\"EntryPoint\",\"urlTemplate\":\"https:\/\/www.visit-ulcinj.com\/blog\/?s={search_term_string}\"},\"query-input\":\"required name=search_term_string\"}],\"inLanguage\":\"en-US\"},{\"@type\":\"ImageObject\",\"inLanguage\":\"en-US\",\"@id\":\"https:\/\/www.visit-ulcinj.com\/blog\/2008\/09\/06\/shasi-i-lashte-monument-i-kultures-shpirterore\/#primaryimage\",\"url\":\"http:\/\/www.visit-ulcinj.com\/blog\/wp-content\/uploads\/2008\/09\/shasi-svac-300x193.jpg\",\"contentUrl\":\"http:\/\/www.visit-ulcinj.com\/blog\/wp-content\/uploads\/2008\/09\/shasi-svac-300x193.jpg\"},{\"@type\":\"WebPage\",\"@id\":\"https:\/\/www.visit-ulcinj.com\/blog\/2008\/09\/06\/shasi-i-lashte-monument-i-kultures-shpirterore\/#webpage\",\"url\":\"https:\/\/www.visit-ulcinj.com\/blog\/2008\/09\/06\/shasi-i-lashte-monument-i-kultures-shpirterore\/\",\"name\":\"Shasi i lasht\u00eb monument i kultur\u00ebs shpirt\u00ebrore* - Lajme nga Ulqini\",\"isPartOf\":{\"@id\":\"https:\/\/www.visit-ulcinj.com\/blog\/#website\"},\"primaryImageOfPage\":{\"@id\":\"https:\/\/www.visit-ulcinj.com\/blog\/2008\/09\/06\/shasi-i-lashte-monument-i-kultures-shpirterore\/#primaryimage\"},\"datePublished\":\"2008-09-06T10:21:42+00:00\",\"dateModified\":\"2008-10-04T17:37:33+00:00\",\"author\":{\"@id\":\"https:\/\/www.visit-ulcinj.com\/blog\/#\/schema\/person\/dcab619c614d3038751c63bc2aadc06d\"},\"breadcrumb\":{\"@id\":\"https:\/\/www.visit-ulcinj.com\/blog\/2008\/09\/06\/shasi-i-lashte-monument-i-kultures-shpirterore\/#breadcrumb\"},\"inLanguage\":\"en-US\",\"potentialAction\":[{\"@type\":\"ReadAction\",\"target\":[\"https:\/\/www.visit-ulcinj.com\/blog\/2008\/09\/06\/shasi-i-lashte-monument-i-kultures-shpirterore\/\"]}]},{\"@type\":\"BreadcrumbList\",\"@id\":\"https:\/\/www.visit-ulcinj.com\/blog\/2008\/09\/06\/shasi-i-lashte-monument-i-kultures-shpirterore\/#breadcrumb\",\"itemListElement\":[{\"@type\":\"ListItem\",\"position\":1,\"name\":\"Shasi i lasht\u00eb monument i kultur\u00ebs shpirt\u00ebrore*\"}]},{\"@type\":\"Person\",\"@id\":\"https:\/\/www.visit-ulcinj.com\/blog\/#\/schema\/person\/dcab619c614d3038751c63bc2aadc06d\",\"name\":\"ulqini\",\"sameAs\":[\"http:\/\/www.visit-ulcinj.com\"],\"url\":\"https:\/\/www.visit-ulcinj.com\/blog\/author\/admin\/\"}]}<\/script>\n<!-- \/ Yoast SEO plugin. -->","yoast_head_json":{"title":"Shasi i lasht\u00eb monument i kultur\u00ebs shpirt\u00ebrore* - Lajme nga Ulqini","robots":{"index":"index","follow":"follow","max-snippet":"max-snippet:-1","max-image-preview":"max-image-preview:large","max-video-preview":"max-video-preview:-1"},"canonical":"https:\/\/www.visit-ulcinj.com\/blog\/2008\/09\/06\/shasi-i-lashte-monument-i-kultures-shpirterore\/","og_locale":"en_US","og_type":"article","og_title":"Shasi i lasht\u00eb monument i kultur\u00ebs shpirt\u00ebrore* - Lajme nga Ulqini","og_url":"https:\/\/www.visit-ulcinj.com\/blog\/2008\/09\/06\/shasi-i-lashte-monument-i-kultures-shpirterore\/","og_site_name":"Lajme nga Ulqini","article_published_time":"2008-09-06T10:21:42+00:00","article_modified_time":"2008-10-04T17:37:33+00:00","og_image":[{"url":"http:\/\/www.visit-ulcinj.com\/blog\/wp-content\/uploads\/2008\/09\/shasi-svac-300x193.jpg"}],"twitter_misc":{"Written by":"ulqini","Est. reading time":"4 minutes"},"schema":{"@context":"https:\/\/schema.org","@graph":[{"@type":"WebSite","@id":"https:\/\/www.visit-ulcinj.com\/blog\/#website","url":"https:\/\/www.visit-ulcinj.com\/blog\/","name":"Lajme nga Ulqini","description":"Lajme,Vijesti,Ulqini,Ulqin,Crna Gora,Mali i Zi","potentialAction":[{"@type":"SearchAction","target":{"@type":"EntryPoint","urlTemplate":"https:\/\/www.visit-ulcinj.com\/blog\/?s={search_term_string}"},"query-input":"required name=search_term_string"}],"inLanguage":"en-US"},{"@type":"ImageObject","inLanguage":"en-US","@id":"https:\/\/www.visit-ulcinj.com\/blog\/2008\/09\/06\/shasi-i-lashte-monument-i-kultures-shpirterore\/#primaryimage","url":"http:\/\/www.visit-ulcinj.com\/blog\/wp-content\/uploads\/2008\/09\/shasi-svac-300x193.jpg","contentUrl":"http:\/\/www.visit-ulcinj.com\/blog\/wp-content\/uploads\/2008\/09\/shasi-svac-300x193.jpg"},{"@type":"WebPage","@id":"https:\/\/www.visit-ulcinj.com\/blog\/2008\/09\/06\/shasi-i-lashte-monument-i-kultures-shpirterore\/#webpage","url":"https:\/\/www.visit-ulcinj.com\/blog\/2008\/09\/06\/shasi-i-lashte-monument-i-kultures-shpirterore\/","name":"Shasi i lasht\u00eb monument i kultur\u00ebs shpirt\u00ebrore* - Lajme nga Ulqini","isPartOf":{"@id":"https:\/\/www.visit-ulcinj.com\/blog\/#website"},"primaryImageOfPage":{"@id":"https:\/\/www.visit-ulcinj.com\/blog\/2008\/09\/06\/shasi-i-lashte-monument-i-kultures-shpirterore\/#primaryimage"},"datePublished":"2008-09-06T10:21:42+00:00","dateModified":"2008-10-04T17:37:33+00:00","author":{"@id":"https:\/\/www.visit-ulcinj.com\/blog\/#\/schema\/person\/dcab619c614d3038751c63bc2aadc06d"},"breadcrumb":{"@id":"https:\/\/www.visit-ulcinj.com\/blog\/2008\/09\/06\/shasi-i-lashte-monument-i-kultures-shpirterore\/#breadcrumb"},"inLanguage":"en-US","potentialAction":[{"@type":"ReadAction","target":["https:\/\/www.visit-ulcinj.com\/blog\/2008\/09\/06\/shasi-i-lashte-monument-i-kultures-shpirterore\/"]}]},{"@type":"BreadcrumbList","@id":"https:\/\/www.visit-ulcinj.com\/blog\/2008\/09\/06\/shasi-i-lashte-monument-i-kultures-shpirterore\/#breadcrumb","itemListElement":[{"@type":"ListItem","position":1,"name":"Shasi i lasht\u00eb monument i kultur\u00ebs shpirt\u00ebrore*"}]},{"@type":"Person","@id":"https:\/\/www.visit-ulcinj.com\/blog\/#\/schema\/person\/dcab619c614d3038751c63bc2aadc06d","name":"ulqini","sameAs":["http:\/\/www.visit-ulcinj.com"],"url":"https:\/\/www.visit-ulcinj.com\/blog\/author\/admin\/"}]}},"jetpack_featured_media_url":"","jetpack_sharing_enabled":true,"jetpack_shortlink":"https:\/\/wp.me\/pe6lTn-MQ","_links":{"self":[{"href":"https:\/\/www.visit-ulcinj.com\/blog\/wp-json\/wp\/v2\/posts\/3028"}],"collection":[{"href":"https:\/\/www.visit-ulcinj.com\/blog\/wp-json\/wp\/v2\/posts"}],"about":[{"href":"https:\/\/www.visit-ulcinj.com\/blog\/wp-json\/wp\/v2\/types\/post"}],"author":[{"embeddable":true,"href":"https:\/\/www.visit-ulcinj.com\/blog\/wp-json\/wp\/v2\/users\/1"}],"replies":[{"embeddable":true,"href":"https:\/\/www.visit-ulcinj.com\/blog\/wp-json\/wp\/v2\/comments?post=3028"}],"version-history":[{"count":0,"href":"https:\/\/www.visit-ulcinj.com\/blog\/wp-json\/wp\/v2\/posts\/3028\/revisions"}],"wp:attachment":[{"href":"https:\/\/www.visit-ulcinj.com\/blog\/wp-json\/wp\/v2\/media?parent=3028"}],"wp:term":[{"taxonomy":"category","embeddable":true,"href":"https:\/\/www.visit-ulcinj.com\/blog\/wp-json\/wp\/v2\/categories?post=3028"},{"taxonomy":"post_tag","embeddable":true,"href":"https:\/\/www.visit-ulcinj.com\/blog\/wp-json\/wp\/v2\/tags?post=3028"}],"curies":[{"name":"wp","href":"https:\/\/api.w.org\/{rel}","templated":true}]}}