{"id":30291,"date":"2010-02-12T14:37:39","date_gmt":"2010-02-12T12:37:39","guid":{"rendered":"http:\/\/www.visit-ulcinj.com\/blog\/?p=30291"},"modified":"2010-02-12T14:43:29","modified_gmt":"2010-02-12T12:43:29","slug":"informations-touristiques-sur-le-montenegro","status":"publish","type":"post","link":"https:\/\/www.visit-ulcinj.com\/blog\/2010\/02\/12\/informations-touristiques-sur-le-montenegro\/","title":{"rendered":"Informations touristiques sur le Mont\u00e9n\u00e9gro"},"content":{"rendered":"<p><strong><a href=\"http:\/\/www.visit-ulcinj.com\/blog\/wp-content\/uploads\/2010\/02\/Informations-touristiques-sur-le-Mont\u00e9n\u00e9gro.jpg\"><img loading=\"lazy\" class=\"alignleft size-full wp-image-30292\" title=\"Informations touristiques sur le Mont\u00e9n\u00e9gro\" src=\"http:\/\/www.visit-ulcinj.com\/blog\/wp-content\/uploads\/2010\/02\/Informations-touristiques-sur-le-Mont\u00e9n\u00e9gro.jpg\" alt=\"Informations touristiques sur le Mont\u00e9n\u00e9gro\" width=\"375\" height=\"375\" \/><\/a>La R\u00e9publique du Mont\u00e9n\u00e9gro est un pays situ\u00e9 dans les Balkans. Elle est \u00e0 la limite de la Croatie et de la Bosnie-Herz\u00e9govine \u00e0 l&#8217;ouest, de la Serbie et du Kosovo au nord, et de l&#8217;Albanie \u00e0 l&#8217;est. Au sud du Mont\u00e9n\u00e9gro se trouve la mer Adriatique, et de l&#8217;autre c\u00f4t\u00e9 de cette derni\u00e8re se trouve l&#8217;Italie. Le tourisme au Mont\u00e9n\u00e9gro a souffert des diff\u00e9rents conflits et guerres dans les pays avoisinants dans les ann\u00e9es 1990. Ces derni\u00e8res ann\u00e9es, la situation s&#8217;est stabilis\u00e9e et le tourisme a commenc\u00e9 \u00e0 reprendre. Maintenant, le Mont\u00e9n\u00e9gro est red\u00e9couvert par les touristes du monde entier.<\/strong><\/p>\n<p><strong>Caract\u00e9ristiques du pays<\/strong><\/p>\n<p><strong>Perle de la M\u00e9diterran\u00e9e<br \/>\n<\/strong>Le Mont\u00e9n\u00e9gro fait partie des Balkans et de la M\u00e9diterran\u00e9e. Il est situ\u00e9 \u00e0 proximit\u00e9 des pays suivants : Serbie, Bosnie, Croatie, Italie et Albanie. Le Mont\u00e9n\u00e9gro, la perle de la m\u00e9diterran\u00e9e, est situ\u00e9 dans le sud de l&#8217;Adriatique. L\u00e0, vous trouverez richesses naturelles, beaut\u00e9, plages calmes, lacs limpides, fleuves rapides et montagnes magnifiques.<\/p>\n<p><strong><a href=\"http:\/\/www.visit-ulcinj.com\/blog\/wp-content\/uploads\/2010\/02\/Informations-touristiques-sur-le-Mont\u00e9n\u00e9gro_ulcinj.1.jpg\"><img loading=\"lazy\" class=\"alignleft size-full wp-image-30294\" title=\"Informations touristiques sur le Mont\u00e9n\u00e9gro_ulcinj.1\" src=\"http:\/\/www.visit-ulcinj.com\/blog\/wp-content\/uploads\/2010\/02\/Informations-touristiques-sur-le-Mont\u00e9n\u00e9gro_ulcinj.1.jpg\" alt=\"Informations touristiques sur le Mont\u00e9n\u00e9gro_ulcinj.1\" width=\"500\" height=\"341\" \/><\/a>Villes du Mont\u00e9n\u00e9gro<br \/>\n<\/strong>Les villages et les villes du Mont\u00e9n\u00e9gro ont une architecture riche datant de diverses p\u00e9riodes. Vous remonterez le temps jusqu&#8217;aux \u00e9poques o\u00f9 ces structures ont \u00e9t\u00e9 cr\u00e9\u00e9es.<br \/>\nComme le Mont\u00e9n\u00e9gro est divis\u00e9 en trois r\u00e9gions (littoral, centre et montagnes), chacune d&#8217;entre elles a donn\u00e9 une touche sp\u00e9ciale \u00e0 ses villes.<br \/>\nVilles du littoral : Ulcinj, Bar, Budva, Tivat, Kotor, Herceg Novi<br \/>\nVilles du centre : Podgorica, Niksic, Cetinje, Danilovgrad<br \/>\nVilles des montagnes : Kolasin, Mojkovac, Bijelo Polje, Berane, Pljevlja, Rozaje, Zabljak, Plav<br \/>\n<strong><br \/>\nMonast\u00e8re d&#8217;Ostrog<\/strong><br \/>\nEn se trouvant pour la premi\u00e8re fois devant le monast\u00e8re d&#8217;Ostrog, il est \u00e0 penser qu&#8217;il n&#8217;a pas \u00e9t\u00e9 construit par la main de l&#8217;Homme. Ce monast\u00e8re glorieux est situ\u00e9 au-dessus de la vall\u00e9e de Bjelopavlici, taill\u00e9 dans la pierre comme pour garder les secrets centenaires de ce sanctuaire. Le Saint Vasilije a fond\u00e9 le monast\u00e8re d&#8217;Ostrog au 17\u00e8me si\u00e8cle. La partie la plus magnifique du monast\u00e8re est Gornji Ostrog. Il y a deux \u00e9glises, l&#8217;\u00e9glise sup\u00e9rieure, d\u00e9di\u00e9e \u00e0 la sainte croix. L&#8217;autre \u00e9glise inf\u00e9rieure \u00e0 Gornji manastir est d\u00e9di\u00e9e au retour de la Vierge Marie. Des personnes issues de toutes les religions et de toutes les nations visitent Ostrog. Ce sanctuaire est un des plus visit\u00e9s du monde chr\u00e9tien.<\/p>\n<p><strong><a href=\"http:\/\/www.visit-ulcinj.com\/blog\/wp-content\/uploads\/2010\/02\/Informations-touristiques-sur-le-Mont\u00e9n\u00e9gro_ulcinj.jpg\"><img loading=\"lazy\" class=\"alignright size-medium wp-image-30293\" title=\"Informations touristiques sur le Mont\u00e9n\u00e9gro_ulcinj\" src=\"http:\/\/www.visit-ulcinj.com\/blog\/wp-content\/uploads\/2010\/02\/Informations-touristiques-sur-le-Mont\u00e9n\u00e9gro_ulcinj-288x300.jpg\" alt=\"Informations touristiques sur le Mont\u00e9n\u00e9gro_ulcinj\" width=\"288\" height=\"300\" \/><\/a>Bouches de Kotor<\/strong><br \/>\nLes bouches de Kotor figurent parmi les plus belles du monde. Elle sont constitu\u00e9es de la r\u00e9union de quatre d\u00e9troits. De hautes falaises entourent les bouches de Kotor de tous les c\u00f4t\u00e9s, ce qui se refl\u00e8te dans l&#8217;eau bleue et profonde de la mer Adriatique. Sept \u00eeles d\u00e9corent les bouches de Kotor : Sveti Marko, Mamula, Gospa od Skrpjela, Sveti Djordje, Milosrdja, Ostrvo cveca et Mala Gospa, qui est la plus petite d&#8217;entre elles. Sur la route longeant les bouches de Kotor, il y a une suite de villes qui peuvent en dire long de par leurs caract\u00e9ristiques. Parmi elles se trouve Kotor, une ville appartenant au patrimoine culturel mondial.<\/p>\n<p><strong>Mont du Durmitor<br \/>\n<\/strong>Gr\u00e2ce \u00e0 sa beaut\u00e9 indescriptible et sa nature pr\u00e9serv\u00e9e, le Durmitor \u00e0 \u00e9t\u00e9 proclam\u00e9 parc national d\u00e8s 1952. Le parc national du Durmitor s&#8217;\u00e9tend du massif montagneux du Durmitor, avec les canyons des fleuves Tara, Susica et Draga, \u00e0 la vall\u00e9e du fleuve Komarnica. Le g\u00e9ant Durmitor abrite de nombreux sommets de montagnes imposants, ainsi que de nombreux lacs de glaciers entour\u00e9s de for\u00eats de conif\u00e8res denses.<\/p>\n<p><a href=\"http:\/\/francais.interrailnet.com\/enfr\/interrail-montenegro-tourist-information\" target=\"_blank\"><strong>http:\/\/francais.interrailnet.com<\/strong><\/a><br \/>\n[flv width=&#8221;580&#8243; height=&#8221;400&#8243;]http:\/\/www.njegoskij.org\/IMG\/flv\/14112009_echappeesBelles.flv[\/flv]<\/p>\n","protected":false},"excerpt":{"rendered":"<p>La R\u00e9publique du Mont\u00e9n\u00e9gro est un pays situ\u00e9 dans les Balkans. Elle est \u00e0 la limite de la Croatie et de la Bosnie-Herz\u00e9govine \u00e0 l&#8217;ouest, de la Serbie et du Kosovo au nord, et de l&#8217;Albanie \u00e0 l&#8217;est. Au sud du Mont\u00e9n\u00e9gro se trouve la mer Adriatique, et de l&#8217;autre c\u00f4t\u00e9 de cette derni\u00e8re se [&hellip;]<\/p>\n","protected":false},"author":1,"featured_media":0,"comment_status":"open","ping_status":"closed","sticky":false,"template":"","format":"standard","meta":{"spay_email":"","jetpack_publicize_message":"","jetpack_is_tweetstorm":false,"jetpack_publicize_feature_enabled":true},"categories":[15],"tags":[748,3382,9436,21,1919,9434,9433,13507,2440,9435,2401,9439,9437,9438,1334,19,1923],"jetpack_publicize_connections":[],"yoast_head":"<!-- This site is optimized with the Yoast SEO plugin v19.1 - https:\/\/yoast.com\/wordpress\/plugins\/seo\/ -->\n<title>Informations touristiques sur le Mont\u00e9n\u00e9gro - Lajme nga Ulqini<\/title>\n<meta name=\"description\" content=\"La R\u00e9publique du Mont\u00e9n\u00e9gro est un pays situ\u00e9 dans les Balkans. Elle est \u00e0 la limite de la Croatie et de la Bosnie-Herz\u00e9govine \u00e0 l&#039;ouest, de la Serbie et\" \/>\n<meta name=\"robots\" content=\"index, follow, max-snippet:-1, max-image-preview:large, max-video-preview:-1\" \/>\n<link rel=\"canonical\" href=\"https:\/\/www.visit-ulcinj.com\/blog\/2010\/02\/12\/informations-touristiques-sur-le-montenegro\/\" \/>\n<meta property=\"og:locale\" content=\"en_US\" \/>\n<meta property=\"og:type\" content=\"article\" \/>\n<meta property=\"og:title\" content=\"Informations touristiques sur le Mont\u00e9n\u00e9gro - Lajme nga Ulqini\" \/>\n<meta property=\"og:description\" content=\"La R\u00e9publique du Mont\u00e9n\u00e9gro est un pays situ\u00e9 dans les Balkans. Elle est \u00e0 la limite de la Croatie et de la Bosnie-Herz\u00e9govine \u00e0 l&#039;ouest, de la Serbie et\" \/>\n<meta property=\"og:url\" content=\"https:\/\/www.visit-ulcinj.com\/blog\/2010\/02\/12\/informations-touristiques-sur-le-montenegro\/\" \/>\n<meta property=\"og:site_name\" content=\"Lajme nga Ulqini\" \/>\n<meta property=\"article:published_time\" content=\"2010-02-12T12:37:39+00:00\" \/>\n<meta property=\"article:modified_time\" content=\"2010-02-12T12:43:29+00:00\" \/>\n<meta name=\"twitter:label1\" content=\"Written by\" \/>\n\t<meta name=\"twitter:data1\" content=\"ulqini\" \/>\n\t<meta name=\"twitter:label2\" content=\"Est. reading time\" \/>\n\t<meta name=\"twitter:data2\" content=\"3 minutes\" \/>\n<script type=\"application\/ld+json\" class=\"yoast-schema-graph\">{\"@context\":\"https:\/\/schema.org\",\"@graph\":[{\"@type\":\"WebSite\",\"@id\":\"https:\/\/www.visit-ulcinj.com\/blog\/#website\",\"url\":\"https:\/\/www.visit-ulcinj.com\/blog\/\",\"name\":\"Lajme nga Ulqini\",\"description\":\"Lajme,Vijesti,Ulqini,Ulqin,Crna Gora,Mali i Zi\",\"potentialAction\":[{\"@type\":\"SearchAction\",\"target\":{\"@type\":\"EntryPoint\",\"urlTemplate\":\"https:\/\/www.visit-ulcinj.com\/blog\/?s={search_term_string}\"},\"query-input\":\"required name=search_term_string\"}],\"inLanguage\":\"en-US\"},{\"@type\":\"WebPage\",\"@id\":\"https:\/\/www.visit-ulcinj.com\/blog\/2010\/02\/12\/informations-touristiques-sur-le-montenegro\/#webpage\",\"url\":\"https:\/\/www.visit-ulcinj.com\/blog\/2010\/02\/12\/informations-touristiques-sur-le-montenegro\/\",\"name\":\"Informations touristiques sur le Mont\u00e9n\u00e9gro - Lajme nga Ulqini\",\"isPartOf\":{\"@id\":\"https:\/\/www.visit-ulcinj.com\/blog\/#website\"},\"datePublished\":\"2010-02-12T12:37:39+00:00\",\"dateModified\":\"2010-02-12T12:43:29+00:00\",\"author\":{\"@id\":\"https:\/\/www.visit-ulcinj.com\/blog\/#\/schema\/person\/dcab619c614d3038751c63bc2aadc06d\"},\"description\":\"La R\u00e9publique du Mont\u00e9n\u00e9gro est un pays situ\u00e9 dans les Balkans. Elle est \u00e0 la limite de la Croatie et de la Bosnie-Herz\u00e9govine \u00e0 l'ouest, de la Serbie et\",\"breadcrumb\":{\"@id\":\"https:\/\/www.visit-ulcinj.com\/blog\/2010\/02\/12\/informations-touristiques-sur-le-montenegro\/#breadcrumb\"},\"inLanguage\":\"en-US\",\"potentialAction\":[{\"@type\":\"ReadAction\",\"target\":[\"https:\/\/www.visit-ulcinj.com\/blog\/2010\/02\/12\/informations-touristiques-sur-le-montenegro\/\"]}]},{\"@type\":\"BreadcrumbList\",\"@id\":\"https:\/\/www.visit-ulcinj.com\/blog\/2010\/02\/12\/informations-touristiques-sur-le-montenegro\/#breadcrumb\",\"itemListElement\":[{\"@type\":\"ListItem\",\"position\":1,\"name\":\"Informations touristiques sur le Mont\u00e9n\u00e9gro\"}]},{\"@type\":\"Person\",\"@id\":\"https:\/\/www.visit-ulcinj.com\/blog\/#\/schema\/person\/dcab619c614d3038751c63bc2aadc06d\",\"name\":\"ulqini\",\"sameAs\":[\"http:\/\/www.visit-ulcinj.com\"],\"url\":\"https:\/\/www.visit-ulcinj.com\/blog\/author\/admin\/\"}]}<\/script>\n<!-- \/ Yoast SEO plugin. -->","yoast_head_json":{"title":"Informations touristiques sur le Mont\u00e9n\u00e9gro - Lajme nga Ulqini","description":"La R\u00e9publique du Mont\u00e9n\u00e9gro est un pays situ\u00e9 dans les Balkans. Elle est \u00e0 la limite de la Croatie et de la Bosnie-Herz\u00e9govine \u00e0 l'ouest, de la Serbie et","robots":{"index":"index","follow":"follow","max-snippet":"max-snippet:-1","max-image-preview":"max-image-preview:large","max-video-preview":"max-video-preview:-1"},"canonical":"https:\/\/www.visit-ulcinj.com\/blog\/2010\/02\/12\/informations-touristiques-sur-le-montenegro\/","og_locale":"en_US","og_type":"article","og_title":"Informations touristiques sur le Mont\u00e9n\u00e9gro - Lajme nga Ulqini","og_description":"La R\u00e9publique du Mont\u00e9n\u00e9gro est un pays situ\u00e9 dans les Balkans. Elle est \u00e0 la limite de la Croatie et de la Bosnie-Herz\u00e9govine \u00e0 l'ouest, de la Serbie et","og_url":"https:\/\/www.visit-ulcinj.com\/blog\/2010\/02\/12\/informations-touristiques-sur-le-montenegro\/","og_site_name":"Lajme nga Ulqini","article_published_time":"2010-02-12T12:37:39+00:00","article_modified_time":"2010-02-12T12:43:29+00:00","twitter_misc":{"Written by":"ulqini","Est. reading time":"3 minutes"},"schema":{"@context":"https:\/\/schema.org","@graph":[{"@type":"WebSite","@id":"https:\/\/www.visit-ulcinj.com\/blog\/#website","url":"https:\/\/www.visit-ulcinj.com\/blog\/","name":"Lajme nga Ulqini","description":"Lajme,Vijesti,Ulqini,Ulqin,Crna Gora,Mali i Zi","potentialAction":[{"@type":"SearchAction","target":{"@type":"EntryPoint","urlTemplate":"https:\/\/www.visit-ulcinj.com\/blog\/?s={search_term_string}"},"query-input":"required name=search_term_string"}],"inLanguage":"en-US"},{"@type":"WebPage","@id":"https:\/\/www.visit-ulcinj.com\/blog\/2010\/02\/12\/informations-touristiques-sur-le-montenegro\/#webpage","url":"https:\/\/www.visit-ulcinj.com\/blog\/2010\/02\/12\/informations-touristiques-sur-le-montenegro\/","name":"Informations touristiques sur le Mont\u00e9n\u00e9gro - Lajme nga Ulqini","isPartOf":{"@id":"https:\/\/www.visit-ulcinj.com\/blog\/#website"},"datePublished":"2010-02-12T12:37:39+00:00","dateModified":"2010-02-12T12:43:29+00:00","author":{"@id":"https:\/\/www.visit-ulcinj.com\/blog\/#\/schema\/person\/dcab619c614d3038751c63bc2aadc06d"},"description":"La R\u00e9publique du Mont\u00e9n\u00e9gro est un pays situ\u00e9 dans les Balkans. Elle est \u00e0 la limite de la Croatie et de la Bosnie-Herz\u00e9govine \u00e0 l'ouest, de la Serbie et","breadcrumb":{"@id":"https:\/\/www.visit-ulcinj.com\/blog\/2010\/02\/12\/informations-touristiques-sur-le-montenegro\/#breadcrumb"},"inLanguage":"en-US","potentialAction":[{"@type":"ReadAction","target":["https:\/\/www.visit-ulcinj.com\/blog\/2010\/02\/12\/informations-touristiques-sur-le-montenegro\/"]}]},{"@type":"BreadcrumbList","@id":"https:\/\/www.visit-ulcinj.com\/blog\/2010\/02\/12\/informations-touristiques-sur-le-montenegro\/#breadcrumb","itemListElement":[{"@type":"ListItem","position":1,"name":"Informations touristiques sur le Mont\u00e9n\u00e9gro"}]},{"@type":"Person","@id":"https:\/\/www.visit-ulcinj.com\/blog\/#\/schema\/person\/dcab619c614d3038751c63bc2aadc06d","name":"ulqini","sameAs":["http:\/\/www.visit-ulcinj.com"],"url":"https:\/\/www.visit-ulcinj.com\/blog\/author\/admin\/"}]}},"jetpack_featured_media_url":"","jetpack_sharing_enabled":true,"jetpack_shortlink":"https:\/\/wp.me\/pe6lTn-7Sz","_links":{"self":[{"href":"https:\/\/www.visit-ulcinj.com\/blog\/wp-json\/wp\/v2\/posts\/30291"}],"collection":[{"href":"https:\/\/www.visit-ulcinj.com\/blog\/wp-json\/wp\/v2\/posts"}],"about":[{"href":"https:\/\/www.visit-ulcinj.com\/blog\/wp-json\/wp\/v2\/types\/post"}],"author":[{"embeddable":true,"href":"https:\/\/www.visit-ulcinj.com\/blog\/wp-json\/wp\/v2\/users\/1"}],"replies":[{"embeddable":true,"href":"https:\/\/www.visit-ulcinj.com\/blog\/wp-json\/wp\/v2\/comments?post=30291"}],"version-history":[{"count":0,"href":"https:\/\/www.visit-ulcinj.com\/blog\/wp-json\/wp\/v2\/posts\/30291\/revisions"}],"wp:attachment":[{"href":"https:\/\/www.visit-ulcinj.com\/blog\/wp-json\/wp\/v2\/media?parent=30291"}],"wp:term":[{"taxonomy":"category","embeddable":true,"href":"https:\/\/www.visit-ulcinj.com\/blog\/wp-json\/wp\/v2\/categories?post=30291"},{"taxonomy":"post_tag","embeddable":true,"href":"https:\/\/www.visit-ulcinj.com\/blog\/wp-json\/wp\/v2\/tags?post=30291"}],"curies":[{"name":"wp","href":"https:\/\/api.w.org\/{rel}","templated":true}]}}