{"id":30310,"date":"2010-02-12T15:52:34","date_gmt":"2010-02-12T13:52:34","guid":{"rendered":"http:\/\/www.visit-ulcinj.com\/blog\/?p=30310"},"modified":"2010-02-12T15:52:34","modified_gmt":"2010-02-12T13:52:34","slug":"neneziccrnoj-gori-nedostaju-elitni-hoteli","status":"publish","type":"post","link":"https:\/\/www.visit-ulcinj.com\/blog\/2010\/02\/12\/neneziccrnoj-gori-nedostaju-elitni-hoteli\/","title":{"rendered":"Nenezi?:Crnoj Gori nedostaju elitni hoteli"},"content":{"rendered":"<p><a href=\"http:\/\/www.visit-ulcinj.com\/blog\/wp-content\/uploads\/2010\/02\/Ministar-turizma-Predrag-Nenezi?_SAJAM-METUBES-BUDVA.JPG\"><img loading=\"lazy\" class=\"alignleft size-full wp-image-30311\" title=\"Ministar turizma Predrag Nenezi?_SAJAM (METUBES) BUDVA\" src=\"http:\/\/www.visit-ulcinj.com\/blog\/wp-content\/uploads\/2010\/02\/Ministar-turizma-Predrag-Nenezi?_SAJAM-METUBES-BUDVA.JPG\" alt=\"Ministar turizma Predrag Nenezi?_SAJAM (METUBES) BUDVA\" width=\"580\" height=\"400\" \/><\/a>Crna Gora mo\u017ee biti zadovoljna brojem hotela sa kojima raspola\u017ee, ali ne i njihovom strukturom i kvalitetom smje\u0161tajnih kapaciteta, saop\u0161tio je danas ministar turizma, Predrag Nenezi?.<br \/>\nOn je na okruglom stolu o hotelijerstvu Crne Gore, koji je odr\u017ean u okviru Me?unarodne turisti?ke berze u Budvi, kazao da je hotelska privreda ki?ma turisti?ke.<br \/>\n&#8211; Imamo 285 hotela i tim brojem mo\u017eemo biti zadovoljni, ali ne i strukturom i kvalitetom ukupnih smje\u0161tajnih kapaciteta, rekao je Nenezi?.<br \/>\nOn je naveo, pozivaju?i se na istra\u017eivanja, da Crna Gora raspola\u017ee sa 220 hiljada le\u017eajeva u komplementarnom i oko 40 hiljada u osnovnom smje\u0161taju.<br \/>\nNenezi? je kazao da Crnoj Gori nedostaju novi smje\u0161tajni kapaciteti, srednjeg, vi\u0161eg i posebno visokog kvaliteta.<br \/>\n&#8211; Elitni segment nam nedostaje i taj visoki kvalitet u hotelskom smje\u0161taju jeste na\u0161 prioritet. Zahvaljuju?i prostorno planskoj dokumentaciji stvoreni su uslovi da se po?ne sa realizacijom niza projekata. Prvi i najve?i je projekat Lu\u0161tica sa kompanijom Orascom, koji mo\u017ee po?eti sa realizacijom u ovoj godini, dodao je on.<br \/>\nNenezi? je rekao i da su stvoreni uslovi za izgradnju ?itavog niza objekata i hotelskih sistema na jugu i sjeveru Crne Gore u narednom periodu.<\/p>\n<p><strong>Izvor: Mina-business<br \/>\n<\/strong><strong>[flv width=&#8221;580&#8243; height=&#8221;400&#8243;]http:\/\/videooglasi.net\/video-file-280.m4v[\/flv]<\/strong><\/p>\n","protected":false},"excerpt":{"rendered":"<p>Crna Gora mo\u017ee biti zadovoljna brojem hotela sa kojima raspola\u017ee, ali ne i njihovom strukturom i kvalitetom smje\u0161tajnih kapaciteta, saop\u0161tio je danas ministar turizma, Predrag Nenezi?. On je na okruglom stolu o hotelijerstvu Crne Gore, koji je odr\u017ean u okviru Me?unarodne turisti?ke berze u Budvi, kazao da je hotelska privreda ki?ma turisti?ke. &#8211; Imamo 285 [&hellip;]<\/p>\n","protected":false},"author":1,"featured_media":0,"comment_status":"open","ping_status":"closed","sticky":false,"template":"","format":"standard","meta":{"spay_email":"","jetpack_publicize_message":"","jetpack_is_tweetstorm":false,"jetpack_publicize_feature_enabled":true},"categories":[15],"tags":[13511,13512,2448],"jetpack_publicize_connections":[],"yoast_head":"<!-- This site is optimized with the Yoast SEO plugin v19.1 - https:\/\/yoast.com\/wordpress\/plugins\/seo\/ -->\n<title>Nenezi?:Crnoj Gori nedostaju elitni hoteli - Lajme nga Ulqini<\/title>\n<meta name=\"description\" content=\"Crna Gora mo\u017ee biti zadovoljna brojem hotela sa kojima raspola\u017ee, ali ne i njihovom strukturom i kvalitetom smje\u0161tajnih kapaciteta, saop\u0161tio je danas\" \/>\n<meta name=\"robots\" content=\"index, follow, max-snippet:-1, max-image-preview:large, max-video-preview:-1\" \/>\n<link rel=\"canonical\" href=\"https:\/\/www.visit-ulcinj.com\/blog\/2010\/02\/12\/neneziccrnoj-gori-nedostaju-elitni-hoteli\/\" \/>\n<meta property=\"og:locale\" content=\"en_US\" \/>\n<meta property=\"og:type\" content=\"article\" \/>\n<meta property=\"og:title\" content=\"Nenezi?:Crnoj Gori nedostaju elitni hoteli - Lajme nga Ulqini\" \/>\n<meta property=\"og:description\" content=\"Crna Gora mo\u017ee biti zadovoljna brojem hotela sa kojima raspola\u017ee, ali ne i njihovom strukturom i kvalitetom smje\u0161tajnih kapaciteta, saop\u0161tio je danas\" \/>\n<meta property=\"og:url\" content=\"https:\/\/www.visit-ulcinj.com\/blog\/2010\/02\/12\/neneziccrnoj-gori-nedostaju-elitni-hoteli\/\" \/>\n<meta property=\"og:site_name\" content=\"Lajme nga Ulqini\" \/>\n<meta property=\"article:published_time\" content=\"2010-02-12T13:52:34+00:00\" \/>\n<meta property=\"og:image\" content=\"http:\/\/www.visit-ulcinj.com\/blog\/wp-content\/uploads\/2010\/02\/Ministar-turizma-Predrag-Nenezi?_SAJAM-METUBES-BUDVA.JPG\" \/>\n<meta name=\"twitter:label1\" content=\"Written by\" \/>\n\t<meta name=\"twitter:data1\" content=\"ulqini\" \/>\n\t<meta name=\"twitter:label2\" content=\"Est. reading time\" \/>\n\t<meta name=\"twitter:data2\" content=\"1 minute\" \/>\n<script type=\"application\/ld+json\" class=\"yoast-schema-graph\">{\"@context\":\"https:\/\/schema.org\",\"@graph\":[{\"@type\":\"WebSite\",\"@id\":\"https:\/\/www.visit-ulcinj.com\/blog\/#website\",\"url\":\"https:\/\/www.visit-ulcinj.com\/blog\/\",\"name\":\"Lajme nga Ulqini\",\"description\":\"Lajme,Vijesti,Ulqini,Ulqin,Crna Gora,Mali i Zi\",\"potentialAction\":[{\"@type\":\"SearchAction\",\"target\":{\"@type\":\"EntryPoint\",\"urlTemplate\":\"https:\/\/www.visit-ulcinj.com\/blog\/?s={search_term_string}\"},\"query-input\":\"required name=search_term_string\"}],\"inLanguage\":\"en-US\"},{\"@type\":\"ImageObject\",\"inLanguage\":\"en-US\",\"@id\":\"https:\/\/www.visit-ulcinj.com\/blog\/2010\/02\/12\/neneziccrnoj-gori-nedostaju-elitni-hoteli\/#primaryimage\",\"url\":\"http:\/\/www.visit-ulcinj.com\/blog\/wp-content\/uploads\/2010\/02\/Ministar-turizma-Predrag-Nenezi?_SAJAM-METUBES-BUDVA.JPG\",\"contentUrl\":\"http:\/\/www.visit-ulcinj.com\/blog\/wp-content\/uploads\/2010\/02\/Ministar-turizma-Predrag-Nenezi?_SAJAM-METUBES-BUDVA.JPG\"},{\"@type\":\"WebPage\",\"@id\":\"https:\/\/www.visit-ulcinj.com\/blog\/2010\/02\/12\/neneziccrnoj-gori-nedostaju-elitni-hoteli\/#webpage\",\"url\":\"https:\/\/www.visit-ulcinj.com\/blog\/2010\/02\/12\/neneziccrnoj-gori-nedostaju-elitni-hoteli\/\",\"name\":\"Nenezi?:Crnoj Gori nedostaju elitni hoteli - Lajme nga Ulqini\",\"isPartOf\":{\"@id\":\"https:\/\/www.visit-ulcinj.com\/blog\/#website\"},\"primaryImageOfPage\":{\"@id\":\"https:\/\/www.visit-ulcinj.com\/blog\/2010\/02\/12\/neneziccrnoj-gori-nedostaju-elitni-hoteli\/#primaryimage\"},\"datePublished\":\"2010-02-12T13:52:34+00:00\",\"dateModified\":\"2010-02-12T13:52:34+00:00\",\"author\":{\"@id\":\"https:\/\/www.visit-ulcinj.com\/blog\/#\/schema\/person\/dcab619c614d3038751c63bc2aadc06d\"},\"description\":\"Crna Gora mo\u017ee biti zadovoljna brojem hotela sa kojima raspola\u017ee, ali ne i njihovom strukturom i kvalitetom smje\u0161tajnih kapaciteta, saop\u0161tio je danas\",\"breadcrumb\":{\"@id\":\"https:\/\/www.visit-ulcinj.com\/blog\/2010\/02\/12\/neneziccrnoj-gori-nedostaju-elitni-hoteli\/#breadcrumb\"},\"inLanguage\":\"en-US\",\"potentialAction\":[{\"@type\":\"ReadAction\",\"target\":[\"https:\/\/www.visit-ulcinj.com\/blog\/2010\/02\/12\/neneziccrnoj-gori-nedostaju-elitni-hoteli\/\"]}]},{\"@type\":\"BreadcrumbList\",\"@id\":\"https:\/\/www.visit-ulcinj.com\/blog\/2010\/02\/12\/neneziccrnoj-gori-nedostaju-elitni-hoteli\/#breadcrumb\",\"itemListElement\":[{\"@type\":\"ListItem\",\"position\":1,\"name\":\"Nenezi?:Crnoj Gori nedostaju elitni hoteli\"}]},{\"@type\":\"Person\",\"@id\":\"https:\/\/www.visit-ulcinj.com\/blog\/#\/schema\/person\/dcab619c614d3038751c63bc2aadc06d\",\"name\":\"ulqini\",\"sameAs\":[\"http:\/\/www.visit-ulcinj.com\"],\"url\":\"https:\/\/www.visit-ulcinj.com\/blog\/author\/admin\/\"}]}<\/script>\n<!-- \/ Yoast SEO plugin. -->","yoast_head_json":{"title":"Nenezi?:Crnoj Gori nedostaju elitni hoteli - Lajme nga Ulqini","description":"Crna Gora mo\u017ee biti zadovoljna brojem hotela sa kojima raspola\u017ee, ali ne i njihovom strukturom i kvalitetom smje\u0161tajnih kapaciteta, saop\u0161tio je danas","robots":{"index":"index","follow":"follow","max-snippet":"max-snippet:-1","max-image-preview":"max-image-preview:large","max-video-preview":"max-video-preview:-1"},"canonical":"https:\/\/www.visit-ulcinj.com\/blog\/2010\/02\/12\/neneziccrnoj-gori-nedostaju-elitni-hoteli\/","og_locale":"en_US","og_type":"article","og_title":"Nenezi?:Crnoj Gori nedostaju elitni hoteli - Lajme nga Ulqini","og_description":"Crna Gora mo\u017ee biti zadovoljna brojem hotela sa kojima raspola\u017ee, ali ne i njihovom strukturom i kvalitetom smje\u0161tajnih kapaciteta, saop\u0161tio je danas","og_url":"https:\/\/www.visit-ulcinj.com\/blog\/2010\/02\/12\/neneziccrnoj-gori-nedostaju-elitni-hoteli\/","og_site_name":"Lajme nga Ulqini","article_published_time":"2010-02-12T13:52:34+00:00","og_image":[{"url":"http:\/\/www.visit-ulcinj.com\/blog\/wp-content\/uploads\/2010\/02\/Ministar-turizma-Predrag-Nenezi?_SAJAM-METUBES-BUDVA.JPG"}],"twitter_misc":{"Written by":"ulqini","Est. reading time":"1 minute"},"schema":{"@context":"https:\/\/schema.org","@graph":[{"@type":"WebSite","@id":"https:\/\/www.visit-ulcinj.com\/blog\/#website","url":"https:\/\/www.visit-ulcinj.com\/blog\/","name":"Lajme nga Ulqini","description":"Lajme,Vijesti,Ulqini,Ulqin,Crna Gora,Mali i Zi","potentialAction":[{"@type":"SearchAction","target":{"@type":"EntryPoint","urlTemplate":"https:\/\/www.visit-ulcinj.com\/blog\/?s={search_term_string}"},"query-input":"required name=search_term_string"}],"inLanguage":"en-US"},{"@type":"ImageObject","inLanguage":"en-US","@id":"https:\/\/www.visit-ulcinj.com\/blog\/2010\/02\/12\/neneziccrnoj-gori-nedostaju-elitni-hoteli\/#primaryimage","url":"http:\/\/www.visit-ulcinj.com\/blog\/wp-content\/uploads\/2010\/02\/Ministar-turizma-Predrag-Nenezi?_SAJAM-METUBES-BUDVA.JPG","contentUrl":"http:\/\/www.visit-ulcinj.com\/blog\/wp-content\/uploads\/2010\/02\/Ministar-turizma-Predrag-Nenezi?_SAJAM-METUBES-BUDVA.JPG"},{"@type":"WebPage","@id":"https:\/\/www.visit-ulcinj.com\/blog\/2010\/02\/12\/neneziccrnoj-gori-nedostaju-elitni-hoteli\/#webpage","url":"https:\/\/www.visit-ulcinj.com\/blog\/2010\/02\/12\/neneziccrnoj-gori-nedostaju-elitni-hoteli\/","name":"Nenezi?:Crnoj Gori nedostaju elitni hoteli - Lajme nga Ulqini","isPartOf":{"@id":"https:\/\/www.visit-ulcinj.com\/blog\/#website"},"primaryImageOfPage":{"@id":"https:\/\/www.visit-ulcinj.com\/blog\/2010\/02\/12\/neneziccrnoj-gori-nedostaju-elitni-hoteli\/#primaryimage"},"datePublished":"2010-02-12T13:52:34+00:00","dateModified":"2010-02-12T13:52:34+00:00","author":{"@id":"https:\/\/www.visit-ulcinj.com\/blog\/#\/schema\/person\/dcab619c614d3038751c63bc2aadc06d"},"description":"Crna Gora mo\u017ee biti zadovoljna brojem hotela sa kojima raspola\u017ee, ali ne i njihovom strukturom i kvalitetom smje\u0161tajnih kapaciteta, saop\u0161tio je danas","breadcrumb":{"@id":"https:\/\/www.visit-ulcinj.com\/blog\/2010\/02\/12\/neneziccrnoj-gori-nedostaju-elitni-hoteli\/#breadcrumb"},"inLanguage":"en-US","potentialAction":[{"@type":"ReadAction","target":["https:\/\/www.visit-ulcinj.com\/blog\/2010\/02\/12\/neneziccrnoj-gori-nedostaju-elitni-hoteli\/"]}]},{"@type":"BreadcrumbList","@id":"https:\/\/www.visit-ulcinj.com\/blog\/2010\/02\/12\/neneziccrnoj-gori-nedostaju-elitni-hoteli\/#breadcrumb","itemListElement":[{"@type":"ListItem","position":1,"name":"Nenezi?:Crnoj Gori nedostaju elitni hoteli"}]},{"@type":"Person","@id":"https:\/\/www.visit-ulcinj.com\/blog\/#\/schema\/person\/dcab619c614d3038751c63bc2aadc06d","name":"ulqini","sameAs":["http:\/\/www.visit-ulcinj.com"],"url":"https:\/\/www.visit-ulcinj.com\/blog\/author\/admin\/"}]}},"jetpack_featured_media_url":"","jetpack_sharing_enabled":true,"jetpack_shortlink":"https:\/\/wp.me\/pe6lTn-7SS","_links":{"self":[{"href":"https:\/\/www.visit-ulcinj.com\/blog\/wp-json\/wp\/v2\/posts\/30310"}],"collection":[{"href":"https:\/\/www.visit-ulcinj.com\/blog\/wp-json\/wp\/v2\/posts"}],"about":[{"href":"https:\/\/www.visit-ulcinj.com\/blog\/wp-json\/wp\/v2\/types\/post"}],"author":[{"embeddable":true,"href":"https:\/\/www.visit-ulcinj.com\/blog\/wp-json\/wp\/v2\/users\/1"}],"replies":[{"embeddable":true,"href":"https:\/\/www.visit-ulcinj.com\/blog\/wp-json\/wp\/v2\/comments?post=30310"}],"version-history":[{"count":0,"href":"https:\/\/www.visit-ulcinj.com\/blog\/wp-json\/wp\/v2\/posts\/30310\/revisions"}],"wp:attachment":[{"href":"https:\/\/www.visit-ulcinj.com\/blog\/wp-json\/wp\/v2\/media?parent=30310"}],"wp:term":[{"taxonomy":"category","embeddable":true,"href":"https:\/\/www.visit-ulcinj.com\/blog\/wp-json\/wp\/v2\/categories?post=30310"},{"taxonomy":"post_tag","embeddable":true,"href":"https:\/\/www.visit-ulcinj.com\/blog\/wp-json\/wp\/v2\/tags?post=30310"}],"curies":[{"name":"wp","href":"https:\/\/api.w.org\/{rel}","templated":true}]}}