{"id":30314,"date":"2010-02-12T16:16:15","date_gmt":"2010-02-12T14:16:15","guid":{"rendered":"http:\/\/www.visit-ulcinj.com\/blog\/?p=30314"},"modified":"2023-04-01T13:14:55","modified_gmt":"2023-04-01T12:14:55","slug":"ada-bojana-voyage-au-montenegro","status":"publish","type":"post","link":"https:\/\/www.visit-ulcinj.com\/blog\/2010\/02\/12\/ada-bojana-voyage-au-montenegro\/","title":{"rendered":"Ada Bojana, voyage au Mont\u00e9n\u00e9gro"},"content":{"rendered":"<p><a href=\"http:\/\/www.visit-ulcinj.com\/blog\/wp-content\/uploads\/2010\/02\/Ada-Bojana-voyage-au-Mont\u00c3\u00a9n\u00c3\u00a9gro.jpg\"><img loading=\"lazy\" class=\"alignleft size-full wp-image-30315\" title=\"Ada Bojana, voyage au Mont\u00e9n\u00e9gro\" src=\"http:\/\/www.visit-ulcinj.com\/blog\/wp-content\/uploads\/2010\/02\/Ada-Bojana-voyage-au-Mont\u00c3\u00a9n\u00c3\u00a9gro.jpg\" alt=\"\" width=\"786\" height=\"635\" \/><\/a><\/p>\n<p><strong>Mobil: Viber + Whatsapp: +382 69 335 534\u00a0 : +382 69 335 512<\/strong><\/p>\n<p>Le Mont\u00e9n\u00e9gro est un petit pays au sud-est de l\u2019Europe situ\u00e9 dans la P\u00e9ninsule des Balkans, au bord de la Mer Adriatique. Ancien royaume ind\u00e9pendant, le Mont\u00e9n\u00e9gro passa entre les mains des Serbes, des Croates et des Slov\u00e8nes avant de faire partie de la Yougoslavie jusqu\u2019en 1992.<\/p>\n<p>Rattach\u00e9 \u00e0 la Serbie apr\u00e8s la dislocation de la R\u00e9publique Socialiste de Yougoslavie, le Mont\u00e9n\u00e9gro a enfin retrouv\u00e9 son ind\u00e9pendance en 2006.<\/p>\n<p>Apr\u00e8s de longues ann\u00e9es d\u2019instabilit\u00e9 dans la r\u00e9gion, le Mont\u00e9n\u00e9gro peut d\u00e9sormais montrer ses charmes aux touristes de plus en plus nombreux \u00e0 vouloir d\u00e9couvrir ce petit pays m\u00e9diterran\u00e9en frontalier de la Croatie, de la Bosnie-Herz\u00e9govine, de la Serbie, du Kosov et de l\u2019Albanie.<\/p>\n<p>Les touristes au Mont\u00e9n\u00e9gro y d\u00e9couvriront de nombreux monuments et \u00e9difices, vestiges du passage des Grecs, des Romains, des Byzantins, des Turcs ou des V\u00e9nitiens. Les byzantins sont ceux qui ont le plus marqu\u00e9 l\u2019architecture de ce petit pays et on y d\u00e9couvrira de magnifiques monast\u00e8res dans la montagne.<\/p>\n<p>Un des plus beaux sites touristiques du Mont\u00e9n\u00e9gro est sans nul doute la Cit\u00e9 m\u00e9di\u00e9vale de Kotor avec sa belle cath\u00e9drale Saint Triphon, au fond des Gorges de Kotor, dans le cadre splendide de la Baie de Kotor qui s\u2019ouvre sur la Mer Adriatique.<\/p>\n<p>Un patrimoine culturel important, mais aussi une nature g\u00e9n\u00e9reuse attendent les touristes au Mont\u00e9n\u00e9gro. Des montagnes vierges de toute urbanisation, quatre parcs nationaux, des for\u00eats recouvrant presque la moiti\u00e9 du pays, des c\u00f4tes d\u00e9coup\u00e9es avec un paysage de fjords, de belles plages et d\u2019adorables petites criques au bord de la mer, le Mont\u00e9n\u00e9gro est d\u00e9cid\u00e9ment une destination qui n\u2019a rien \u00e0 envier aux autres pays m\u00e9diterran\u00e9ens.<\/p>\n<p>Entre toutes ces nombreuses attractions touristiques l\u2019une d\u2019entre elle pourra attirer ceux qui recherchent un lieu insolite qui n\u2019existe que depuis le 19\u00e8me si\u00e8cle : l\u2019\u00eele artificielle d\u2019Ada Bojana.<\/p>\n<p>Le Bojana est un petit fleuve de 41 km de long qui coule en faisant des m\u00e9andres entre l\u2019Albanie et le Mont\u00e9n\u00e9gro pour former un petit delta \u00e0 deux bras en rejoignant la Mer Adriatique.<\/p>\n<p>L\u2019\u00eele qui se situe entre les deux bras du fleuve est appel\u00e9e Ada Bojana, une \u00eele qui se serait form\u00e9e selon la l\u00e9gende avec les s\u00e9diments du fleuve qui se seraient accumul\u00e9s autour d\u2019un navire qui aurait naufrag\u00e9 en 1858.<\/p>\n<p>De forme triangulaire et d\u2019une superficie de 4,8 km\u00b2, Ada Bojana est la plus grande \u00eele du Mont\u00e9n\u00e9gro. Avec sa longue plage de sable de 3 kilom\u00e8tres face \u00e0 la mer, l\u2019\u00eele d\u2019Ada Bojana est devenue une des destinations pr\u00e9f\u00e9r\u00e9es des touristes \u00e9trangers qui viennent y chercher la tranquillit\u00e9 au Mont\u00e9n\u00e9gro, \u00e0 16 kilom\u00e8tres d\u2019ulcinj.<\/p>\n<p>Le long des rives du fleuve Bojana de nombreux petits restaurants se sont install\u00e9s, offrant aux touristes de savoureux plats de poisson frais \u00e0 tr\u00e8s bon prix.<\/p>\n<p>L\u2019\u00eele d\u2019Ada Bojana est reli\u00e9e au continent par un pont qui permet de rejoindre la plage de Velika Plaza longue de 13 kilom\u00e8tres (la plus longue plage de sable de la c\u00f4te Adriatique), et de se promener dans les for\u00eats proches de la c\u00f4te d\u2019Ulcinj.<\/p>\n<p>Petit havre de paix o\u00f9 les touristes appr\u00e9cient le silence qui leur permet d\u2019\u00e9couter le bruit des vagues et le chant des oiseaux, Ada Bojana est devenue le centre \u201cofficiel\u201d du naturisme au Mont\u00e9n\u00e9gro.<\/p>\n<p><a href=\"http:\/\/www.visit-ulcinj.com\/blog\/wp-content\/uploads\/2010\/02\/nude-ada-bojana.jpg\"><img loading=\"lazy\" class=\"alignleft size-medium wp-image-30316\" title=\"nude ada bojana\" src=\"http:\/\/www.visit-ulcinj.com\/blog\/wp-content\/uploads\/2010\/02\/nude-ada-bojana-300x225.jpg\" alt=\"nude ada bojana\" width=\"300\" height=\"225\" srcset=\"https:\/\/www.visit-ulcinj.com\/blog\/wp-content\/uploads\/2010\/02\/nude-ada-bojana-300x225.jpg 300w, https:\/\/www.visit-ulcinj.com\/blog\/wp-content\/uploads\/2010\/02\/nude-ada-bojana.jpg 566w\" sizes=\"(max-width: 300px) 100vw, 300px\" \/><\/a>La plage d\u2019Ada Bojana attire en effet de nombreux touristes europ\u00e9ens qui peuvent y pratiquer le nudisme en toute tranquillit\u00e9, profitant de cette belle plage pour bronzer sans aucun v\u00eatements. Les touristes qui ne souhaiteraient pas se retrouver au milieu des nudistes sont invit\u00e9s \u00e0 s\u00e9journer sur la plage voisine de Velika Plaza.<\/p>\n<p>L\u2019\u00eele dispose de diff\u00e9rents modes d\u2019h\u00e9bergement allant du camping \u00e0 l\u2019h\u00f4tel en passant par les petits bungalows au milieu des arbres. L\u2019Ada Bojana FKK Resort vous offrira 250 bungalows pour deux personnes \u00e0 un tarif tr\u00e8s int\u00e9ressant pour passer un agr\u00e9able s\u00e9jour sur l\u2019\u00eele.<\/p>\n<p><a href=\"http:\/\/www.visit-ulcinj.com\/blog\/wp-content\/uploads\/2010\/02\/Ada-Bojana-voyage-au-Mont\u00e9n\u00e9gro.2.jpg\"><img loading=\"lazy\" class=\"alignright size-medium wp-image-30317\" title=\"Ada Bojana, voyage au Mont\u00e9n\u00e9gro.2\" src=\"http:\/\/www.visit-ulcinj.com\/blog\/wp-content\/uploads\/2010\/02\/Ada-Bojana-voyage-au-Mont\u00e9n\u00e9gro.2-196x300.jpg\" alt=\"Ada Bojana, voyage au Mont\u00e9n\u00e9gro.2\" width=\"196\" height=\"300\" \/><\/a>Pour se rendre \u00e0 Ada Bojana vous pouvez utiliser votre voiture en longeant la c\u00f4te Adriatique depuis Venise et en passant par la Croatie.<\/p>\n<p>Pour ceux qui trouveraient le voyage trop long en voiture reste la solution de l\u2019avion. La capitale du Mont\u00e9n\u00e9gro, Podgorica, est maintenant reli\u00e9e par de nombreuses compagnies a\u00e9riennes comme Jat Airways, Montenegro Airlines, Malev, Adria Airways, Croatia Airlines, B&amp;H Airlines, <a title=\"Lufthansa\" href=\"http:\/\/www.americas-fr.com\/voyages\/informations\/lufthansa.html\">Lufthansa<\/a>, SAS ou Austrian.<\/p>\n<p>A la Gare Routi\u00e8re de Podgorica vous trouverez sans probl\u00e8mes qui font le trajet jusqu\u2019\u00e0 Ulcinj, la principale ville proche d\u2019Ada Bojana. Les bus de la compagnie Zejdin r\u00e9alisent le trajet 3 fois par jour (<strong><a href=\"http:\/\/www.autobusni-kolodvor.com\/en\/terminal.aspx?k=16&amp;d=499\" target=\"_blank\" rel=\"noopener\">Voir les horaires des bus<\/a><\/strong>).<\/p>\n<p>Mais si vous souhaitez plus de libert\u00e9 pour vous d\u00e9placer autant louer une voiture \u00e0 votre arriv\u00e9e \u00e0 l\u2019a\u00e9roport de Podgorica qui se trouve \u00e0 environ 70 kilom\u00e8tres d\u2019Ulcinj.<\/p>\n<p>D\u00e9couvrez les offres de s\u00e9jours au Mont\u00e9n\u00e9gro avec les agences de voyage comme <strong><a href=\"http:\/\/ad.zanox.com\/ppc\/?5812917C1357393395T&amp;ULP=[[http:\/\/www.fram.fr\/sejour-montenegro.htm]\" target=\"_blank\" rel=\"nofollow noopener\">Fram<\/a>, <a href=\"http:\/\/ad.zanox.com\/ppc\/?6054924C2013032734&amp;ULP=[[http:\/\/www.promovacances.com\/vacances\/vacances-et-sejours\/voyage-montenegro\/theme,\/pays,156\/ville,\/]]\" target=\"_blank\" rel=\"nofollow noopener\">Promovacances<\/a> ou <a href=\"http:\/\/action.metaffiliation.com\/suivi.php?mclic=S417864473019&amp;redir=http%3A%2F%2Fwww.look-voyages.fr%2Fvoyages%2Fvacances_Montenegro_%3B162%3B3911%3B--.aspx\" target=\"_blank\" rel=\"nofollow noopener\">Look Voyages<\/a><\/strong>, cette derni\u00e8re proposant un <strong><a href=\"http:\/\/action.metaffiliation.com\/suivi.php?mclic=S417864473019&amp;redir=http%3A%2F%2Fwww.look-voyages.fr%2Fvacances%2FClub_Lookea_Lookea_Montenegro_Iberostar_Otrant_Beach_Montenegro_9191-.aspx\" target=\"_blank\" rel=\"nofollow noopener\">Club Look\u00e9a<\/a><\/strong> situ\u00e9 pr\u00e8s d\u2019Ulcinj, le s\u00e9jour d\u2019une semaine \u00e9tant propos\u00e9 \u00e0 partir de 599 \u20ac en formule tout compris, vol + h\u00e9bergement + repas.<br \/>\n<strong>Comparer les prix des billets d\u2019avion pour Podgorica, les chambres d\u2019h\u00f4tels et les locations de voiture pour visiter Podgorica, Ulcinj et le Mont\u00e9n\u00e9gro<\/strong><\/p>\n<p><strong>Source<\/strong><a href=\"http:\/\/www.americas-fr.com\/tourisme\/sejours\/ada-bojana-voyage-au-montenegro-2786.html\" target=\"_blank\" rel=\"noopener\"><strong>: www.americas-fr.com\/<\/strong><\/a><\/p>\n<p>Si vous comptez vous rendre au Mont\u00e9n\u00e9gro par les airs, sachez qu\u2019un billet d\u2019avion co\u00fbte entre 230\u20ac A\/R en hiver et 350\u20ac pour la saison estivale, sachant que le seule compagnie qui dessert le Mont\u00e9n\u00e9gro est Mont\u00e9n\u00e9gro Airlines.<\/p>\n<p><strong>Plus d\u2019informations sur<\/strong><strong> <a href=\"http:\/\/www.montenegroairlines.com\/\" target=\"_blank\" rel=\"noopener\">MONTENEGRO AIRLINES<\/a><\/strong><\/p>\n<p><strong><!--YouTube Error: bad URL entered--><\/strong><\/p>\n","protected":false},"excerpt":{"rendered":"<p>Mobil: Viber + Whatsapp: +382 69 335 534\u00a0 : +382 69 335 512 Le Mont\u00e9n\u00e9gro est un petit pays au sud-est de l\u2019Europe situ\u00e9 dans la P\u00e9ninsule des Balkans, au bord de la Mer Adriatique. Ancien royaume ind\u00e9pendant, le Mont\u00e9n\u00e9gro passa entre les mains des Serbes, des Croates et des Slov\u00e8nes avant de faire partie [&hellip;]<\/p>\n","protected":false},"author":1,"featured_media":0,"comment_status":"open","ping_status":"closed","sticky":false,"template":"","format":"standard","meta":{"spay_email":"","jetpack_publicize_message":"","jetpack_is_tweetstorm":false,"jetpack_publicize_feature_enabled":true},"categories":[15],"tags":[138,8804,8811,11329,8809,4056,4050,4061,4046,4053,4047,4054,4055,8808,8805,4058,4049,8801,4052,4059,4048,8803,8800,79,1096,19,8802,4060,8807,8806],"jetpack_publicize_connections":[],"yoast_head":"<!-- This site is optimized with the Yoast SEO plugin v19.1 - https:\/\/yoast.com\/wordpress\/plugins\/seo\/ -->\n<title>Ada Bojana, voyage au Mont\u00e9n\u00e9gro - Lajme nga Ulqini<\/title>\n<meta name=\"description\" content=\"Mobil: Viber + Whatsapp: +382 69 335 534\u00a0 : +382 69 335 512 Le Mont\u00e9n\u00e9gro est un petit pays au sud-est de l\u2019Europe situ\u00e9 dans la P\u00e9ninsule des Balkans, au\" \/>\n<meta name=\"robots\" content=\"index, follow, max-snippet:-1, max-image-preview:large, max-video-preview:-1\" \/>\n<link rel=\"canonical\" href=\"https:\/\/www.visit-ulcinj.com\/blog\/2010\/02\/12\/ada-bojana-voyage-au-montenegro\/\" \/>\n<meta property=\"og:locale\" content=\"en_US\" \/>\n<meta property=\"og:type\" content=\"article\" \/>\n<meta property=\"og:title\" content=\"Ada Bojana, voyage au Mont\u00e9n\u00e9gro - Lajme nga Ulqini\" \/>\n<meta property=\"og:description\" content=\"Mobil: Viber + Whatsapp: +382 69 335 534\u00a0 : +382 69 335 512 Le Mont\u00e9n\u00e9gro est un petit pays au sud-est de l\u2019Europe situ\u00e9 dans la P\u00e9ninsule des Balkans, au\" \/>\n<meta property=\"og:url\" content=\"https:\/\/www.visit-ulcinj.com\/blog\/2010\/02\/12\/ada-bojana-voyage-au-montenegro\/\" \/>\n<meta property=\"og:site_name\" content=\"Lajme nga Ulqini\" \/>\n<meta property=\"article:published_time\" content=\"2010-02-12T14:16:15+00:00\" \/>\n<meta property=\"article:modified_time\" content=\"2023-04-01T12:14:55+00:00\" \/>\n<meta property=\"og:image\" content=\"http:\/\/www.visit-ulcinj.com\/blog\/wp-content\/uploads\/2010\/02\/nude-ada-bojana-300x225.jpg\" \/>\n<meta name=\"twitter:label1\" content=\"Written by\" \/>\n\t<meta name=\"twitter:data1\" content=\"ulqini\" \/>\n\t<meta name=\"twitter:label2\" content=\"Est. reading time\" \/>\n\t<meta name=\"twitter:data2\" content=\"5 minutes\" \/>\n<script type=\"application\/ld+json\" class=\"yoast-schema-graph\">{\"@context\":\"https:\/\/schema.org\",\"@graph\":[{\"@type\":\"WebSite\",\"@id\":\"https:\/\/www.visit-ulcinj.com\/blog\/#website\",\"url\":\"https:\/\/www.visit-ulcinj.com\/blog\/\",\"name\":\"Lajme nga Ulqini\",\"description\":\"Lajme,Vijesti,Ulqini,Ulqin,Crna Gora,Mali i Zi\",\"potentialAction\":[{\"@type\":\"SearchAction\",\"target\":{\"@type\":\"EntryPoint\",\"urlTemplate\":\"https:\/\/www.visit-ulcinj.com\/blog\/?s={search_term_string}\"},\"query-input\":\"required name=search_term_string\"}],\"inLanguage\":\"en-US\"},{\"@type\":\"ImageObject\",\"inLanguage\":\"en-US\",\"@id\":\"https:\/\/www.visit-ulcinj.com\/blog\/2010\/02\/12\/ada-bojana-voyage-au-montenegro\/#primaryimage\",\"url\":\"https:\/\/www.visit-ulcinj.com\/blog\/wp-content\/uploads\/2010\/02\/nude-ada-bojana.jpg\",\"contentUrl\":\"https:\/\/www.visit-ulcinj.com\/blog\/wp-content\/uploads\/2010\/02\/nude-ada-bojana.jpg\",\"width\":\"566\",\"height\":\"425\"},{\"@type\":\"WebPage\",\"@id\":\"https:\/\/www.visit-ulcinj.com\/blog\/2010\/02\/12\/ada-bojana-voyage-au-montenegro\/#webpage\",\"url\":\"https:\/\/www.visit-ulcinj.com\/blog\/2010\/02\/12\/ada-bojana-voyage-au-montenegro\/\",\"name\":\"Ada Bojana, voyage au Mont\u00e9n\u00e9gro - Lajme nga Ulqini\",\"isPartOf\":{\"@id\":\"https:\/\/www.visit-ulcinj.com\/blog\/#website\"},\"primaryImageOfPage\":{\"@id\":\"https:\/\/www.visit-ulcinj.com\/blog\/2010\/02\/12\/ada-bojana-voyage-au-montenegro\/#primaryimage\"},\"datePublished\":\"2010-02-12T14:16:15+00:00\",\"dateModified\":\"2023-04-01T12:14:55+00:00\",\"author\":{\"@id\":\"https:\/\/www.visit-ulcinj.com\/blog\/#\/schema\/person\/dcab619c614d3038751c63bc2aadc06d\"},\"description\":\"Mobil: Viber + Whatsapp: +382 69 335 534\u00a0 : +382 69 335 512 Le Mont\u00e9n\u00e9gro est un petit pays au sud-est de l\u2019Europe situ\u00e9 dans la P\u00e9ninsule des Balkans, au\",\"breadcrumb\":{\"@id\":\"https:\/\/www.visit-ulcinj.com\/blog\/2010\/02\/12\/ada-bojana-voyage-au-montenegro\/#breadcrumb\"},\"inLanguage\":\"en-US\",\"potentialAction\":[{\"@type\":\"ReadAction\",\"target\":[\"https:\/\/www.visit-ulcinj.com\/blog\/2010\/02\/12\/ada-bojana-voyage-au-montenegro\/\"]}]},{\"@type\":\"BreadcrumbList\",\"@id\":\"https:\/\/www.visit-ulcinj.com\/blog\/2010\/02\/12\/ada-bojana-voyage-au-montenegro\/#breadcrumb\",\"itemListElement\":[{\"@type\":\"ListItem\",\"position\":1,\"name\":\"Ada Bojana, voyage au Mont\u00e9n\u00e9gro\"}]},{\"@type\":\"Person\",\"@id\":\"https:\/\/www.visit-ulcinj.com\/blog\/#\/schema\/person\/dcab619c614d3038751c63bc2aadc06d\",\"name\":\"ulqini\",\"sameAs\":[\"http:\/\/www.visit-ulcinj.com\"],\"url\":\"https:\/\/www.visit-ulcinj.com\/blog\/author\/admin\/\"}]}<\/script>\n<!-- \/ Yoast SEO plugin. -->","yoast_head_json":{"title":"Ada Bojana, voyage au Mont\u00e9n\u00e9gro - Lajme nga Ulqini","description":"Mobil: Viber + Whatsapp: +382 69 335 534\u00a0 : +382 69 335 512 Le Mont\u00e9n\u00e9gro est un petit pays au sud-est de l\u2019Europe situ\u00e9 dans la P\u00e9ninsule des Balkans, au","robots":{"index":"index","follow":"follow","max-snippet":"max-snippet:-1","max-image-preview":"max-image-preview:large","max-video-preview":"max-video-preview:-1"},"canonical":"https:\/\/www.visit-ulcinj.com\/blog\/2010\/02\/12\/ada-bojana-voyage-au-montenegro\/","og_locale":"en_US","og_type":"article","og_title":"Ada Bojana, voyage au Mont\u00e9n\u00e9gro - Lajme nga Ulqini","og_description":"Mobil: Viber + Whatsapp: +382 69 335 534\u00a0 : +382 69 335 512 Le Mont\u00e9n\u00e9gro est un petit pays au sud-est de l\u2019Europe situ\u00e9 dans la P\u00e9ninsule des Balkans, au","og_url":"https:\/\/www.visit-ulcinj.com\/blog\/2010\/02\/12\/ada-bojana-voyage-au-montenegro\/","og_site_name":"Lajme nga Ulqini","article_published_time":"2010-02-12T14:16:15+00:00","article_modified_time":"2023-04-01T12:14:55+00:00","og_image":[{"url":"http:\/\/www.visit-ulcinj.com\/blog\/wp-content\/uploads\/2010\/02\/nude-ada-bojana-300x225.jpg"}],"twitter_misc":{"Written by":"ulqini","Est. reading time":"5 minutes"},"schema":{"@context":"https:\/\/schema.org","@graph":[{"@type":"WebSite","@id":"https:\/\/www.visit-ulcinj.com\/blog\/#website","url":"https:\/\/www.visit-ulcinj.com\/blog\/","name":"Lajme nga Ulqini","description":"Lajme,Vijesti,Ulqini,Ulqin,Crna Gora,Mali i Zi","potentialAction":[{"@type":"SearchAction","target":{"@type":"EntryPoint","urlTemplate":"https:\/\/www.visit-ulcinj.com\/blog\/?s={search_term_string}"},"query-input":"required name=search_term_string"}],"inLanguage":"en-US"},{"@type":"ImageObject","inLanguage":"en-US","@id":"https:\/\/www.visit-ulcinj.com\/blog\/2010\/02\/12\/ada-bojana-voyage-au-montenegro\/#primaryimage","url":"https:\/\/www.visit-ulcinj.com\/blog\/wp-content\/uploads\/2010\/02\/nude-ada-bojana.jpg","contentUrl":"https:\/\/www.visit-ulcinj.com\/blog\/wp-content\/uploads\/2010\/02\/nude-ada-bojana.jpg","width":"566","height":"425"},{"@type":"WebPage","@id":"https:\/\/www.visit-ulcinj.com\/blog\/2010\/02\/12\/ada-bojana-voyage-au-montenegro\/#webpage","url":"https:\/\/www.visit-ulcinj.com\/blog\/2010\/02\/12\/ada-bojana-voyage-au-montenegro\/","name":"Ada Bojana, voyage au Mont\u00e9n\u00e9gro - Lajme nga Ulqini","isPartOf":{"@id":"https:\/\/www.visit-ulcinj.com\/blog\/#website"},"primaryImageOfPage":{"@id":"https:\/\/www.visit-ulcinj.com\/blog\/2010\/02\/12\/ada-bojana-voyage-au-montenegro\/#primaryimage"},"datePublished":"2010-02-12T14:16:15+00:00","dateModified":"2023-04-01T12:14:55+00:00","author":{"@id":"https:\/\/www.visit-ulcinj.com\/blog\/#\/schema\/person\/dcab619c614d3038751c63bc2aadc06d"},"description":"Mobil: Viber + Whatsapp: +382 69 335 534\u00a0 : +382 69 335 512 Le Mont\u00e9n\u00e9gro est un petit pays au sud-est de l\u2019Europe situ\u00e9 dans la P\u00e9ninsule des Balkans, au","breadcrumb":{"@id":"https:\/\/www.visit-ulcinj.com\/blog\/2010\/02\/12\/ada-bojana-voyage-au-montenegro\/#breadcrumb"},"inLanguage":"en-US","potentialAction":[{"@type":"ReadAction","target":["https:\/\/www.visit-ulcinj.com\/blog\/2010\/02\/12\/ada-bojana-voyage-au-montenegro\/"]}]},{"@type":"BreadcrumbList","@id":"https:\/\/www.visit-ulcinj.com\/blog\/2010\/02\/12\/ada-bojana-voyage-au-montenegro\/#breadcrumb","itemListElement":[{"@type":"ListItem","position":1,"name":"Ada Bojana, voyage au Mont\u00e9n\u00e9gro"}]},{"@type":"Person","@id":"https:\/\/www.visit-ulcinj.com\/blog\/#\/schema\/person\/dcab619c614d3038751c63bc2aadc06d","name":"ulqini","sameAs":["http:\/\/www.visit-ulcinj.com"],"url":"https:\/\/www.visit-ulcinj.com\/blog\/author\/admin\/"}]}},"jetpack_featured_media_url":"","jetpack_sharing_enabled":true,"jetpack_shortlink":"https:\/\/wp.me\/pe6lTn-7SW","_links":{"self":[{"href":"https:\/\/www.visit-ulcinj.com\/blog\/wp-json\/wp\/v2\/posts\/30314"}],"collection":[{"href":"https:\/\/www.visit-ulcinj.com\/blog\/wp-json\/wp\/v2\/posts"}],"about":[{"href":"https:\/\/www.visit-ulcinj.com\/blog\/wp-json\/wp\/v2\/types\/post"}],"author":[{"embeddable":true,"href":"https:\/\/www.visit-ulcinj.com\/blog\/wp-json\/wp\/v2\/users\/1"}],"replies":[{"embeddable":true,"href":"https:\/\/www.visit-ulcinj.com\/blog\/wp-json\/wp\/v2\/comments?post=30314"}],"version-history":[{"count":1,"href":"https:\/\/www.visit-ulcinj.com\/blog\/wp-json\/wp\/v2\/posts\/30314\/revisions"}],"predecessor-version":[{"id":106882,"href":"https:\/\/www.visit-ulcinj.com\/blog\/wp-json\/wp\/v2\/posts\/30314\/revisions\/106882"}],"wp:attachment":[{"href":"https:\/\/www.visit-ulcinj.com\/blog\/wp-json\/wp\/v2\/media?parent=30314"}],"wp:term":[{"taxonomy":"category","embeddable":true,"href":"https:\/\/www.visit-ulcinj.com\/blog\/wp-json\/wp\/v2\/categories?post=30314"},{"taxonomy":"post_tag","embeddable":true,"href":"https:\/\/www.visit-ulcinj.com\/blog\/wp-json\/wp\/v2\/tags?post=30314"}],"curies":[{"name":"wp","href":"https:\/\/api.w.org\/{rel}","templated":true}]}}