{"id":30320,"date":"2010-02-12T23:16:29","date_gmt":"2010-02-12T21:16:29","guid":{"rendered":"http:\/\/www.visit-ulcinj.com\/blog\/?p=30320"},"modified":"2010-02-16T21:55:39","modified_gmt":"2010-02-16T19:55:39","slug":"forca-odbacila-optuzbe-gradonacelnika-ulcinja","status":"publish","type":"post","link":"https:\/\/www.visit-ulcinj.com\/blog\/2010\/02\/12\/forca-odbacila-optuzbe-gradonacelnika-ulcinja\/","title":{"rendered":"Forca odbacila optu\u017ebe gradona?elnika Ulcinja"},"content":{"rendered":"<p><strong><a href=\"http:\/\/www.visit-ulcinj.com\/blog\/wp-content\/uploads\/2010\/02\/Genci-Nimanbegu.jpg\"><img loading=\"lazy\" class=\"alignleft size-full wp-image-30321\" title=\"Genci Nimanbegu\" src=\"http:\/\/www.visit-ulcinj.com\/blog\/wp-content\/uploads\/2010\/02\/Genci-Nimanbegu.jpg\" alt=\"Genci Nimanbegu\" width=\"580\" height=\"400\" \/><\/a>Hajdinaga kao feudalac<\/strong><br \/>\nUlcinj &#8211; Potpredsjednik Force Genci Nimanbegu odbacio je optu\u017ebe kabineta gradona?elnika Gzima Hajdinage u tekstu \u201ePitajte novinare\u201c objavljenog u \u201eVijestima\u201c pro\u0161le subote, ocjenjuju?i da su one upu?ene na pogre\u0161nu adresu.<br \/>\n\u201cNemojte se truditi da demantujete mene jer su moje tvrdnje zasnovane na reagovanju uredni\u0161tva \u201eKoha javore\u201c. Demantujte reagovanje uredni\u0161tva tog lista koje su primile sve albanske partije u Crnoj Gori, veliki broj novinara i intelektualaca iz zemlje i dijaspore\u201d, navodi se u reagovanju Nimanbegua.<br \/>\nU tekstu \u201ePitajte novinare\u201c, kabinet Hajdinage optu\u017eio je Nimanbegua da neistinitim, tendecioznim i licemjernim izjavama \u201epoku\u0161ava da brani \u201cKohu\u201d od gradona?elnika koji je jedan od inicijatora za pojavljivanje tog lista\u201c. Kabinet je demantovao i tvrdnju potpredsjednika Force da na bilo koji na?in vr\u0161i cenzuru jedinog nedjeljnika na albanskom jeziku.<br \/>\nNimanbegu je citirao dio reagovanja uredni\u0161tva \u201cKohe\u201d.<br \/>\n\u201cImate reagovanje redakcije lista prema primitivnim naporima kabineta predsjednika Opstine Ulcinj da uspostavi cenzuru nad jedinim listom na albanskom jeziku u Crnoj Gori. Od broja 400, u kabinetu predsjednika prevodi se \u201cKoha javore\u201d novoizabranom uredni\u0161tvu \u201cPobjede\u201d, napisao je Nimanbegu.<br \/>\n\u201cAko je \\&#8217;Koha\\&#8217; pogrije\u0161ila u naslovu nekog teksta, u skladu sa medijskim pravilima, imali ste mogu?nost da tra\u017eite ispravku koja bi bila objavljena na istom mjestu, a ne da ih tui\u017eite \\&#8217;Pobjedi\\&#8217;. Sprije?ili ste reagovanje redakcije tog lista na lokalnoj Televiziji Teuta, jer ste znali kakve sve posljedice mo\u017ee imati va\u0161 ?in. Imate strah od javnosti, a ovdje se pona\u0161ate kao lokalni feudalac\u201d, navodi se u saop\u0161tenju i dodaje \u201cda za razliku od Hajdinage, Forca ne zove urednike i novinare koji rade u Ulcinju, niti im daje sugestije koga bi trebalo intervjuisati\u201d.<\/p>\n<p><strong>S.A.<br \/>\n<a href=\"http:\/\/www.vijesti.cg.yu\/index.php?id=315034\" target=\"_blank\">Vijesti<\/a><\/strong><\/p>\n<p>[flv width=&#8221;580&#8243; height=&#8221;400&#8243;]http:\/\/www.rtcg.me\/images\/biblioteka\/audio_video_arhiva\/Nedjeljom%20u%2016%20-%20Genci%20Nimanbegu.flv[\/flv]<\/p>\n","protected":false},"excerpt":{"rendered":"<p>Hajdinaga kao feudalac Ulcinj &#8211; Potpredsjednik Force Genci Nimanbegu odbacio je optu\u017ebe kabineta gradona?elnika Gzima Hajdinage u tekstu \u201ePitajte novinare\u201c objavljenog u \u201eVijestima\u201c pro\u0161le subote, ocjenjuju?i da su one upu?ene na pogre\u0161nu adresu. \u201cNemojte se truditi da demantujete mene jer su moje tvrdnje zasnovane na reagovanju uredni\u0161tva \u201eKoha javore\u201c. Demantujte reagovanje uredni\u0161tva tog lista koje [&hellip;]<\/p>\n","protected":false},"author":1,"featured_media":0,"comment_status":"open","ping_status":"closed","sticky":false,"template":"","format":"standard","meta":{"spay_email":"","jetpack_publicize_message":"","jetpack_is_tweetstorm":false,"jetpack_publicize_feature_enabled":true},"categories":[8337],"tags":[2775,216,2708,13513,13514],"jetpack_publicize_connections":[],"yoast_head":"<!-- This site is optimized with the Yoast SEO plugin v19.1 - https:\/\/yoast.com\/wordpress\/plugins\/seo\/ -->\n<title>Forca odbacila optu\u017ebe gradona?elnika Ulcinja - Lajme nga Ulqini<\/title>\n<meta name=\"description\" content=\"Hajdinaga kao feudalac Ulcinj - Potpredsjednik Force Genci Nimanbegu odbacio je optu\u017ebe kabineta gradona?elnika Gzima Hajdinage u tekstu \u201ePitajte\" \/>\n<meta name=\"robots\" content=\"index, follow, max-snippet:-1, max-image-preview:large, max-video-preview:-1\" \/>\n<link rel=\"canonical\" href=\"https:\/\/www.visit-ulcinj.com\/blog\/2010\/02\/12\/forca-odbacila-optuzbe-gradonacelnika-ulcinja\/\" \/>\n<meta property=\"og:locale\" content=\"en_US\" \/>\n<meta property=\"og:type\" content=\"article\" \/>\n<meta property=\"og:title\" content=\"Forca odbacila optu\u017ebe gradona?elnika Ulcinja - Lajme nga Ulqini\" \/>\n<meta property=\"og:description\" content=\"Hajdinaga kao feudalac Ulcinj - Potpredsjednik Force Genci Nimanbegu odbacio je optu\u017ebe kabineta gradona?elnika Gzima Hajdinage u tekstu \u201ePitajte\" \/>\n<meta property=\"og:url\" content=\"https:\/\/www.visit-ulcinj.com\/blog\/2010\/02\/12\/forca-odbacila-optuzbe-gradonacelnika-ulcinja\/\" \/>\n<meta property=\"og:site_name\" content=\"Lajme nga Ulqini\" \/>\n<meta property=\"article:published_time\" content=\"2010-02-12T21:16:29+00:00\" \/>\n<meta property=\"article:modified_time\" content=\"2010-02-16T19:55:39+00:00\" \/>\n<meta property=\"og:image\" content=\"http:\/\/www.visit-ulcinj.com\/blog\/wp-content\/uploads\/2010\/02\/Genci-Nimanbegu.jpg\" \/>\n<meta name=\"twitter:label1\" content=\"Written by\" \/>\n\t<meta name=\"twitter:data1\" content=\"ulqini\" \/>\n\t<meta name=\"twitter:label2\" content=\"Est. reading time\" \/>\n\t<meta name=\"twitter:data2\" content=\"2 minutes\" \/>\n<script type=\"application\/ld+json\" class=\"yoast-schema-graph\">{\"@context\":\"https:\/\/schema.org\",\"@graph\":[{\"@type\":\"WebSite\",\"@id\":\"https:\/\/www.visit-ulcinj.com\/blog\/#website\",\"url\":\"https:\/\/www.visit-ulcinj.com\/blog\/\",\"name\":\"Lajme nga Ulqini\",\"description\":\"Lajme,Vijesti,Ulqini,Ulqin,Crna Gora,Mali i Zi\",\"potentialAction\":[{\"@type\":\"SearchAction\",\"target\":{\"@type\":\"EntryPoint\",\"urlTemplate\":\"https:\/\/www.visit-ulcinj.com\/blog\/?s={search_term_string}\"},\"query-input\":\"required name=search_term_string\"}],\"inLanguage\":\"en-US\"},{\"@type\":\"ImageObject\",\"inLanguage\":\"en-US\",\"@id\":\"https:\/\/www.visit-ulcinj.com\/blog\/2010\/02\/12\/forca-odbacila-optuzbe-gradonacelnika-ulcinja\/#primaryimage\",\"url\":\"https:\/\/www.visit-ulcinj.com\/blog\/wp-content\/uploads\/2010\/02\/Genci-Nimanbegu.jpg\",\"contentUrl\":\"https:\/\/www.visit-ulcinj.com\/blog\/wp-content\/uploads\/2010\/02\/Genci-Nimanbegu.jpg\",\"width\":\"604\",\"height\":\"404\"},{\"@type\":\"WebPage\",\"@id\":\"https:\/\/www.visit-ulcinj.com\/blog\/2010\/02\/12\/forca-odbacila-optuzbe-gradonacelnika-ulcinja\/#webpage\",\"url\":\"https:\/\/www.visit-ulcinj.com\/blog\/2010\/02\/12\/forca-odbacila-optuzbe-gradonacelnika-ulcinja\/\",\"name\":\"Forca odbacila optu\u017ebe gradona?elnika Ulcinja - Lajme nga Ulqini\",\"isPartOf\":{\"@id\":\"https:\/\/www.visit-ulcinj.com\/blog\/#website\"},\"primaryImageOfPage\":{\"@id\":\"https:\/\/www.visit-ulcinj.com\/blog\/2010\/02\/12\/forca-odbacila-optuzbe-gradonacelnika-ulcinja\/#primaryimage\"},\"datePublished\":\"2010-02-12T21:16:29+00:00\",\"dateModified\":\"2010-02-16T19:55:39+00:00\",\"author\":{\"@id\":\"https:\/\/www.visit-ulcinj.com\/blog\/#\/schema\/person\/dcab619c614d3038751c63bc2aadc06d\"},\"description\":\"Hajdinaga kao feudalac Ulcinj - Potpredsjednik Force Genci Nimanbegu odbacio je optu\u017ebe kabineta gradona?elnika Gzima Hajdinage u tekstu \u201ePitajte\",\"breadcrumb\":{\"@id\":\"https:\/\/www.visit-ulcinj.com\/blog\/2010\/02\/12\/forca-odbacila-optuzbe-gradonacelnika-ulcinja\/#breadcrumb\"},\"inLanguage\":\"en-US\",\"potentialAction\":[{\"@type\":\"ReadAction\",\"target\":[\"https:\/\/www.visit-ulcinj.com\/blog\/2010\/02\/12\/forca-odbacila-optuzbe-gradonacelnika-ulcinja\/\"]}]},{\"@type\":\"BreadcrumbList\",\"@id\":\"https:\/\/www.visit-ulcinj.com\/blog\/2010\/02\/12\/forca-odbacila-optuzbe-gradonacelnika-ulcinja\/#breadcrumb\",\"itemListElement\":[{\"@type\":\"ListItem\",\"position\":1,\"name\":\"Forca odbacila optu\u017ebe gradona?elnika Ulcinja\"}]},{\"@type\":\"Person\",\"@id\":\"https:\/\/www.visit-ulcinj.com\/blog\/#\/schema\/person\/dcab619c614d3038751c63bc2aadc06d\",\"name\":\"ulqini\",\"sameAs\":[\"http:\/\/www.visit-ulcinj.com\"],\"url\":\"https:\/\/www.visit-ulcinj.com\/blog\/author\/admin\/\"}]}<\/script>\n<!-- \/ Yoast SEO plugin. -->","yoast_head_json":{"title":"Forca odbacila optu\u017ebe gradona?elnika Ulcinja - Lajme nga Ulqini","description":"Hajdinaga kao feudalac Ulcinj - Potpredsjednik Force Genci Nimanbegu odbacio je optu\u017ebe kabineta gradona?elnika Gzima Hajdinage u tekstu \u201ePitajte","robots":{"index":"index","follow":"follow","max-snippet":"max-snippet:-1","max-image-preview":"max-image-preview:large","max-video-preview":"max-video-preview:-1"},"canonical":"https:\/\/www.visit-ulcinj.com\/blog\/2010\/02\/12\/forca-odbacila-optuzbe-gradonacelnika-ulcinja\/","og_locale":"en_US","og_type":"article","og_title":"Forca odbacila optu\u017ebe gradona?elnika Ulcinja - Lajme nga Ulqini","og_description":"Hajdinaga kao feudalac Ulcinj - Potpredsjednik Force Genci Nimanbegu odbacio je optu\u017ebe kabineta gradona?elnika Gzima Hajdinage u tekstu \u201ePitajte","og_url":"https:\/\/www.visit-ulcinj.com\/blog\/2010\/02\/12\/forca-odbacila-optuzbe-gradonacelnika-ulcinja\/","og_site_name":"Lajme nga Ulqini","article_published_time":"2010-02-12T21:16:29+00:00","article_modified_time":"2010-02-16T19:55:39+00:00","og_image":[{"url":"http:\/\/www.visit-ulcinj.com\/blog\/wp-content\/uploads\/2010\/02\/Genci-Nimanbegu.jpg"}],"twitter_misc":{"Written by":"ulqini","Est. reading time":"2 minutes"},"schema":{"@context":"https:\/\/schema.org","@graph":[{"@type":"WebSite","@id":"https:\/\/www.visit-ulcinj.com\/blog\/#website","url":"https:\/\/www.visit-ulcinj.com\/blog\/","name":"Lajme nga Ulqini","description":"Lajme,Vijesti,Ulqini,Ulqin,Crna Gora,Mali i Zi","potentialAction":[{"@type":"SearchAction","target":{"@type":"EntryPoint","urlTemplate":"https:\/\/www.visit-ulcinj.com\/blog\/?s={search_term_string}"},"query-input":"required name=search_term_string"}],"inLanguage":"en-US"},{"@type":"ImageObject","inLanguage":"en-US","@id":"https:\/\/www.visit-ulcinj.com\/blog\/2010\/02\/12\/forca-odbacila-optuzbe-gradonacelnika-ulcinja\/#primaryimage","url":"https:\/\/www.visit-ulcinj.com\/blog\/wp-content\/uploads\/2010\/02\/Genci-Nimanbegu.jpg","contentUrl":"https:\/\/www.visit-ulcinj.com\/blog\/wp-content\/uploads\/2010\/02\/Genci-Nimanbegu.jpg","width":"604","height":"404"},{"@type":"WebPage","@id":"https:\/\/www.visit-ulcinj.com\/blog\/2010\/02\/12\/forca-odbacila-optuzbe-gradonacelnika-ulcinja\/#webpage","url":"https:\/\/www.visit-ulcinj.com\/blog\/2010\/02\/12\/forca-odbacila-optuzbe-gradonacelnika-ulcinja\/","name":"Forca odbacila optu\u017ebe gradona?elnika Ulcinja - Lajme nga Ulqini","isPartOf":{"@id":"https:\/\/www.visit-ulcinj.com\/blog\/#website"},"primaryImageOfPage":{"@id":"https:\/\/www.visit-ulcinj.com\/blog\/2010\/02\/12\/forca-odbacila-optuzbe-gradonacelnika-ulcinja\/#primaryimage"},"datePublished":"2010-02-12T21:16:29+00:00","dateModified":"2010-02-16T19:55:39+00:00","author":{"@id":"https:\/\/www.visit-ulcinj.com\/blog\/#\/schema\/person\/dcab619c614d3038751c63bc2aadc06d"},"description":"Hajdinaga kao feudalac Ulcinj - Potpredsjednik Force Genci Nimanbegu odbacio je optu\u017ebe kabineta gradona?elnika Gzima Hajdinage u tekstu \u201ePitajte","breadcrumb":{"@id":"https:\/\/www.visit-ulcinj.com\/blog\/2010\/02\/12\/forca-odbacila-optuzbe-gradonacelnika-ulcinja\/#breadcrumb"},"inLanguage":"en-US","potentialAction":[{"@type":"ReadAction","target":["https:\/\/www.visit-ulcinj.com\/blog\/2010\/02\/12\/forca-odbacila-optuzbe-gradonacelnika-ulcinja\/"]}]},{"@type":"BreadcrumbList","@id":"https:\/\/www.visit-ulcinj.com\/blog\/2010\/02\/12\/forca-odbacila-optuzbe-gradonacelnika-ulcinja\/#breadcrumb","itemListElement":[{"@type":"ListItem","position":1,"name":"Forca odbacila optu\u017ebe gradona?elnika Ulcinja"}]},{"@type":"Person","@id":"https:\/\/www.visit-ulcinj.com\/blog\/#\/schema\/person\/dcab619c614d3038751c63bc2aadc06d","name":"ulqini","sameAs":["http:\/\/www.visit-ulcinj.com"],"url":"https:\/\/www.visit-ulcinj.com\/blog\/author\/admin\/"}]}},"jetpack_featured_media_url":"","jetpack_sharing_enabled":true,"jetpack_shortlink":"https:\/\/wp.me\/pe6lTn-7T2","_links":{"self":[{"href":"https:\/\/www.visit-ulcinj.com\/blog\/wp-json\/wp\/v2\/posts\/30320"}],"collection":[{"href":"https:\/\/www.visit-ulcinj.com\/blog\/wp-json\/wp\/v2\/posts"}],"about":[{"href":"https:\/\/www.visit-ulcinj.com\/blog\/wp-json\/wp\/v2\/types\/post"}],"author":[{"embeddable":true,"href":"https:\/\/www.visit-ulcinj.com\/blog\/wp-json\/wp\/v2\/users\/1"}],"replies":[{"embeddable":true,"href":"https:\/\/www.visit-ulcinj.com\/blog\/wp-json\/wp\/v2\/comments?post=30320"}],"version-history":[{"count":0,"href":"https:\/\/www.visit-ulcinj.com\/blog\/wp-json\/wp\/v2\/posts\/30320\/revisions"}],"wp:attachment":[{"href":"https:\/\/www.visit-ulcinj.com\/blog\/wp-json\/wp\/v2\/media?parent=30320"}],"wp:term":[{"taxonomy":"category","embeddable":true,"href":"https:\/\/www.visit-ulcinj.com\/blog\/wp-json\/wp\/v2\/categories?post=30320"},{"taxonomy":"post_tag","embeddable":true,"href":"https:\/\/www.visit-ulcinj.com\/blog\/wp-json\/wp\/v2\/tags?post=30320"}],"curies":[{"name":"wp","href":"https:\/\/api.w.org\/{rel}","templated":true}]}}