{"id":30329,"date":"2010-02-12T23:38:08","date_gmt":"2010-02-12T21:38:08","guid":{"rendered":"http:\/\/www.visit-ulcinj.com\/blog\/?p=30329"},"modified":"2010-02-15T21:31:02","modified_gmt":"2010-02-15T19:31:02","slug":"ligji-zgjedhor-dhe-shqiptaret","status":"publish","type":"post","link":"https:\/\/www.visit-ulcinj.com\/blog\/2010\/02\/12\/ligji-zgjedhor-dhe-shqiptaret\/","title":{"rendered":"Ligji zgjedhor dhe shqiptar\u00ebt &#8211; Video"},"content":{"rendered":"<p><strong><img loading=\"lazy\" class=\"alignleft\" title=\"Shqiptaret pa karriga ne parlament te Malit te Zi\" src=\"http:\/\/www.visit-ulcinj.com\/blog\/wp-content\/uploads\/2009\/03\/karriga-per-partit-shqiptare-ne-mal-te-zi.jpg\" alt=\"\" width=\"397\" height=\"780\" \/>Propozimi q\u00eb i kthen prapa<\/strong><br \/>\nVeprimet e fundit t\u00eb nd\u00ebrmarra nga Komisioni i Parlamentit malazez p\u00ebr harimin e Ligjit zgjedhor kritikohen nga komuniteti shqiptar, pozita e t\u00eb cilit n\u00eb rrethana t\u00eb reja nuk \u00ebsht\u00eb aspak e lakmueshme, ndaj shtron nevoj\u00ebn p\u00ebr nj\u00eb ridefinim t\u00eb ri politik e p\u00ebr t\u00eb dh\u00ebn\u00eb kontributin ton\u00eb me aq kapacitet sa kemi.<br \/>\nVeprimet e fundit t\u00eb nd\u00ebrmarra nga Komisioni i Parlamentit malazez p\u00ebr harimin e Ligjit zgjedhor kritikohen nga komuniteti shqiptar, pozita e t\u00eb cilit n\u00eb rrethana t\u00eb reja nuk \u00ebsht\u00eb aspak e lakmueshme, ndaj shtron nevoj\u00ebn p\u00ebr nj\u00eb ridefinim t\u00eb ri politik e p\u00ebr t\u00eb dh\u00ebn\u00eb kontributin ton\u00eb me aq kapacitet sa kemi.<br \/>\nN\u00eb \u00e7do shoq\u00ebri gj\u00ebrat q\u00eb nj\u00ebher\u00eb b\u00ebhen t\u00eb realizueshme trajtohen si di\u00e7ka q\u00eb kan\u00eb p\u00ebrfunduar dhe q\u00eb llogariten si avancim i \u00e7\u00ebshtjes shqiptare n\u00eb k\u00ebto troje. Kjo q\u00eb k\u00ebto dit\u00eb u dha n\u00eb opinion lidhur me propozimin e ligjit t\u00eb ri zgjedhor, ku Mali i Zi duhet t\u00eb definohet si nj\u00ebsi e vetme zgjedhore, automatikisht b\u00ebn\u00eb q\u00eb shqiptar\u00ebt n\u00eb Mal t\u00eb Zi t\u00eb humbasin at\u00eb t\u00eb drejt\u00eb q\u00eb e kishin si nj\u00ebsi e ve\u00e7ant\u00eb zgjedhore, pra t\u00eb shtyhen nga ligji ekzistues, gj\u00eb q\u00eb me t\u00eb drejt\u00eb duhet t\u2019na shqet\u00ebsoj\u00eb t\u00eb gjith\u00ebve. Ajo q\u00eb u rregullua nj\u00ebher\u00eb tani duket se nuk vlen m\u00eb p\u00ebr ne, n\u00eb nj\u00eb koh\u00eb kur ka pak r\u00ebnd\u00ebsi reagimi apo jo i p\u00ebrfaq\u00ebsuesve tan\u00eb n\u00eb Parlametin e Malit t\u00eb Zi rreth \u00e7\u00ebshtjes s\u00eb hartimit t\u00eb k\u00ebtij ligji. Duket se premtimet dhe realizimet e dh\u00ebna p\u00ebr shqiptar\u00ebt gjoja se kan\u00eb p\u00ebr t\u00eb qen\u00eb nj\u00ebsi e ve\u00e7ant\u00eb zgjedhore, si\u00e7 e kishin deri m\u00eb tani, ishin premtime e realizime kote dhe kjo tani \u00ebsht\u00eb e qart\u00eb,kaq i duhej politik\u00ebs aktuale p\u00ebr t\u00eb pasur p\u00ebrkrahjen e shqiptar\u00ebve. Tani \u00ebsht\u00eb e qart\u00eb se p\u00ebr nj\u00eb p\u00ebrkrahje t\u00eb till\u00eb nuk kan\u00eb nevoj\u00eb dhe sikur filloi loja me ta, ku nga segmente politike malazeze nuk ka nevoj\u00eb p\u00ebr miradije as nga pozita, po as edhe nga opozita.<br \/>\n\u00cbsht\u00eb e hidhur, por e v\u00ebrtet\u00eb ajo q\u00eb p\u00ebrfaq\u00ebsues t\u00eb pozit\u00ebs dhe t\u00eb opozit\u00ebs n\u00eb komisionin p\u00ebr hartimin e ligjit dh\u00ebn\u00eb at\u00eb q\u00eb mendohet se \u00ebsht\u00eb m\u00eb e mira p\u00ebr ta. Kjo t\u00eb b\u00ebn t\u00eb mendosh se nj\u00eb e keqe e radh\u00ebs po e ndjek komunitetin shqiptar\u00eb n\u00eb Mal t\u00eb Zi, e keqe q\u00eb i kanoset pik\u00ebrisht nga ata q\u00eb deri dje lutnin p\u00ebr shum realizime, pik\u00ebrisht at\u00ebher\u00eb kur kishin nevoj\u00eb. Tani po t\u00eb nj\u00ebjtit, t\u00eb bindur se i kan\u00eb kaluar t\u00eb gjitha barierat, se nuk kan\u00eb nevoj\u00eb p\u00ebr shqiptar\u00ebt, \u00ebsht\u00eb m\u00eb tep\u00ebr nj\u00eb diskriminim i radh\u00ebs. Problemi \u00ebsht\u00eb se ky popull i p\u00ebrvuajtur nuk e meriton t\u00eb n\u00ebp\u00ebrk\u00ebmbet gjithnj\u00eb nga politikan\u00ebt pa ndjeja ndaj t\u00eb tjer\u00ebve, nga ata q\u00eb asnj\u00ebher\u00eb nuk ia dit\u00ebn t\u00eb mir\u00ebn e b\u00ebr\u00eb nga komshiu, miku, ndaj tani sillen pa fije respekti p\u00ebr ta. Ne si popull i vog\u00ebl n\u00eb trojet tona etnike dit\u00ebm t\u00eb \u00e7mojm\u00eb gj\u00ebrat progresive, p\u00ebrparimtare dhe t\u2019i japim dor\u00ebn e respektin atij q\u00eb ishte n\u00eb v\u00ebshtir\u00ebsi, Sot k\u00ebta jo q\u00eb vjelin meritat e t\u00eb tjer\u00ebve, por p\u00ebrdorin edhe metoda q\u00eb rr\u00ebnojn\u00eb m\u00ebk\u00ebmbjen shqiptare duke na paraqitur si popull me vet\u00ebdije t\u00eb ul\u00ebt, si njer\u00ebz q\u00eb nuk dit\u00ebm t\u00eb dallojm\u00eb\u00a0 t\u00eb mir\u00ebn nga e keqja.<br \/>\nTani \u00e7\u00ebshtja \u00ebsht\u00eb rreth vendimit t\u00eb grupit punues p\u00ebr hartimin e Ligjit zgjedhor dhe kjo t\u00eb b\u00ebn t\u00eb mendosh: sa her\u00eb duhet t\u00eb ndryshohen ligjet, duke e ditur se hartimi i ligjit n\u00eb fjal\u00eb dhemb fort te komuniteti i k\u00ebtush\u00ebm. Shtremb\u00ebrimi i \u00e7do gj\u00ebje shqiptare, dhunimi i asaj q\u00eb \u00ebsht\u00eb fituar nj\u00ebher\u00eb b\u00ebn q\u00eb \u00e7do gj\u00eb duhet t\u00eb filloj\u00eb nga e para. Kur mendon se ku kemi r\u00ebn\u00eb nuk mund t\u00eb mos mendosh se kah do na \u00e7ojn\u00eb propozimet dhe gishtat e ngritur nga t\u00eb tjer\u00ebt! N\u00eb rrethana t\u00eb krijuara nga t\u00eb tjer\u00ebt, politikan\u00ebt shqiptar\u00eb n\u00eb Mal t\u00eb Zi jan\u00eb z\u00ebn\u00eb ngusht\u00a0 nga kjo q\u00eb pritet t\u00eb ndodh\u00eb, edhe pse, dor\u00ebn n\u00eb zem\u00ebr, di\u00e7ka l\u00eb p\u00ebr t\u00eb d\u00ebshiruar, sepse asnj\u00eb e drejt\u00eb e shqiptar\u00ebve nuk \u00ebsht\u00eb dh\u00ebn\u00eb e k\u00ebta t\u00eb mos jen\u00eb n\u00eb dijeni. Nj\u00eb grup njer\u00ebzish gjat\u00eb jet\u00ebs p\u00ebrpiqen p\u00ebr ta \u00e7uar n\u00eb vend marr\u00ebveshjen e n\u00ebnshkruar n\u00eb zemra, kurse nj\u00eb pjes\u00eb tjet\u00ebr jetojn\u00eb\u00a0 pa ditur gj\u00eb p\u00ebr nj\u00eb marr\u00ebveshje t\u00eb till\u00eb.Po t\u2019u referohemi deklaratave t\u00eb dala nga p\u00ebrfaq\u00ebsues t\u00eb k\u00ebtij komisioni, arsyetimi se nj\u00eb ndarje e till\u00eb nuk na \u00e7on askund dhe se kjo duhet t\u00eb vlej\u00eb p\u00ebr t\u00eb gjith\u00eb popujt pakic\u00eb, at\u00ebher\u00eb \u00ebsht\u00eb normale dhe e pritshme deklarata e dh\u00ebn\u00eb nga partia m\u00eb e madhe shqiptare\u00a0 n\u00eb Mal t\u00eb Zi se nj\u00eb propozim si ky nuk do t\u00eb p\u00ebrkrahet n\u00eb asnj\u00eb rast nga subjektet politike shqiptare, edhepse p\u00ebr k\u00ebt\u00eb thuhet nga p\u00ebrfaq\u00ebsuesi i partis\u00eb n\u00eb pushtet:\u201d ka marr\u00eb nj\u00eb drit\u00eb jeshile\u201d. Duket sikur k\u00ebtu k\u00ebputet nj\u00eb marr\u00ebveshje e partis\u00eb m\u00eb t\u00eb madhe n\u00eb Mal t\u00eb Zi dhe asaj shqiptare gj\u00eb q\u00eb mbetet p\u00ebr tu v\u00ebrtetuar. N\u00ebse ndodh kjo q\u00eb ligji t\u00eb miratohet n\u00eb Parlamentin e Malit t\u00eb Zi\u00a0 at\u00ebher\u00eb duhet t\u00eb shpresojm\u00eb q\u00eb p\u00ebrfaq\u00ebsuesit tan\u00eb t\u00eb t\u00ebrhiqen nga karrigat e deputet\u00ebve, gj\u00eb q\u00eb \u00ebsht\u00eb v\u00ebshtir\u00eb t\u00eb besohet. Kam bindjen se k\u00ebshtu ka ndodhur edhe n\u00eb rastin konkret gj\u00eb q\u00eb i b\u00ebn\u00eb edhe m\u00eb p\u00ebrgjegj\u00ebs s\u00eb paku p\u00ebr t\u00eb ngritur z\u00ebrin para se t\u00eb ndodh\u00eb nj\u00eb gj\u00eb e till\u00eb. E th\u00ebn\u00eb tro\u00e7, konceptet e pal\u00ebs tjet\u00ebr\u00a0 p\u00ebr t\u2019i integruar shqiptar\u00ebt n\u00eb rrjedhat shoq\u00ebrore n\u00eb Mal t\u00eb Zi k\u00ebshtu si\u00e7 veprohet nuk kan\u00eb asnj\u00eb baz\u00eb t\u00eb mir\u00ebfillt\u00eb dhe p\u00ebr k\u00ebt\u00eb mund t\u00eb mendohet se deklaratat politike t\u00eb p\u00ebrfaq\u00ebsuesve shqiptar\u00eb po shkaktojn\u00eb mosbesim t\u00eb thell\u00eb te komuniteti i k\u00ebtush\u00ebm. Dhe, kjo me plot arsye duke e ditur se \u00ebsht\u00eb e drejt e jona q\u00eb t\u2019i shohim gj\u00ebrat n\u00eb prizmin e ngjarjeve ekzistuese. Po aq \u00ebsht\u00eb e drejt e tyre q\u00eb s\u00eb paku nj\u00ebher\u00eb t\u2019i flasin popullit p\u00ebr d\u00ebshtimet dhe keq\u00ebsimin e pozit\u00ebs s\u00eb shqiptar\u00ebve n\u00eb k\u00ebto troje. Kjo m\u00ebnyr\u00eb e veprimit t\u00eb tyre t\u00eb jep t\u00eb kuptosh se komuniteti shqiptar po e paguan lart \u00e7mimin e politikan\u00ebve tan\u00eb t\u00eb cil\u00ebt para zgedhjeve kan\u00eb moton: p\u00ebr popull, me popull!<br \/>\nM\u00ebnyra e veprimit t\u00eb atyre q\u00eb hartojn\u00eb e propozojn\u00eb ligje t\u00eb till\u00eb d\u00ebshmon se shqiptar\u00ebt po p\u00ebrbuz\u00ebn padrejt\u00ebsisht, dhe t\u00eb nj\u00ebjtit duhet p\u00ebrkujtuar p\u00ebr t\u00eb sat\u00ebn her\u00eb se komuniteti shqiptar i ka votuar sa her\u00eb q\u00eb kan\u00eb qen\u00eb n\u00eb v\u00ebshtir\u00ebsi, ndaj kombinatorikat e hartuara prej tyre nuk mund t\u00eb jetojn\u00eb gjat\u00eb n\u00eb politik\u00eb. Gjendja n\u00eb t\u00eb cil\u00ebn kemi ardhur nuk mund t\u00eb vazhdoj\u00eb m\u00eb dhe kjo\u00a0 b\u00ebn t\u00eb nevojsh\u00ebm angazhimin e secilit subjekt politik shqiptar p\u00ebr t\u00eb marr\u00eb hapa konkret\u00eb n\u00eb zgjidhjen e \u00e7eshtjes son\u00eb.<br \/>\n<strong><br \/>\nShaban Peraj<br \/>\nKoha Javore<\/strong><br \/>\n<object width=\"580\" height=\"400\"><param name=\"movie\" value=\"http:\/\/www.dailymotion.com\/swf\/xc8r1w&#038;autoPlay=1\"><\/param><param name=\"allowFullScreen\" value=\"true\"><\/param><param name=\"allowScriptAccess\" value=\"always\"><\/param><\/object><br \/><b><a href=\"http:\/\/www.dailymotion.com\/video\/xc8r1w_shqiptar\u00ebt-n\u00eb-mal-t\u00eb-zi-humbin-nj\u00ebs_news\">Shqiptar&euml;t n&euml; Mal t&euml; Zi humbin nj&euml;sin&euml; e tyre zgjedhore 2010<\/a><\/p>\n","protected":false},"excerpt":{"rendered":"<p>Propozimi q\u00eb i kthen prapa Veprimet e fundit t\u00eb nd\u00ebrmarra nga Komisioni i Parlamentit malazez p\u00ebr harimin e Ligjit zgjedhor kritikohen nga komuniteti shqiptar, pozita e t\u00eb cilit n\u00eb rrethana t\u00eb reja nuk \u00ebsht\u00eb aspak e lakmueshme, ndaj shtron nevoj\u00ebn p\u00ebr nj\u00eb ridefinim t\u00eb ri politik e p\u00ebr t\u00eb dh\u00ebn\u00eb kontributin ton\u00eb me aq kapacitet [&hellip;]<\/p>\n","protected":false},"author":1,"featured_media":0,"comment_status":"open","ping_status":"closed","sticky":false,"template":"","format":"standard","meta":{"spay_email":"","jetpack_publicize_message":"","jetpack_is_tweetstorm":false,"jetpack_publicize_feature_enabled":true},"categories":[11],"tags":[1620,753],"jetpack_publicize_connections":[],"yoast_head":"<!-- This site is optimized with the Yoast SEO plugin v19.1 - https:\/\/yoast.com\/wordpress\/plugins\/seo\/ -->\n<title>Ligji zgjedhor dhe shqiptar\u00ebt - Video - Lajme nga Ulqini<\/title>\n<meta name=\"description\" content=\"Propozimi q\u00eb i kthen prapa Veprimet e fundit t\u00eb nd\u00ebrmarra nga Komisioni i Parlamentit malazez p\u00ebr harimin e Ligjit zgjedhor kritikohen nga komuniteti\" \/>\n<meta name=\"robots\" content=\"index, follow, max-snippet:-1, max-image-preview:large, max-video-preview:-1\" \/>\n<link rel=\"canonical\" href=\"https:\/\/www.visit-ulcinj.com\/blog\/2010\/02\/12\/ligji-zgjedhor-dhe-shqiptaret\/\" \/>\n<meta property=\"og:locale\" content=\"en_US\" \/>\n<meta property=\"og:type\" content=\"article\" \/>\n<meta property=\"og:title\" content=\"Ligji zgjedhor dhe shqiptar\u00ebt - Video - Lajme nga Ulqini\" \/>\n<meta property=\"og:description\" content=\"Propozimi q\u00eb i kthen prapa Veprimet e fundit t\u00eb nd\u00ebrmarra nga Komisioni i Parlamentit malazez p\u00ebr harimin e Ligjit zgjedhor kritikohen nga komuniteti\" \/>\n<meta property=\"og:url\" content=\"https:\/\/www.visit-ulcinj.com\/blog\/2010\/02\/12\/ligji-zgjedhor-dhe-shqiptaret\/\" \/>\n<meta property=\"og:site_name\" content=\"Lajme nga Ulqini\" \/>\n<meta property=\"article:published_time\" content=\"2010-02-12T21:38:08+00:00\" \/>\n<meta property=\"article:modified_time\" content=\"2010-02-15T19:31:02+00:00\" \/>\n<meta property=\"og:image\" content=\"http:\/\/www.visit-ulcinj.com\/blog\/wp-content\/uploads\/2009\/03\/karriga-per-partit-shqiptare-ne-mal-te-zi.jpg\" \/>\n<meta name=\"twitter:label1\" content=\"Written by\" \/>\n\t<meta name=\"twitter:data1\" content=\"ulqini\" \/>\n\t<meta name=\"twitter:label2\" content=\"Est. reading time\" \/>\n\t<meta name=\"twitter:data2\" content=\"6 minutes\" \/>\n<script type=\"application\/ld+json\" class=\"yoast-schema-graph\">{\"@context\":\"https:\/\/schema.org\",\"@graph\":[{\"@type\":\"WebSite\",\"@id\":\"https:\/\/www.visit-ulcinj.com\/blog\/#website\",\"url\":\"https:\/\/www.visit-ulcinj.com\/blog\/\",\"name\":\"Lajme nga Ulqini\",\"description\":\"Lajme,Vijesti,Ulqini,Ulqin,Crna Gora,Mali i Zi\",\"potentialAction\":[{\"@type\":\"SearchAction\",\"target\":{\"@type\":\"EntryPoint\",\"urlTemplate\":\"https:\/\/www.visit-ulcinj.com\/blog\/?s={search_term_string}\"},\"query-input\":\"required name=search_term_string\"}],\"inLanguage\":\"en-US\"},{\"@type\":\"ImageObject\",\"inLanguage\":\"en-US\",\"@id\":\"https:\/\/www.visit-ulcinj.com\/blog\/2010\/02\/12\/ligji-zgjedhor-dhe-shqiptaret\/#primaryimage\",\"url\":\"http:\/\/www.visit-ulcinj.com\/blog\/wp-content\/uploads\/2009\/03\/karriga-per-partit-shqiptare-ne-mal-te-zi.jpg\",\"contentUrl\":\"http:\/\/www.visit-ulcinj.com\/blog\/wp-content\/uploads\/2009\/03\/karriga-per-partit-shqiptare-ne-mal-te-zi.jpg\"},{\"@type\":\"WebPage\",\"@id\":\"https:\/\/www.visit-ulcinj.com\/blog\/2010\/02\/12\/ligji-zgjedhor-dhe-shqiptaret\/#webpage\",\"url\":\"https:\/\/www.visit-ulcinj.com\/blog\/2010\/02\/12\/ligji-zgjedhor-dhe-shqiptaret\/\",\"name\":\"Ligji zgjedhor dhe shqiptar\u00ebt - Video - Lajme nga Ulqini\",\"isPartOf\":{\"@id\":\"https:\/\/www.visit-ulcinj.com\/blog\/#website\"},\"primaryImageOfPage\":{\"@id\":\"https:\/\/www.visit-ulcinj.com\/blog\/2010\/02\/12\/ligji-zgjedhor-dhe-shqiptaret\/#primaryimage\"},\"datePublished\":\"2010-02-12T21:38:08+00:00\",\"dateModified\":\"2010-02-15T19:31:02+00:00\",\"author\":{\"@id\":\"https:\/\/www.visit-ulcinj.com\/blog\/#\/schema\/person\/dcab619c614d3038751c63bc2aadc06d\"},\"description\":\"Propozimi q\u00eb i kthen prapa Veprimet e fundit t\u00eb nd\u00ebrmarra nga Komisioni i Parlamentit malazez p\u00ebr harimin e Ligjit zgjedhor kritikohen nga komuniteti\",\"breadcrumb\":{\"@id\":\"https:\/\/www.visit-ulcinj.com\/blog\/2010\/02\/12\/ligji-zgjedhor-dhe-shqiptaret\/#breadcrumb\"},\"inLanguage\":\"en-US\",\"potentialAction\":[{\"@type\":\"ReadAction\",\"target\":[\"https:\/\/www.visit-ulcinj.com\/blog\/2010\/02\/12\/ligji-zgjedhor-dhe-shqiptaret\/\"]}]},{\"@type\":\"BreadcrumbList\",\"@id\":\"https:\/\/www.visit-ulcinj.com\/blog\/2010\/02\/12\/ligji-zgjedhor-dhe-shqiptaret\/#breadcrumb\",\"itemListElement\":[{\"@type\":\"ListItem\",\"position\":1,\"name\":\"Ligji zgjedhor dhe shqiptar\u00ebt &#8211; Video\"}]},{\"@type\":\"Person\",\"@id\":\"https:\/\/www.visit-ulcinj.com\/blog\/#\/schema\/person\/dcab619c614d3038751c63bc2aadc06d\",\"name\":\"ulqini\",\"sameAs\":[\"http:\/\/www.visit-ulcinj.com\"],\"url\":\"https:\/\/www.visit-ulcinj.com\/blog\/author\/admin\/\"}]}<\/script>\n<!-- \/ Yoast SEO plugin. -->","yoast_head_json":{"title":"Ligji zgjedhor dhe shqiptar\u00ebt - Video - Lajme nga Ulqini","description":"Propozimi q\u00eb i kthen prapa Veprimet e fundit t\u00eb nd\u00ebrmarra nga Komisioni i Parlamentit malazez p\u00ebr harimin e Ligjit zgjedhor kritikohen nga komuniteti","robots":{"index":"index","follow":"follow","max-snippet":"max-snippet:-1","max-image-preview":"max-image-preview:large","max-video-preview":"max-video-preview:-1"},"canonical":"https:\/\/www.visit-ulcinj.com\/blog\/2010\/02\/12\/ligji-zgjedhor-dhe-shqiptaret\/","og_locale":"en_US","og_type":"article","og_title":"Ligji zgjedhor dhe shqiptar\u00ebt - Video - Lajme nga Ulqini","og_description":"Propozimi q\u00eb i kthen prapa Veprimet e fundit t\u00eb nd\u00ebrmarra nga Komisioni i Parlamentit malazez p\u00ebr harimin e Ligjit zgjedhor kritikohen nga komuniteti","og_url":"https:\/\/www.visit-ulcinj.com\/blog\/2010\/02\/12\/ligji-zgjedhor-dhe-shqiptaret\/","og_site_name":"Lajme nga Ulqini","article_published_time":"2010-02-12T21:38:08+00:00","article_modified_time":"2010-02-15T19:31:02+00:00","og_image":[{"url":"http:\/\/www.visit-ulcinj.com\/blog\/wp-content\/uploads\/2009\/03\/karriga-per-partit-shqiptare-ne-mal-te-zi.jpg"}],"twitter_misc":{"Written by":"ulqini","Est. reading time":"6 minutes"},"schema":{"@context":"https:\/\/schema.org","@graph":[{"@type":"WebSite","@id":"https:\/\/www.visit-ulcinj.com\/blog\/#website","url":"https:\/\/www.visit-ulcinj.com\/blog\/","name":"Lajme nga Ulqini","description":"Lajme,Vijesti,Ulqini,Ulqin,Crna Gora,Mali i Zi","potentialAction":[{"@type":"SearchAction","target":{"@type":"EntryPoint","urlTemplate":"https:\/\/www.visit-ulcinj.com\/blog\/?s={search_term_string}"},"query-input":"required name=search_term_string"}],"inLanguage":"en-US"},{"@type":"ImageObject","inLanguage":"en-US","@id":"https:\/\/www.visit-ulcinj.com\/blog\/2010\/02\/12\/ligji-zgjedhor-dhe-shqiptaret\/#primaryimage","url":"http:\/\/www.visit-ulcinj.com\/blog\/wp-content\/uploads\/2009\/03\/karriga-per-partit-shqiptare-ne-mal-te-zi.jpg","contentUrl":"http:\/\/www.visit-ulcinj.com\/blog\/wp-content\/uploads\/2009\/03\/karriga-per-partit-shqiptare-ne-mal-te-zi.jpg"},{"@type":"WebPage","@id":"https:\/\/www.visit-ulcinj.com\/blog\/2010\/02\/12\/ligji-zgjedhor-dhe-shqiptaret\/#webpage","url":"https:\/\/www.visit-ulcinj.com\/blog\/2010\/02\/12\/ligji-zgjedhor-dhe-shqiptaret\/","name":"Ligji zgjedhor dhe shqiptar\u00ebt - Video - Lajme nga Ulqini","isPartOf":{"@id":"https:\/\/www.visit-ulcinj.com\/blog\/#website"},"primaryImageOfPage":{"@id":"https:\/\/www.visit-ulcinj.com\/blog\/2010\/02\/12\/ligji-zgjedhor-dhe-shqiptaret\/#primaryimage"},"datePublished":"2010-02-12T21:38:08+00:00","dateModified":"2010-02-15T19:31:02+00:00","author":{"@id":"https:\/\/www.visit-ulcinj.com\/blog\/#\/schema\/person\/dcab619c614d3038751c63bc2aadc06d"},"description":"Propozimi q\u00eb i kthen prapa Veprimet e fundit t\u00eb nd\u00ebrmarra nga Komisioni i Parlamentit malazez p\u00ebr harimin e Ligjit zgjedhor kritikohen nga komuniteti","breadcrumb":{"@id":"https:\/\/www.visit-ulcinj.com\/blog\/2010\/02\/12\/ligji-zgjedhor-dhe-shqiptaret\/#breadcrumb"},"inLanguage":"en-US","potentialAction":[{"@type":"ReadAction","target":["https:\/\/www.visit-ulcinj.com\/blog\/2010\/02\/12\/ligji-zgjedhor-dhe-shqiptaret\/"]}]},{"@type":"BreadcrumbList","@id":"https:\/\/www.visit-ulcinj.com\/blog\/2010\/02\/12\/ligji-zgjedhor-dhe-shqiptaret\/#breadcrumb","itemListElement":[{"@type":"ListItem","position":1,"name":"Ligji zgjedhor dhe shqiptar\u00ebt &#8211; Video"}]},{"@type":"Person","@id":"https:\/\/www.visit-ulcinj.com\/blog\/#\/schema\/person\/dcab619c614d3038751c63bc2aadc06d","name":"ulqini","sameAs":["http:\/\/www.visit-ulcinj.com"],"url":"https:\/\/www.visit-ulcinj.com\/blog\/author\/admin\/"}]}},"jetpack_featured_media_url":"","jetpack_sharing_enabled":true,"jetpack_shortlink":"https:\/\/wp.me\/pe6lTn-7Tb","_links":{"self":[{"href":"https:\/\/www.visit-ulcinj.com\/blog\/wp-json\/wp\/v2\/posts\/30329"}],"collection":[{"href":"https:\/\/www.visit-ulcinj.com\/blog\/wp-json\/wp\/v2\/posts"}],"about":[{"href":"https:\/\/www.visit-ulcinj.com\/blog\/wp-json\/wp\/v2\/types\/post"}],"author":[{"embeddable":true,"href":"https:\/\/www.visit-ulcinj.com\/blog\/wp-json\/wp\/v2\/users\/1"}],"replies":[{"embeddable":true,"href":"https:\/\/www.visit-ulcinj.com\/blog\/wp-json\/wp\/v2\/comments?post=30329"}],"version-history":[{"count":0,"href":"https:\/\/www.visit-ulcinj.com\/blog\/wp-json\/wp\/v2\/posts\/30329\/revisions"}],"wp:attachment":[{"href":"https:\/\/www.visit-ulcinj.com\/blog\/wp-json\/wp\/v2\/media?parent=30329"}],"wp:term":[{"taxonomy":"category","embeddable":true,"href":"https:\/\/www.visit-ulcinj.com\/blog\/wp-json\/wp\/v2\/categories?post=30329"},{"taxonomy":"post_tag","embeddable":true,"href":"https:\/\/www.visit-ulcinj.com\/blog\/wp-json\/wp\/v2\/tags?post=30329"}],"curies":[{"name":"wp","href":"https:\/\/api.w.org\/{rel}","templated":true}]}}