{"id":30331,"date":"2010-02-13T13:11:03","date_gmt":"2010-02-13T11:11:03","guid":{"rendered":"http:\/\/www.visit-ulcinj.com\/blog\/?p=30331"},"modified":"2010-02-17T14:37:03","modified_gmt":"2010-02-17T12:37:03","slug":"tourisme-europe-2010-tous-a-lest","status":"publish","type":"post","link":"https:\/\/www.visit-ulcinj.com\/blog\/2010\/02\/13\/tourisme-europe-2010-tous-a-lest\/","title":{"rendered":"Tourisme, Europe 2010 &#8211; Tous \u00e0 l&#8217;Est !"},"content":{"rendered":"<p><strong><a href=\"http:\/\/www.visit-ulcinj.com\/blog\/wp-content\/uploads\/2010\/02\/sveti-stefan-montenegro.jpg\"><img loading=\"lazy\" class=\"alignleft size-full wp-image-30333\" title=\"sveti-stefan-montenegro\" src=\"http:\/\/www.visit-ulcinj.com\/blog\/wp-content\/uploads\/2010\/02\/sveti-stefan-montenegro.jpg\" alt=\"sveti-stefan-montenegro\" width=\"580\" height=\"400\" \/><\/a>Andr\u00e9 D\u00e9siront, collaboration sp\u00e9ciale<br \/>\nLa Presse<\/strong><\/p>\n<p><strong><\/strong>Les pays de l&#8217;Europe de l&#8217;Est ont la cote aupr\u00e8s des voyageurs, qui poussent chaque ann\u00e9e plus loin leur exploration des anciens pays communistes, o\u00f9 les installations touristiques s&#8217;am\u00e9liorent sans cesse&#8230; et o\u00f9 les prix restent raisonnables.<\/p>\n<p>\u00abLa demande pour les pays d&#8217;Europe occidentale reste stable, mais elle est \u00e0 la hausse pour tous les pays d&#8217;Europe de l&#8217;Est et d&#8217;Europe centrale \u00bb, constate Colette Girard, directrice des ventes du voyagiste Jolivac.<\/p>\n<p>Quatre ans apr\u00e8s avoir d\u00e9couvert la Croatie et son superbe littoral, les Qu\u00e9b\u00e9cois sont curieux d&#8217;explorer les autres pays qui se cachent dans les replis des Balkans. La majorit\u00e9 de ceux qui visitent la Croatie poussent une pointe au Mont\u00e9n\u00e9gro.<\/p>\n<p>La plupart s&#8217;y cantonnent aux Bouches de Kotor, seul fjord du bassin m\u00e9diterran\u00e9en, mais les initi\u00e9s remontent la route spectaculaire qui conduit \u00e0 Cetinje, ancienne capitale royale du pays, et explorent le littoral jusqu&#8217;\u00e0 la presqu&#8217;\u00eele de Sveti Stefan, o\u00f9 un ancien village de p\u00eacheurs du XVe si\u00e8cle a \u00e9t\u00e9 converti en h\u00f4tel de grand luxe. Plusieurs agences et grossistes incluent le Mont\u00e9n\u00e9gro dans leur programmation, parfois seul (Uniktour), parfois combin\u00e9 \u00e0 la Croatie et \u00e0 la Bosnie (Traditours, Voyages Lambert, etc.).<\/p>\n<p><a href=\"http:\/\/www.cyberpresse.ca\/voyage\/dossiers\/tourisme-europe-2010\/201002\/12\/01-949091-tous-a-lest-.php\" target=\"_blank\"><strong>Afficher la suite de cet article<br \/>\nCyberpresse<\/strong><\/a><\/p>\n<p>Si vous comptez vous rendre au Mont\u00e9n\u00e9gro par les airs, sachez qu\u2019un billet d\u2019avion co\u00fbte entre 230\u20ac A\/R en hiver et 350\u20ac pour la saison estivale, sachant que le seule compagnie qui dessert le Mont\u00e9n\u00e9gro est Mont\u00e9n\u00e9gro Airlines.<\/p>\n<p><strong>Plus d\u2019informations sur<\/strong><strong> <a onclick=\"javascript:pageTracker._trackEvent ('outgoing','click','www.montenegroairlines.com\/');\" href=\"http:\/\/www.montenegroairlines.com\/\" target=\"_blank\">MONTENEGRO AIRLINES<\/a><\/strong><\/p>\n<p><strong>Video <a href=\"http:\/\/www.france5.fr\/echappees-belles\/\" target=\"_blank\">France 5 :: Site du magazine \u201c\u00c9chapp\u00e9es <span>Belles<\/span>\u201d<\/a><\/strong><br \/>\n[flv width=&#8221;580&#8243; height=&#8221;400&#8243;]http:\/\/www.njegoskij.org\/IMG\/flv\/14112009_echappeesBelles.flv[\/flv]<\/p>\n","protected":false},"excerpt":{"rendered":"<p>Andr\u00e9 D\u00e9siront, collaboration sp\u00e9ciale La Presse Les pays de l&#8217;Europe de l&#8217;Est ont la cote aupr\u00e8s des voyageurs, qui poussent chaque ann\u00e9e plus loin leur exploration des anciens pays communistes, o\u00f9 les installations touristiques s&#8217;am\u00e9liorent sans cesse&#8230; et o\u00f9 les prix restent raisonnables. \u00abLa demande pour les pays d&#8217;Europe occidentale reste stable, mais elle est [&hellip;]<\/p>\n","protected":false},"author":1,"featured_media":0,"comment_status":"open","ping_status":"closed","sticky":false,"template":"","format":"standard","meta":{"spay_email":"","jetpack_publicize_message":"","jetpack_is_tweetstorm":false,"jetpack_publicize_feature_enabled":true},"categories":[7],"tags":[13516,9429,13515,79,439],"jetpack_publicize_connections":[],"yoast_head":"<!-- This site is optimized with the Yoast SEO plugin v19.1 - https:\/\/yoast.com\/wordpress\/plugins\/seo\/ -->\n<title>Tourisme, Europe 2010 - Tous \u00e0 l&#039;Est ! - Lajme nga Ulqini<\/title>\n<meta name=\"description\" content=\"Andr\u00e9 D\u00e9siront, collaboration sp\u00e9ciale La Presse Les pays de l&#039;Europe de l&#039;Est ont la cote aupr\u00e8s des voyageurs, qui poussent chaque ann\u00e9e plus loin leur\" \/>\n<meta name=\"robots\" content=\"index, follow, max-snippet:-1, max-image-preview:large, max-video-preview:-1\" \/>\n<link rel=\"canonical\" href=\"https:\/\/www.visit-ulcinj.com\/blog\/2010\/02\/13\/tourisme-europe-2010-tous-a-lest\/\" \/>\n<meta property=\"og:locale\" content=\"en_US\" \/>\n<meta property=\"og:type\" content=\"article\" \/>\n<meta property=\"og:title\" content=\"Tourisme, Europe 2010 - Tous \u00e0 l&#039;Est ! - Lajme nga Ulqini\" \/>\n<meta property=\"og:description\" content=\"Andr\u00e9 D\u00e9siront, collaboration sp\u00e9ciale La Presse Les pays de l&#039;Europe de l&#039;Est ont la cote aupr\u00e8s des voyageurs, qui poussent chaque ann\u00e9e plus loin leur\" \/>\n<meta property=\"og:url\" content=\"https:\/\/www.visit-ulcinj.com\/blog\/2010\/02\/13\/tourisme-europe-2010-tous-a-lest\/\" \/>\n<meta property=\"og:site_name\" content=\"Lajme nga Ulqini\" \/>\n<meta property=\"article:published_time\" content=\"2010-02-13T11:11:03+00:00\" \/>\n<meta property=\"article:modified_time\" content=\"2010-02-17T12:37:03+00:00\" \/>\n<meta property=\"og:image\" content=\"http:\/\/www.visit-ulcinj.com\/blog\/wp-content\/uploads\/2010\/02\/sveti-stefan-montenegro.jpg\" \/>\n<meta name=\"twitter:label1\" content=\"Written by\" \/>\n\t<meta name=\"twitter:data1\" content=\"ulqini\" \/>\n\t<meta name=\"twitter:label2\" content=\"Est. reading time\" \/>\n\t<meta name=\"twitter:data2\" content=\"1 minute\" \/>\n<script type=\"application\/ld+json\" class=\"yoast-schema-graph\">{\"@context\":\"https:\/\/schema.org\",\"@graph\":[{\"@type\":\"WebSite\",\"@id\":\"https:\/\/www.visit-ulcinj.com\/blog\/#website\",\"url\":\"https:\/\/www.visit-ulcinj.com\/blog\/\",\"name\":\"Lajme nga Ulqini\",\"description\":\"Lajme,Vijesti,Ulqini,Ulqin,Crna Gora,Mali i Zi\",\"potentialAction\":[{\"@type\":\"SearchAction\",\"target\":{\"@type\":\"EntryPoint\",\"urlTemplate\":\"https:\/\/www.visit-ulcinj.com\/blog\/?s={search_term_string}\"},\"query-input\":\"required name=search_term_string\"}],\"inLanguage\":\"en-US\"},{\"@type\":\"ImageObject\",\"inLanguage\":\"en-US\",\"@id\":\"https:\/\/www.visit-ulcinj.com\/blog\/2010\/02\/13\/tourisme-europe-2010-tous-a-lest\/#primaryimage\",\"url\":\"https:\/\/www.visit-ulcinj.com\/blog\/wp-content\/uploads\/2010\/02\/sveti-stefan-montenegro.jpg\",\"contentUrl\":\"https:\/\/www.visit-ulcinj.com\/blog\/wp-content\/uploads\/2010\/02\/sveti-stefan-montenegro.jpg\",\"width\":\"1020\",\"height\":\"765\"},{\"@type\":\"WebPage\",\"@id\":\"https:\/\/www.visit-ulcinj.com\/blog\/2010\/02\/13\/tourisme-europe-2010-tous-a-lest\/#webpage\",\"url\":\"https:\/\/www.visit-ulcinj.com\/blog\/2010\/02\/13\/tourisme-europe-2010-tous-a-lest\/\",\"name\":\"Tourisme, Europe 2010 - Tous \u00e0 l'Est ! - Lajme nga Ulqini\",\"isPartOf\":{\"@id\":\"https:\/\/www.visit-ulcinj.com\/blog\/#website\"},\"primaryImageOfPage\":{\"@id\":\"https:\/\/www.visit-ulcinj.com\/blog\/2010\/02\/13\/tourisme-europe-2010-tous-a-lest\/#primaryimage\"},\"datePublished\":\"2010-02-13T11:11:03+00:00\",\"dateModified\":\"2010-02-17T12:37:03+00:00\",\"author\":{\"@id\":\"https:\/\/www.visit-ulcinj.com\/blog\/#\/schema\/person\/dcab619c614d3038751c63bc2aadc06d\"},\"description\":\"Andr\u00e9 D\u00e9siront, collaboration sp\u00e9ciale La Presse Les pays de l'Europe de l'Est ont la cote aupr\u00e8s des voyageurs, qui poussent chaque ann\u00e9e plus loin leur\",\"breadcrumb\":{\"@id\":\"https:\/\/www.visit-ulcinj.com\/blog\/2010\/02\/13\/tourisme-europe-2010-tous-a-lest\/#breadcrumb\"},\"inLanguage\":\"en-US\",\"potentialAction\":[{\"@type\":\"ReadAction\",\"target\":[\"https:\/\/www.visit-ulcinj.com\/blog\/2010\/02\/13\/tourisme-europe-2010-tous-a-lest\/\"]}]},{\"@type\":\"BreadcrumbList\",\"@id\":\"https:\/\/www.visit-ulcinj.com\/blog\/2010\/02\/13\/tourisme-europe-2010-tous-a-lest\/#breadcrumb\",\"itemListElement\":[{\"@type\":\"ListItem\",\"position\":1,\"name\":\"Tourisme, Europe 2010 &#8211; Tous \u00e0 l&#8217;Est !\"}]},{\"@type\":\"Person\",\"@id\":\"https:\/\/www.visit-ulcinj.com\/blog\/#\/schema\/person\/dcab619c614d3038751c63bc2aadc06d\",\"name\":\"ulqini\",\"sameAs\":[\"http:\/\/www.visit-ulcinj.com\"],\"url\":\"https:\/\/www.visit-ulcinj.com\/blog\/author\/admin\/\"}]}<\/script>\n<!-- \/ Yoast SEO plugin. -->","yoast_head_json":{"title":"Tourisme, Europe 2010 - Tous \u00e0 l'Est ! - Lajme nga Ulqini","description":"Andr\u00e9 D\u00e9siront, collaboration sp\u00e9ciale La Presse Les pays de l'Europe de l'Est ont la cote aupr\u00e8s des voyageurs, qui poussent chaque ann\u00e9e plus loin leur","robots":{"index":"index","follow":"follow","max-snippet":"max-snippet:-1","max-image-preview":"max-image-preview:large","max-video-preview":"max-video-preview:-1"},"canonical":"https:\/\/www.visit-ulcinj.com\/blog\/2010\/02\/13\/tourisme-europe-2010-tous-a-lest\/","og_locale":"en_US","og_type":"article","og_title":"Tourisme, Europe 2010 - Tous \u00e0 l'Est ! - Lajme nga Ulqini","og_description":"Andr\u00e9 D\u00e9siront, collaboration sp\u00e9ciale La Presse Les pays de l'Europe de l'Est ont la cote aupr\u00e8s des voyageurs, qui poussent chaque ann\u00e9e plus loin leur","og_url":"https:\/\/www.visit-ulcinj.com\/blog\/2010\/02\/13\/tourisme-europe-2010-tous-a-lest\/","og_site_name":"Lajme nga Ulqini","article_published_time":"2010-02-13T11:11:03+00:00","article_modified_time":"2010-02-17T12:37:03+00:00","og_image":[{"url":"http:\/\/www.visit-ulcinj.com\/blog\/wp-content\/uploads\/2010\/02\/sveti-stefan-montenegro.jpg"}],"twitter_misc":{"Written by":"ulqini","Est. reading time":"1 minute"},"schema":{"@context":"https:\/\/schema.org","@graph":[{"@type":"WebSite","@id":"https:\/\/www.visit-ulcinj.com\/blog\/#website","url":"https:\/\/www.visit-ulcinj.com\/blog\/","name":"Lajme nga Ulqini","description":"Lajme,Vijesti,Ulqini,Ulqin,Crna Gora,Mali i Zi","potentialAction":[{"@type":"SearchAction","target":{"@type":"EntryPoint","urlTemplate":"https:\/\/www.visit-ulcinj.com\/blog\/?s={search_term_string}"},"query-input":"required name=search_term_string"}],"inLanguage":"en-US"},{"@type":"ImageObject","inLanguage":"en-US","@id":"https:\/\/www.visit-ulcinj.com\/blog\/2010\/02\/13\/tourisme-europe-2010-tous-a-lest\/#primaryimage","url":"https:\/\/www.visit-ulcinj.com\/blog\/wp-content\/uploads\/2010\/02\/sveti-stefan-montenegro.jpg","contentUrl":"https:\/\/www.visit-ulcinj.com\/blog\/wp-content\/uploads\/2010\/02\/sveti-stefan-montenegro.jpg","width":"1020","height":"765"},{"@type":"WebPage","@id":"https:\/\/www.visit-ulcinj.com\/blog\/2010\/02\/13\/tourisme-europe-2010-tous-a-lest\/#webpage","url":"https:\/\/www.visit-ulcinj.com\/blog\/2010\/02\/13\/tourisme-europe-2010-tous-a-lest\/","name":"Tourisme, Europe 2010 - Tous \u00e0 l'Est ! - Lajme nga Ulqini","isPartOf":{"@id":"https:\/\/www.visit-ulcinj.com\/blog\/#website"},"primaryImageOfPage":{"@id":"https:\/\/www.visit-ulcinj.com\/blog\/2010\/02\/13\/tourisme-europe-2010-tous-a-lest\/#primaryimage"},"datePublished":"2010-02-13T11:11:03+00:00","dateModified":"2010-02-17T12:37:03+00:00","author":{"@id":"https:\/\/www.visit-ulcinj.com\/blog\/#\/schema\/person\/dcab619c614d3038751c63bc2aadc06d"},"description":"Andr\u00e9 D\u00e9siront, collaboration sp\u00e9ciale La Presse Les pays de l'Europe de l'Est ont la cote aupr\u00e8s des voyageurs, qui poussent chaque ann\u00e9e plus loin leur","breadcrumb":{"@id":"https:\/\/www.visit-ulcinj.com\/blog\/2010\/02\/13\/tourisme-europe-2010-tous-a-lest\/#breadcrumb"},"inLanguage":"en-US","potentialAction":[{"@type":"ReadAction","target":["https:\/\/www.visit-ulcinj.com\/blog\/2010\/02\/13\/tourisme-europe-2010-tous-a-lest\/"]}]},{"@type":"BreadcrumbList","@id":"https:\/\/www.visit-ulcinj.com\/blog\/2010\/02\/13\/tourisme-europe-2010-tous-a-lest\/#breadcrumb","itemListElement":[{"@type":"ListItem","position":1,"name":"Tourisme, Europe 2010 &#8211; Tous \u00e0 l&#8217;Est !"}]},{"@type":"Person","@id":"https:\/\/www.visit-ulcinj.com\/blog\/#\/schema\/person\/dcab619c614d3038751c63bc2aadc06d","name":"ulqini","sameAs":["http:\/\/www.visit-ulcinj.com"],"url":"https:\/\/www.visit-ulcinj.com\/blog\/author\/admin\/"}]}},"jetpack_featured_media_url":"","jetpack_sharing_enabled":true,"jetpack_shortlink":"https:\/\/wp.me\/pe6lTn-7Td","_links":{"self":[{"href":"https:\/\/www.visit-ulcinj.com\/blog\/wp-json\/wp\/v2\/posts\/30331"}],"collection":[{"href":"https:\/\/www.visit-ulcinj.com\/blog\/wp-json\/wp\/v2\/posts"}],"about":[{"href":"https:\/\/www.visit-ulcinj.com\/blog\/wp-json\/wp\/v2\/types\/post"}],"author":[{"embeddable":true,"href":"https:\/\/www.visit-ulcinj.com\/blog\/wp-json\/wp\/v2\/users\/1"}],"replies":[{"embeddable":true,"href":"https:\/\/www.visit-ulcinj.com\/blog\/wp-json\/wp\/v2\/comments?post=30331"}],"version-history":[{"count":0,"href":"https:\/\/www.visit-ulcinj.com\/blog\/wp-json\/wp\/v2\/posts\/30331\/revisions"}],"wp:attachment":[{"href":"https:\/\/www.visit-ulcinj.com\/blog\/wp-json\/wp\/v2\/media?parent=30331"}],"wp:term":[{"taxonomy":"category","embeddable":true,"href":"https:\/\/www.visit-ulcinj.com\/blog\/wp-json\/wp\/v2\/categories?post=30331"},{"taxonomy":"post_tag","embeddable":true,"href":"https:\/\/www.visit-ulcinj.com\/blog\/wp-json\/wp\/v2\/tags?post=30331"}],"curies":[{"name":"wp","href":"https:\/\/api.w.org\/{rel}","templated":true}]}}