{"id":30336,"date":"2010-02-13T14:33:18","date_gmt":"2010-02-13T12:33:18","guid":{"rendered":"http:\/\/www.visit-ulcinj.com\/blog\/?p=30336"},"modified":"2010-02-13T14:34:55","modified_gmt":"2010-02-13T12:34:55","slug":"nevolje-ulcinjskih-ribara-bojana-%e2%80%9ezatvorila-usce","status":"publish","type":"post","link":"https:\/\/www.visit-ulcinj.com\/blog\/2010\/02\/13\/nevolje-ulcinjskih-ribara-bojana-%e2%80%9ezatvorila-usce\/","title":{"rendered":"Nevolje ulcinjskih ribara: Bojana \u201ezatvorila&#8221; u\u0161?e"},"content":{"rendered":"<p><a href=\"http:\/\/www.visit-ulcinj.com\/blog\/wp-content\/uploads\/2010\/02\/Rijeka-Bojana-zatvorila-u\u0161?e.2.jpg\"><img loading=\"lazy\" class=\"alignleft size-full wp-image-30338\" title=\"Rijeka Bojana zatvorila u\u0161?e.2\" src=\"http:\/\/www.visit-ulcinj.com\/blog\/wp-content\/uploads\/2010\/02\/Rijeka-Bojana-zatvorila-u\u0161?e.2.jpg\" alt=\"Rijeka Bojana zatvorila u\u0161?e.2\" width=\"580\" height=\"400\" \/><\/a>Lo\u0161e vrijeme i veliki talasi u proteklih mjesec dana skoro su zatvorili u\u0161?a rijeke Bojane i kanala Port Milena u more, onemogu?iv\u0161i ulcinjskim ribarima da izlaze ?amcima u ribolov. Situacija je, isti?u ribari sa Bojane, veoma te\u0161ka jer niti se mo\u017ee uploviti ni isploviti u Bojanu.<br \/>\n\u2013 Rijeka je posljednjih mjesec dana nanijela velike koli?ine pijeska na u\u0161?e, stvara?uji sprudove i skoro ga zatvorila. ?im su malo ve?i talasi, odnosno pulenat, ne mo\u017eemo iza?i na otvoreno da bacimo mre\u017ee. Sli?no je i kada je povratak u pitanju, pa se ?esto de\u0161ava da se zbog nanosa pijeska o\u0161tete ?amci &#8211; tvrde ribari.<br \/>\nMnogi su zbog ?udljive prirode prinu?eni da idu na drugo u\u0161?e, na kome je situacija ne\u0161to bolja, i da tamo uplovljavaju u Bojanu. Zbog blokade u\u0161?a ulcinjski ribari su na velikom gubitku, jer se ne mogu pripremiti za pla?anje da\u017ebina koje su, smatraju, previsoke. Ka\u017eu da se problem mo\u017ee rije\u0161iti, i apeluju na nadle\u017ene da interveni\u0161u tako \u0161to ?e uputiti bagere koji mogu pomo?i da se u\u0161?e koliko-toliko pro\u0161iri i vlasnicima ?amaca i manjih brodova omogu?i nesmetan izlazak i ulazak u Bojanu. Ina?e, ulcinjski ribolovci nemaju marinu pa su im rijeka Bojana i kanal Port Milena prirodna skloni\u0161ta za ?amce. Na njihovim obalama, u ribarskim ku?icama odla\u017eu opremu i ve\u017eu ?amce sa kojima kada vrijeme dozvoljava izlaze na more u ribolov. Posljednjih godina u Bojani je sve manje ribe, pa je izlazak na more jedina \u0161ansa za ulov i zaradu.<br \/>\n<a href=\"http:\/\/www.dan.co.me\/?nivo=3&amp;rubrika=Regioni&amp;clanak=219342&amp;datum=2010-02-12\" target=\"_blank\"><strong><br \/>\nDAN<\/strong><\/a><br \/>\n\n\t\t<style type=\"text\/css\">\n\t\t\t#gallery-1 {\n\t\t\t\tmargin: auto;\n\t\t\t}\n\t\t\t#gallery-1 .gallery-item {\n\t\t\t\tfloat: left;\n\t\t\t\tmargin-top: 10px;\n\t\t\t\ttext-align: center;\n\t\t\t\twidth: 33%;\n\t\t\t}\n\t\t\t#gallery-1 img {\n\t\t\t\tborder: 2px solid #cfcfcf;\n\t\t\t}\n\t\t\t#gallery-1 .gallery-caption {\n\t\t\t\tmargin-left: 0;\n\t\t\t}\n\t\t\t\/* see gallery_shortcode() in wp-includes\/media.php *\/\n\t\t<\/style>\n\t\t<div id='gallery-1' class='gallery galleryid-30336 gallery-columns-3 gallery-size-thumbnail'><dl class='gallery-item'>\n\t\t\t<dt class='gallery-icon '>\n\t\t\t\t<a href='https:\/\/www.visit-ulcinj.com\/blog\/wp-content\/uploads\/2010\/02\/Rijeka-Bojana-zatvorila-u\u00c5\u00a1\u00c4\u2021e.jpg'><img width=\"1\" height=\"1\" src=\"https:\/\/www.visit-ulcinj.com\/blog\/wp-content\/uploads\/2010\/02\/Rijeka-Bojana-zatvorila-u\u00c5\u00a1\u00c4\u2021e.jpg\" class=\"attachment-thumbnail size-thumbnail\" alt=\"\" loading=\"lazy\" \/><\/a>\n\t\t\t<\/dt><\/dl><dl class='gallery-item'>\n\t\t\t<dt class='gallery-icon '>\n\t\t\t\t<a href='https:\/\/www.visit-ulcinj.com\/blog\/wp-content\/uploads\/2010\/02\/Rijeka-Bojana-zatvorila-u\u00c5\u00a1\u00c4\u2021e.10.jpg'><img width=\"1\" height=\"1\" src=\"https:\/\/www.visit-ulcinj.com\/blog\/wp-content\/uploads\/2010\/02\/Rijeka-Bojana-zatvorila-u\u00c5\u00a1\u00c4\u2021e.10.jpg\" class=\"attachment-thumbnail size-thumbnail\" alt=\"\" loading=\"lazy\" \/><\/a>\n\t\t\t<\/dt><\/dl><dl class='gallery-item'>\n\t\t\t<dt class='gallery-icon '>\n\t\t\t\t<a href='https:\/\/www.visit-ulcinj.com\/blog\/wp-content\/uploads\/2010\/02\/Rijeka-Bojana-zatvorila-u\u00c5\u00a1\u00c4\u2021e.9.jpg'><img width=\"1\" height=\"1\" src=\"https:\/\/www.visit-ulcinj.com\/blog\/wp-content\/uploads\/2010\/02\/Rijeka-Bojana-zatvorila-u\u00c5\u00a1\u00c4\u2021e.9.jpg\" class=\"attachment-thumbnail size-thumbnail\" alt=\"\" loading=\"lazy\" \/><\/a>\n\t\t\t<\/dt><\/dl><br style=\"clear: both\" \/><dl class='gallery-item'>\n\t\t\t<dt class='gallery-icon '>\n\t\t\t\t<a href='https:\/\/www.visit-ulcinj.com\/blog\/wp-content\/uploads\/2010\/02\/Rijeka-Bojana-zatvorila-u\u00c5\u00a1\u00c4\u2021e.6.jpg'><img width=\"1\" height=\"1\" src=\"https:\/\/www.visit-ulcinj.com\/blog\/wp-content\/uploads\/2010\/02\/Rijeka-Bojana-zatvorila-u\u00c5\u00a1\u00c4\u2021e.6.jpg\" class=\"attachment-thumbnail size-thumbnail\" alt=\"\" loading=\"lazy\" \/><\/a>\n\t\t\t<\/dt><\/dl><dl class='gallery-item'>\n\t\t\t<dt class='gallery-icon '>\n\t\t\t\t<a href='https:\/\/www.visit-ulcinj.com\/blog\/wp-content\/uploads\/2010\/02\/Rijeka-Bojana-zatvorila-u\u00c5\u00a1\u00c4\u2021e.5.jpg'><img width=\"1\" height=\"1\" src=\"https:\/\/www.visit-ulcinj.com\/blog\/wp-content\/uploads\/2010\/02\/Rijeka-Bojana-zatvorila-u\u00c5\u00a1\u00c4\u2021e.5.jpg\" class=\"attachment-thumbnail size-thumbnail\" alt=\"\" loading=\"lazy\" \/><\/a>\n\t\t\t<\/dt><\/dl><dl class='gallery-item'>\n\t\t\t<dt class='gallery-icon '>\n\t\t\t\t<a href='https:\/\/www.visit-ulcinj.com\/blog\/wp-content\/uploads\/2010\/02\/Rijeka-Bojana-zatvorila-u\u00c5\u00a1\u00c4\u2021e.4.jpg'><img width=\"1\" height=\"1\" src=\"https:\/\/www.visit-ulcinj.com\/blog\/wp-content\/uploads\/2010\/02\/Rijeka-Bojana-zatvorila-u\u00c5\u00a1\u00c4\u2021e.4.jpg\" class=\"attachment-thumbnail size-thumbnail\" alt=\"\" loading=\"lazy\" \/><\/a>\n\t\t\t<\/dt><\/dl><br style=\"clear: both\" \/><dl class='gallery-item'>\n\t\t\t<dt class='gallery-icon '>\n\t\t\t\t<a href='https:\/\/www.visit-ulcinj.com\/blog\/wp-content\/uploads\/2010\/02\/Rijeka-Bojana-zatvorila-u\u00c5\u00a1\u00c4\u2021e.3.jpg'><img width=\"1\" height=\"1\" src=\"https:\/\/www.visit-ulcinj.com\/blog\/wp-content\/uploads\/2010\/02\/Rijeka-Bojana-zatvorila-u\u00c5\u00a1\u00c4\u2021e.3.jpg\" class=\"attachment-thumbnail size-thumbnail\" alt=\"\" loading=\"lazy\" \/><\/a>\n\t\t\t<\/dt><\/dl><dl class='gallery-item'>\n\t\t\t<dt class='gallery-icon '>\n\t\t\t\t<a href='https:\/\/www.visit-ulcinj.com\/blog\/wp-content\/uploads\/2010\/02\/Rijeka-Bojana-zatvorila-u\u00c5\u00a1\u00c4\u2021e.2.jpg'><img width=\"1\" height=\"1\" src=\"https:\/\/www.visit-ulcinj.com\/blog\/wp-content\/uploads\/2010\/02\/Rijeka-Bojana-zatvorila-u\u00c5\u00a1\u00c4\u2021e.2.jpg\" class=\"attachment-thumbnail size-thumbnail\" alt=\"\" loading=\"lazy\" \/><\/a>\n\t\t\t<\/dt><\/dl><dl class='gallery-item'>\n\t\t\t<dt class='gallery-icon '>\n\t\t\t\t<a href='https:\/\/www.visit-ulcinj.com\/blog\/wp-content\/uploads\/2010\/02\/Rijeka-Bojana-zatvorila-u\u00c5\u00a1\u00c4\u2021e.1.jpg'><img width=\"1\" height=\"1\" src=\"https:\/\/www.visit-ulcinj.com\/blog\/wp-content\/uploads\/2010\/02\/Rijeka-Bojana-zatvorila-u\u00c5\u00a1\u00c4\u2021e.1.jpg\" class=\"attachment-thumbnail size-thumbnail\" alt=\"\" loading=\"lazy\" \/><\/a>\n\t\t\t<\/dt><\/dl><br style=\"clear: both\" \/>\n\t\t<\/div>\n<br \/>\n<!--YouTube Error: bad URL entered--><\/p>\n","protected":false},"excerpt":{"rendered":"<p>Lo\u0161e vrijeme i veliki talasi u proteklih mjesec dana skoro su zatvorili u\u0161?a rijeke Bojane i kanala Port Milena u more, onemogu?iv\u0161i ulcinjskim ribarima da izlaze ?amcima u ribolov. Situacija je, isti?u ribari sa Bojane, veoma te\u0161ka jer niti se mo\u017ee uploviti ni isploviti u Bojanu. \u2013 Rijeka je posljednjih mjesec dana nanijela velike koli?ine [&hellip;]<\/p>\n","protected":false},"author":1,"featured_media":0,"comment_status":"open","ping_status":"closed","sticky":false,"template":"","format":"standard","meta":{"spay_email":"","jetpack_publicize_message":"","jetpack_is_tweetstorm":false,"jetpack_publicize_feature_enabled":true},"categories":[10],"tags":[138,13518,20,2118,408,19,13517],"jetpack_publicize_connections":[],"yoast_head":"<!-- This site is optimized with the Yoast SEO plugin v19.1 - https:\/\/yoast.com\/wordpress\/plugins\/seo\/ -->\n<title>Nevolje ulcinjskih ribara: Bojana \u201ezatvorila&quot; u\u0161?e - Lajme nga Ulqini<\/title>\n<meta name=\"description\" content=\"Lo\u0161e vrijeme i veliki talasi u proteklih mjesec dana skoro su zatvorili u\u0161?a rijeke Bojane i kanala Port Milena u more, onemogu?iv\u0161i ulcinjskim ribarima\" \/>\n<meta name=\"robots\" content=\"index, follow, max-snippet:-1, max-image-preview:large, max-video-preview:-1\" \/>\n<link rel=\"canonical\" href=\"https:\/\/www.visit-ulcinj.com\/blog\/2010\/02\/13\/nevolje-ulcinjskih-ribara-bojana-\u201ezatvorila-usce\/\" \/>\n<meta property=\"og:locale\" content=\"en_US\" \/>\n<meta property=\"og:type\" content=\"article\" \/>\n<meta property=\"og:title\" content=\"Nevolje ulcinjskih ribara: Bojana \u201ezatvorila&quot; u\u0161?e - Lajme nga Ulqini\" \/>\n<meta property=\"og:description\" content=\"Lo\u0161e vrijeme i veliki talasi u proteklih mjesec dana skoro su zatvorili u\u0161?a rijeke Bojane i kanala Port Milena u more, onemogu?iv\u0161i ulcinjskim ribarima\" \/>\n<meta property=\"og:url\" content=\"https:\/\/www.visit-ulcinj.com\/blog\/2010\/02\/13\/nevolje-ulcinjskih-ribara-bojana-\u201ezatvorila-usce\/\" \/>\n<meta property=\"og:site_name\" content=\"Lajme nga Ulqini\" \/>\n<meta property=\"article:published_time\" content=\"2010-02-13T12:33:18+00:00\" \/>\n<meta property=\"article:modified_time\" content=\"2010-02-13T12:34:55+00:00\" \/>\n<meta property=\"og:image\" content=\"https:\/\/www.visit-ulcinj.com\/blog\/wp-content\/uploads\/2010\/02\/Rijeka-Bojana-zatvorila-u\u00c5\u00a1\u00c4\u2021e.jpg\" \/>\n<meta name=\"twitter:label1\" content=\"Written by\" \/>\n\t<meta name=\"twitter:data1\" content=\"ulqini\" \/>\n\t<meta name=\"twitter:label2\" content=\"Est. reading time\" \/>\n\t<meta name=\"twitter:data2\" content=\"1 minute\" \/>\n<script type=\"application\/ld+json\" class=\"yoast-schema-graph\">{\"@context\":\"https:\/\/schema.org\",\"@graph\":[{\"@type\":\"WebSite\",\"@id\":\"https:\/\/www.visit-ulcinj.com\/blog\/#website\",\"url\":\"https:\/\/www.visit-ulcinj.com\/blog\/\",\"name\":\"Lajme nga Ulqini\",\"description\":\"Lajme,Vijesti,Ulqini,Ulqin,Crna Gora,Mali i Zi\",\"potentialAction\":[{\"@type\":\"SearchAction\",\"target\":{\"@type\":\"EntryPoint\",\"urlTemplate\":\"https:\/\/www.visit-ulcinj.com\/blog\/?s={search_term_string}\"},\"query-input\":\"required name=search_term_string\"}],\"inLanguage\":\"en-US\"},{\"@type\":\"WebPage\",\"@id\":\"https:\/\/www.visit-ulcinj.com\/blog\/2010\/02\/13\/nevolje-ulcinjskih-ribara-bojana-%e2%80%9ezatvorila-usce\/#webpage\",\"url\":\"https:\/\/www.visit-ulcinj.com\/blog\/2010\/02\/13\/nevolje-ulcinjskih-ribara-bojana-%e2%80%9ezatvorila-usce\/\",\"name\":\"Nevolje ulcinjskih ribara: Bojana \u201ezatvorila\\\" u\u0161?e - Lajme nga Ulqini\",\"isPartOf\":{\"@id\":\"https:\/\/www.visit-ulcinj.com\/blog\/#website\"},\"datePublished\":\"2010-02-13T12:33:18+00:00\",\"dateModified\":\"2010-02-13T12:34:55+00:00\",\"author\":{\"@id\":\"https:\/\/www.visit-ulcinj.com\/blog\/#\/schema\/person\/dcab619c614d3038751c63bc2aadc06d\"},\"description\":\"Lo\u0161e vrijeme i veliki talasi u proteklih mjesec dana skoro su zatvorili u\u0161?a rijeke Bojane i kanala Port Milena u more, onemogu?iv\u0161i ulcinjskim ribarima\",\"breadcrumb\":{\"@id\":\"https:\/\/www.visit-ulcinj.com\/blog\/2010\/02\/13\/nevolje-ulcinjskih-ribara-bojana-%e2%80%9ezatvorila-usce\/#breadcrumb\"},\"inLanguage\":\"en-US\",\"potentialAction\":[{\"@type\":\"ReadAction\",\"target\":[\"https:\/\/www.visit-ulcinj.com\/blog\/2010\/02\/13\/nevolje-ulcinjskih-ribara-bojana-%e2%80%9ezatvorila-usce\/\"]}]},{\"@type\":\"BreadcrumbList\",\"@id\":\"https:\/\/www.visit-ulcinj.com\/blog\/2010\/02\/13\/nevolje-ulcinjskih-ribara-bojana-%e2%80%9ezatvorila-usce\/#breadcrumb\",\"itemListElement\":[{\"@type\":\"ListItem\",\"position\":1,\"name\":\"Nevolje ulcinjskih ribara: Bojana \u201ezatvorila&#8221; u\u0161?e\"}]},{\"@type\":\"Person\",\"@id\":\"https:\/\/www.visit-ulcinj.com\/blog\/#\/schema\/person\/dcab619c614d3038751c63bc2aadc06d\",\"name\":\"ulqini\",\"sameAs\":[\"http:\/\/www.visit-ulcinj.com\"],\"url\":\"https:\/\/www.visit-ulcinj.com\/blog\/author\/admin\/\"}]}<\/script>\n<!-- \/ Yoast SEO plugin. -->","yoast_head_json":{"title":"Nevolje ulcinjskih ribara: Bojana \u201ezatvorila\" u\u0161?e - Lajme nga Ulqini","description":"Lo\u0161e vrijeme i veliki talasi u proteklih mjesec dana skoro su zatvorili u\u0161?a rijeke Bojane i kanala Port Milena u more, onemogu?iv\u0161i ulcinjskim ribarima","robots":{"index":"index","follow":"follow","max-snippet":"max-snippet:-1","max-image-preview":"max-image-preview:large","max-video-preview":"max-video-preview:-1"},"canonical":"https:\/\/www.visit-ulcinj.com\/blog\/2010\/02\/13\/nevolje-ulcinjskih-ribara-bojana-\u201ezatvorila-usce\/","og_locale":"en_US","og_type":"article","og_title":"Nevolje ulcinjskih ribara: Bojana \u201ezatvorila\" u\u0161?e - Lajme nga Ulqini","og_description":"Lo\u0161e vrijeme i veliki talasi u proteklih mjesec dana skoro su zatvorili u\u0161?a rijeke Bojane i kanala Port Milena u more, onemogu?iv\u0161i ulcinjskim ribarima","og_url":"https:\/\/www.visit-ulcinj.com\/blog\/2010\/02\/13\/nevolje-ulcinjskih-ribara-bojana-\u201ezatvorila-usce\/","og_site_name":"Lajme nga Ulqini","article_published_time":"2010-02-13T12:33:18+00:00","article_modified_time":"2010-02-13T12:34:55+00:00","og_image":[{"url":"https:\/\/www.visit-ulcinj.com\/blog\/wp-content\/uploads\/2010\/02\/Rijeka-Bojana-zatvorila-u\u00c5\u00a1\u00c4\u2021e.jpg"}],"twitter_misc":{"Written by":"ulqini","Est. reading time":"1 minute"},"schema":{"@context":"https:\/\/schema.org","@graph":[{"@type":"WebSite","@id":"https:\/\/www.visit-ulcinj.com\/blog\/#website","url":"https:\/\/www.visit-ulcinj.com\/blog\/","name":"Lajme nga Ulqini","description":"Lajme,Vijesti,Ulqini,Ulqin,Crna Gora,Mali i Zi","potentialAction":[{"@type":"SearchAction","target":{"@type":"EntryPoint","urlTemplate":"https:\/\/www.visit-ulcinj.com\/blog\/?s={search_term_string}"},"query-input":"required name=search_term_string"}],"inLanguage":"en-US"},{"@type":"WebPage","@id":"https:\/\/www.visit-ulcinj.com\/blog\/2010\/02\/13\/nevolje-ulcinjskih-ribara-bojana-%e2%80%9ezatvorila-usce\/#webpage","url":"https:\/\/www.visit-ulcinj.com\/blog\/2010\/02\/13\/nevolje-ulcinjskih-ribara-bojana-%e2%80%9ezatvorila-usce\/","name":"Nevolje ulcinjskih ribara: Bojana \u201ezatvorila\" u\u0161?e - Lajme nga Ulqini","isPartOf":{"@id":"https:\/\/www.visit-ulcinj.com\/blog\/#website"},"datePublished":"2010-02-13T12:33:18+00:00","dateModified":"2010-02-13T12:34:55+00:00","author":{"@id":"https:\/\/www.visit-ulcinj.com\/blog\/#\/schema\/person\/dcab619c614d3038751c63bc2aadc06d"},"description":"Lo\u0161e vrijeme i veliki talasi u proteklih mjesec dana skoro su zatvorili u\u0161?a rijeke Bojane i kanala Port Milena u more, onemogu?iv\u0161i ulcinjskim ribarima","breadcrumb":{"@id":"https:\/\/www.visit-ulcinj.com\/blog\/2010\/02\/13\/nevolje-ulcinjskih-ribara-bojana-%e2%80%9ezatvorila-usce\/#breadcrumb"},"inLanguage":"en-US","potentialAction":[{"@type":"ReadAction","target":["https:\/\/www.visit-ulcinj.com\/blog\/2010\/02\/13\/nevolje-ulcinjskih-ribara-bojana-%e2%80%9ezatvorila-usce\/"]}]},{"@type":"BreadcrumbList","@id":"https:\/\/www.visit-ulcinj.com\/blog\/2010\/02\/13\/nevolje-ulcinjskih-ribara-bojana-%e2%80%9ezatvorila-usce\/#breadcrumb","itemListElement":[{"@type":"ListItem","position":1,"name":"Nevolje ulcinjskih ribara: Bojana \u201ezatvorila&#8221; u\u0161?e"}]},{"@type":"Person","@id":"https:\/\/www.visit-ulcinj.com\/blog\/#\/schema\/person\/dcab619c614d3038751c63bc2aadc06d","name":"ulqini","sameAs":["http:\/\/www.visit-ulcinj.com"],"url":"https:\/\/www.visit-ulcinj.com\/blog\/author\/admin\/"}]}},"jetpack_featured_media_url":"","jetpack_sharing_enabled":true,"jetpack_shortlink":"https:\/\/wp.me\/pe6lTn-7Ti","_links":{"self":[{"href":"https:\/\/www.visit-ulcinj.com\/blog\/wp-json\/wp\/v2\/posts\/30336"}],"collection":[{"href":"https:\/\/www.visit-ulcinj.com\/blog\/wp-json\/wp\/v2\/posts"}],"about":[{"href":"https:\/\/www.visit-ulcinj.com\/blog\/wp-json\/wp\/v2\/types\/post"}],"author":[{"embeddable":true,"href":"https:\/\/www.visit-ulcinj.com\/blog\/wp-json\/wp\/v2\/users\/1"}],"replies":[{"embeddable":true,"href":"https:\/\/www.visit-ulcinj.com\/blog\/wp-json\/wp\/v2\/comments?post=30336"}],"version-history":[{"count":0,"href":"https:\/\/www.visit-ulcinj.com\/blog\/wp-json\/wp\/v2\/posts\/30336\/revisions"}],"wp:attachment":[{"href":"https:\/\/www.visit-ulcinj.com\/blog\/wp-json\/wp\/v2\/media?parent=30336"}],"wp:term":[{"taxonomy":"category","embeddable":true,"href":"https:\/\/www.visit-ulcinj.com\/blog\/wp-json\/wp\/v2\/categories?post=30336"},{"taxonomy":"post_tag","embeddable":true,"href":"https:\/\/www.visit-ulcinj.com\/blog\/wp-json\/wp\/v2\/tags?post=30336"}],"curies":[{"name":"wp","href":"https:\/\/api.w.org\/{rel}","templated":true}]}}