{"id":30351,"date":"2010-02-13T15:22:04","date_gmt":"2010-02-13T13:22:04","guid":{"rendered":"http:\/\/www.visit-ulcinj.com\/blog\/?p=30351"},"modified":"2010-02-13T15:22:04","modified_gmt":"2010-02-13T13:22:04","slug":"ledina-celo-hyn-ne-klasifikimet-gjermane","status":"publish","type":"post","link":"https:\/\/www.visit-ulcinj.com\/blog\/2010\/02\/13\/ledina-celo-hyn-ne-klasifikimet-gjermane\/","title":{"rendered":"Ledina \u00c7elo: Hyn n\u00eb klasifikimet gjermane"},"content":{"rendered":"<p><a href=\"http:\/\/www.visit-ulcinj.com\/blog\/wp-content\/uploads\/2010\/02\/Ledina-\u00c7elo.4.jpg\"><a href=\"http:\/\/www.visit-ulcinj.com\/blog\/wp-content\/uploads\/2010\/02\/Ledina-\u00c7elo.jpg\"><img loading=\"lazy\" class=\"alignleft size-full wp-image-30356\" title=\"Ledina \u00c7elo\" src=\"http:\/\/www.visit-ulcinj.com\/blog\/wp-content\/uploads\/2010\/02\/Ledina-\u00c7elo.jpg\" alt=\"Ledina \u00c7elo\" width=\"580\" height=\"402\" \/><\/a><\/a>M\u00eb m\u00eb par\u00eb zbuluam k\u00ebng\u00ebn e re t\u00eb k\u00ebng\u00ebtares s\u00eb njohur Ledina \u00c7elo, \u201cDangerous\u201d. Nj\u00eb k\u00ebng\u00eb, q\u00eb artisja e kishte p\u00ebrgatitur p\u00ebr tregun europian. Dhe ja n\u00eb fakt duket se \u00c7elo po ia arrin q\u00ebllimit. Nj\u00eb jav\u00eb m\u00eb par\u00eb k\u00ebnga e saj ka hyr\u00eb n\u00eb klasifikimin e k\u00ebng\u00ebve n\u00eb Gjermani. Kjo ka qen\u00eb edhe dhurata m\u00eb e bukur q\u00eb artistja ka marr\u00eb p\u00ebr dit\u00eblindjen e saj q\u00eb e kishte kat\u00ebr dit\u00eb m\u00eb par\u00eb. Nd\u00ebrkaq Ledina \u00ebsht\u00eb duke shijuar martes\u00ebn e saj, t\u00eb cil\u00ebn ka vendosur ta celebroj\u00eb edhe n\u00eb nj\u00eb fest\u00eb t\u00eb madhe k\u00ebt\u00eb vit. Por, detaje t\u00eb tjera do t\u2019i zbuloni n\u00eb numrat e ardhsh\u00ebm t\u00eb \u201cBluetooth\u201d.<\/p>\n<p><strong>Bluetooth<br \/>\n<br \/>\n<!--YouTube Error: bad URL entered--><\/strong><\/p>\n","protected":false},"excerpt":{"rendered":"<p>M\u00eb m\u00eb par\u00eb zbuluam k\u00ebng\u00ebn e re t\u00eb k\u00ebng\u00ebtares s\u00eb njohur Ledina \u00c7elo, \u201cDangerous\u201d. Nj\u00eb k\u00ebng\u00eb, q\u00eb artisja e kishte p\u00ebrgatitur p\u00ebr tregun europian. Dhe ja n\u00eb fakt duket se \u00c7elo po ia arrin q\u00ebllimit. Nj\u00eb jav\u00eb m\u00eb par\u00eb k\u00ebnga e saj ka hyr\u00eb n\u00eb klasifikimin e k\u00ebng\u00ebve n\u00eb Gjermani. Kjo ka qen\u00eb edhe dhurata [&hellip;]<\/p>\n","protected":false},"author":1,"featured_media":0,"comment_status":"open","ping_status":"closed","sticky":false,"template":"","format":"standard","meta":{"spay_email":"","jetpack_publicize_message":"","jetpack_is_tweetstorm":false,"jetpack_publicize_feature_enabled":true},"categories":[1],"tags":[13520,13519],"jetpack_publicize_connections":[],"yoast_head":"<!-- This site is optimized with the Yoast SEO plugin v19.1 - https:\/\/yoast.com\/wordpress\/plugins\/seo\/ -->\n<title>Ledina \u00c7elo: Hyn n\u00eb klasifikimet gjermane - Lajme nga Ulqini<\/title>\n<meta name=\"description\" content=\"M\u00eb m\u00eb par\u00eb zbuluam k\u00ebng\u00ebn e re t\u00eb k\u00ebng\u00ebtares s\u00eb njohur Ledina \u00c7elo, \u201cDangerous\u201d. Nj\u00eb k\u00ebng\u00eb, q\u00eb artisja e kishte p\u00ebrgatitur p\u00ebr tregun europian. Dhe ja n\u00eb\" \/>\n<meta name=\"robots\" content=\"index, follow, max-snippet:-1, max-image-preview:large, max-video-preview:-1\" \/>\n<link rel=\"canonical\" href=\"https:\/\/www.visit-ulcinj.com\/blog\/2010\/02\/13\/ledina-celo-hyn-ne-klasifikimet-gjermane\/\" \/>\n<meta property=\"og:locale\" content=\"en_US\" \/>\n<meta property=\"og:type\" content=\"article\" \/>\n<meta property=\"og:title\" content=\"Ledina \u00c7elo: Hyn n\u00eb klasifikimet gjermane - Lajme nga Ulqini\" \/>\n<meta property=\"og:description\" content=\"M\u00eb m\u00eb par\u00eb zbuluam k\u00ebng\u00ebn e re t\u00eb k\u00ebng\u00ebtares s\u00eb njohur Ledina \u00c7elo, \u201cDangerous\u201d. Nj\u00eb k\u00ebng\u00eb, q\u00eb artisja e kishte p\u00ebrgatitur p\u00ebr tregun europian. Dhe ja n\u00eb\" \/>\n<meta property=\"og:url\" content=\"https:\/\/www.visit-ulcinj.com\/blog\/2010\/02\/13\/ledina-celo-hyn-ne-klasifikimet-gjermane\/\" \/>\n<meta property=\"og:site_name\" content=\"Lajme nga Ulqini\" \/>\n<meta property=\"article:published_time\" content=\"2010-02-13T13:22:04+00:00\" \/>\n<meta property=\"og:image\" content=\"https:\/\/www.visit-ulcinj.com\/blog\/wp-content\/uploads\/2010\/02\/Ledina-\u00c3\u2021elo.1.jpg\" \/>\n<meta name=\"twitter:label1\" content=\"Written by\" \/>\n\t<meta name=\"twitter:data1\" content=\"ulqini\" \/>\n\t<meta name=\"twitter:label2\" content=\"Est. reading time\" \/>\n\t<meta name=\"twitter:data2\" content=\"1 minute\" \/>\n<script type=\"application\/ld+json\" class=\"yoast-schema-graph\">{\"@context\":\"https:\/\/schema.org\",\"@graph\":[{\"@type\":\"WebSite\",\"@id\":\"https:\/\/www.visit-ulcinj.com\/blog\/#website\",\"url\":\"https:\/\/www.visit-ulcinj.com\/blog\/\",\"name\":\"Lajme nga Ulqini\",\"description\":\"Lajme,Vijesti,Ulqini,Ulqin,Crna Gora,Mali i Zi\",\"potentialAction\":[{\"@type\":\"SearchAction\",\"target\":{\"@type\":\"EntryPoint\",\"urlTemplate\":\"https:\/\/www.visit-ulcinj.com\/blog\/?s={search_term_string}\"},\"query-input\":\"required name=search_term_string\"}],\"inLanguage\":\"en-US\"},{\"@type\":\"WebPage\",\"@id\":\"https:\/\/www.visit-ulcinj.com\/blog\/2010\/02\/13\/ledina-celo-hyn-ne-klasifikimet-gjermane\/#webpage\",\"url\":\"https:\/\/www.visit-ulcinj.com\/blog\/2010\/02\/13\/ledina-celo-hyn-ne-klasifikimet-gjermane\/\",\"name\":\"Ledina \u00c7elo: Hyn n\u00eb klasifikimet gjermane - Lajme nga Ulqini\",\"isPartOf\":{\"@id\":\"https:\/\/www.visit-ulcinj.com\/blog\/#website\"},\"datePublished\":\"2010-02-13T13:22:04+00:00\",\"dateModified\":\"2010-02-13T13:22:04+00:00\",\"author\":{\"@id\":\"https:\/\/www.visit-ulcinj.com\/blog\/#\/schema\/person\/dcab619c614d3038751c63bc2aadc06d\"},\"description\":\"M\u00eb m\u00eb par\u00eb zbuluam k\u00ebng\u00ebn e re t\u00eb k\u00ebng\u00ebtares s\u00eb njohur Ledina \u00c7elo, \u201cDangerous\u201d. Nj\u00eb k\u00ebng\u00eb, q\u00eb artisja e kishte p\u00ebrgatitur p\u00ebr tregun europian. Dhe ja n\u00eb\",\"breadcrumb\":{\"@id\":\"https:\/\/www.visit-ulcinj.com\/blog\/2010\/02\/13\/ledina-celo-hyn-ne-klasifikimet-gjermane\/#breadcrumb\"},\"inLanguage\":\"en-US\",\"potentialAction\":[{\"@type\":\"ReadAction\",\"target\":[\"https:\/\/www.visit-ulcinj.com\/blog\/2010\/02\/13\/ledina-celo-hyn-ne-klasifikimet-gjermane\/\"]}]},{\"@type\":\"BreadcrumbList\",\"@id\":\"https:\/\/www.visit-ulcinj.com\/blog\/2010\/02\/13\/ledina-celo-hyn-ne-klasifikimet-gjermane\/#breadcrumb\",\"itemListElement\":[{\"@type\":\"ListItem\",\"position\":1,\"name\":\"Ledina \u00c7elo: Hyn n\u00eb klasifikimet gjermane\"}]},{\"@type\":\"Person\",\"@id\":\"https:\/\/www.visit-ulcinj.com\/blog\/#\/schema\/person\/dcab619c614d3038751c63bc2aadc06d\",\"name\":\"ulqini\",\"sameAs\":[\"http:\/\/www.visit-ulcinj.com\"],\"url\":\"https:\/\/www.visit-ulcinj.com\/blog\/author\/admin\/\"}]}<\/script>\n<!-- \/ Yoast SEO plugin. -->","yoast_head_json":{"title":"Ledina \u00c7elo: Hyn n\u00eb klasifikimet gjermane - Lajme nga Ulqini","description":"M\u00eb m\u00eb par\u00eb zbuluam k\u00ebng\u00ebn e re t\u00eb k\u00ebng\u00ebtares s\u00eb njohur Ledina \u00c7elo, \u201cDangerous\u201d. Nj\u00eb k\u00ebng\u00eb, q\u00eb artisja e kishte p\u00ebrgatitur p\u00ebr tregun europian. Dhe ja n\u00eb","robots":{"index":"index","follow":"follow","max-snippet":"max-snippet:-1","max-image-preview":"max-image-preview:large","max-video-preview":"max-video-preview:-1"},"canonical":"https:\/\/www.visit-ulcinj.com\/blog\/2010\/02\/13\/ledina-celo-hyn-ne-klasifikimet-gjermane\/","og_locale":"en_US","og_type":"article","og_title":"Ledina \u00c7elo: Hyn n\u00eb klasifikimet gjermane - Lajme nga Ulqini","og_description":"M\u00eb m\u00eb par\u00eb zbuluam k\u00ebng\u00ebn e re t\u00eb k\u00ebng\u00ebtares s\u00eb njohur Ledina \u00c7elo, \u201cDangerous\u201d. Nj\u00eb k\u00ebng\u00eb, q\u00eb artisja e kishte p\u00ebrgatitur p\u00ebr tregun europian. Dhe ja n\u00eb","og_url":"https:\/\/www.visit-ulcinj.com\/blog\/2010\/02\/13\/ledina-celo-hyn-ne-klasifikimet-gjermane\/","og_site_name":"Lajme nga Ulqini","article_published_time":"2010-02-13T13:22:04+00:00","og_image":[{"url":"https:\/\/www.visit-ulcinj.com\/blog\/wp-content\/uploads\/2010\/02\/Ledina-\u00c3\u2021elo.1.jpg"}],"twitter_misc":{"Written by":"ulqini","Est. reading time":"1 minute"},"schema":{"@context":"https:\/\/schema.org","@graph":[{"@type":"WebSite","@id":"https:\/\/www.visit-ulcinj.com\/blog\/#website","url":"https:\/\/www.visit-ulcinj.com\/blog\/","name":"Lajme nga Ulqini","description":"Lajme,Vijesti,Ulqini,Ulqin,Crna Gora,Mali i Zi","potentialAction":[{"@type":"SearchAction","target":{"@type":"EntryPoint","urlTemplate":"https:\/\/www.visit-ulcinj.com\/blog\/?s={search_term_string}"},"query-input":"required name=search_term_string"}],"inLanguage":"en-US"},{"@type":"WebPage","@id":"https:\/\/www.visit-ulcinj.com\/blog\/2010\/02\/13\/ledina-celo-hyn-ne-klasifikimet-gjermane\/#webpage","url":"https:\/\/www.visit-ulcinj.com\/blog\/2010\/02\/13\/ledina-celo-hyn-ne-klasifikimet-gjermane\/","name":"Ledina \u00c7elo: Hyn n\u00eb klasifikimet gjermane - Lajme nga Ulqini","isPartOf":{"@id":"https:\/\/www.visit-ulcinj.com\/blog\/#website"},"datePublished":"2010-02-13T13:22:04+00:00","dateModified":"2010-02-13T13:22:04+00:00","author":{"@id":"https:\/\/www.visit-ulcinj.com\/blog\/#\/schema\/person\/dcab619c614d3038751c63bc2aadc06d"},"description":"M\u00eb m\u00eb par\u00eb zbuluam k\u00ebng\u00ebn e re t\u00eb k\u00ebng\u00ebtares s\u00eb njohur Ledina \u00c7elo, \u201cDangerous\u201d. Nj\u00eb k\u00ebng\u00eb, q\u00eb artisja e kishte p\u00ebrgatitur p\u00ebr tregun europian. Dhe ja n\u00eb","breadcrumb":{"@id":"https:\/\/www.visit-ulcinj.com\/blog\/2010\/02\/13\/ledina-celo-hyn-ne-klasifikimet-gjermane\/#breadcrumb"},"inLanguage":"en-US","potentialAction":[{"@type":"ReadAction","target":["https:\/\/www.visit-ulcinj.com\/blog\/2010\/02\/13\/ledina-celo-hyn-ne-klasifikimet-gjermane\/"]}]},{"@type":"BreadcrumbList","@id":"https:\/\/www.visit-ulcinj.com\/blog\/2010\/02\/13\/ledina-celo-hyn-ne-klasifikimet-gjermane\/#breadcrumb","itemListElement":[{"@type":"ListItem","position":1,"name":"Ledina \u00c7elo: Hyn n\u00eb klasifikimet gjermane"}]},{"@type":"Person","@id":"https:\/\/www.visit-ulcinj.com\/blog\/#\/schema\/person\/dcab619c614d3038751c63bc2aadc06d","name":"ulqini","sameAs":["http:\/\/www.visit-ulcinj.com"],"url":"https:\/\/www.visit-ulcinj.com\/blog\/author\/admin\/"}]}},"jetpack_featured_media_url":"","jetpack_sharing_enabled":true,"jetpack_shortlink":"https:\/\/wp.me\/pe6lTn-7Tx","_links":{"self":[{"href":"https:\/\/www.visit-ulcinj.com\/blog\/wp-json\/wp\/v2\/posts\/30351"}],"collection":[{"href":"https:\/\/www.visit-ulcinj.com\/blog\/wp-json\/wp\/v2\/posts"}],"about":[{"href":"https:\/\/www.visit-ulcinj.com\/blog\/wp-json\/wp\/v2\/types\/post"}],"author":[{"embeddable":true,"href":"https:\/\/www.visit-ulcinj.com\/blog\/wp-json\/wp\/v2\/users\/1"}],"replies":[{"embeddable":true,"href":"https:\/\/www.visit-ulcinj.com\/blog\/wp-json\/wp\/v2\/comments?post=30351"}],"version-history":[{"count":0,"href":"https:\/\/www.visit-ulcinj.com\/blog\/wp-json\/wp\/v2\/posts\/30351\/revisions"}],"wp:attachment":[{"href":"https:\/\/www.visit-ulcinj.com\/blog\/wp-json\/wp\/v2\/media?parent=30351"}],"wp:term":[{"taxonomy":"category","embeddable":true,"href":"https:\/\/www.visit-ulcinj.com\/blog\/wp-json\/wp\/v2\/categories?post=30351"},{"taxonomy":"post_tag","embeddable":true,"href":"https:\/\/www.visit-ulcinj.com\/blog\/wp-json\/wp\/v2\/tags?post=30351"}],"curies":[{"name":"wp","href":"https:\/\/api.w.org\/{rel}","templated":true}]}}