{"id":30358,"date":"2010-02-13T16:13:29","date_gmt":"2010-02-13T14:13:29","guid":{"rendered":"http:\/\/www.visit-ulcinj.com\/blog\/?p=30358"},"modified":"2010-02-17T15:28:43","modified_gmt":"2010-02-17T13:28:43","slug":"aurela-hoxha-se-shpejti-do-te-me-shihni-ndryshe","status":"publish","type":"post","link":"https:\/\/www.visit-ulcinj.com\/blog\/2010\/02\/13\/aurela-hoxha-se-shpejti-do-te-me-shihni-ndryshe\/","title":{"rendered":"Aurela Hoxha: Se shpejti do te me shihni ndryshe"},"content":{"rendered":"<p><strong><a href=\"http:\/\/www.visit-ulcinj.com\/blog\/wp-content\/uploads\/2010\/02\/Aurela-Hoxha.jpg\"><img loading=\"lazy\" class=\"alignleft size-full wp-image-30359\" title=\"Aurela Hoxha\" src=\"http:\/\/www.visit-ulcinj.com\/blog\/wp-content\/uploads\/2010\/02\/Aurela-Hoxha.jpg\" alt=\"Aurela Hoxha\" width=\"402\" height=\"604\" \/><\/a>T\u00eb mungon televizioni?<\/strong><\/p>\n<p>Shum\u00eb, edhe pse \u00ebsht\u00eb nj\u00eb periudh\u00eb pushimi p\u00ebr mua dhe jam n\u00eb projekte p\u00ebr nj\u00eb rikthim t\u00eb bukur. Them se m\u00eb mungon \u00e7do dit\u00eb q\u00eb kalon.<\/p>\n<p><strong>Si ishte eksperienca me Gjebren\u00eb?<\/strong><\/p>\n<p>Un\u00eb e kam quajtur veten me fat, q\u00eb nj\u00eb em\u00ebr i madh n\u00eb bot\u00ebn e spektaklit si Ardit Gjebrea besoi te mua dhe m\u00eb dha shansin t\u00eb jem krah tij p\u00ebr nj\u00eb sezon te e \u2018Diela shqiptare\u2019. K\u00ebt\u00eb eksperienc\u00eb e vler\u00ebsoj shum\u00eb pasi m\u00eb ndihmon p\u00ebr projektet q\u00eb kam n\u00eb vazhdim.<\/p>\n<p><strong>Mendon se \u00ebsht\u00eb m\u00eb interesante bota e televizionit apo ajo e miseve?<\/strong><\/p>\n<p>T\u00eb dyja pa diskutim mbeten shum\u00eb interesante, dhe t\u00eb ve\u00e7anta n\u00eb llojin e vet. Un\u00eb e kam shum\u00eb pasion televizionin, bot\u00ebn e spektaklit, megjithat\u00eb nuk di t\u2019i ndaj.<br \/>\n<strong>\u00c7far\u00eb t\u00eb shtyu t\u00eb hapje nj\u00eb agjenci modelesh?<\/strong><\/p>\n<p>Pasioni q\u00eb kam p\u00ebr mod\u00ebn, dhe mungesa e theksuar e aktiviteteve t\u00eb mod\u00ebs n\u00eb Shqip\u00ebri apo t\u00eb nj\u00eb agjencie t\u00eb mir\u00ebfillt\u00eb mode. Un\u00eb kam qen\u00eb gjithmon\u00eb e ides\u00eb q\u00eb shqiptar\u00ebt e duan t\u00eb bukur\u00ebn, por nuk kemi investuar shum\u00eb n\u00eb k\u00ebt\u00eb drejtim. Jam shum\u00eb e apasionuar pas k\u00ebsaj gj\u00ebje, dhe mendoj q\u00eb ky \u00ebsht\u00eb vet\u00ebm fillimi i asaj q\u00eb dua t\u00eb b\u00ebj n\u00eb Shqip\u00ebri n\u00eb lidhje me mod\u00ebn.<br \/>\n<strong><br \/>\n\u00c7far\u00eb b\u00ebn agjencia juaj? Si punohet e cili \u00ebsht\u00eb q\u00ebllimi?<\/strong><\/p>\n<p>Agjencia AS merret kryesisht me menaxhimin dhe promovimin e modeleve t\u00eb reja, ky \u00ebsht\u00eb dhe q\u00ebllimi principal i hapjes s\u00eb k\u00ebsaj agjencie q\u00eb duhet th\u00ebn\u00eb \u00ebsht\u00eb e vetmja n\u00eb Shqip\u00ebri q\u00eb \u00ebsht\u00eb e regjistruar dhe q\u00eb funksionon m\u00eb s\u00eb miri. Prej nj\u00eb viti e gjysm\u00eb kemi regjistruar me dhjet\u00ebra vajza dhe djem shqiptar\u00eb t\u00eb apasionuar pas mod\u00ebs dhe i kemi angazhuar me projektet e shumta q\u00eb AS ka realizuar n\u00eb Shqip\u00ebri dhe jasht\u00eb saj, me q\u00ebllimin e vet\u00ebm promovimin e tyre.<\/p>\n<p><strong>Si ndihesh m\u00eb shum\u00eb menaxhere apo show girl?<\/strong><\/p>\n<p>\u00cbsht\u00eb akoma her\u00ebt p\u00ebr t\u00eb p\u00ebrcaktuar realisht ku e gjej veten, pasi un\u00eb kam provuar shum\u00eb fusha, dhe nd\u00ebrkaq punoj dhe vazhdoj studimet n\u00eb nj\u00eb fakultet t\u00eb dyt\u00eb, por nj\u00eb gj\u00eb \u00ebsht\u00eb e sigurt q\u00eb Aurela nuk e sheh dot veten larg bot\u00ebs s\u00eb artit.<\/p>\n<p><strong>Cil\u00ebn do lije nga k\u00ebto dy gj\u00ebra p\u00ebr tjetr\u00ebn?<\/strong><a href=\"http:\/\/www.visit-ulcinj.com\/blog\/wp-content\/uploads\/2010\/02\/Aurela-Hoxha.1.jpg\"><img loading=\"lazy\" class=\"alignright size-full wp-image-30360\" title=\"Aurela Hoxha.1\" src=\"http:\/\/www.visit-ulcinj.com\/blog\/wp-content\/uploads\/2010\/02\/Aurela-Hoxha.1.jpg\" alt=\"Aurela Hoxha.1\" width=\"344\" height=\"332\" \/><\/a><\/p>\n<p>Nuk jam shum\u00eb e zonja t\u00eb b\u00ebj nj\u00eb zgjedhje, aq m\u00eb tep\u00ebr kur b\u00ebhet fjal\u00eb p\u00ebr dy fusha q\u00eb i dua shum\u00eb, por jam e sigurt q\u00eb do gjej nj\u00eb t\u00eb mesme t\u00eb p\u00ebrbashk\u00ebt.<\/p>\n<p><strong>Jeni e dashuruar?<\/strong><\/p>\n<p>Shum\u00eb.<br \/>\n<strong><br \/>\nDo t\u00eb kishe d\u00ebshir\u00eb t\u00eb b\u00ebje nj\u00eb dasm\u00eb t\u00eb madhe?<\/strong><\/p>\n<p>\u00cbsht\u00eb \u00ebndrra e \u00e7do vajze, dhe un\u00eb e kam \u00ebnd\u00ebrruar me mij\u00ebra her\u00eb nj\u00eb ceremoni madh\u00ebshtore, me t\u00eb gjith\u00eb njer\u00ebzit dhe miqt\u00eb tan\u00eb t\u00eb dashur, dhe pse jo nj\u00eb muaj mjalti t\u00eb gjat\u00eb dhe t\u00eb paharruesh\u00ebm.<\/p>\n<p><strong>Si u njoh\u00ebt me Adin?<\/strong><\/p>\n<p>Fati donte q\u00eb familja ime, kur un\u00eb isha 16 vje\u00e7e, t\u00eb blinte nj\u00eb apartament nj\u00eb kat m\u00eb lart\u00eb sht\u00ebpis\u00eb s\u00eb Adit. Ndodhi q\u00eb aty u njoh\u00ebm. Ishte dashuria ime e par\u00eb q\u00eb m\u00eb b\u00ebri t\u00eb b\u00ebj zgjedhjen m\u00eb t\u00eb r\u00ebnd\u00ebsishme t\u00eb jet\u00ebs n\u00eb nj\u00eb mosh\u00eb aq delikate.<\/p>\n<p><strong>Sa t\u00eb mb\u00ebshtet ai n\u00eb pun\u00ebn t\u00ebnde?<\/strong><\/p>\n<p>\u00cbsht\u00eb nj\u00eb mb\u00ebshtetje e madhe n\u00eb t\u00eb gjitha projektet q\u00eb un\u00eb marr, dhe aq m\u00eb tep\u00ebr n\u00eb pun\u00ebn time aktuale. Adi nuk \u00ebsht\u00eb marr\u00eb kurr\u00eb me media apo mod\u00eb. Ai ka studiuar deg\u00eb krejt\u00ebsisht t\u00eb kund\u00ebrt dhe tani menaxhon bizneset e tij, gj\u00eb q\u00eb e pengon t\u00eb gjithp\u00ebrfshihet n\u00eb pun\u00ebn time, megjithat\u00eb \u00ebsht\u00eb nj\u00eb mbeshtetje e madhe shpirt\u00ebrore, gj\u00eb q\u00eb m\u00eb ndihmon t\u00eb ec\u00eb p\u00ebrpara.<br \/>\n<strong><br \/>\nNervozohesh shpesh me t\u00eb p\u00ebr \u00e7\u00ebshtje pune?<\/strong><\/p>\n<p>Nuk ndodh, p\u00ebr vet faktin q\u00eb nuk punojm\u00eb t\u00eb dy n\u00eb t\u00eb nj\u00ebjt\u00ebn pun\u00eb. Thjesht m\u00eb ndodh t\u00eb m\u00ebrzitem me t\u00eb kur p\u00ebr shkak t\u00eb udh\u00ebtimeve t\u00eb shpeshta q\u00eb ben, ndodh mos t\u00eb jet\u00eb prezent n\u00eb t\u00eb gjitha eventet q\u00eb AS organizon.<\/p>\n<p><strong>Cili \u00ebsht\u00eb sekreti p\u00ebr t\u00eb mbajtur trupin n\u00eb form\u00eb?<\/strong><\/p>\n<p>Nj\u00eb diet\u00eb e sh\u00ebndetshme ushqimore, palest\u00ebr t\u00eb pakt\u00ebn tre her\u00eb n\u00eb jav\u00eb.<\/p>\n<p>\u00c7far\u00eb do t\u00eb refuzoje nga k\u00ebnaq\u00ebsit\u00eb p\u00ebr k\u00ebt\u00eb q\u00ebllim? (Jet\u00ebn e nat\u00ebs, ushqime t\u00eb shijshme, darka me miq, ver\u00eb apo alkool).<\/p>\n<p>Nuk heq dor\u00eb nga asgj\u00eb, thjesht nuk e teproj n\u00eb sasi. Nj\u00eb kombinim i till\u00eb m\u00eb ndihmon t\u00eb jem gjithmon\u00eb n\u00eb form\u00eb.<\/p>\n<p><strong>Sa koh\u00eb i kushtoni n\u00eb dit\u00eb?<br \/>\n<\/strong><br \/>\nT\u00eb pakt\u00ebn nj\u00eb or\u00eb palest\u00ebr, dhe 40 minuta n\u00eb dark\u00eb masazh tek estetistia.<\/p>\n<p><strong>\u00c7far\u00eb k\u00ebshille do t\u2019u jepje vajzave adoleshente t\u00eb kishin nj\u00eb trup t\u00eb bukur kur t\u00eb rriteshin?<\/strong><\/p>\n<p>Un\u00eb mendoj q\u00eb gjith\u00e7ka fillon nga ushqimi, dhe mungesa e aktiviteteve fizike. Ajo q\u00eb un\u00eb k\u00ebshilloj t\u00eb mos abuzohet me ushqimin, sidomos me fast-foodet, i cili \u00ebsht\u00eb edhe armiku kryesor i sh\u00ebndetit dhe pamjes tuaj. Sigurisht sa m\u00eb shum\u00eb palest\u00ebr, vrap ose dhe ecie apo sporte t\u00eb ndryshme, mjafton q\u00eb t\u00eb mos e lini trupin n\u00eb qet\u00ebsi.<br \/>\n<strong><br \/>\nP\u00ebr veshjet vendos vet\u00eb apo k\u00ebshillohesh me stilist\u00eb?<\/strong><\/p>\n<p>N\u00eb t\u00eb shumt\u00ebn e rasteve vet\u00eb, por jam gjithmon\u00eb e kujdesshme n\u00eb propozimet e fundit nga stilist\u00eb t\u00eb m\u00ebdhenj. Me p\u00eblqejn\u00eb shum\u00eb firmat dhe t\u00eb jem koherente me propozimet e fundit.<\/p>\n<p><strong>Mendon se n\u00eb vendin ton\u00eb ka stilist\u00eb apo rrobaqep\u00ebs t\u00eb mir\u00eb?<\/strong><\/p>\n<p>Sigurisht, ndoshta jan\u00eb pak mund\u00ebsit\u00eb q\u00eb ofrohen n\u00eb vendin ton\u00eb, por gjithsesi kemi emra t\u00eb mir\u00eb q\u00eb punojn\u00eb edhe n\u00eb Shqip\u00ebri si Jona Mu\u00e7a apo Joni Pe\u00e7i me t\u00eb cil\u00ebt bashk\u00ebpunoj shpesh.<\/p>\n<p><strong>\u00c7far\u00eb planesh ke n\u00eb pun\u00ebn t\u00ebnde p\u00ebr t\u00eb ardhmen e af\u00ebrt?<\/strong><\/p>\n<p>Jam n\u00eb p\u00ebrfundimin e nj\u00eb projekti televiziv, p\u00ebr t\u00eb cilin nuk dua t\u00eb flas p\u00ebr momentin. E vetmja gj\u00eb q\u00eb dua t\u00eb zbuloj p\u00ebr lexuesin \u00ebsht\u00eb q\u00eb s\u00eb shpejti do shihni nj\u00eb Aurel ndryshe.<\/p>\n<p><strong>\u00c7far\u00eb defekti fizik sheh te vetja apo \u00e7far\u00eb do t\u00eb doje t\u00eb ndryshoje?<\/strong><\/p>\n<p>Ndihem mir\u00eb me fizikun tim, dhe nuk do doja t\u00eb ndryshoja asgj\u00eb, thjesht shpresoj q\u00eb mos t\u00eb kem asnj\u00ebher\u00eb probleme me mbipesh\u00ebn\u2026<br \/>\n<strong><br \/>\nPo si karakter?<\/strong><\/p>\n<p>Jam karakter i fort\u00eb dhe k\u00ebmb\u00ebngul\u00ebs n\u00eb at\u00eb q\u00eb dua, por me kalimin e koh\u00ebs dhe mund t\u00eb dua ta ndryshoj pasi dhe mund t\u00eb lodhem duke k\u00ebrkuar tek vetja gjithmon\u00eb di\u00e7ka t\u00eb re.<\/p>\n<p>N\u00ebse do t\u00eb thonin se ke disa dit\u00eb t\u00eb lira \u00e7far\u00eb do t\u00eb kishe vendosur t\u00eb b\u00ebje?<\/p>\n<p>Pushim. K\u00ebto dit\u00eb kam pasur shum\u00eb ngarkes\u00eb me pun\u00ebn dhe e ndiej t\u00eb nevojshme nj\u00eb periudh\u00eb relaksuese p\u00ebr trupin dhe ide t\u00eb reja.<\/p>\n<p><strong>Cili \u00ebsht\u00eb udh\u00ebtimi i \u00ebndrrave t\u00eb tua?<\/strong><\/p>\n<p>Ndoshta t\u00eb vizitoj gjith\u00eb vendet m\u00eb t\u00eb bukura dhe historike t\u00eb bot\u00ebs q\u00eb nuk kam pasur mund\u00ebsi deri m\u00eb sot, do ishte fantastike.<\/p>\n<p>Sa koh\u00eb t\u00eb mbetet p\u00ebr shoq\u00ebrin\u00eb?<\/p>\n<p>Shum\u00eb pak, pasi puna, shkolla dhe angazhimet e tjera m\u00eb marin goxha koh\u00eb, por duke qen\u00eb se nj\u00eb pjes\u00eb e miqve t\u00eb mi m\u00eb t\u00eb mir\u00eb punojn\u00eb me mua, kjo m\u00eb leht\u00ebson k\u00ebt\u00eb pjes\u00eb.<br \/>\n<a href=\"http:\/\/www.visit-ulcinj.com\/blog\/wp-content\/uploads\/2010\/02\/Aurela-Hoxha.2.jpg\"><img loading=\"lazy\" class=\"alignleft size-full wp-image-30362\" title=\"Aurela Hoxha.2\" src=\"http:\/\/www.visit-ulcinj.com\/blog\/wp-content\/uploads\/2010\/02\/Aurela-Hoxha.2.jpg\" alt=\"Aurela Hoxha.2\" width=\"580\" height=\"400\" \/><\/a><br \/>\n<strong>Po p\u00ebr prind\u00ebrit? Cili \u00ebsht\u00eb raporti me ta tani q\u00eb agjencia dhe Adi t\u00eb marrin shum\u00eb koh\u00eb?<\/strong><\/p>\n<p>Un\u00eb jam shum\u00eb e lidhur me familjen time, sa q\u00eb as larg\u00ebsia nuk na pengon q\u00eb n\u00eb \u00e7do moment t\u00eb jem n\u00eb kontakt p\u00ebr gjith\u00e7ka ndodh n\u00eb dit\u00ebt tona. Nd\u00ebrkaq kam mamin q\u00eb ndihet e detyruar t\u00eb ndaj\u00eb vitin n\u00eb Lond\u00ebr, Florida dhe Shqip\u00ebri p\u00ebr t\u00eb qen\u00eb afer meje dhe dy v\u00ebllez\u00ebrve t\u00eb mi q\u00eb jetojn\u00eb nj\u00ebri n\u00eb Lond\u00ebr dhe tjetri n\u00eb Florida<\/p>\n<p><strong>\u00c7far\u00eb dhurate i b\u00ebre Adit p\u00ebr festat e fundvitit?<\/strong><\/p>\n<p>Nj\u00eb karrige masazhi, p\u00ebr zyr\u00ebn e tij. N\u00eb k\u00ebt\u00eb m\u00ebnyr\u00eb evitoj q\u00eb t\u00eb ket\u00eb nevoj\u00eb p\u00ebr nj\u00eb masazhatore. Haahah shaka, por v\u00ebrtet kjo ishte dhurata.<\/p>\n<p><strong>T\u00eb p\u00eblqen m\u00eb shum\u00eb t\u00eb marr\u00ebsh dhurata apo t\u00eb b\u00ebsh?<\/strong><\/p>\n<p>T\u00eb dyja rastet m\u00eb japin sadisfaksion t\u00eb madh.<\/p>\n<p><strong>Ka ndonj\u00eb dhurat\u00eb q\u00eb ke dashur ta b\u00ebsh e nuk ka mbetur merak?<\/strong><\/p>\n<p>Jo, deri tani jo.<\/p>\n<p><strong>Show girl, menaxhere e nj\u00eb agjencie mode\u2026do t\u00eb t\u00eb shohim m\u00eb von\u00eb n\u00eb ndonj\u00eb rol tjet\u00ebr?<\/strong><\/p>\n<p>Aurela s\u00eb shpejti do vij\u00eb ndryshe p\u00ebr publikun shqiptar, por gjithmon\u00eb brenda fush\u00ebs s\u00eb spektaklit.<\/p>\n<p><strong>Revista Shqip<br \/>\n<!--YouTube Error: bad URL entered--><\/strong><\/p>\n","protected":false},"excerpt":{"rendered":"<p>T\u00eb mungon televizioni? Shum\u00eb, edhe pse \u00ebsht\u00eb nj\u00eb periudh\u00eb pushimi p\u00ebr mua dhe jam n\u00eb projekte p\u00ebr nj\u00eb rikthim t\u00eb bukur. Them se m\u00eb mungon \u00e7do dit\u00eb q\u00eb kalon. Si ishte eksperienca me Gjebren\u00eb? Un\u00eb e kam quajtur veten me fat, q\u00eb nj\u00eb em\u00ebr i madh n\u00eb bot\u00ebn e spektaklit si Ardit Gjebrea besoi te [&hellip;]<\/p>\n","protected":false},"author":1,"featured_media":0,"comment_status":"open","ping_status":"closed","sticky":false,"template":"","format":"standard","meta":{"spay_email":"","jetpack_publicize_message":"","jetpack_is_tweetstorm":false,"jetpack_publicize_feature_enabled":true},"categories":[1],"tags":[13521],"jetpack_publicize_connections":[],"yoast_head":"<!-- This site is optimized with the Yoast SEO plugin v19.1 - https:\/\/yoast.com\/wordpress\/plugins\/seo\/ -->\n<title>Aurela Hoxha: Se shpejti do te me shihni ndryshe - Lajme nga Ulqini<\/title>\n<meta name=\"description\" content=\"T\u00eb mungon televizioni? Shum\u00eb, edhe pse \u00ebsht\u00eb nj\u00eb periudh\u00eb pushimi p\u00ebr mua dhe jam n\u00eb projekte p\u00ebr nj\u00eb rikthim t\u00eb bukur. Them se m\u00eb mungon \u00e7do dit\u00eb q\u00eb\" \/>\n<meta name=\"robots\" content=\"index, follow, max-snippet:-1, max-image-preview:large, max-video-preview:-1\" \/>\n<link rel=\"canonical\" href=\"https:\/\/www.visit-ulcinj.com\/blog\/2010\/02\/13\/aurela-hoxha-se-shpejti-do-te-me-shihni-ndryshe\/\" \/>\n<meta property=\"og:locale\" content=\"en_US\" \/>\n<meta property=\"og:type\" content=\"article\" \/>\n<meta property=\"og:title\" content=\"Aurela Hoxha: Se shpejti do te me shihni ndryshe - Lajme nga Ulqini\" \/>\n<meta property=\"og:description\" content=\"T\u00eb mungon televizioni? Shum\u00eb, edhe pse \u00ebsht\u00eb nj\u00eb periudh\u00eb pushimi p\u00ebr mua dhe jam n\u00eb projekte p\u00ebr nj\u00eb rikthim t\u00eb bukur. Them se m\u00eb mungon \u00e7do dit\u00eb q\u00eb\" \/>\n<meta property=\"og:url\" content=\"https:\/\/www.visit-ulcinj.com\/blog\/2010\/02\/13\/aurela-hoxha-se-shpejti-do-te-me-shihni-ndryshe\/\" \/>\n<meta property=\"og:site_name\" content=\"Lajme nga Ulqini\" \/>\n<meta property=\"article:published_time\" content=\"2010-02-13T14:13:29+00:00\" \/>\n<meta property=\"article:modified_time\" content=\"2010-02-17T13:28:43+00:00\" \/>\n<meta property=\"og:image\" content=\"http:\/\/www.visit-ulcinj.com\/blog\/wp-content\/uploads\/2010\/02\/Aurela-Hoxha.jpg\" \/>\n<meta name=\"twitter:label1\" content=\"Written by\" \/>\n\t<meta name=\"twitter:data1\" content=\"ulqini\" \/>\n\t<meta name=\"twitter:label2\" content=\"Est. reading time\" \/>\n\t<meta name=\"twitter:data2\" content=\"7 minutes\" \/>\n<script type=\"application\/ld+json\" class=\"yoast-schema-graph\">{\"@context\":\"https:\/\/schema.org\",\"@graph\":[{\"@type\":\"WebSite\",\"@id\":\"https:\/\/www.visit-ulcinj.com\/blog\/#website\",\"url\":\"https:\/\/www.visit-ulcinj.com\/blog\/\",\"name\":\"Lajme nga Ulqini\",\"description\":\"Lajme,Vijesti,Ulqini,Ulqin,Crna Gora,Mali i Zi\",\"potentialAction\":[{\"@type\":\"SearchAction\",\"target\":{\"@type\":\"EntryPoint\",\"urlTemplate\":\"https:\/\/www.visit-ulcinj.com\/blog\/?s={search_term_string}\"},\"query-input\":\"required name=search_term_string\"}],\"inLanguage\":\"en-US\"},{\"@type\":\"ImageObject\",\"inLanguage\":\"en-US\",\"@id\":\"https:\/\/www.visit-ulcinj.com\/blog\/2010\/02\/13\/aurela-hoxha-se-shpejti-do-te-me-shihni-ndryshe\/#primaryimage\",\"url\":\"http:\/\/www.visit-ulcinj.com\/blog\/wp-content\/uploads\/2010\/02\/Aurela-Hoxha.jpg\",\"contentUrl\":\"http:\/\/www.visit-ulcinj.com\/blog\/wp-content\/uploads\/2010\/02\/Aurela-Hoxha.jpg\"},{\"@type\":\"WebPage\",\"@id\":\"https:\/\/www.visit-ulcinj.com\/blog\/2010\/02\/13\/aurela-hoxha-se-shpejti-do-te-me-shihni-ndryshe\/#webpage\",\"url\":\"https:\/\/www.visit-ulcinj.com\/blog\/2010\/02\/13\/aurela-hoxha-se-shpejti-do-te-me-shihni-ndryshe\/\",\"name\":\"Aurela Hoxha: Se shpejti do te me shihni ndryshe - Lajme nga Ulqini\",\"isPartOf\":{\"@id\":\"https:\/\/www.visit-ulcinj.com\/blog\/#website\"},\"primaryImageOfPage\":{\"@id\":\"https:\/\/www.visit-ulcinj.com\/blog\/2010\/02\/13\/aurela-hoxha-se-shpejti-do-te-me-shihni-ndryshe\/#primaryimage\"},\"datePublished\":\"2010-02-13T14:13:29+00:00\",\"dateModified\":\"2010-02-17T13:28:43+00:00\",\"author\":{\"@id\":\"https:\/\/www.visit-ulcinj.com\/blog\/#\/schema\/person\/dcab619c614d3038751c63bc2aadc06d\"},\"description\":\"T\u00eb mungon televizioni? Shum\u00eb, edhe pse \u00ebsht\u00eb nj\u00eb periudh\u00eb pushimi p\u00ebr mua dhe jam n\u00eb projekte p\u00ebr nj\u00eb rikthim t\u00eb bukur. Them se m\u00eb mungon \u00e7do dit\u00eb q\u00eb\",\"breadcrumb\":{\"@id\":\"https:\/\/www.visit-ulcinj.com\/blog\/2010\/02\/13\/aurela-hoxha-se-shpejti-do-te-me-shihni-ndryshe\/#breadcrumb\"},\"inLanguage\":\"en-US\",\"potentialAction\":[{\"@type\":\"ReadAction\",\"target\":[\"https:\/\/www.visit-ulcinj.com\/blog\/2010\/02\/13\/aurela-hoxha-se-shpejti-do-te-me-shihni-ndryshe\/\"]}]},{\"@type\":\"BreadcrumbList\",\"@id\":\"https:\/\/www.visit-ulcinj.com\/blog\/2010\/02\/13\/aurela-hoxha-se-shpejti-do-te-me-shihni-ndryshe\/#breadcrumb\",\"itemListElement\":[{\"@type\":\"ListItem\",\"position\":1,\"name\":\"Aurela Hoxha: Se shpejti do te me shihni ndryshe\"}]},{\"@type\":\"Person\",\"@id\":\"https:\/\/www.visit-ulcinj.com\/blog\/#\/schema\/person\/dcab619c614d3038751c63bc2aadc06d\",\"name\":\"ulqini\",\"sameAs\":[\"http:\/\/www.visit-ulcinj.com\"],\"url\":\"https:\/\/www.visit-ulcinj.com\/blog\/author\/admin\/\"}]}<\/script>\n<!-- \/ Yoast SEO plugin. -->","yoast_head_json":{"title":"Aurela Hoxha: Se shpejti do te me shihni ndryshe - Lajme nga Ulqini","description":"T\u00eb mungon televizioni? Shum\u00eb, edhe pse \u00ebsht\u00eb nj\u00eb periudh\u00eb pushimi p\u00ebr mua dhe jam n\u00eb projekte p\u00ebr nj\u00eb rikthim t\u00eb bukur. Them se m\u00eb mungon \u00e7do dit\u00eb q\u00eb","robots":{"index":"index","follow":"follow","max-snippet":"max-snippet:-1","max-image-preview":"max-image-preview:large","max-video-preview":"max-video-preview:-1"},"canonical":"https:\/\/www.visit-ulcinj.com\/blog\/2010\/02\/13\/aurela-hoxha-se-shpejti-do-te-me-shihni-ndryshe\/","og_locale":"en_US","og_type":"article","og_title":"Aurela Hoxha: Se shpejti do te me shihni ndryshe - Lajme nga Ulqini","og_description":"T\u00eb mungon televizioni? Shum\u00eb, edhe pse \u00ebsht\u00eb nj\u00eb periudh\u00eb pushimi p\u00ebr mua dhe jam n\u00eb projekte p\u00ebr nj\u00eb rikthim t\u00eb bukur. Them se m\u00eb mungon \u00e7do dit\u00eb q\u00eb","og_url":"https:\/\/www.visit-ulcinj.com\/blog\/2010\/02\/13\/aurela-hoxha-se-shpejti-do-te-me-shihni-ndryshe\/","og_site_name":"Lajme nga Ulqini","article_published_time":"2010-02-13T14:13:29+00:00","article_modified_time":"2010-02-17T13:28:43+00:00","og_image":[{"url":"http:\/\/www.visit-ulcinj.com\/blog\/wp-content\/uploads\/2010\/02\/Aurela-Hoxha.jpg"}],"twitter_misc":{"Written by":"ulqini","Est. reading time":"7 minutes"},"schema":{"@context":"https:\/\/schema.org","@graph":[{"@type":"WebSite","@id":"https:\/\/www.visit-ulcinj.com\/blog\/#website","url":"https:\/\/www.visit-ulcinj.com\/blog\/","name":"Lajme nga Ulqini","description":"Lajme,Vijesti,Ulqini,Ulqin,Crna Gora,Mali i Zi","potentialAction":[{"@type":"SearchAction","target":{"@type":"EntryPoint","urlTemplate":"https:\/\/www.visit-ulcinj.com\/blog\/?s={search_term_string}"},"query-input":"required name=search_term_string"}],"inLanguage":"en-US"},{"@type":"ImageObject","inLanguage":"en-US","@id":"https:\/\/www.visit-ulcinj.com\/blog\/2010\/02\/13\/aurela-hoxha-se-shpejti-do-te-me-shihni-ndryshe\/#primaryimage","url":"http:\/\/www.visit-ulcinj.com\/blog\/wp-content\/uploads\/2010\/02\/Aurela-Hoxha.jpg","contentUrl":"http:\/\/www.visit-ulcinj.com\/blog\/wp-content\/uploads\/2010\/02\/Aurela-Hoxha.jpg"},{"@type":"WebPage","@id":"https:\/\/www.visit-ulcinj.com\/blog\/2010\/02\/13\/aurela-hoxha-se-shpejti-do-te-me-shihni-ndryshe\/#webpage","url":"https:\/\/www.visit-ulcinj.com\/blog\/2010\/02\/13\/aurela-hoxha-se-shpejti-do-te-me-shihni-ndryshe\/","name":"Aurela Hoxha: Se shpejti do te me shihni ndryshe - Lajme nga Ulqini","isPartOf":{"@id":"https:\/\/www.visit-ulcinj.com\/blog\/#website"},"primaryImageOfPage":{"@id":"https:\/\/www.visit-ulcinj.com\/blog\/2010\/02\/13\/aurela-hoxha-se-shpejti-do-te-me-shihni-ndryshe\/#primaryimage"},"datePublished":"2010-02-13T14:13:29+00:00","dateModified":"2010-02-17T13:28:43+00:00","author":{"@id":"https:\/\/www.visit-ulcinj.com\/blog\/#\/schema\/person\/dcab619c614d3038751c63bc2aadc06d"},"description":"T\u00eb mungon televizioni? Shum\u00eb, edhe pse \u00ebsht\u00eb nj\u00eb periudh\u00eb pushimi p\u00ebr mua dhe jam n\u00eb projekte p\u00ebr nj\u00eb rikthim t\u00eb bukur. Them se m\u00eb mungon \u00e7do dit\u00eb q\u00eb","breadcrumb":{"@id":"https:\/\/www.visit-ulcinj.com\/blog\/2010\/02\/13\/aurela-hoxha-se-shpejti-do-te-me-shihni-ndryshe\/#breadcrumb"},"inLanguage":"en-US","potentialAction":[{"@type":"ReadAction","target":["https:\/\/www.visit-ulcinj.com\/blog\/2010\/02\/13\/aurela-hoxha-se-shpejti-do-te-me-shihni-ndryshe\/"]}]},{"@type":"BreadcrumbList","@id":"https:\/\/www.visit-ulcinj.com\/blog\/2010\/02\/13\/aurela-hoxha-se-shpejti-do-te-me-shihni-ndryshe\/#breadcrumb","itemListElement":[{"@type":"ListItem","position":1,"name":"Aurela Hoxha: Se shpejti do te me shihni ndryshe"}]},{"@type":"Person","@id":"https:\/\/www.visit-ulcinj.com\/blog\/#\/schema\/person\/dcab619c614d3038751c63bc2aadc06d","name":"ulqini","sameAs":["http:\/\/www.visit-ulcinj.com"],"url":"https:\/\/www.visit-ulcinj.com\/blog\/author\/admin\/"}]}},"jetpack_featured_media_url":"","jetpack_sharing_enabled":true,"jetpack_shortlink":"https:\/\/wp.me\/pe6lTn-7TE","_links":{"self":[{"href":"https:\/\/www.visit-ulcinj.com\/blog\/wp-json\/wp\/v2\/posts\/30358"}],"collection":[{"href":"https:\/\/www.visit-ulcinj.com\/blog\/wp-json\/wp\/v2\/posts"}],"about":[{"href":"https:\/\/www.visit-ulcinj.com\/blog\/wp-json\/wp\/v2\/types\/post"}],"author":[{"embeddable":true,"href":"https:\/\/www.visit-ulcinj.com\/blog\/wp-json\/wp\/v2\/users\/1"}],"replies":[{"embeddable":true,"href":"https:\/\/www.visit-ulcinj.com\/blog\/wp-json\/wp\/v2\/comments?post=30358"}],"version-history":[{"count":0,"href":"https:\/\/www.visit-ulcinj.com\/blog\/wp-json\/wp\/v2\/posts\/30358\/revisions"}],"wp:attachment":[{"href":"https:\/\/www.visit-ulcinj.com\/blog\/wp-json\/wp\/v2\/media?parent=30358"}],"wp:term":[{"taxonomy":"category","embeddable":true,"href":"https:\/\/www.visit-ulcinj.com\/blog\/wp-json\/wp\/v2\/categories?post=30358"},{"taxonomy":"post_tag","embeddable":true,"href":"https:\/\/www.visit-ulcinj.com\/blog\/wp-json\/wp\/v2\/tags?post=30358"}],"curies":[{"name":"wp","href":"https:\/\/api.w.org\/{rel}","templated":true}]}}