{"id":30374,"date":"2010-02-13T21:00:50","date_gmt":"2010-02-13T19:00:50","guid":{"rendered":"http:\/\/www.visit-ulcinj.com\/blog\/?p=30374"},"modified":"2010-02-16T21:21:21","modified_gmt":"2010-02-16T19:21:21","slug":"mehmed-zenka-albancima-se-crno-pise","status":"publish","type":"post","link":"https:\/\/www.visit-ulcinj.com\/blog\/2010\/02\/13\/mehmed-zenka-albancima-se-crno-pise\/","title":{"rendered":"Mehmed Zenka: Albancima se crno pi\u0161e &#8211; Video"},"content":{"rendered":"<p><img loading=\"lazy\" class=\"alignleft\" title=\"Potpredsjednik Demokratske unije Albanaca Mehmed Zenka \" src=\"http:\/\/www.visit-ulcinj.com\/blog\/wp-content\/uploads\/2009\/08\/meto-zenka.jpg\" alt=\"\" width=\"580\" height=\"400\" \/>Ulcinj &#8211; Potpredsjednik Demokratske unije Albanaca Mehmed Zenka kazao je ju?e da model o autenti?noj zastupljenosti manjina u parlamentu, koji je utvrdila skup\u0161tinska radna grupa, nije dobar za Albance i da njegovi sunarodnici nijesu zaslu\u017eili takav odnos dr\u017eave prema njima.<br \/>\nOn je rekao da je neshvatljiva te\u017enja pojedinaca da po svaku cijenu ukinu ste?ena prava manjina, na ?emu se, kako je rekao, s mukom radilo posljednjih 20 godina.<br \/>\nPredstavnici najve?eg broja parlamentarnih partija na?elno su se dogovorili o modelu izmjena zakona o izboru odbornika i poslanika, prema kome je Crna Gora jedna izborna jedinica, sve stranke treba da pre?u cenzus od tri odsto, a posebna albanska izborna jedinica se ukida. Manjinske stranke koje ne pre?u cenzus ipak ?e mo?i da u?u i sistem raspodjele poslani?kih mandata ako pre?u 0,7 odsto glasova.<\/p>\n<p>\u201eSa jedne strane, (Miodrag) Vukovi? ka\u017ee da manjinama ne treba politi?ka, ve? samo kulturna za\u0161tita, dok, u isto vrijeme, njegov partijski kolega (Mevludin) Nuhod\u017ei? procjenjuje da garantovani mandati ugro\u017eavaju gra?anski koncept dr\u017eave. O?igledno je da njih dvojica imaju neku svoju Evropu koja se dijametralno razlikuje od one moje Evrope\u201c, istakao je Zenka.<br \/>\nPoslanik DUA, koju vodi ministar za prava manjina Ferhat Dino\u0161a, poru?io je Vukovi?u da Albancima \u201ei te kako treba politi?ka za\u0161tita, u smislu dono\u0161enja kvalitetnog i odr\u017eivog zakona o predstavljanju manjina\u201c.<br \/>\n\u201eJer, kako ste krenuli, crno nam se pi\u0161e\u201c, naglasio je Zenka.<\/p>\n<p>On je pitao Nuhod\u017ei?a za\u0161to govori da je autenti?no predstavljanje manjina anitievropski standrad i savjetovao mu da ne radi na \u0161tetu svojih sunarodnika, ako ve? ne mo\u017ee da pomogne. Zenka je dodao da se u izradi izbornog zakona od po?etka krenulo sa gre\u0161kama, jer prethodno, kako je kazao, nije izvr\u0161ena decentralizacija vlasti, koja bi \u201emanjinama osigurala kvalitetniji \u017eivot\u201c.<br \/>\nOn je apelovao na sve politi?ke subjekte da imaju vi\u0161e sluha za potrebe manjinskih naroda. \u201eDajte da se i mi osje?amo udobno u ku?i koja se zove Crna Gora\u201c, kazao je Zenka.<\/p>\n<p><strong>S.A.<br \/>\n<a href=\"http:\/\/www.vijesti.me\/index.php?id_pre=329344&amp;godina=2010\" target=\"_blank\">Vijesti<\/a><\/strong><br \/>\n<object classid=\"clsid:d27cdb6e-ae6d-11cf-96b8-444553540000\" width=\"580\" height=\"400\" codebase=\"http:\/\/download.macromedia.com\/pub\/shockwave\/cabs\/flash\/swflash.cab#version=6,0,40,0\"><param name=\"allowFullScreen\" value=\"true\" \/><param name=\"allowScriptAccess\" value=\"always\" \/><param name=\"src\" value=\"http:\/\/www.dailymotion.com\/swf\/xc8r1w&amp;autoPlay=1\" \/><param name=\"allowfullscreen\" value=\"true\" \/><\/object><br \/>\n<strong><a href=\"http:\/\/www.dailymotion.com\/video\/xc8r1w_shqiptar\u00ebt-n\u00eb-mal-t\u00eb-zi-humbin-nj\u00ebs_news\">Shqiptar\u00ebt n\u00eb Mal t\u00eb Zi humbin nj\u00ebsin\u00eb e tyre zgjedhore 2010<br \/>\n<\/a><\/strong><\/p>\n<p><strong>Deputeti i UDSH-s\u00eb Mehmet Zenka: Shqiptar\u00ebve n\u00eb k\u00ebt\u00eb shtet po ju shkruhet zi<br \/>\n<\/strong><\/p>\n<p><strong>&#8220;Na lejoni t\u00eb ndjehemi mir\u00eb n\u00eb sht\u00ebpin\u00eb e quajtur Mali i Zi&#8221; <\/strong><\/p>\n<p>N\u00ebnkryetari i Unionit Demokratik t\u00eb Shqiptar\u00ebve dhe deputet n\u00eb parlamentin malazez Mehmet Zenka tha se modeli i p\u00ebrfaq\u00ebsimit autentik t\u00eb pakicave n\u00eb parlament, t\u00eb cilin e ka ngritur grupi parlamentar punues, nuk \u00ebsht\u00eb i mir\u00eb p\u00ebr shqiptar\u00ebt dhe se bashkatdhetar\u00ebt e tij nuk e meritojn\u00eb nj\u00eb sjellje t\u00eb till\u00eb t\u00eb shtetit ndaj tyre.<br \/>\nAi tha se \u00ebsht\u00eb e pakuptueshme tendenca e individ\u00ebve p\u00ebr t\u00eb hequr me \u00e7do kusht t\u00eb drejtat e pakicave, t\u00eb cilat si\u00e7 tha ai, me v\u00ebshtir\u00ebsi ishte punuar q\u00eb te fitohen 20 vjet\u00ebt e fundit.<\/p>\n<p>P\u00ebrfaq\u00ebsues t\u00eb numrit m\u00eb t\u00eb madh t\u00eb partive parlamentare ran\u00eb dakord nj\u00ebz\u00ebri mbi modelin e ndryshimeve n\u00eb ligjin zgjedhor t\u00eb k\u00ebshilltar\u00ebve dhe deputet\u00ebve, sipas t\u00eb cilit Mali i Zi \u00ebsht\u00eb nj\u00eb nj\u00ebsi zgjedhore e vetme ku t\u00eb gjitha partit\u00eb duhet kaluar minimumin e tre p\u00ebr qind, si dhe nj\u00ebsia zgjedhore e ve\u00e7ant\u00eb p\u00ebr shqiptar\u00ebt ndalohet.<\/p>\n<p>Nga nj\u00ebra an\u00eb, Miodrag Vukoviq (DPS) thot\u00eb se minoriteteve nuk ju duhet mbrojtje politike, por vet\u00ebm mbrojtje kulturore, nd\u00ebrsa n\u00eb t\u00eb nj\u00ebjt\u00ebn koh\u00eb, kolegu i partis\u00eb s\u00eb tij Mevludin Nuhoxhiq thot\u00eb se mandatet e garantuara k\u00ebrc\u00ebnojn\u00eb konceptin e shtetit qytetar\u00eb.<br \/>\n\u201c\u00cbsht\u00eb e qart\u00eb se ata t\u00eb dy kan\u00eb nj\u00eb Evrop\u00eb q\u00eb \u00ebsht\u00eb diametralisht e ndryshme nga Evropa ime\u201d tha Zanka.<br \/>\nDeputeti i UDSH-s\u00eb, e drejtuar nga Ministri p\u00ebr t\u00eb drejtat e pakicave Ferhat Dinosha, i t\u00ebrhjeku v\u00ebrejtjen Vukoviqit se shqiptar\u00ebt kan\u00eb nevoj\u00eb p\u00ebr mbrojtje politike, n\u00eb miratimin e ligjeve t\u00eb q\u00ebndrueshme n\u00eb p\u00ebrfaq\u00ebsimin e pakicave. &#8220;Sepse, si\u00e7 ja keni nisur, shqiptar\u00ebve n\u00eb k\u00ebt\u00eb shtet po ju shkruhet zi &#8221; tha Zenka.<\/p>\n<p>Ai pyeti Nuhoxhiqin pse thot\u00eb se nj\u00eb p\u00ebrfaq\u00ebsim autentik t\u00eb pakicave \u00ebsht\u00eb standard anitievropian dhe e k\u00ebshilloi at\u00eb q\u00eb s\u00eb paku mos t\u00eb d\u00ebmtoj bashk\u00ebqytetar\u00ebt e tij, pasi q\u00eb nuk don\u00eb ti ndihmoj\u00eb ata.<br \/>\nZenka shtoi se hartimi i ligjit zgjedhor q\u00eb nga fillimi u nis me gabime, sepse s\u00eb pari ishte dashur t\u00eb b\u00ebhet decentralizimi i pushtetit, i cili do t\u00eb siguronte nj\u00eb jet\u00eb m\u00eb t\u00eb mir\u00eb p\u00ebr pakicat.<\/p>\n<p>Ai u b\u00ebri thirrje t\u00eb gjitha subjekteve politike q\u00eb t\u00eb ken\u00eb m\u00eb shum\u00eb mir\u00ebkuptim p\u00ebr nevojat e pakicave. &#8220;Na lejoni t\u00eb ndjehemi mir\u00eb n\u00eb sht\u00ebpin\u00eb e quajtur Mali i Zi,&#8221; tha Zenka.<\/p>\n<p><strong>\/Vijesti\/<\/strong><br \/>\n<strong>Perktheu:<\/strong><a href=\"http:\/\/www.malesia.org\/index.php?news=3700\" target=\"_blank\"><strong> www.malesia.org<\/strong><\/a><\/p>\n","protected":false},"excerpt":{"rendered":"<p>Ulcinj &#8211; Potpredsjednik Demokratske unije Albanaca Mehmed Zenka kazao je ju?e da model o autenti?noj zastupljenosti manjina u parlamentu, koji je utvrdila skup\u0161tinska radna grupa, nije dobar za Albance i da njegovi sunarodnici nijesu zaslu\u017eili takav odnos dr\u017eave prema njima. On je rekao da je neshvatljiva te\u017enja pojedinaca da po svaku cijenu ukinu ste?ena prava [&hellip;]<\/p>\n","protected":false},"author":1,"featured_media":0,"comment_status":"open","ping_status":"closed","sticky":false,"template":"","format":"standard","meta":{"spay_email":"","jetpack_publicize_message":"","jetpack_is_tweetstorm":false,"jetpack_publicize_feature_enabled":true},"categories":[8337],"tags":[12695,13522],"jetpack_publicize_connections":[],"yoast_head":"<!-- This site is optimized with the Yoast SEO plugin v19.1 - https:\/\/yoast.com\/wordpress\/plugins\/seo\/ -->\n<title>Mehmed Zenka: Albancima se crno pi\u0161e - Video - Lajme nga Ulqini<\/title>\n<meta name=\"description\" content=\"Ulcinj - Potpredsjednik Demokratske unije Albanaca Mehmed Zenka kazao je ju?e da model o autenti?noj zastupljenosti manjina u parlamentu, koji je utvrdila\" \/>\n<meta name=\"robots\" content=\"index, follow, max-snippet:-1, max-image-preview:large, max-video-preview:-1\" \/>\n<link rel=\"canonical\" href=\"https:\/\/www.visit-ulcinj.com\/blog\/2010\/02\/13\/mehmed-zenka-albancima-se-crno-pise\/\" \/>\n<meta property=\"og:locale\" content=\"en_US\" \/>\n<meta property=\"og:type\" content=\"article\" \/>\n<meta property=\"og:title\" content=\"Mehmed Zenka: Albancima se crno pi\u0161e - Video - Lajme nga Ulqini\" \/>\n<meta property=\"og:description\" content=\"Ulcinj - Potpredsjednik Demokratske unije Albanaca Mehmed Zenka kazao je ju?e da model o autenti?noj zastupljenosti manjina u parlamentu, koji je utvrdila\" \/>\n<meta property=\"og:url\" content=\"https:\/\/www.visit-ulcinj.com\/blog\/2010\/02\/13\/mehmed-zenka-albancima-se-crno-pise\/\" \/>\n<meta property=\"og:site_name\" content=\"Lajme nga Ulqini\" \/>\n<meta property=\"article:published_time\" content=\"2010-02-13T19:00:50+00:00\" \/>\n<meta property=\"article:modified_time\" content=\"2010-02-16T19:21:21+00:00\" \/>\n<meta property=\"og:image\" content=\"http:\/\/www.visit-ulcinj.com\/blog\/wp-content\/uploads\/2009\/08\/meto-zenka.jpg\" \/>\n<meta name=\"twitter:label1\" content=\"Written by\" \/>\n\t<meta name=\"twitter:data1\" content=\"ulqini\" \/>\n\t<meta name=\"twitter:label2\" content=\"Est. reading time\" \/>\n\t<meta name=\"twitter:data2\" content=\"4 minutes\" \/>\n<script type=\"application\/ld+json\" class=\"yoast-schema-graph\">{\"@context\":\"https:\/\/schema.org\",\"@graph\":[{\"@type\":\"WebSite\",\"@id\":\"https:\/\/www.visit-ulcinj.com\/blog\/#website\",\"url\":\"https:\/\/www.visit-ulcinj.com\/blog\/\",\"name\":\"Lajme nga Ulqini\",\"description\":\"Lajme,Vijesti,Ulqini,Ulqin,Crna Gora,Mali i Zi\",\"potentialAction\":[{\"@type\":\"SearchAction\",\"target\":{\"@type\":\"EntryPoint\",\"urlTemplate\":\"https:\/\/www.visit-ulcinj.com\/blog\/?s={search_term_string}\"},\"query-input\":\"required name=search_term_string\"}],\"inLanguage\":\"en-US\"},{\"@type\":\"ImageObject\",\"inLanguage\":\"en-US\",\"@id\":\"https:\/\/www.visit-ulcinj.com\/blog\/2010\/02\/13\/mehmed-zenka-albancima-se-crno-pise\/#primaryimage\",\"url\":\"http:\/\/www.visit-ulcinj.com\/blog\/wp-content\/uploads\/2009\/08\/meto-zenka.jpg\",\"contentUrl\":\"http:\/\/www.visit-ulcinj.com\/blog\/wp-content\/uploads\/2009\/08\/meto-zenka.jpg\"},{\"@type\":\"WebPage\",\"@id\":\"https:\/\/www.visit-ulcinj.com\/blog\/2010\/02\/13\/mehmed-zenka-albancima-se-crno-pise\/#webpage\",\"url\":\"https:\/\/www.visit-ulcinj.com\/blog\/2010\/02\/13\/mehmed-zenka-albancima-se-crno-pise\/\",\"name\":\"Mehmed Zenka: Albancima se crno pi\u0161e - Video - Lajme nga Ulqini\",\"isPartOf\":{\"@id\":\"https:\/\/www.visit-ulcinj.com\/blog\/#website\"},\"primaryImageOfPage\":{\"@id\":\"https:\/\/www.visit-ulcinj.com\/blog\/2010\/02\/13\/mehmed-zenka-albancima-se-crno-pise\/#primaryimage\"},\"datePublished\":\"2010-02-13T19:00:50+00:00\",\"dateModified\":\"2010-02-16T19:21:21+00:00\",\"author\":{\"@id\":\"https:\/\/www.visit-ulcinj.com\/blog\/#\/schema\/person\/dcab619c614d3038751c63bc2aadc06d\"},\"description\":\"Ulcinj - Potpredsjednik Demokratske unije Albanaca Mehmed Zenka kazao je ju?e da model o autenti?noj zastupljenosti manjina u parlamentu, koji je utvrdila\",\"breadcrumb\":{\"@id\":\"https:\/\/www.visit-ulcinj.com\/blog\/2010\/02\/13\/mehmed-zenka-albancima-se-crno-pise\/#breadcrumb\"},\"inLanguage\":\"en-US\",\"potentialAction\":[{\"@type\":\"ReadAction\",\"target\":[\"https:\/\/www.visit-ulcinj.com\/blog\/2010\/02\/13\/mehmed-zenka-albancima-se-crno-pise\/\"]}]},{\"@type\":\"BreadcrumbList\",\"@id\":\"https:\/\/www.visit-ulcinj.com\/blog\/2010\/02\/13\/mehmed-zenka-albancima-se-crno-pise\/#breadcrumb\",\"itemListElement\":[{\"@type\":\"ListItem\",\"position\":1,\"name\":\"Mehmed Zenka: Albancima se crno pi\u0161e &#8211; Video\"}]},{\"@type\":\"Person\",\"@id\":\"https:\/\/www.visit-ulcinj.com\/blog\/#\/schema\/person\/dcab619c614d3038751c63bc2aadc06d\",\"name\":\"ulqini\",\"sameAs\":[\"http:\/\/www.visit-ulcinj.com\"],\"url\":\"https:\/\/www.visit-ulcinj.com\/blog\/author\/admin\/\"}]}<\/script>\n<!-- \/ Yoast SEO plugin. -->","yoast_head_json":{"title":"Mehmed Zenka: Albancima se crno pi\u0161e - Video - Lajme nga Ulqini","description":"Ulcinj - Potpredsjednik Demokratske unije Albanaca Mehmed Zenka kazao je ju?e da model o autenti?noj zastupljenosti manjina u parlamentu, koji je utvrdila","robots":{"index":"index","follow":"follow","max-snippet":"max-snippet:-1","max-image-preview":"max-image-preview:large","max-video-preview":"max-video-preview:-1"},"canonical":"https:\/\/www.visit-ulcinj.com\/blog\/2010\/02\/13\/mehmed-zenka-albancima-se-crno-pise\/","og_locale":"en_US","og_type":"article","og_title":"Mehmed Zenka: Albancima se crno pi\u0161e - Video - Lajme nga Ulqini","og_description":"Ulcinj - Potpredsjednik Demokratske unije Albanaca Mehmed Zenka kazao je ju?e da model o autenti?noj zastupljenosti manjina u parlamentu, koji je utvrdila","og_url":"https:\/\/www.visit-ulcinj.com\/blog\/2010\/02\/13\/mehmed-zenka-albancima-se-crno-pise\/","og_site_name":"Lajme nga Ulqini","article_published_time":"2010-02-13T19:00:50+00:00","article_modified_time":"2010-02-16T19:21:21+00:00","og_image":[{"url":"http:\/\/www.visit-ulcinj.com\/blog\/wp-content\/uploads\/2009\/08\/meto-zenka.jpg"}],"twitter_misc":{"Written by":"ulqini","Est. reading time":"4 minutes"},"schema":{"@context":"https:\/\/schema.org","@graph":[{"@type":"WebSite","@id":"https:\/\/www.visit-ulcinj.com\/blog\/#website","url":"https:\/\/www.visit-ulcinj.com\/blog\/","name":"Lajme nga Ulqini","description":"Lajme,Vijesti,Ulqini,Ulqin,Crna Gora,Mali i Zi","potentialAction":[{"@type":"SearchAction","target":{"@type":"EntryPoint","urlTemplate":"https:\/\/www.visit-ulcinj.com\/blog\/?s={search_term_string}"},"query-input":"required name=search_term_string"}],"inLanguage":"en-US"},{"@type":"ImageObject","inLanguage":"en-US","@id":"https:\/\/www.visit-ulcinj.com\/blog\/2010\/02\/13\/mehmed-zenka-albancima-se-crno-pise\/#primaryimage","url":"http:\/\/www.visit-ulcinj.com\/blog\/wp-content\/uploads\/2009\/08\/meto-zenka.jpg","contentUrl":"http:\/\/www.visit-ulcinj.com\/blog\/wp-content\/uploads\/2009\/08\/meto-zenka.jpg"},{"@type":"WebPage","@id":"https:\/\/www.visit-ulcinj.com\/blog\/2010\/02\/13\/mehmed-zenka-albancima-se-crno-pise\/#webpage","url":"https:\/\/www.visit-ulcinj.com\/blog\/2010\/02\/13\/mehmed-zenka-albancima-se-crno-pise\/","name":"Mehmed Zenka: Albancima se crno pi\u0161e - Video - Lajme nga Ulqini","isPartOf":{"@id":"https:\/\/www.visit-ulcinj.com\/blog\/#website"},"primaryImageOfPage":{"@id":"https:\/\/www.visit-ulcinj.com\/blog\/2010\/02\/13\/mehmed-zenka-albancima-se-crno-pise\/#primaryimage"},"datePublished":"2010-02-13T19:00:50+00:00","dateModified":"2010-02-16T19:21:21+00:00","author":{"@id":"https:\/\/www.visit-ulcinj.com\/blog\/#\/schema\/person\/dcab619c614d3038751c63bc2aadc06d"},"description":"Ulcinj - Potpredsjednik Demokratske unije Albanaca Mehmed Zenka kazao je ju?e da model o autenti?noj zastupljenosti manjina u parlamentu, koji je utvrdila","breadcrumb":{"@id":"https:\/\/www.visit-ulcinj.com\/blog\/2010\/02\/13\/mehmed-zenka-albancima-se-crno-pise\/#breadcrumb"},"inLanguage":"en-US","potentialAction":[{"@type":"ReadAction","target":["https:\/\/www.visit-ulcinj.com\/blog\/2010\/02\/13\/mehmed-zenka-albancima-se-crno-pise\/"]}]},{"@type":"BreadcrumbList","@id":"https:\/\/www.visit-ulcinj.com\/blog\/2010\/02\/13\/mehmed-zenka-albancima-se-crno-pise\/#breadcrumb","itemListElement":[{"@type":"ListItem","position":1,"name":"Mehmed Zenka: Albancima se crno pi\u0161e &#8211; Video"}]},{"@type":"Person","@id":"https:\/\/www.visit-ulcinj.com\/blog\/#\/schema\/person\/dcab619c614d3038751c63bc2aadc06d","name":"ulqini","sameAs":["http:\/\/www.visit-ulcinj.com"],"url":"https:\/\/www.visit-ulcinj.com\/blog\/author\/admin\/"}]}},"jetpack_featured_media_url":"","jetpack_sharing_enabled":true,"jetpack_shortlink":"https:\/\/wp.me\/pe6lTn-7TU","_links":{"self":[{"href":"https:\/\/www.visit-ulcinj.com\/blog\/wp-json\/wp\/v2\/posts\/30374"}],"collection":[{"href":"https:\/\/www.visit-ulcinj.com\/blog\/wp-json\/wp\/v2\/posts"}],"about":[{"href":"https:\/\/www.visit-ulcinj.com\/blog\/wp-json\/wp\/v2\/types\/post"}],"author":[{"embeddable":true,"href":"https:\/\/www.visit-ulcinj.com\/blog\/wp-json\/wp\/v2\/users\/1"}],"replies":[{"embeddable":true,"href":"https:\/\/www.visit-ulcinj.com\/blog\/wp-json\/wp\/v2\/comments?post=30374"}],"version-history":[{"count":0,"href":"https:\/\/www.visit-ulcinj.com\/blog\/wp-json\/wp\/v2\/posts\/30374\/revisions"}],"wp:attachment":[{"href":"https:\/\/www.visit-ulcinj.com\/blog\/wp-json\/wp\/v2\/media?parent=30374"}],"wp:term":[{"taxonomy":"category","embeddable":true,"href":"https:\/\/www.visit-ulcinj.com\/blog\/wp-json\/wp\/v2\/categories?post=30374"},{"taxonomy":"post_tag","embeddable":true,"href":"https:\/\/www.visit-ulcinj.com\/blog\/wp-json\/wp\/v2\/tags?post=30374"}],"curies":[{"name":"wp","href":"https:\/\/api.w.org\/{rel}","templated":true}]}}