{"id":30420,"date":"2010-02-15T19:20:18","date_gmt":"2010-02-15T17:20:18","guid":{"rendered":"http:\/\/www.visit-ulcinj.com\/blog\/?p=30420"},"modified":"2010-02-15T19:20:18","modified_gmt":"2010-02-15T17:20:18","slug":"shota-baraliu-nuk-jam-e-dashuruar","status":"publish","type":"post","link":"https:\/\/www.visit-ulcinj.com\/blog\/2010\/02\/15\/shota-baraliu-nuk-jam-e-dashuruar\/","title":{"rendered":"Shota Baraliu: Nuk jam e dashuruar"},"content":{"rendered":"<p><a href=\"http:\/\/www.visit-ulcinj.com\/blog\/wp-content\/uploads\/2010\/02\/Shota-Baraliu-.6.jpg\"><img loading=\"lazy\" class=\"alignleft size-full wp-image-30421\" title=\"Shota Baraliu .6\" src=\"http:\/\/www.visit-ulcinj.com\/blog\/wp-content\/uploads\/2010\/02\/Shota-Baraliu-.6.jpg\" alt=\"Shota Baraliu .6\" width=\"401\" height=\"604\" \/><\/a>Shota Baraliu \u00ebsht\u00eb nj\u00eb nga k\u00ebng\u00ebtaret dhe aktoret e njohura nga Kosova. N\u00eb intervist\u00ebn n\u00eb vijim zbulon disa nga planet e saj, tregon p\u00ebr jet\u00ebn e saj private, si dhe b\u00ebn publike emrin e k\u00ebng\u00ebs s\u00eb fundit.<\/p>\n<p><strong>Shota, keni marr\u00eb pjes\u00eb n\u00eb \u201cK\u00ebng\u00ebn Magjike\u201d me k\u00ebng\u00ebn \u201cAdonis\u201d por nuk morr\u00ebt \u00e7mim. U ndieve e zhg\u00ebnjyer?<\/strong><\/p>\n<p>T\u00eb them t\u00eb drejt\u00ebn m\u00eb e r\u00ebnd\u00ebsishme p\u00ebr mua ishte pjes\u00ebmarrja, \u00e7mimin e mora me t\u00eb hyr\u00eb n\u00eb gjysm\u00eb finale dhe pik\u00ebrisht p\u00ebr k\u00ebt\u00eb nuk u ndieva e zhg\u00ebnjyer.<\/p>\n<p><strong>Ishte hera e par\u00eb q\u00eb u paraqit\u00ebt n\u00eb nj\u00eb festival t\u00eb till\u00eb. Si u prit\u00ebt nga publiku Shqiptar?<\/strong><\/p>\n<p><a href=\"http:\/\/www.visit-ulcinj.com\/blog\/wp-content\/uploads\/2010\/02\/Shota-Baraliu.jpg\"><img loading=\"lazy\" class=\"alignleft size-medium wp-image-30422\" title=\"Shota Baraliu\" src=\"http:\/\/www.visit-ulcinj.com\/blog\/wp-content\/uploads\/2010\/02\/Shota-Baraliu-199x300.jpg\" alt=\"Shota Baraliu\" width=\"199\" height=\"300\" \/><\/a>Po \u00ebsht\u00eb e v\u00ebrtet\u00eb, q\u00eb \u00ebsht\u00eb hera e par\u00eb q\u00eb marr\u00eb pjes\u00eb n\u00eb nj\u00eb festival, dhe dola mjaft e k\u00ebnaqur q\u00eb ma p\u00eblqeu k\u00ebng\u00ebn publiku shqiptar. Besoj se edhe ata jan\u00eb t\u00eb k\u00ebnaqur me performanc\u00ebn time. Dhe iu premtoj q\u00eb gjithmon\u00eb do ket\u00eb risi p\u00ebr ta.<\/p>\n<p><strong>Gjat\u00eb koh\u00ebs q\u00eb q\u00ebndruat n\u00eb Shqip\u00ebri ju realizuat videoklipin e k\u00ebsaj k\u00ebnge. Ishte hera e par\u00eb q\u00eb bashk\u00ebpunuat me nj\u00eb produksion shqiptar?<\/strong><\/p>\n<p>Ishte koha e finales s\u00eb \u201cK\u00ebng\u00ebs Magjike\u201d ndaj shfryt\u00ebzova rastin t\u00eb b\u00ebja klipin, dhe t\u00eb them t\u00eb drejt\u00ebn dola mjaft e k\u00ebnaqur me pun\u00ebn q\u00eb b\u00ebri Bledi dhe kjo nuk do jet\u00eb hera e fundit q\u00eb do t\u00eb bashk\u00ebpunoj me \u201cMAX production\u201d.<\/p>\n<p><strong>Di q\u00eb ke marr\u00ebdh\u00ebnie shum\u00eb t\u00eb mira me koleg\u00ebt e tu si n\u00eb Kosov\u00eb ashtu edhe n\u00eb Shqip\u00ebri. Ke ndonj\u00eb miq\u00ebsi t\u00eb af\u00ebrt me ndonj\u00ebrin prej tyre?<\/strong><\/p>\n<p>Po e v\u00ebrtet\u00eb q\u00eb kam marr\u00ebdh\u00ebnie shum\u00eb t\u00eb mira me koleg\u00ebt si nga Kosova ashtu dhe nga Shqip\u00ebria dhe i fal\u00ebnderoj shum\u00eb p\u00ebr p\u00ebrkrahjen q\u00eb m\u00eb kan\u00eb dh\u00ebn\u00eb. S\u00eb shpejti do t\u00eb jem n\u00eb bashk\u00ebpunim me disa prej tyre.<\/p>\n<p><strong>Kush \u00ebsht\u00eb \u201cBebe me rrebe\u201d?<\/strong><\/p>\n<p><a href=\"http:\/\/www.visit-ulcinj.com\/blog\/wp-content\/uploads\/2010\/02\/Shota-Baraliu-.2.jpg\"><img loading=\"lazy\" class=\"alignright size-medium wp-image-30424\" title=\"Shota Baraliu .2\" src=\"http:\/\/www.visit-ulcinj.com\/blog\/wp-content\/uploads\/2010\/02\/Shota-Baraliu-.2-199x300.jpg\" alt=\"Shota Baraliu .2\" width=\"199\" height=\"300\" \/><\/a>Ouuu\u2026, shum\u00eb shpejt e mor\u00ebt vesh hahhahah\u2026 kjo \u00ebsht\u00eb k\u00ebnga ime e re e punuar nga Armend Rexhepagiqi dhe Aida Baraku. \u00cbsht\u00eb nj\u00eb k\u00ebng\u00eb mjaft ritmike me nj\u00eb tekst t\u00eb nxeht\u00eb, t\u00eb cil\u00ebs do t\u2019i bashk\u00ebngjis se shpejti edhe klipin.<\/p>\n<p><strong>Sa mendon se do t\u00eb jet\u00eb e suksesshme kjo k\u00ebng\u00eb?<\/strong><\/p>\n<p>Ma merr mendja se publiku ka p\u00ebr ta p\u00eblqyer v\u00ebrtet. Ka nj\u00eb tekst mjaft provokues dhe besoj se secili do ta gjej\u00eb vet\u00ebn n\u00eb k\u00ebt\u00eb k\u00ebng\u00eb.<\/p>\n<p><strong>T\u00eb gjitha k\u00ebng\u00ebt i keni t\u00eb lan\u00e7uara si sing\u00ebll. Kur do t\u2019i p\u00ebrmblidhni n\u00eb nj\u00eb album?<\/strong><\/p>\n<p>\u00cbsht\u00eb e v\u00ebrtet\u00eb q\u00eb t\u00eb gjitha i kam t\u00eb lan\u00e7uara si sing\u00ebll. Arsyeja \u00ebsht\u00eb dominimi i pirateris\u00eb por natyrisht q\u00eb do t\u2019i mbledh\u00eb t\u00eb gjitha n\u00eb nj\u00eb album.<\/p>\n<p><strong>Me cil\u00ebt nga k\u00ebng\u00ebtar\u00ebt kosovar\u00eb apo shqiptar\u00eb do t\u00eb donit t\u00eb b\u00ebnit nj\u00eb bashk\u00ebpunim?<\/strong><\/p>\n<p><a href=\"http:\/\/www.visit-ulcinj.com\/blog\/wp-content\/uploads\/2010\/02\/Shota-Baraliu-.3.jpg\"><img loading=\"lazy\" class=\"alignleft size-medium wp-image-30425\" title=\"Shota Baraliu .3\" src=\"http:\/\/www.visit-ulcinj.com\/blog\/wp-content\/uploads\/2010\/02\/Shota-Baraliu-.3-199x300.jpg\" alt=\"Shota Baraliu .3\" width=\"199\" height=\"300\" \/><\/a>Kosova dhe Shqip\u00ebria ka mjaft k\u00ebng\u00ebtar\u00eb t\u00eb mir\u00eb p\u00ebr t\u00eb cil\u00ebt kam shum\u00eb respekt, por p\u00ebr duet sigurisht q\u00eb do ta b\u00ebj me nj\u00eb k\u00ebng\u00ebtar\u00ebt nga Kosova. Nuk do t\u00eb mungoj\u00eb edhe me nj\u00eb k\u00ebng\u00ebtaret sexy nga Shqip\u00ebria. K\u00ebto dy bashk\u00ebpunime do t\u00eb jen\u00eb pas vitit t\u00eb ri.<\/p>\n<p><strong>Jeni duke punuar ndonj\u00eb k\u00ebng\u00eb p\u00ebr momentin?<\/strong><\/p>\n<p>Po jam duke punuar nj\u00eb k\u00ebng\u00eb p\u00ebr \u201cTop Fest\u201d. M\u00eb shum\u00eb detaje nuk po i zbuloj, le t\u00eb mbetet surpriz\u00eb.<\/p>\n<p><strong>Po sa i p\u00ebrket aktrimit sa jeni e angazhuar?<\/strong><\/p>\n<p>Natyrisht q\u00eb nuk e kam l\u00ebn\u00eb pas dore edhe aktrimin, jam n\u00eb xhirim t\u00eb nj\u00eb filmi i cili do t\u2019i kushtohet luft\u00ebs n\u00eb Kosov\u00eb dhe kam nj\u00eb rol protagonist. Po ashtu jam e angazhuar n\u00eb serin\u00eb mjaft popullore \u201cFamilja Moderne\u201d, e cila shfaqet n\u00eb Radio televizionin e Kosov\u00ebs.<\/p>\n<p><strong>A do t\u00eb mund t\u00eb zgjidhnit mes k\u00ebtyre dy profesioneve?<\/strong><\/p>\n<p>Absolutisht jo, jan\u00eb dy gj\u00ebra q\u00eb m\u00eb b\u00ebjn\u00eb t\u00eb ndihem e kompletuar dhe e lumtur nj\u00ebkoh\u00ebsisht.<\/p>\n<p><strong>Sa \u00ebsht\u00eb e r\u00ebnd\u00ebsishme pamja e jashtme p\u00ebr ty dhe sa investoni tek ajo?<\/strong><\/p>\n<p><a href=\"http:\/\/www.visit-ulcinj.com\/blog\/wp-content\/uploads\/2010\/02\/Shota-Baraliu-.1.jpg\"><img loading=\"lazy\" class=\"alignright size-medium wp-image-30426\" title=\"Shota Baraliu .1\" src=\"http:\/\/www.visit-ulcinj.com\/blog\/wp-content\/uploads\/2010\/02\/Shota-Baraliu-.1-300x288.jpg\" alt=\"Shota Baraliu .1\" width=\"300\" height=\"288\" \/><\/a>Sigurisht q\u00eb pamja e jashtme \u00ebsht\u00eb e r\u00ebnd\u00ebsishme p\u00ebr \u00e7do fem\u00ebr. E r\u00ebnd\u00ebsishme \u00ebsht\u00eb edhe bukuria e brendshme t\u00eb cil\u00ebn jo \u00e7dokush mund ta ket\u00eb. P\u00ebrsa i p\u00ebrket investimit n\u00eb pamje koh\u00ebt e fundit jam tep\u00ebr e angazhuar dhe s\u2019kam koh\u00eb as t\u00eb merrem me vet\u00ebn por prap\u00eb s\u2019jam keq apo jo??? (qesh).<\/p>\n<p><strong>A duhet doemos q\u00eb nj\u00eb k\u00ebng\u00ebtare t\u00eb jet\u00eb e bukur?<\/strong><\/p>\n<p>(Qesh) e padiskutueshme, por po t\u00eb ket\u00eb edhe bukurin\u00eb dhe z\u00ebrin do t\u00eb ishte nj\u00eb kombinim ideal.<\/p>\n<p><strong>\u00c7far\u00eb konsideroni si gj\u00ebn\u00eb m\u00eb t\u00eb r\u00ebnd\u00ebsishme n\u00eb jet\u00ebn tuaj?<\/strong><\/p>\n<p>E padiskutueshme q\u00eb \u00ebsht\u00eb familja ime dhe miqt\u00eb e mi, t\u00eb cil\u00ebt gjithmon\u00eb i kam pasur pran\u00eb vetes.<\/p>\n<p><strong>Jeni e dashuruar?<\/strong><\/p>\n<p>Me plot kuptimin e fjal\u00ebs JO. Por n\u00eb k\u00ebrkim t\u00eb princit hahaha (qesh)<\/p>\n<p><strong>Si duhet t\u00eb jet\u00eb mashkulli yt ideal?<\/strong><\/p>\n<p>T\u00eb mos fillojm\u00eb me ato filozofit\u00eb e femrave q\u00eb duhet t\u00eb ket\u00eb bukuri shpirt\u00ebrore bla bla bla..(qesh) ai duhet t\u00eb jet\u00eb: i sinqert\u00eb, i respektuesh\u00ebm, xhentil, duke mos harruar edhe \u201cSuper bukurin\u00eb\u201d hahhahah.<\/p>\n<p><strong>Si e kaloni koh\u00ebn e lir\u00eb, dilni shpesh?<\/strong><\/p>\n<p>Koh\u00ebve t\u00eb fundit kam pasur shum\u00eb pak koh\u00eb t\u00eb lir\u00eb dhe nuk dal fare. Por me t\u00eb gjetur pak koh\u00eb lexoj, shoh filma dhe shpeshher\u00eb m\u00eb gjeni edhe n\u00eb palest\u00ebr.<\/p>\n<p><strong><a href=\"http:\/\/www.visit-ulcinj.com\/blog\/wp-content\/uploads\/2010\/02\/Shota-Baraliu-.4.jpg\"><img loading=\"lazy\" class=\"size-medium wp-image-30427 alignleft\" title=\"Shota Baraliu .4\" src=\"http:\/\/www.visit-ulcinj.com\/blog\/wp-content\/uploads\/2010\/02\/Shota-Baraliu-.4-198x300.jpg\" alt=\"Shota Baraliu .4\" width=\"198\" height=\"300\" \/><\/a>Jeni dehur ndonj\u00ebher\u00eb? Si keni reaguar?<\/strong><\/p>\n<p>Jo aq shum\u00eb sa p\u00ebr t\u00eb mos mbajtur mend veprimet e mia.<\/p>\n<p><strong>Cila \u00ebsht\u00eb gj\u00ebja q\u00eb vler\u00ebsoni m\u00eb shum\u00eb tek vetja?<\/strong><\/p>\n<p>Sinqeritetin, zem\u00ebrgjer\u00ebsin\u00eb, vullnetin p\u00ebr pun\u00eb dhe sensin e humorit q\u00eb nuk m\u00eb ka munguar kurr\u00eb.<\/p>\n<p><strong>Cila \u00ebsht\u00eb gj\u00ebja q\u00eb iu nervozon m\u00eb shum\u00eb?<\/strong><\/p>\n<p>Ka shum\u00eb gj\u00ebra q\u00eb m\u00eb nervozojn\u00eb p.sh, thashethemet, g\u00ebnjeshtrat, paragjykimet dhe fjal\u00ebt e tep\u00ebrta.<\/p>\n<p><strong>Cili \u00ebsht\u00eb thashethemi i fundit q\u00eb keni d\u00ebgjuar p\u00ebr veten?<\/strong><\/p>\n<p>Sipas gazetave shqiptare jam n\u00eb prag t\u00eb martes\u00ebs, hahhaha.<\/p>\n<p><strong>Planet tuaja p\u00ebr t\u00eb ardhmen ?<\/strong><\/p>\n<p>Jam n\u00eb p\u00ebrmbyllje t\u00eb nj\u00eb viti mjaft t\u00eb suksessh\u00ebm, plane p\u00ebr vitin e ardhsh\u00ebm kam shum\u00eb. Disa prej tyre vet\u00ebm sa i p\u00ebrmenda, nd\u00ebrsa t\u00eb tjerat le t\u2019ia l\u00ebm\u00eb koh\u00ebs.<\/p>\n<p><strong>Intervistoi: Fjolla Sinani<\/strong><br \/>\n<strong>Revista Shqip<br \/>\n<!--YouTube Error: bad URL entered--><\/strong><\/p>\n","protected":false},"excerpt":{"rendered":"<p>Shota Baraliu \u00ebsht\u00eb nj\u00eb nga k\u00ebng\u00ebtaret dhe aktoret e njohura nga Kosova. N\u00eb intervist\u00ebn n\u00eb vijim zbulon disa nga planet e saj, tregon p\u00ebr jet\u00ebn e saj private, si dhe b\u00ebn publike emrin e k\u00ebng\u00ebs s\u00eb fundit. Shota, keni marr\u00eb pjes\u00eb n\u00eb \u201cK\u00ebng\u00ebn Magjike\u201d me k\u00ebng\u00ebn \u201cAdonis\u201d por nuk morr\u00ebt \u00e7mim. U ndieve e zhg\u00ebnjyer? [&hellip;]<\/p>\n","protected":false},"author":1,"featured_media":0,"comment_status":"open","ping_status":"closed","sticky":false,"template":"","format":"standard","meta":{"spay_email":"","jetpack_publicize_message":"","jetpack_is_tweetstorm":false,"jetpack_publicize_feature_enabled":true},"categories":[1],"tags":[13576,13575,13577],"jetpack_publicize_connections":[],"yoast_head":"<!-- This site is optimized with the Yoast SEO plugin v19.1 - https:\/\/yoast.com\/wordpress\/plugins\/seo\/ -->\n<title>Shota Baraliu: Nuk jam e dashuruar - Lajme nga Ulqini<\/title>\n<meta name=\"description\" content=\"Shota Baraliu \u00ebsht\u00eb nj\u00eb nga k\u00ebng\u00ebtaret dhe aktoret e njohura nga Kosova. N\u00eb intervist\u00ebn n\u00eb vijim zbulon disa nga planet e saj, tregon p\u00ebr jet\u00ebn e saj\" \/>\n<meta name=\"robots\" content=\"index, follow, max-snippet:-1, max-image-preview:large, max-video-preview:-1\" \/>\n<link rel=\"canonical\" href=\"https:\/\/www.visit-ulcinj.com\/blog\/2010\/02\/15\/shota-baraliu-nuk-jam-e-dashuruar\/\" \/>\n<meta property=\"og:locale\" content=\"en_US\" \/>\n<meta property=\"og:type\" content=\"article\" \/>\n<meta property=\"og:title\" content=\"Shota Baraliu: Nuk jam e dashuruar - Lajme nga Ulqini\" \/>\n<meta property=\"og:description\" content=\"Shota Baraliu \u00ebsht\u00eb nj\u00eb nga k\u00ebng\u00ebtaret dhe aktoret e njohura nga Kosova. N\u00eb intervist\u00ebn n\u00eb vijim zbulon disa nga planet e saj, tregon p\u00ebr jet\u00ebn e saj\" \/>\n<meta property=\"og:url\" content=\"https:\/\/www.visit-ulcinj.com\/blog\/2010\/02\/15\/shota-baraliu-nuk-jam-e-dashuruar\/\" \/>\n<meta property=\"og:site_name\" content=\"Lajme nga Ulqini\" \/>\n<meta property=\"article:published_time\" content=\"2010-02-15T17:20:18+00:00\" \/>\n<meta property=\"og:image\" content=\"http:\/\/www.visit-ulcinj.com\/blog\/wp-content\/uploads\/2010\/02\/Shota-Baraliu-.6.jpg\" \/>\n<meta name=\"twitter:label1\" content=\"Written by\" \/>\n\t<meta name=\"twitter:data1\" content=\"ulqini\" \/>\n\t<meta name=\"twitter:label2\" content=\"Est. reading time\" \/>\n\t<meta name=\"twitter:data2\" content=\"6 minutes\" \/>\n<script type=\"application\/ld+json\" class=\"yoast-schema-graph\">{\"@context\":\"https:\/\/schema.org\",\"@graph\":[{\"@type\":\"WebSite\",\"@id\":\"https:\/\/www.visit-ulcinj.com\/blog\/#website\",\"url\":\"https:\/\/www.visit-ulcinj.com\/blog\/\",\"name\":\"Lajme nga Ulqini\",\"description\":\"Lajme,Vijesti,Ulqini,Ulqin,Crna Gora,Mali i Zi\",\"potentialAction\":[{\"@type\":\"SearchAction\",\"target\":{\"@type\":\"EntryPoint\",\"urlTemplate\":\"https:\/\/www.visit-ulcinj.com\/blog\/?s={search_term_string}\"},\"query-input\":\"required name=search_term_string\"}],\"inLanguage\":\"en-US\"},{\"@type\":\"ImageObject\",\"inLanguage\":\"en-US\",\"@id\":\"https:\/\/www.visit-ulcinj.com\/blog\/2010\/02\/15\/shota-baraliu-nuk-jam-e-dashuruar\/#primaryimage\",\"url\":\"http:\/\/www.visit-ulcinj.com\/blog\/wp-content\/uploads\/2010\/02\/Shota-Baraliu-.6.jpg\",\"contentUrl\":\"http:\/\/www.visit-ulcinj.com\/blog\/wp-content\/uploads\/2010\/02\/Shota-Baraliu-.6.jpg\"},{\"@type\":\"WebPage\",\"@id\":\"https:\/\/www.visit-ulcinj.com\/blog\/2010\/02\/15\/shota-baraliu-nuk-jam-e-dashuruar\/#webpage\",\"url\":\"https:\/\/www.visit-ulcinj.com\/blog\/2010\/02\/15\/shota-baraliu-nuk-jam-e-dashuruar\/\",\"name\":\"Shota Baraliu: Nuk jam e dashuruar - Lajme nga Ulqini\",\"isPartOf\":{\"@id\":\"https:\/\/www.visit-ulcinj.com\/blog\/#website\"},\"primaryImageOfPage\":{\"@id\":\"https:\/\/www.visit-ulcinj.com\/blog\/2010\/02\/15\/shota-baraliu-nuk-jam-e-dashuruar\/#primaryimage\"},\"datePublished\":\"2010-02-15T17:20:18+00:00\",\"dateModified\":\"2010-02-15T17:20:18+00:00\",\"author\":{\"@id\":\"https:\/\/www.visit-ulcinj.com\/blog\/#\/schema\/person\/dcab619c614d3038751c63bc2aadc06d\"},\"description\":\"Shota Baraliu \u00ebsht\u00eb nj\u00eb nga k\u00ebng\u00ebtaret dhe aktoret e njohura nga Kosova. N\u00eb intervist\u00ebn n\u00eb vijim zbulon disa nga planet e saj, tregon p\u00ebr jet\u00ebn e saj\",\"breadcrumb\":{\"@id\":\"https:\/\/www.visit-ulcinj.com\/blog\/2010\/02\/15\/shota-baraliu-nuk-jam-e-dashuruar\/#breadcrumb\"},\"inLanguage\":\"en-US\",\"potentialAction\":[{\"@type\":\"ReadAction\",\"target\":[\"https:\/\/www.visit-ulcinj.com\/blog\/2010\/02\/15\/shota-baraliu-nuk-jam-e-dashuruar\/\"]}]},{\"@type\":\"BreadcrumbList\",\"@id\":\"https:\/\/www.visit-ulcinj.com\/blog\/2010\/02\/15\/shota-baraliu-nuk-jam-e-dashuruar\/#breadcrumb\",\"itemListElement\":[{\"@type\":\"ListItem\",\"position\":1,\"name\":\"Shota Baraliu: Nuk jam e dashuruar\"}]},{\"@type\":\"Person\",\"@id\":\"https:\/\/www.visit-ulcinj.com\/blog\/#\/schema\/person\/dcab619c614d3038751c63bc2aadc06d\",\"name\":\"ulqini\",\"sameAs\":[\"http:\/\/www.visit-ulcinj.com\"],\"url\":\"https:\/\/www.visit-ulcinj.com\/blog\/author\/admin\/\"}]}<\/script>\n<!-- \/ Yoast SEO plugin. -->","yoast_head_json":{"title":"Shota Baraliu: Nuk jam e dashuruar - Lajme nga Ulqini","description":"Shota Baraliu \u00ebsht\u00eb nj\u00eb nga k\u00ebng\u00ebtaret dhe aktoret e njohura nga Kosova. N\u00eb intervist\u00ebn n\u00eb vijim zbulon disa nga planet e saj, tregon p\u00ebr jet\u00ebn e saj","robots":{"index":"index","follow":"follow","max-snippet":"max-snippet:-1","max-image-preview":"max-image-preview:large","max-video-preview":"max-video-preview:-1"},"canonical":"https:\/\/www.visit-ulcinj.com\/blog\/2010\/02\/15\/shota-baraliu-nuk-jam-e-dashuruar\/","og_locale":"en_US","og_type":"article","og_title":"Shota Baraliu: Nuk jam e dashuruar - Lajme nga Ulqini","og_description":"Shota Baraliu \u00ebsht\u00eb nj\u00eb nga k\u00ebng\u00ebtaret dhe aktoret e njohura nga Kosova. N\u00eb intervist\u00ebn n\u00eb vijim zbulon disa nga planet e saj, tregon p\u00ebr jet\u00ebn e saj","og_url":"https:\/\/www.visit-ulcinj.com\/blog\/2010\/02\/15\/shota-baraliu-nuk-jam-e-dashuruar\/","og_site_name":"Lajme nga Ulqini","article_published_time":"2010-02-15T17:20:18+00:00","og_image":[{"url":"http:\/\/www.visit-ulcinj.com\/blog\/wp-content\/uploads\/2010\/02\/Shota-Baraliu-.6.jpg"}],"twitter_misc":{"Written by":"ulqini","Est. reading time":"6 minutes"},"schema":{"@context":"https:\/\/schema.org","@graph":[{"@type":"WebSite","@id":"https:\/\/www.visit-ulcinj.com\/blog\/#website","url":"https:\/\/www.visit-ulcinj.com\/blog\/","name":"Lajme nga Ulqini","description":"Lajme,Vijesti,Ulqini,Ulqin,Crna Gora,Mali i Zi","potentialAction":[{"@type":"SearchAction","target":{"@type":"EntryPoint","urlTemplate":"https:\/\/www.visit-ulcinj.com\/blog\/?s={search_term_string}"},"query-input":"required name=search_term_string"}],"inLanguage":"en-US"},{"@type":"ImageObject","inLanguage":"en-US","@id":"https:\/\/www.visit-ulcinj.com\/blog\/2010\/02\/15\/shota-baraliu-nuk-jam-e-dashuruar\/#primaryimage","url":"http:\/\/www.visit-ulcinj.com\/blog\/wp-content\/uploads\/2010\/02\/Shota-Baraliu-.6.jpg","contentUrl":"http:\/\/www.visit-ulcinj.com\/blog\/wp-content\/uploads\/2010\/02\/Shota-Baraliu-.6.jpg"},{"@type":"WebPage","@id":"https:\/\/www.visit-ulcinj.com\/blog\/2010\/02\/15\/shota-baraliu-nuk-jam-e-dashuruar\/#webpage","url":"https:\/\/www.visit-ulcinj.com\/blog\/2010\/02\/15\/shota-baraliu-nuk-jam-e-dashuruar\/","name":"Shota Baraliu: Nuk jam e dashuruar - Lajme nga Ulqini","isPartOf":{"@id":"https:\/\/www.visit-ulcinj.com\/blog\/#website"},"primaryImageOfPage":{"@id":"https:\/\/www.visit-ulcinj.com\/blog\/2010\/02\/15\/shota-baraliu-nuk-jam-e-dashuruar\/#primaryimage"},"datePublished":"2010-02-15T17:20:18+00:00","dateModified":"2010-02-15T17:20:18+00:00","author":{"@id":"https:\/\/www.visit-ulcinj.com\/blog\/#\/schema\/person\/dcab619c614d3038751c63bc2aadc06d"},"description":"Shota Baraliu \u00ebsht\u00eb nj\u00eb nga k\u00ebng\u00ebtaret dhe aktoret e njohura nga Kosova. N\u00eb intervist\u00ebn n\u00eb vijim zbulon disa nga planet e saj, tregon p\u00ebr jet\u00ebn e saj","breadcrumb":{"@id":"https:\/\/www.visit-ulcinj.com\/blog\/2010\/02\/15\/shota-baraliu-nuk-jam-e-dashuruar\/#breadcrumb"},"inLanguage":"en-US","potentialAction":[{"@type":"ReadAction","target":["https:\/\/www.visit-ulcinj.com\/blog\/2010\/02\/15\/shota-baraliu-nuk-jam-e-dashuruar\/"]}]},{"@type":"BreadcrumbList","@id":"https:\/\/www.visit-ulcinj.com\/blog\/2010\/02\/15\/shota-baraliu-nuk-jam-e-dashuruar\/#breadcrumb","itemListElement":[{"@type":"ListItem","position":1,"name":"Shota Baraliu: Nuk jam e dashuruar"}]},{"@type":"Person","@id":"https:\/\/www.visit-ulcinj.com\/blog\/#\/schema\/person\/dcab619c614d3038751c63bc2aadc06d","name":"ulqini","sameAs":["http:\/\/www.visit-ulcinj.com"],"url":"https:\/\/www.visit-ulcinj.com\/blog\/author\/admin\/"}]}},"jetpack_featured_media_url":"","jetpack_sharing_enabled":true,"jetpack_shortlink":"https:\/\/wp.me\/pe6lTn-7UE","_links":{"self":[{"href":"https:\/\/www.visit-ulcinj.com\/blog\/wp-json\/wp\/v2\/posts\/30420"}],"collection":[{"href":"https:\/\/www.visit-ulcinj.com\/blog\/wp-json\/wp\/v2\/posts"}],"about":[{"href":"https:\/\/www.visit-ulcinj.com\/blog\/wp-json\/wp\/v2\/types\/post"}],"author":[{"embeddable":true,"href":"https:\/\/www.visit-ulcinj.com\/blog\/wp-json\/wp\/v2\/users\/1"}],"replies":[{"embeddable":true,"href":"https:\/\/www.visit-ulcinj.com\/blog\/wp-json\/wp\/v2\/comments?post=30420"}],"version-history":[{"count":0,"href":"https:\/\/www.visit-ulcinj.com\/blog\/wp-json\/wp\/v2\/posts\/30420\/revisions"}],"wp:attachment":[{"href":"https:\/\/www.visit-ulcinj.com\/blog\/wp-json\/wp\/v2\/media?parent=30420"}],"wp:term":[{"taxonomy":"category","embeddable":true,"href":"https:\/\/www.visit-ulcinj.com\/blog\/wp-json\/wp\/v2\/categories?post=30420"},{"taxonomy":"post_tag","embeddable":true,"href":"https:\/\/www.visit-ulcinj.com\/blog\/wp-json\/wp\/v2\/tags?post=30420"}],"curies":[{"name":"wp","href":"https:\/\/api.w.org\/{rel}","templated":true}]}}