{"id":30430,"date":"2010-02-15T19:51:38","date_gmt":"2010-02-15T17:51:38","guid":{"rendered":"http:\/\/www.visit-ulcinj.com\/blog\/?p=30430"},"modified":"2010-02-15T19:54:52","modified_gmt":"2010-02-15T17:54:52","slug":"vip-at-qe-14-shkurti-i-gjen-te-ndare","status":"publish","type":"post","link":"https:\/\/www.visit-ulcinj.com\/blog\/2010\/02\/15\/vip-at-qe-14-shkurti-i-gjen-te-ndare\/","title":{"rendered":"VIP-at qe 14 shkurti i gjen te ndare"},"content":{"rendered":"<p><a href=\"http:\/\/www.visit-ulcinj.com\/blog\/wp-content\/uploads\/2010\/02\/Vipat-shqiptare-SINGLE.jpg\"><img loading=\"lazy\" class=\"alignleft size-full wp-image-30431\" title=\"Vipat shqiptare SINGLE\" src=\"http:\/\/www.visit-ulcinj.com\/blog\/wp-content\/uploads\/2010\/02\/Vipat-shqiptare-SINGLE.jpg\" alt=\"Vipat shqiptare SINGLE\" width=\"580\" height=\"400\" \/><\/a>Histori dashurie q\u00eb jan\u00eb ndezur dhe shuar. Kan\u00eb nisur me zhurm\u00eb dhe kan\u00eb p\u00ebrfunduar po ashtu. Jan\u00eb personazhe t\u00eb njohur q\u00eb kan\u00eb braktisur, por edhe jan\u00eb braktisur nga t\u00eb dashurit e tyre. Dita e Sh\u00ebn Valentinit n\u00eb vetmi do t\u2019i kthej\u00eb disi n\u00eb kujtime, nd\u00ebrsa nuk do shk\u00ebmbejn\u00eb dhuarata, apo do t\u00eb b\u00ebjn\u00eb surpriza. Zbulojm\u00eb personazhet e njohur q\u00eb 14 Shkurti i gjen \u201csingle\u201d: Aida Shtino, Huejda El Saied, Mariza Ikonomi, Anjeza Branka, Genta Ismajli, Soni Malaj, Vesa Luma, Zana Krasniqi, Ronela Hajati, Kastro Zizo, Getoar Selimi, Oni Pustina:<\/p>\n<p><strong>Aida Shtino vet\u00ebm pas 20 vite martes\u00eb me Albanon<\/strong><br \/>\nPrezantuesja e programit \u201cNjer\u00ebz t\u00eb humbur\u201d tashm\u00eb \u00ebsht\u00eb vet\u00ebm, pasi vendosi t\u2019i jap\u00eb fund lidhjes 20-vje\u00e7are me Albanon, babain e djalit t\u00eb saj. Gazetarja dhe prezantuesja e njohur e emisionit \u201cNjer\u00ebz t\u00eb humbur\u201d n\u00eb \u201cTv Klan\u201d, kishte filluar q\u00eb kur ishte studente njohjen q\u00eb e \u00e7oi n\u00eb martes\u00eb me Albanon, me profesion fotograf. Shtino ka gati tre muaj q\u00eb ka depozituar padin\u00eb n\u00eb Gjykat\u00ebn e Tiran\u00ebs, por i ka dh\u00ebn\u00eb fund parimisht martes\u00ebs s\u00eb saj disavje\u00e7are. Ajo tashm\u00eb jeton vet\u00ebm me djalin e saj Brendon. Edhe pse ajo nuk ka dashur t\u00eb sakt\u00ebsoj\u00eb arsyet e divorcit, thuhet se kan\u00eb pasur kontradikta v\u00ebrtet t\u00eb m\u00ebdha, edhe pse b\u00ebhej fjal\u00eb p\u00ebr nj\u00eb ndjenj\u00eb t\u00eb fort\u00eb, q\u00eb lindi kur ishte shum\u00eb e re.<\/p>\n<p><strong>Hueyda El Saied i dha fund fejes\u00ebs me Benjamin<\/strong><br \/>\nHueyda El Saied ka shkruar n\u00eb profilin e saj n\u00eb facebook nj\u00eb status gati ironik p\u00ebr 14 Shkurtin: \u201cdua t\u00eb organizoj nj\u00eb fest\u00eb anti dit\u00ebs s\u00eb Sh\u00ebn Valentinit\u2026\u201d. Dhe ajo mesa duket nuk do e festoj\u00eb. Hueyda, prezantuesja e njohur i ka dh\u00ebn\u00eb fund lidhjes s\u00eb saj, p\u00ebr t\u00eb rifilluar jet\u00ebn si beqare, n\u00eb mosh\u00ebn 35-vje\u00e7are. K\u00ebshtu ka marr\u00eb fund historia e dashuris\u00eb e Hueyd\u00ebs me Benjamin, nj\u00eb franko-australian, me t\u00eb cilin u njoh n\u00eb nj\u00eb rreth miq\u00ebsor. Show girl, e cila sapo i ka dh\u00ebn\u00eb fund eksperienc\u00ebs s\u00eb saj n\u00eb spektaklin \u201cNj\u00eb k\u00ebng\u00eb p\u00ebr ty\u201d n\u00eb Top Channel\u201d, duket se do mendoj\u00eb m\u00eb shum\u00eb p\u00ebr karrier\u00ebn tani, deri sa nj\u00eb dashuri e re t\u00eb lind\u00eb n\u00eb jet\u00ebn e saj.<\/p>\n<p><strong>Vesa Luma i tha \u201cnuk t\u00eb dua m\u00eb\u201d Genc Dobroshit<\/strong><br \/>\nK\u00ebng\u00ebtarja Vesa Luma dhe i dashuri i saj Genc Dobroshi, v\u00ebllai i aktores Arta Dobroshi, k\u00ebt\u00eb 14 shkurt nuk do t\u00eb jen\u00eb bashk\u00eb. \u00c7ifti q\u00eb ekspozoheshin shum\u00eb n\u00eb media kan\u00eb b\u00ebr\u00eb nj\u00eb ndarje fare n\u00eb heshtje, pasi k\u00ebshtu kishte d\u00ebshiruar vet\u00eb k\u00ebng\u00ebtarja. Q\u00eb nga momenti i ndarjes, Vesa nuk ka dashur t\u00eb jap\u00eb asnj\u00eb koment p\u00ebr jet\u00ebn private dhe arsyet e ndarjes. Ajo i ka cil\u00ebsuar deklarimet e saj n\u00eb media si nj\u00eb keqp\u00ebrdorim t\u00eb sinqeritetit t\u00eb saj. Edhe pse mediat i dhan\u00eb shum\u00eb r\u00ebnd\u00ebsi k\u00ebsaj ndarjeje, duke e b\u00ebr\u00eb tem\u00eb diskutimi, p\u00ebr Ves\u00ebn nuk ka qen\u00eb m\u00eb ndonj\u00eb problem. Ajo i dha fund historis\u00eb q\u00eb kishte lindur n\u00eb pun\u00ebn e saj si gazetare, nd\u00ebrsa vazhdon t\u00eb jet\u00eb imazh i nj\u00eb pakete televizive.<\/p>\n<p><strong>Zana Krasniqi nj\u00eb 14 shkurt pa Lorikun<\/strong><br \/>\nNj\u00eb lidhje e imagjinuar p\u00ebr q\u00ebllime marketingu, k\u00ebshtu u komentua nga forumist\u00ebt dashuria e modeles Zana Krasniqi me futbollistin Lorik Cana. Nj\u00eb histori dashurie q\u00eb zgjoi interesin dhe zilin\u00eb e t\u00eb gjith\u00ebve, dhe q\u00eb mbushi faqet roz\u00eb t\u00eb gazetave. P\u00ebr fat t\u00eb keq zgjati shum\u00eb pak, nd\u00ebrsa komentet vazhdojn\u00eb. Disa thon\u00eb q\u00eb lidhja e tyre m\u00eb s\u00eb shumti \u00ebsht\u00eb shfryt\u00ebzuar nga fotografi Fadil Berisha, i cili kishte bashkuar \u201cMiss Univers Kosova\u201d me futbollistin e famsh\u00ebm. Derisa Cana vazhdon aventur\u00ebn me bukuroshe t\u00eb huaja, Zana ende nuk ka b\u00ebr\u00eb publike ndonj\u00eb lidhje.<\/p>\n<p><strong>Genta Ismajli vet\u00ebm, pas tradhtis\u00eb s\u00eb Milotit<\/strong><br \/>\nGenta Ismajli ka menduar ta kaloj\u00eb ndarjen me spektak\u00ebl. Ky \u201cSh\u00ebn Valentin\u201d p\u00ebr her\u00eb t\u00eb par\u00eb do e gjej\u00eb n\u00eb pist\u00ebn e vall\u00ebzimit, nd\u00ebrsa ajo po p\u00ebrgatitet p\u00ebr sfid\u00ebn \u201cVallzim me yjet\u201d, q\u00eb nis transmetimin m\u00eb 18 shkurt n\u00eb \u201cVizion Plus\u201d. Ndarja e k\u00ebng\u00ebtares me Milot Binakun, shkaktoi shum\u00eb zhurm\u00eb n\u00eb media, pasi ishin nj\u00eb \u00e7ift i shum\u00ebp\u00ebrfolur. Genta Ismajli dhe Milot Binaku i dhan\u00eb fund bashk\u00ebjetes\u00ebs pas disa vite jetese n\u00eb nj\u00eb apartament. Ndarja e tyre thuhej se \u00ebsht\u00eb b\u00ebr\u00eb shkak i tradhtis\u00eb q\u00eb Miloti i kishte b\u00ebr\u00eb Gent\u00ebs. Deri m\u00eb tani, asnj\u00ebri nuk \u00ebsht\u00eb prononcuar p\u00ebr median, n\u00eb lidhje me ndarjen.<\/p>\n<p><strong>Anjeza Branka e la Nardin, tani e lir\u00eb<\/strong><br \/>\nGjasht\u00eb muaj e mbajti t\u00eb fsheht\u00eb ndarjen nga babai i djalit t\u00eb saj. K\u00ebng\u00ebtarja Anjeza Branka e pranoi publikisht se i kishte dh\u00ebn\u00eb fund me mir\u00ebkuptim bashk\u00ebjetes\u00ebs trevje\u00e7are me Nardin, ver\u00ebn e kaluar. Kan\u00eb kaluar shum\u00eb muaj, por deri tani Anjeza nuk ka b\u00ebr\u00eb publike ndonj\u00eb lidhje t\u00eb re. N\u00eb k\u00ebt\u00eb ndarje nuk b\u00ebhej fjal\u00eb p\u00ebr ndonj\u00eb \u00e7\u00ebshtje tradhtie apo xhelozie n\u00eb mes. K\u00ebng\u00ebtarja pohoi se nuk ndiente m\u00eb p\u00ebr t\u00eb, ndaj p\u00ebr t\u00eb do t\u00eb kishte qen\u00eb e kot\u00eb t\u00eb vazhdonte m\u00eb. K\u00ebshtu historia mori fund dhe ky \u00ebsht\u00eb \u201cSh\u00ebn Valentini\u201d i par\u00eb q\u00eb Anjeza do e kaloj\u00eb pa Nardin, me t\u00eb cilin kaloi tre vite bashk\u00ebjetes\u00eb. Por nuk \u00ebsht\u00eb krejt\u00ebsisht e lir\u00eb, pasi nga kjo bashk\u00ebjetes\u00eb ajo ka dhe nj\u00eb djal\u00eb t\u00eb vog\u00ebl.<\/p>\n<p><strong>Oni Pustina nj\u00eb 14 shkurt n\u00eb Tiran\u00eb pa Anbet\u00ebn<\/strong><br \/>\nP\u00ebr modelin e njohur Oni Pustina ky 14 shkurt mbase do t\u00eb mbahet mend, kur b\u00ebhet fjal\u00eb p\u00ebr nj\u00eb histori dashurie shum\u00eb t\u00eb gjat\u00eb dhe t\u00eb konsoliduar me balerin\u00ebn Anbeta Toromani. Ka marr\u00eb fund dhe historie dashurie, q\u00eb dukej nga ato m\u00eb t\u00eb fortat. Nd\u00ebrkoh\u00eb pas ndarjes nga balerina Anbeta Toromani ai ka vendosur t\u00eb l\u00ebr\u00eb p\u00ebr pak koh\u00eb dhe Italin\u00eb. Pustina, i cili p\u00ebr pak feston 40-vjetorin e lindjes nuk ka pranuar t\u00eb flas\u00eb deri tani p\u00ebr detajet e ndarjes nga balerina e njohur, me t\u00eb cil\u00ebn bashk\u00ebjetonte p\u00ebr kat\u00ebr vitesh. Por natyrisht q\u00eb po e kalon k\u00ebt\u00eb ngjarje jo shum\u00eb leht\u00eb. Vendimin p\u00ebr t\u2019u ndar\u00eb nga Anbeta ai e kishte marr\u00eb direkt, pasi n\u00eb nj\u00eb nga revistat italiane u publikuan disa foto paparaci, t\u00eb Anbet\u00ebs me nj\u00eb balerin italian. Tashm\u00eb Onit i mbetet t\u00eb gjej\u00eb nj\u00eb t\u00eb dashur t\u00eb re.<\/p>\n<p><strong>Kastro Zizo dhe Getoar Selimi, aventurier\u00ebt mbeten \u201csingle\u201d<\/strong><br \/>\nPothuaj t\u00eb nj\u00ebjtin fat ka p\u00ebsuar k\u00ebng\u00ebtari Klevis Bega (Kastro Zizo) dhe reperi kosovar, Getoar Selimi. T\u00eb dy kan\u00eb marr\u00eb nj\u00eb \u201cjo m\u00eb bashk\u00eb\u201d, prej partnereve t\u00eb tyre, me t\u00eb cilat kishin kaluar disa vite. K\u00ebshtu Kastro \u00ebsht\u00eb p\u00ebrballur me nj\u00eb padi nga bashk\u00ebshortja e tij Jola p\u00ebr divorc, nd\u00ebrsa Getoari \u00ebsht\u00eb ndar\u00eb me Han\u00ebn, gazetaren kosovare. Ndoshta 14 shkurtin do ta kalojn\u00eb vet\u00ebm apo me shoq\u00ebri. Gjithsesi nuk jan\u00eb t\u00eb vetmit. N\u00eb list\u00ebn e t\u00eb beqar\u00ebve p\u00ebr dit\u00ebn e t\u00eb dashuruave jan\u00eb shum\u00eb artist\u00eb. Nuk mungojn\u00eb edhe k\u00ebng\u00ebtaret Soni Malaj, Mariza Ikonomi apo Ronela Hajati, t\u00eb cilat pasi i kan\u00eb hedhur pas lidhjet e tyre t\u00eb fundit, nuk kan\u00eb b\u00ebr\u00eb publike ndonj\u00eb njohje t\u00eb re.<\/p>\n<p><strong>Larg\u00ebsia ndan Getin nga Hana<\/strong><br \/>\nK\u00ebto dit\u00eb po flitet p\u00ebr ndarje t\u00eb ndryshme mes personazheve t\u00eb spektaklit. Mes emrave q\u00eb i ka dh\u00ebn\u00eb fund lidhjes s\u00eb tij disavje\u00e7are \u00ebsht\u00eb edhe k\u00ebng\u00ebtari rep Getoar Selimi. Por arsyet e ndarjes deri m\u00eb tani askush nuk mund t\u2019i b\u00ebj\u00eb t\u00eb ditura. Nd\u00ebrkoh\u00eb q\u00eb Hana po vazhdon studimet n\u00eb Kroaci, vend ku punon familja e saj, edhe Geti n\u00eb an\u00ebn tjet\u00ebr po vazhdon aktivitetet e tij n\u00ebp\u00ebr koncerte dhe evenimente t\u00eb ndryshme. Geti me grupin e tij po p\u00ebrgatisin edhe albumin e ri. Si arsye e ndarjes s\u00eb tyre mund t\u00eb jet\u00eb larg\u00ebsia mes nj\u00ebri- tjetrit dhe anagazhimet e shumta, duke mos u dh\u00ebn\u00eb mund\u00ebsi takimi sa m\u00eb shpesh. E kontaktuar nga \u201cPanorama plus\u201d, Hana Shehu nuk jep m\u00eb shum\u00eb detaje mbi ndarjen por vet\u00ebm komentoi k\u00ebshtu: \u201cFjal\u00ebt q\u00eb po fliten se jemi ndar\u00eb jan\u00eb t\u00eb v\u00ebrteta, por detajet le t\u00eb mbesin mes ne t\u00eb dyve\u2026.\u201d.<br \/>\n<strong>Panorama Plus<\/strong><\/p>\n<p><strong><!--YouTube Error: bad URL entered--><br \/>\n<\/strong><\/p>\n","protected":false},"excerpt":{"rendered":"<p>Histori dashurie q\u00eb jan\u00eb ndezur dhe shuar. Kan\u00eb nisur me zhurm\u00eb dhe kan\u00eb p\u00ebrfunduar po ashtu. Jan\u00eb personazhe t\u00eb njohur q\u00eb kan\u00eb braktisur, por edhe jan\u00eb braktisur nga t\u00eb dashurit e tyre. Dita e Sh\u00ebn Valentinit n\u00eb vetmi do t\u2019i kthej\u00eb disi n\u00eb kujtime, nd\u00ebrsa nuk do shk\u00ebmbejn\u00eb dhuarata, apo do t\u00eb b\u00ebjn\u00eb surpriza. Zbulojm\u00eb [&hellip;]<\/p>\n","protected":false},"author":1,"featured_media":0,"comment_status":"open","ping_status":"closed","sticky":false,"template":"","format":"standard","meta":{"spay_email":"","jetpack_publicize_message":"","jetpack_is_tweetstorm":false,"jetpack_publicize_feature_enabled":true},"categories":[1],"tags":[323,4904,5017,5210],"jetpack_publicize_connections":[],"yoast_head":"<!-- This site is optimized with the Yoast SEO plugin v19.1 - https:\/\/yoast.com\/wordpress\/plugins\/seo\/ -->\n<title>VIP-at qe 14 shkurti i gjen te ndare - Lajme nga Ulqini<\/title>\n<meta name=\"description\" content=\"Histori dashurie q\u00eb jan\u00eb ndezur dhe shuar. Kan\u00eb nisur me zhurm\u00eb dhe kan\u00eb p\u00ebrfunduar po ashtu. Jan\u00eb personazhe t\u00eb njohur q\u00eb kan\u00eb braktisur, por edhe jan\u00eb\" \/>\n<meta name=\"robots\" content=\"index, follow, max-snippet:-1, max-image-preview:large, max-video-preview:-1\" \/>\n<link rel=\"canonical\" href=\"https:\/\/www.visit-ulcinj.com\/blog\/2010\/02\/15\/vip-at-qe-14-shkurti-i-gjen-te-ndare\/\" \/>\n<meta property=\"og:locale\" content=\"en_US\" \/>\n<meta property=\"og:type\" content=\"article\" \/>\n<meta property=\"og:title\" content=\"VIP-at qe 14 shkurti i gjen te ndare - Lajme nga Ulqini\" \/>\n<meta property=\"og:description\" content=\"Histori dashurie q\u00eb jan\u00eb ndezur dhe shuar. Kan\u00eb nisur me zhurm\u00eb dhe kan\u00eb p\u00ebrfunduar po ashtu. Jan\u00eb personazhe t\u00eb njohur q\u00eb kan\u00eb braktisur, por edhe jan\u00eb\" \/>\n<meta property=\"og:url\" content=\"https:\/\/www.visit-ulcinj.com\/blog\/2010\/02\/15\/vip-at-qe-14-shkurti-i-gjen-te-ndare\/\" \/>\n<meta property=\"og:site_name\" content=\"Lajme nga Ulqini\" \/>\n<meta property=\"article:published_time\" content=\"2010-02-15T17:51:38+00:00\" \/>\n<meta property=\"article:modified_time\" content=\"2010-02-15T17:54:52+00:00\" \/>\n<meta property=\"og:image\" content=\"http:\/\/www.visit-ulcinj.com\/blog\/wp-content\/uploads\/2010\/02\/Vipat-shqiptare-SINGLE.jpg\" \/>\n<meta name=\"twitter:label1\" content=\"Written by\" \/>\n\t<meta name=\"twitter:data1\" content=\"ulqini\" \/>\n\t<meta name=\"twitter:label2\" content=\"Est. reading time\" \/>\n\t<meta name=\"twitter:data2\" content=\"7 minutes\" \/>\n<script type=\"application\/ld+json\" class=\"yoast-schema-graph\">{\"@context\":\"https:\/\/schema.org\",\"@graph\":[{\"@type\":\"WebSite\",\"@id\":\"https:\/\/www.visit-ulcinj.com\/blog\/#website\",\"url\":\"https:\/\/www.visit-ulcinj.com\/blog\/\",\"name\":\"Lajme nga Ulqini\",\"description\":\"Lajme,Vijesti,Ulqini,Ulqin,Crna Gora,Mali i Zi\",\"potentialAction\":[{\"@type\":\"SearchAction\",\"target\":{\"@type\":\"EntryPoint\",\"urlTemplate\":\"https:\/\/www.visit-ulcinj.com\/blog\/?s={search_term_string}\"},\"query-input\":\"required name=search_term_string\"}],\"inLanguage\":\"en-US\"},{\"@type\":\"ImageObject\",\"inLanguage\":\"en-US\",\"@id\":\"https:\/\/www.visit-ulcinj.com\/blog\/2010\/02\/15\/vip-at-qe-14-shkurti-i-gjen-te-ndare\/#primaryimage\",\"url\":\"http:\/\/www.visit-ulcinj.com\/blog\/wp-content\/uploads\/2010\/02\/Vipat-shqiptare-SINGLE.jpg\",\"contentUrl\":\"http:\/\/www.visit-ulcinj.com\/blog\/wp-content\/uploads\/2010\/02\/Vipat-shqiptare-SINGLE.jpg\"},{\"@type\":\"WebPage\",\"@id\":\"https:\/\/www.visit-ulcinj.com\/blog\/2010\/02\/15\/vip-at-qe-14-shkurti-i-gjen-te-ndare\/#webpage\",\"url\":\"https:\/\/www.visit-ulcinj.com\/blog\/2010\/02\/15\/vip-at-qe-14-shkurti-i-gjen-te-ndare\/\",\"name\":\"VIP-at qe 14 shkurti i gjen te ndare - Lajme nga Ulqini\",\"isPartOf\":{\"@id\":\"https:\/\/www.visit-ulcinj.com\/blog\/#website\"},\"primaryImageOfPage\":{\"@id\":\"https:\/\/www.visit-ulcinj.com\/blog\/2010\/02\/15\/vip-at-qe-14-shkurti-i-gjen-te-ndare\/#primaryimage\"},\"datePublished\":\"2010-02-15T17:51:38+00:00\",\"dateModified\":\"2010-02-15T17:54:52+00:00\",\"author\":{\"@id\":\"https:\/\/www.visit-ulcinj.com\/blog\/#\/schema\/person\/dcab619c614d3038751c63bc2aadc06d\"},\"description\":\"Histori dashurie q\u00eb jan\u00eb ndezur dhe shuar. Kan\u00eb nisur me zhurm\u00eb dhe kan\u00eb p\u00ebrfunduar po ashtu. Jan\u00eb personazhe t\u00eb njohur q\u00eb kan\u00eb braktisur, por edhe jan\u00eb\",\"breadcrumb\":{\"@id\":\"https:\/\/www.visit-ulcinj.com\/blog\/2010\/02\/15\/vip-at-qe-14-shkurti-i-gjen-te-ndare\/#breadcrumb\"},\"inLanguage\":\"en-US\",\"potentialAction\":[{\"@type\":\"ReadAction\",\"target\":[\"https:\/\/www.visit-ulcinj.com\/blog\/2010\/02\/15\/vip-at-qe-14-shkurti-i-gjen-te-ndare\/\"]}]},{\"@type\":\"BreadcrumbList\",\"@id\":\"https:\/\/www.visit-ulcinj.com\/blog\/2010\/02\/15\/vip-at-qe-14-shkurti-i-gjen-te-ndare\/#breadcrumb\",\"itemListElement\":[{\"@type\":\"ListItem\",\"position\":1,\"name\":\"VIP-at qe 14 shkurti i gjen te ndare\"}]},{\"@type\":\"Person\",\"@id\":\"https:\/\/www.visit-ulcinj.com\/blog\/#\/schema\/person\/dcab619c614d3038751c63bc2aadc06d\",\"name\":\"ulqini\",\"sameAs\":[\"http:\/\/www.visit-ulcinj.com\"],\"url\":\"https:\/\/www.visit-ulcinj.com\/blog\/author\/admin\/\"}]}<\/script>\n<!-- \/ Yoast SEO plugin. -->","yoast_head_json":{"title":"VIP-at qe 14 shkurti i gjen te ndare - Lajme nga Ulqini","description":"Histori dashurie q\u00eb jan\u00eb ndezur dhe shuar. Kan\u00eb nisur me zhurm\u00eb dhe kan\u00eb p\u00ebrfunduar po ashtu. Jan\u00eb personazhe t\u00eb njohur q\u00eb kan\u00eb braktisur, por edhe jan\u00eb","robots":{"index":"index","follow":"follow","max-snippet":"max-snippet:-1","max-image-preview":"max-image-preview:large","max-video-preview":"max-video-preview:-1"},"canonical":"https:\/\/www.visit-ulcinj.com\/blog\/2010\/02\/15\/vip-at-qe-14-shkurti-i-gjen-te-ndare\/","og_locale":"en_US","og_type":"article","og_title":"VIP-at qe 14 shkurti i gjen te ndare - Lajme nga Ulqini","og_description":"Histori dashurie q\u00eb jan\u00eb ndezur dhe shuar. Kan\u00eb nisur me zhurm\u00eb dhe kan\u00eb p\u00ebrfunduar po ashtu. Jan\u00eb personazhe t\u00eb njohur q\u00eb kan\u00eb braktisur, por edhe jan\u00eb","og_url":"https:\/\/www.visit-ulcinj.com\/blog\/2010\/02\/15\/vip-at-qe-14-shkurti-i-gjen-te-ndare\/","og_site_name":"Lajme nga Ulqini","article_published_time":"2010-02-15T17:51:38+00:00","article_modified_time":"2010-02-15T17:54:52+00:00","og_image":[{"url":"http:\/\/www.visit-ulcinj.com\/blog\/wp-content\/uploads\/2010\/02\/Vipat-shqiptare-SINGLE.jpg"}],"twitter_misc":{"Written by":"ulqini","Est. reading time":"7 minutes"},"schema":{"@context":"https:\/\/schema.org","@graph":[{"@type":"WebSite","@id":"https:\/\/www.visit-ulcinj.com\/blog\/#website","url":"https:\/\/www.visit-ulcinj.com\/blog\/","name":"Lajme nga Ulqini","description":"Lajme,Vijesti,Ulqini,Ulqin,Crna Gora,Mali i Zi","potentialAction":[{"@type":"SearchAction","target":{"@type":"EntryPoint","urlTemplate":"https:\/\/www.visit-ulcinj.com\/blog\/?s={search_term_string}"},"query-input":"required name=search_term_string"}],"inLanguage":"en-US"},{"@type":"ImageObject","inLanguage":"en-US","@id":"https:\/\/www.visit-ulcinj.com\/blog\/2010\/02\/15\/vip-at-qe-14-shkurti-i-gjen-te-ndare\/#primaryimage","url":"http:\/\/www.visit-ulcinj.com\/blog\/wp-content\/uploads\/2010\/02\/Vipat-shqiptare-SINGLE.jpg","contentUrl":"http:\/\/www.visit-ulcinj.com\/blog\/wp-content\/uploads\/2010\/02\/Vipat-shqiptare-SINGLE.jpg"},{"@type":"WebPage","@id":"https:\/\/www.visit-ulcinj.com\/blog\/2010\/02\/15\/vip-at-qe-14-shkurti-i-gjen-te-ndare\/#webpage","url":"https:\/\/www.visit-ulcinj.com\/blog\/2010\/02\/15\/vip-at-qe-14-shkurti-i-gjen-te-ndare\/","name":"VIP-at qe 14 shkurti i gjen te ndare - Lajme nga Ulqini","isPartOf":{"@id":"https:\/\/www.visit-ulcinj.com\/blog\/#website"},"primaryImageOfPage":{"@id":"https:\/\/www.visit-ulcinj.com\/blog\/2010\/02\/15\/vip-at-qe-14-shkurti-i-gjen-te-ndare\/#primaryimage"},"datePublished":"2010-02-15T17:51:38+00:00","dateModified":"2010-02-15T17:54:52+00:00","author":{"@id":"https:\/\/www.visit-ulcinj.com\/blog\/#\/schema\/person\/dcab619c614d3038751c63bc2aadc06d"},"description":"Histori dashurie q\u00eb jan\u00eb ndezur dhe shuar. Kan\u00eb nisur me zhurm\u00eb dhe kan\u00eb p\u00ebrfunduar po ashtu. Jan\u00eb personazhe t\u00eb njohur q\u00eb kan\u00eb braktisur, por edhe jan\u00eb","breadcrumb":{"@id":"https:\/\/www.visit-ulcinj.com\/blog\/2010\/02\/15\/vip-at-qe-14-shkurti-i-gjen-te-ndare\/#breadcrumb"},"inLanguage":"en-US","potentialAction":[{"@type":"ReadAction","target":["https:\/\/www.visit-ulcinj.com\/blog\/2010\/02\/15\/vip-at-qe-14-shkurti-i-gjen-te-ndare\/"]}]},{"@type":"BreadcrumbList","@id":"https:\/\/www.visit-ulcinj.com\/blog\/2010\/02\/15\/vip-at-qe-14-shkurti-i-gjen-te-ndare\/#breadcrumb","itemListElement":[{"@type":"ListItem","position":1,"name":"VIP-at qe 14 shkurti i gjen te ndare"}]},{"@type":"Person","@id":"https:\/\/www.visit-ulcinj.com\/blog\/#\/schema\/person\/dcab619c614d3038751c63bc2aadc06d","name":"ulqini","sameAs":["http:\/\/www.visit-ulcinj.com"],"url":"https:\/\/www.visit-ulcinj.com\/blog\/author\/admin\/"}]}},"jetpack_featured_media_url":"","jetpack_sharing_enabled":true,"jetpack_shortlink":"https:\/\/wp.me\/pe6lTn-7UO","_links":{"self":[{"href":"https:\/\/www.visit-ulcinj.com\/blog\/wp-json\/wp\/v2\/posts\/30430"}],"collection":[{"href":"https:\/\/www.visit-ulcinj.com\/blog\/wp-json\/wp\/v2\/posts"}],"about":[{"href":"https:\/\/www.visit-ulcinj.com\/blog\/wp-json\/wp\/v2\/types\/post"}],"author":[{"embeddable":true,"href":"https:\/\/www.visit-ulcinj.com\/blog\/wp-json\/wp\/v2\/users\/1"}],"replies":[{"embeddable":true,"href":"https:\/\/www.visit-ulcinj.com\/blog\/wp-json\/wp\/v2\/comments?post=30430"}],"version-history":[{"count":0,"href":"https:\/\/www.visit-ulcinj.com\/blog\/wp-json\/wp\/v2\/posts\/30430\/revisions"}],"wp:attachment":[{"href":"https:\/\/www.visit-ulcinj.com\/blog\/wp-json\/wp\/v2\/media?parent=30430"}],"wp:term":[{"taxonomy":"category","embeddable":true,"href":"https:\/\/www.visit-ulcinj.com\/blog\/wp-json\/wp\/v2\/categories?post=30430"},{"taxonomy":"post_tag","embeddable":true,"href":"https:\/\/www.visit-ulcinj.com\/blog\/wp-json\/wp\/v2\/tags?post=30430"}],"curies":[{"name":"wp","href":"https:\/\/api.w.org\/{rel}","templated":true}]}}