{"id":30470,"date":"2010-02-17T12:49:51","date_gmt":"2010-02-17T10:49:51","guid":{"rendered":"http:\/\/www.visit-ulcinj.com\/blog\/?p=30470"},"modified":"2010-02-17T12:49:51","modified_gmt":"2010-02-17T10:49:51","slug":"sommerurlaub-2010-in-montenegro-%e2%80%93-schwarze-berge-und-weiser-sand","status":"publish","type":"post","link":"https:\/\/www.visit-ulcinj.com\/blog\/2010\/02\/17\/sommerurlaub-2010-in-montenegro-%e2%80%93-schwarze-berge-und-weiser-sand\/","title":{"rendered":"Sommerurlaub 2010 in Montenegro \u2013 Schwarze Berge und wei\u00dfer Sand"},"content":{"rendered":"<p><strong><a href=\"http:\/\/www.visit-ulcinj.com\/blog\/wp-content\/uploads\/2010\/02\/Sommerurlaub-in-Montenegro.jpg\"><img loading=\"lazy\" class=\"alignleft size-full wp-image-30471\" title=\"Sommerurlaub  in Montenegro\" src=\"http:\/\/www.visit-ulcinj.com\/blog\/wp-content\/uploads\/2010\/02\/Sommerurlaub-in-Montenegro.jpg\" alt=\"Sommerurlaub  in Montenegro\" width=\"361\" height=\"441\" \/><\/a>Sommerurlaub 2010 \u2013 diese Reiseziele haben es in sich!<\/strong><br \/>\nangsam r\u00fcckt der Sommer n\u00e4her und damit auch die beste Zeit f\u00fcr die Urlaubsbuchung. Doch wohin soll die Reise gehen? Falls Ihnen noch die z\u00fcndende Idee fehlt, lesen Sie einfach weiter. Der Fluege-Lotse stellt Ihnen f\u00fcnf Top-Destinationen in f\u00fcnf Teilen der Welt vor, die sich 2010 sicher lohnen.<\/p>\n<p><strong>Montenegro \u2013 Schwarze Berge und wei\u00dfer Sand<\/strong><\/p>\n<p>Montenegro ist wirklich klein \u2013 aber fein! Gerade einmal 176 km betr\u00e4gt die Entfernung zwischen dem westlichsten und dem \u00f6stlichsten Punkt des Landes, nur 200 km liegen zwischen Nord- und S\u00fcdspitze, aber die haben es in sich: Montenegro hat die tiefste Schlucht der Welt nach dem Grand Canyon, einen der letzten Urw\u00e4lder Europas, das einzige Fjord des Mittelmeeres und die sch\u00f6nsten Sandstr\u00e4nde der Ostadria, um nur einige Highlights zu nennen.<\/p>\n<p>Warum hin: Montenegro hat alles zu bieten, was das Urlauberherz h\u00f6her schlagen l\u00e4sst, und das zu moderaten Preisen!<\/p>\n<p><strong>Sightseeing-Tipp: Velika Pla\u017ea, der l\u00e4ngste Strand Montenegros und Geheimtipp f\u00fcr Surfer.<\/p>\n<p>Autor: <a href=\"http:\/\/news.fluege.de\/allgemein\/sommerurlaub-2010-diese-reiseziele-haben-es-in-sich\/9586.html\" target=\"_blank\">news.fluege.de<\/a><\/strong><br \/>\n<strong><br \/>\n\n\t\t<style type=\"text\/css\">\n\t\t\t#gallery-1 {\n\t\t\t\tmargin: auto;\n\t\t\t}\n\t\t\t#gallery-1 .gallery-item {\n\t\t\t\tfloat: left;\n\t\t\t\tmargin-top: 10px;\n\t\t\t\ttext-align: center;\n\t\t\t\twidth: 33%;\n\t\t\t}\n\t\t\t#gallery-1 img {\n\t\t\t\tborder: 2px solid #cfcfcf;\n\t\t\t}\n\t\t\t#gallery-1 .gallery-caption {\n\t\t\t\tmargin-left: 0;\n\t\t\t}\n\t\t\t\/* see gallery_shortcode() in wp-includes\/media.php *\/\n\t\t<\/style>\n\t\t<div id='gallery-1' class='gallery galleryid-30470 gallery-columns-3 gallery-size-thumbnail'><dl class='gallery-item'>\n\t\t\t<dt class='gallery-icon portrait'>\n\t\t\t\t<a href='https:\/\/www.visit-ulcinj.com\/blog\/wp-content\/uploads\/2010\/02\/Sommerurlaub-in-Montenegro.jpg'><img width=\"150\" height=\"150\" src=\"https:\/\/www.visit-ulcinj.com\/blog\/wp-content\/uploads\/2010\/02\/Sommerurlaub-in-Montenegro-150x150.jpg\" class=\"attachment-thumbnail size-thumbnail\" alt=\"\" loading=\"lazy\" \/><\/a>\n\t\t\t<\/dt><\/dl><dl class='gallery-item'>\n\t\t\t<dt class='gallery-icon landscape'>\n\t\t\t\t<a href='https:\/\/www.visit-ulcinj.com\/blog\/wp-content\/uploads\/2010\/02\/Sommerurlaub-in-ulcinj_grosse-strand.jpg'><img width=\"150\" height=\"150\" src=\"https:\/\/www.visit-ulcinj.com\/blog\/wp-content\/uploads\/2010\/02\/Sommerurlaub-in-ulcinj_grosse-strand-150x150.jpg\" class=\"attachment-thumbnail size-thumbnail\" alt=\"\" loading=\"lazy\" \/><\/a>\n\t\t\t<\/dt><\/dl><dl class='gallery-item'>\n\t\t\t<dt class='gallery-icon landscape'>\n\t\t\t\t<a href='https:\/\/www.visit-ulcinj.com\/blog\/wp-content\/uploads\/2010\/02\/Sommerurlaub-in-ulcinj_grosse-strand_montenegro.jpg'><img width=\"150\" height=\"150\" src=\"https:\/\/www.visit-ulcinj.com\/blog\/wp-content\/uploads\/2010\/02\/Sommerurlaub-in-ulcinj_grosse-strand_montenegro-150x150.jpg\" class=\"attachment-thumbnail size-thumbnail\" alt=\"\" loading=\"lazy\" \/><\/a>\n\t\t\t<\/dt><\/dl><br style=\"clear: both\" \/>\n\t\t<\/div>\n<br \/>\n<a title=\"Mehr Video of Ulcinj Montenegro\" href=\"http:\/\/www.visit-ulcinj.com\/\" target=\"_blank\">Mehr Video of Ulcinj Montenegro<\/a><\/strong><\/p>\n<p><object classid=\"clsid:d27cdb6e-ae6d-11cf-96b8-444553540000\" width=\"580\" height=\"400\" codebase=\"http:\/\/download.macromedia.com\/pub\/shockwave\/cabs\/flash\/swflash.cab#version=6,0,40,0\"><param name=\"allowFullScreen\" value=\"true\" \/><param name=\"allowScriptAccess\" value=\"always\" \/><param name=\"src\" value=\"http:\/\/www.dailymotion.com\/swf\/x1yc78&amp;autoPlay=1\" \/><param name=\"allowfullscreen\" value=\"true\" \/><\/object><\/p>\n","protected":false},"excerpt":{"rendered":"<p>Sommerurlaub 2010 \u2013 diese Reiseziele haben es in sich! angsam r\u00fcckt der Sommer n\u00e4her und damit auch die beste Zeit f\u00fcr die Urlaubsbuchung. Doch wohin soll die Reise gehen? Falls Ihnen noch die z\u00fcndende Idee fehlt, lesen Sie einfach weiter. Der Fluege-Lotse stellt Ihnen f\u00fcnf Top-Destinationen in f\u00fcnf Teilen der Welt vor, die sich 2010 [&hellip;]<\/p>\n","protected":false},"author":1,"featured_media":0,"comment_status":"open","ping_status":"closed","sticky":false,"template":"","format":"standard","meta":{"spay_email":"","jetpack_publicize_message":"","jetpack_is_tweetstorm":false,"jetpack_publicize_feature_enabled":true},"categories":[15],"tags":[11477,11484,11478,11169,11513,11501,11480,3651,11504,9175,11178,11498,11505,11466,11511,11470,11479,11494,11170,11171,11172,11463,11176,2118,11481,11500,11497,11510,11514,11471,11177,11486,11508,11464,11166,3428,11515,11462,11175,11493,11491,11482,11507,11488,11506,11483,11474,11159,11468,11490,11512,11174,11509,11502,11473,11485,11487,11465,11503,11499,11161,11475,11489,1713,11167,13582,13583,11163,11158,11165,11492,200,3585,11168,11173,11160,11469,11162,11472,11164,11496,11495,11516,13584,11467],"jetpack_publicize_connections":[],"yoast_head":"<!-- This site is optimized with the Yoast SEO plugin v19.1 - https:\/\/yoast.com\/wordpress\/plugins\/seo\/ -->\n<title>Sommerurlaub 2010 in Montenegro \u2013 Schwarze Berge und wei\u00dfer Sand - Lajme nga Ulqini<\/title>\n<meta name=\"description\" content=\"Sommerurlaub 2010 \u2013 diese Reiseziele haben es in sich! angsam r\u00fcckt der Sommer n\u00e4her und damit auch die beste Zeit f\u00fcr die Urlaubsbuchung. Doch wohin soll\" \/>\n<meta name=\"robots\" content=\"index, follow, max-snippet:-1, max-image-preview:large, max-video-preview:-1\" \/>\n<link rel=\"canonical\" href=\"https:\/\/www.visit-ulcinj.com\/blog\/2010\/02\/17\/sommerurlaub-2010-in-montenegro-\u2013-schwarze-berge-und-weiser-sand\/\" \/>\n<meta property=\"og:locale\" content=\"en_US\" \/>\n<meta property=\"og:type\" content=\"article\" \/>\n<meta property=\"og:title\" content=\"Sommerurlaub 2010 in Montenegro \u2013 Schwarze Berge und wei\u00dfer Sand - Lajme nga Ulqini\" \/>\n<meta property=\"og:description\" content=\"Sommerurlaub 2010 \u2013 diese Reiseziele haben es in sich! angsam r\u00fcckt der Sommer n\u00e4her und damit auch die beste Zeit f\u00fcr die Urlaubsbuchung. Doch wohin soll\" \/>\n<meta property=\"og:url\" content=\"https:\/\/www.visit-ulcinj.com\/blog\/2010\/02\/17\/sommerurlaub-2010-in-montenegro-\u2013-schwarze-berge-und-weiser-sand\/\" \/>\n<meta property=\"og:site_name\" content=\"Lajme nga Ulqini\" \/>\n<meta property=\"article:published_time\" content=\"2010-02-17T10:49:51+00:00\" \/>\n<meta property=\"og:image\" content=\"https:\/\/www.visit-ulcinj.com\/blog\/wp-content\/uploads\/2010\/02\/Sommerurlaub-in-Montenegro-150x150.jpg\" \/>\n<meta name=\"twitter:label1\" content=\"Written by\" \/>\n\t<meta name=\"twitter:data1\" content=\"ulqini\" \/>\n\t<meta name=\"twitter:label2\" content=\"Est. reading time\" \/>\n\t<meta name=\"twitter:data2\" content=\"1 minute\" \/>\n<script type=\"application\/ld+json\" class=\"yoast-schema-graph\">{\"@context\":\"https:\/\/schema.org\",\"@graph\":[{\"@type\":\"WebSite\",\"@id\":\"https:\/\/www.visit-ulcinj.com\/blog\/#website\",\"url\":\"https:\/\/www.visit-ulcinj.com\/blog\/\",\"name\":\"Lajme nga Ulqini\",\"description\":\"Lajme,Vijesti,Ulqini,Ulqin,Crna Gora,Mali i Zi\",\"potentialAction\":[{\"@type\":\"SearchAction\",\"target\":{\"@type\":\"EntryPoint\",\"urlTemplate\":\"https:\/\/www.visit-ulcinj.com\/blog\/?s={search_term_string}\"},\"query-input\":\"required name=search_term_string\"}],\"inLanguage\":\"en-US\"},{\"@type\":\"ImageObject\",\"inLanguage\":\"en-US\",\"@id\":\"https:\/\/www.visit-ulcinj.com\/blog\/2010\/02\/17\/sommerurlaub-2010-in-montenegro-%e2%80%93-schwarze-berge-und-weiser-sand\/#primaryimage\",\"url\":\"https:\/\/www.visit-ulcinj.com\/blog\/wp-content\/uploads\/2010\/02\/Sommerurlaub-in-Montenegro.jpg\",\"contentUrl\":\"https:\/\/www.visit-ulcinj.com\/blog\/wp-content\/uploads\/2010\/02\/Sommerurlaub-in-Montenegro.jpg\",\"width\":\"454\",\"height\":\"556\"},{\"@type\":\"WebPage\",\"@id\":\"https:\/\/www.visit-ulcinj.com\/blog\/2010\/02\/17\/sommerurlaub-2010-in-montenegro-%e2%80%93-schwarze-berge-und-weiser-sand\/#webpage\",\"url\":\"https:\/\/www.visit-ulcinj.com\/blog\/2010\/02\/17\/sommerurlaub-2010-in-montenegro-%e2%80%93-schwarze-berge-und-weiser-sand\/\",\"name\":\"Sommerurlaub 2010 in Montenegro \u2013 Schwarze Berge und wei\u00dfer Sand - Lajme nga Ulqini\",\"isPartOf\":{\"@id\":\"https:\/\/www.visit-ulcinj.com\/blog\/#website\"},\"primaryImageOfPage\":{\"@id\":\"https:\/\/www.visit-ulcinj.com\/blog\/2010\/02\/17\/sommerurlaub-2010-in-montenegro-%e2%80%93-schwarze-berge-und-weiser-sand\/#primaryimage\"},\"datePublished\":\"2010-02-17T10:49:51+00:00\",\"dateModified\":\"2010-02-17T10:49:51+00:00\",\"author\":{\"@id\":\"https:\/\/www.visit-ulcinj.com\/blog\/#\/schema\/person\/dcab619c614d3038751c63bc2aadc06d\"},\"description\":\"Sommerurlaub 2010 \u2013 diese Reiseziele haben es in sich! angsam r\u00fcckt der Sommer n\u00e4her und damit auch die beste Zeit f\u00fcr die Urlaubsbuchung. Doch wohin soll\",\"breadcrumb\":{\"@id\":\"https:\/\/www.visit-ulcinj.com\/blog\/2010\/02\/17\/sommerurlaub-2010-in-montenegro-%e2%80%93-schwarze-berge-und-weiser-sand\/#breadcrumb\"},\"inLanguage\":\"en-US\",\"potentialAction\":[{\"@type\":\"ReadAction\",\"target\":[\"https:\/\/www.visit-ulcinj.com\/blog\/2010\/02\/17\/sommerurlaub-2010-in-montenegro-%e2%80%93-schwarze-berge-und-weiser-sand\/\"]}]},{\"@type\":\"BreadcrumbList\",\"@id\":\"https:\/\/www.visit-ulcinj.com\/blog\/2010\/02\/17\/sommerurlaub-2010-in-montenegro-%e2%80%93-schwarze-berge-und-weiser-sand\/#breadcrumb\",\"itemListElement\":[{\"@type\":\"ListItem\",\"position\":1,\"name\":\"Sommerurlaub 2010 in Montenegro \u2013 Schwarze Berge und wei\u00dfer Sand\"}]},{\"@type\":\"Person\",\"@id\":\"https:\/\/www.visit-ulcinj.com\/blog\/#\/schema\/person\/dcab619c614d3038751c63bc2aadc06d\",\"name\":\"ulqini\",\"sameAs\":[\"http:\/\/www.visit-ulcinj.com\"],\"url\":\"https:\/\/www.visit-ulcinj.com\/blog\/author\/admin\/\"}]}<\/script>\n<!-- \/ Yoast SEO plugin. -->","yoast_head_json":{"title":"Sommerurlaub 2010 in Montenegro \u2013 Schwarze Berge und wei\u00dfer Sand - Lajme nga Ulqini","description":"Sommerurlaub 2010 \u2013 diese Reiseziele haben es in sich! angsam r\u00fcckt der Sommer n\u00e4her und damit auch die beste Zeit f\u00fcr die Urlaubsbuchung. Doch wohin soll","robots":{"index":"index","follow":"follow","max-snippet":"max-snippet:-1","max-image-preview":"max-image-preview:large","max-video-preview":"max-video-preview:-1"},"canonical":"https:\/\/www.visit-ulcinj.com\/blog\/2010\/02\/17\/sommerurlaub-2010-in-montenegro-\u2013-schwarze-berge-und-weiser-sand\/","og_locale":"en_US","og_type":"article","og_title":"Sommerurlaub 2010 in Montenegro \u2013 Schwarze Berge und wei\u00dfer Sand - Lajme nga Ulqini","og_description":"Sommerurlaub 2010 \u2013 diese Reiseziele haben es in sich! angsam r\u00fcckt der Sommer n\u00e4her und damit auch die beste Zeit f\u00fcr die Urlaubsbuchung. Doch wohin soll","og_url":"https:\/\/www.visit-ulcinj.com\/blog\/2010\/02\/17\/sommerurlaub-2010-in-montenegro-\u2013-schwarze-berge-und-weiser-sand\/","og_site_name":"Lajme nga Ulqini","article_published_time":"2010-02-17T10:49:51+00:00","og_image":[{"url":"https:\/\/www.visit-ulcinj.com\/blog\/wp-content\/uploads\/2010\/02\/Sommerurlaub-in-Montenegro-150x150.jpg"}],"twitter_misc":{"Written by":"ulqini","Est. reading time":"1 minute"},"schema":{"@context":"https:\/\/schema.org","@graph":[{"@type":"WebSite","@id":"https:\/\/www.visit-ulcinj.com\/blog\/#website","url":"https:\/\/www.visit-ulcinj.com\/blog\/","name":"Lajme nga Ulqini","description":"Lajme,Vijesti,Ulqini,Ulqin,Crna Gora,Mali i Zi","potentialAction":[{"@type":"SearchAction","target":{"@type":"EntryPoint","urlTemplate":"https:\/\/www.visit-ulcinj.com\/blog\/?s={search_term_string}"},"query-input":"required name=search_term_string"}],"inLanguage":"en-US"},{"@type":"ImageObject","inLanguage":"en-US","@id":"https:\/\/www.visit-ulcinj.com\/blog\/2010\/02\/17\/sommerurlaub-2010-in-montenegro-%e2%80%93-schwarze-berge-und-weiser-sand\/#primaryimage","url":"https:\/\/www.visit-ulcinj.com\/blog\/wp-content\/uploads\/2010\/02\/Sommerurlaub-in-Montenegro.jpg","contentUrl":"https:\/\/www.visit-ulcinj.com\/blog\/wp-content\/uploads\/2010\/02\/Sommerurlaub-in-Montenegro.jpg","width":"454","height":"556"},{"@type":"WebPage","@id":"https:\/\/www.visit-ulcinj.com\/blog\/2010\/02\/17\/sommerurlaub-2010-in-montenegro-%e2%80%93-schwarze-berge-und-weiser-sand\/#webpage","url":"https:\/\/www.visit-ulcinj.com\/blog\/2010\/02\/17\/sommerurlaub-2010-in-montenegro-%e2%80%93-schwarze-berge-und-weiser-sand\/","name":"Sommerurlaub 2010 in Montenegro \u2013 Schwarze Berge und wei\u00dfer Sand - Lajme nga Ulqini","isPartOf":{"@id":"https:\/\/www.visit-ulcinj.com\/blog\/#website"},"primaryImageOfPage":{"@id":"https:\/\/www.visit-ulcinj.com\/blog\/2010\/02\/17\/sommerurlaub-2010-in-montenegro-%e2%80%93-schwarze-berge-und-weiser-sand\/#primaryimage"},"datePublished":"2010-02-17T10:49:51+00:00","dateModified":"2010-02-17T10:49:51+00:00","author":{"@id":"https:\/\/www.visit-ulcinj.com\/blog\/#\/schema\/person\/dcab619c614d3038751c63bc2aadc06d"},"description":"Sommerurlaub 2010 \u2013 diese Reiseziele haben es in sich! angsam r\u00fcckt der Sommer n\u00e4her und damit auch die beste Zeit f\u00fcr die Urlaubsbuchung. Doch wohin soll","breadcrumb":{"@id":"https:\/\/www.visit-ulcinj.com\/blog\/2010\/02\/17\/sommerurlaub-2010-in-montenegro-%e2%80%93-schwarze-berge-und-weiser-sand\/#breadcrumb"},"inLanguage":"en-US","potentialAction":[{"@type":"ReadAction","target":["https:\/\/www.visit-ulcinj.com\/blog\/2010\/02\/17\/sommerurlaub-2010-in-montenegro-%e2%80%93-schwarze-berge-und-weiser-sand\/"]}]},{"@type":"BreadcrumbList","@id":"https:\/\/www.visit-ulcinj.com\/blog\/2010\/02\/17\/sommerurlaub-2010-in-montenegro-%e2%80%93-schwarze-berge-und-weiser-sand\/#breadcrumb","itemListElement":[{"@type":"ListItem","position":1,"name":"Sommerurlaub 2010 in Montenegro \u2013 Schwarze Berge und wei\u00dfer Sand"}]},{"@type":"Person","@id":"https:\/\/www.visit-ulcinj.com\/blog\/#\/schema\/person\/dcab619c614d3038751c63bc2aadc06d","name":"ulqini","sameAs":["http:\/\/www.visit-ulcinj.com"],"url":"https:\/\/www.visit-ulcinj.com\/blog\/author\/admin\/"}]}},"jetpack_featured_media_url":"","jetpack_sharing_enabled":true,"jetpack_shortlink":"https:\/\/wp.me\/pe6lTn-7Vs","_links":{"self":[{"href":"https:\/\/www.visit-ulcinj.com\/blog\/wp-json\/wp\/v2\/posts\/30470"}],"collection":[{"href":"https:\/\/www.visit-ulcinj.com\/blog\/wp-json\/wp\/v2\/posts"}],"about":[{"href":"https:\/\/www.visit-ulcinj.com\/blog\/wp-json\/wp\/v2\/types\/post"}],"author":[{"embeddable":true,"href":"https:\/\/www.visit-ulcinj.com\/blog\/wp-json\/wp\/v2\/users\/1"}],"replies":[{"embeddable":true,"href":"https:\/\/www.visit-ulcinj.com\/blog\/wp-json\/wp\/v2\/comments?post=30470"}],"version-history":[{"count":0,"href":"https:\/\/www.visit-ulcinj.com\/blog\/wp-json\/wp\/v2\/posts\/30470\/revisions"}],"wp:attachment":[{"href":"https:\/\/www.visit-ulcinj.com\/blog\/wp-json\/wp\/v2\/media?parent=30470"}],"wp:term":[{"taxonomy":"category","embeddable":true,"href":"https:\/\/www.visit-ulcinj.com\/blog\/wp-json\/wp\/v2\/categories?post=30470"},{"taxonomy":"post_tag","embeddable":true,"href":"https:\/\/www.visit-ulcinj.com\/blog\/wp-json\/wp\/v2\/tags?post=30470"}],"curies":[{"name":"wp","href":"https:\/\/api.w.org\/{rel}","templated":true}]}}