{"id":30476,"date":"2010-02-17T14:26:07","date_gmt":"2010-02-17T12:26:07","guid":{"rendered":"http:\/\/www.visit-ulcinj.com\/blog\/?p=30476"},"modified":"2010-02-17T14:26:07","modified_gmt":"2010-02-17T12:26:07","slug":"le-montenegro-un-pays-meconnu-qui-attire-les-hotels-et-les-touristes","status":"publish","type":"post","link":"https:\/\/www.visit-ulcinj.com\/blog\/2010\/02\/17\/le-montenegro-un-pays-meconnu-qui-attire-les-hotels-et-les-touristes\/","title":{"rendered":"Le Mont\u00e9n\u00e9gro: un pays m\u00e9connu qui attire les h\u00f4tels et les touristes"},"content":{"rendered":"<p><a href=\"http:\/\/www.visit-ulcinj.com\/blog\/wp-content\/uploads\/2010\/02\/Le-Mont\u00e9n\u00e9gro.jpg\"><img loading=\"lazy\" class=\"alignleft size-full wp-image-30478\" title=\"Le Mont\u00e9n\u00e9gro\" src=\"http:\/\/www.visit-ulcinj.com\/blog\/wp-content\/uploads\/2010\/02\/Le-Mont\u00e9n\u00e9gro.jpg\" alt=\"Le Mont\u00e9n\u00e9gro\" width=\"329\" height=\"617\" \/><\/a><\/p>\n<div style=\"text-align: center;\"><strong>Le Mont\u00e9n\u00e9gro est l&#8217;une des destinations qui connait la plus forte croissance en Europe gr\u00e2ce au d\u00e9veloppement de ses infrastructures, son climat cl\u00e9ment et son bon rapport qualit\u00e9-prix. De grandes marques d&#8217;h\u00f4tels s&#8217;y implantent dont Four Seasons qui ouvrira un h\u00f4tel en 2010. <\/strong><\/div>\n<p><span style=\"font-size: 18pt;\"><strong>D<\/strong><\/span>\u2019apr\u00e8s le World Travel &amp; Tourism Council, le Mont\u00e9n\u00e9gro est l&#8217;une des destinations qui connait la plus grande croissance en Europe. Ce pays a \u00e9t\u00e9 class\u00e9e dans le top 3 des plus fortes progressions par cet organisme en 2005, 2006 et 2007.<\/p>\n<p>Le Mont\u00e9n\u00e9gro, pays d\u2019une superficie de 13 812km\u00b2 compte environ 678 177 habitants.<\/p>\n<p>Sa capitale, Podgorica centre administratif et \u00e9conomique, est la ville la plus grande du Mont\u00e9n\u00e9gro et compte 173 000 habitants. Ce petit pays est bord\u00e9 par 293 km de c\u00f4tes, dont 73km de plages.<\/p>\n<p>Le Mont\u00e9n\u00e9gro jouit d\u2019un climat m\u00e9diterran\u00e9en, cl\u00e9ment toute l&#8217;ann\u00e9e et offre de nombreux atouts.<\/p>\n<p>Une grande partie du massif montagneux a \u00e9t\u00e9 class\u00e9 parc national et au patrimoine mondial de l\u2019UNESCO en 1980.<\/p>\n<p>Le Tara Canyon est le ravin le plus profond d\u2019Europe et sa rivi\u00e8re permet notamment de faire du rafting.<\/p>\n<p>Les randonneurs peuvent profiter d\u2019un r\u00e9seau national de pistes de 6000km et de nombreuses infrastructures ont \u00e9t\u00e9 mises en place en montagne pour la pratique de la randonn\u00e9e: des guides ont notamment \u00e9t\u00e9 form\u00e9s et charg\u00e9s d\u2019accueillir les randonneurs.<\/p>\n<p>Pour voir une faune et une flore fascinantes, il faut aller dans le parc Biogradskagora pr\u00e9s de Kolasin, un parc de 5400 hectares o\u00f9 vous pourrez \u00e9galement admirer un glacier.<\/p>\n<p><strong>Les fran\u00e7ais d\u00e9couvrent le Mont\u00e9n\u00e9gro<\/strong><\/p>\n<p>Les fran\u00e7ais ont repr\u00e9sent\u00e9 35% des touristes entre janvier et novembre 2009.<\/p>\n<p>En 2008, on a compt\u00e9 25 000 touristes fran\u00e7ais sur les 1,17millions de touristes \u00e9trangers.<\/p>\n<p>Les principales activit\u00e9s pratiqu\u00e9es par les touristes sont: la natation, les randonn\u00e9es, la d\u00e9couverte de la culture et du patrimoine, la gastronomie, et le shopping.<\/p>\n<p>Ce qui est particuli\u00e8rement appr\u00e9ci\u00e9 par les visiteurs est en g\u00e9n\u00e9ral, la gentillesse des habitants, les heures d\u2019ouverture des magasins, la s\u00e9curit\u00e9 du pays, le peu de temps qu\u2019on met pour y aller, et un bon rapport qualit\u00e9-prix.<\/p>\n<p><strong>Face \u00e0 cet engouement, les cha\u00eenes h\u00f4teli\u00e8res investissent le pays. <\/strong><\/p>\n<p>Depuis quatre ans, des investissements dans la modernisation d\u2019h\u00f4tels et de resorts d\u00e9nationalis\u00e9s on \u00e9t\u00e9 effectu\u00e9s et plusieurs \u00e9tablissements proposent d\u00e9sormais des spas modernes et des salles de congr\u00e8s.<\/p>\n<p>Le groupe h\u00f4telier Aman Resorts a sign\u00e9 un contrat de mangement de trente ans pour g\u00e9rer l\u2019ancienne r\u00e9sidence royale la Villa Milocer, a ouvert fin 2008.<\/p>\n<p>L\u2019une des marinas la plus luxueuse d\u2019Europe, Porto Montenegro, est en construction dans la baie de Tivat, il est pr\u00e9vu d&#8217;y construire un terrain de golf, des appartements r\u00e9sidentiels, et un complexe commercial o\u00f9 la chaine d\u2019h\u00f4tels \u00ab Four Season \u00bb ouvrira son premier h\u00f4tel au Mont\u00e9n\u00e9gro en 2010.<\/p>\n<p>Si vous comptez vous rendre au Mont\u00e9n\u00e9gro par les airs, sachez qu&#8217;un billet d&#8217;avion co\u00fbte entre 230\u20ac A\/R en hiver et 350\u20ac pour la saison estivale, sachant que le seule compagnie qui dessert le Mont\u00e9n\u00e9gro est Mont\u00e9n\u00e9gro Airlines.<\/p>\n<p><strong>Plus d&#8217;informations sur<\/strong><strong> <a onclick=\"javascript:pageTracker._trackEvent ('outgoing','click','www.montenegroairlines.com\/');\" href=\"http:\/\/www.montenegroairlines.com\/\" target=\"_blank\">MONTENEGRO AIRLINES<\/a>,<a onclick=\"javascript:pageTracker._trackEvent ('outgoing','click','www.montenegro.travel\/');\" href=\"http:\/\/www.montenegro.travel\/\" target=\"_blank\">MONTENEGRO TRAVEL<\/a>.<\/strong><\/p>\n<div><strong> <\/strong><strong><a href=\"http:\/\/businesstravel.us1.list-manage.com\/subscribe?u=aea4e44312327229d997131b3&amp;id=c4addb874f\" target=\"_blank\">SI VOUS AVEZ AIME CET ARTICLE, ABONNEZ-VOUS A NOTRE NEWSLETTER POUR ETRE INFORME(E) DES NOUVELLES DU MONDE EN DIRECT 24H\/24<\/a><\/strong><\/div>\n<div><\/div>\n<div><a href=\"http:\/\/www.businesstravel.fr\/201001223854\/en-voyage\/offices-du-tourisme\/le-montenegro-un-pays-meconnu-qui-attire-les-hotels-et-les-touristes.html\" target=\"_blank\"><strong>www.businesstravel.fr<\/strong><\/a><\/div>\n<p><object width=\"580\" height=\"400\"><param name=\"movie\" value=\"http:\/\/www.dailymotion.com\/swf\/x6gpzo&#038;autoPlay=1\"><\/param><param name=\"allowFullScreen\" value=\"true\"><\/param><param name=\"allowScriptAccess\" value=\"always\"><\/param><\/object><\/p>\n","protected":false},"excerpt":{"rendered":"<p>Le Mont\u00e9n\u00e9gro est l&#8217;une des destinations qui connait la plus forte croissance en Europe gr\u00e2ce au d\u00e9veloppement de ses infrastructures, son climat cl\u00e9ment et son bon rapport qualit\u00e9-prix. De grandes marques d&#8217;h\u00f4tels s&#8217;y implantent dont Four Seasons qui ouvrira un h\u00f4tel en 2010. D\u2019apr\u00e8s le World Travel &amp; Tourism Council, le Mont\u00e9n\u00e9gro est l&#8217;une des [&hellip;]<\/p>\n","protected":false},"author":1,"featured_media":0,"comment_status":"open","ping_status":"closed","sticky":false,"template":"","format":"standard","meta":{"spay_email":"","jetpack_publicize_message":"","jetpack_is_tweetstorm":false,"jetpack_publicize_feature_enabled":true},"categories":[10],"tags":[8804,8811,11329,8809,4056,4050,2142,4061,4046,4053,4047,4054,4055,8808,8805,4058,4049,4052,4059,4048,8803,8800,1096,19,8802,4060,8807,8806],"jetpack_publicize_connections":[],"yoast_head":"<!-- This site is optimized with the Yoast SEO plugin v19.1 - https:\/\/yoast.com\/wordpress\/plugins\/seo\/ -->\n<title>Le Mont\u00e9n\u00e9gro: un pays m\u00e9connu qui attire les h\u00f4tels et les touristes - Lajme nga Ulqini<\/title>\n<meta name=\"description\" content=\"Le Mont\u00e9n\u00e9gro est l&#039;une des destinations qui connait la plus forte croissance en Europe gr\u00e2ce au d\u00e9veloppement de ses infrastructures, son climat cl\u00e9ment\" \/>\n<meta name=\"robots\" content=\"index, follow, max-snippet:-1, max-image-preview:large, max-video-preview:-1\" \/>\n<link rel=\"canonical\" href=\"https:\/\/www.visit-ulcinj.com\/blog\/2010\/02\/17\/le-montenegro-un-pays-meconnu-qui-attire-les-hotels-et-les-touristes\/\" \/>\n<meta property=\"og:locale\" content=\"en_US\" \/>\n<meta property=\"og:type\" content=\"article\" \/>\n<meta property=\"og:title\" content=\"Le Mont\u00e9n\u00e9gro: un pays m\u00e9connu qui attire les h\u00f4tels et les touristes - Lajme nga Ulqini\" \/>\n<meta property=\"og:description\" content=\"Le Mont\u00e9n\u00e9gro est l&#039;une des destinations qui connait la plus forte croissance en Europe gr\u00e2ce au d\u00e9veloppement de ses infrastructures, son climat cl\u00e9ment\" \/>\n<meta property=\"og:url\" content=\"https:\/\/www.visit-ulcinj.com\/blog\/2010\/02\/17\/le-montenegro-un-pays-meconnu-qui-attire-les-hotels-et-les-touristes\/\" \/>\n<meta property=\"og:site_name\" content=\"Lajme nga Ulqini\" \/>\n<meta property=\"article:published_time\" content=\"2010-02-17T12:26:07+00:00\" \/>\n<meta name=\"twitter:label1\" content=\"Written by\" \/>\n\t<meta name=\"twitter:data1\" content=\"ulqini\" \/>\n\t<meta name=\"twitter:label2\" content=\"Est. reading time\" \/>\n\t<meta name=\"twitter:data2\" content=\"3 minutes\" \/>\n<script type=\"application\/ld+json\" class=\"yoast-schema-graph\">{\"@context\":\"https:\/\/schema.org\",\"@graph\":[{\"@type\":\"WebSite\",\"@id\":\"https:\/\/www.visit-ulcinj.com\/blog\/#website\",\"url\":\"https:\/\/www.visit-ulcinj.com\/blog\/\",\"name\":\"Lajme nga Ulqini\",\"description\":\"Lajme,Vijesti,Ulqini,Ulqin,Crna Gora,Mali i Zi\",\"potentialAction\":[{\"@type\":\"SearchAction\",\"target\":{\"@type\":\"EntryPoint\",\"urlTemplate\":\"https:\/\/www.visit-ulcinj.com\/blog\/?s={search_term_string}\"},\"query-input\":\"required name=search_term_string\"}],\"inLanguage\":\"en-US\"},{\"@type\":\"WebPage\",\"@id\":\"https:\/\/www.visit-ulcinj.com\/blog\/2010\/02\/17\/le-montenegro-un-pays-meconnu-qui-attire-les-hotels-et-les-touristes\/#webpage\",\"url\":\"https:\/\/www.visit-ulcinj.com\/blog\/2010\/02\/17\/le-montenegro-un-pays-meconnu-qui-attire-les-hotels-et-les-touristes\/\",\"name\":\"Le Mont\u00e9n\u00e9gro: un pays m\u00e9connu qui attire les h\u00f4tels et les touristes - Lajme nga Ulqini\",\"isPartOf\":{\"@id\":\"https:\/\/www.visit-ulcinj.com\/blog\/#website\"},\"datePublished\":\"2010-02-17T12:26:07+00:00\",\"dateModified\":\"2010-02-17T12:26:07+00:00\",\"author\":{\"@id\":\"https:\/\/www.visit-ulcinj.com\/blog\/#\/schema\/person\/dcab619c614d3038751c63bc2aadc06d\"},\"description\":\"Le Mont\u00e9n\u00e9gro est l'une des destinations qui connait la plus forte croissance en Europe gr\u00e2ce au d\u00e9veloppement de ses infrastructures, son climat cl\u00e9ment\",\"breadcrumb\":{\"@id\":\"https:\/\/www.visit-ulcinj.com\/blog\/2010\/02\/17\/le-montenegro-un-pays-meconnu-qui-attire-les-hotels-et-les-touristes\/#breadcrumb\"},\"inLanguage\":\"en-US\",\"potentialAction\":[{\"@type\":\"ReadAction\",\"target\":[\"https:\/\/www.visit-ulcinj.com\/blog\/2010\/02\/17\/le-montenegro-un-pays-meconnu-qui-attire-les-hotels-et-les-touristes\/\"]}]},{\"@type\":\"BreadcrumbList\",\"@id\":\"https:\/\/www.visit-ulcinj.com\/blog\/2010\/02\/17\/le-montenegro-un-pays-meconnu-qui-attire-les-hotels-et-les-touristes\/#breadcrumb\",\"itemListElement\":[{\"@type\":\"ListItem\",\"position\":1,\"name\":\"Le Mont\u00e9n\u00e9gro: un pays m\u00e9connu qui attire les h\u00f4tels et les touristes\"}]},{\"@type\":\"Person\",\"@id\":\"https:\/\/www.visit-ulcinj.com\/blog\/#\/schema\/person\/dcab619c614d3038751c63bc2aadc06d\",\"name\":\"ulqini\",\"sameAs\":[\"http:\/\/www.visit-ulcinj.com\"],\"url\":\"https:\/\/www.visit-ulcinj.com\/blog\/author\/admin\/\"}]}<\/script>\n<!-- \/ Yoast SEO plugin. -->","yoast_head_json":{"title":"Le Mont\u00e9n\u00e9gro: un pays m\u00e9connu qui attire les h\u00f4tels et les touristes - Lajme nga Ulqini","description":"Le Mont\u00e9n\u00e9gro est l'une des destinations qui connait la plus forte croissance en Europe gr\u00e2ce au d\u00e9veloppement de ses infrastructures, son climat cl\u00e9ment","robots":{"index":"index","follow":"follow","max-snippet":"max-snippet:-1","max-image-preview":"max-image-preview:large","max-video-preview":"max-video-preview:-1"},"canonical":"https:\/\/www.visit-ulcinj.com\/blog\/2010\/02\/17\/le-montenegro-un-pays-meconnu-qui-attire-les-hotels-et-les-touristes\/","og_locale":"en_US","og_type":"article","og_title":"Le Mont\u00e9n\u00e9gro: un pays m\u00e9connu qui attire les h\u00f4tels et les touristes - Lajme nga Ulqini","og_description":"Le Mont\u00e9n\u00e9gro est l'une des destinations qui connait la plus forte croissance en Europe gr\u00e2ce au d\u00e9veloppement de ses infrastructures, son climat cl\u00e9ment","og_url":"https:\/\/www.visit-ulcinj.com\/blog\/2010\/02\/17\/le-montenegro-un-pays-meconnu-qui-attire-les-hotels-et-les-touristes\/","og_site_name":"Lajme nga Ulqini","article_published_time":"2010-02-17T12:26:07+00:00","twitter_misc":{"Written by":"ulqini","Est. reading time":"3 minutes"},"schema":{"@context":"https:\/\/schema.org","@graph":[{"@type":"WebSite","@id":"https:\/\/www.visit-ulcinj.com\/blog\/#website","url":"https:\/\/www.visit-ulcinj.com\/blog\/","name":"Lajme nga Ulqini","description":"Lajme,Vijesti,Ulqini,Ulqin,Crna Gora,Mali i Zi","potentialAction":[{"@type":"SearchAction","target":{"@type":"EntryPoint","urlTemplate":"https:\/\/www.visit-ulcinj.com\/blog\/?s={search_term_string}"},"query-input":"required name=search_term_string"}],"inLanguage":"en-US"},{"@type":"WebPage","@id":"https:\/\/www.visit-ulcinj.com\/blog\/2010\/02\/17\/le-montenegro-un-pays-meconnu-qui-attire-les-hotels-et-les-touristes\/#webpage","url":"https:\/\/www.visit-ulcinj.com\/blog\/2010\/02\/17\/le-montenegro-un-pays-meconnu-qui-attire-les-hotels-et-les-touristes\/","name":"Le Mont\u00e9n\u00e9gro: un pays m\u00e9connu qui attire les h\u00f4tels et les touristes - Lajme nga Ulqini","isPartOf":{"@id":"https:\/\/www.visit-ulcinj.com\/blog\/#website"},"datePublished":"2010-02-17T12:26:07+00:00","dateModified":"2010-02-17T12:26:07+00:00","author":{"@id":"https:\/\/www.visit-ulcinj.com\/blog\/#\/schema\/person\/dcab619c614d3038751c63bc2aadc06d"},"description":"Le Mont\u00e9n\u00e9gro est l'une des destinations qui connait la plus forte croissance en Europe gr\u00e2ce au d\u00e9veloppement de ses infrastructures, son climat cl\u00e9ment","breadcrumb":{"@id":"https:\/\/www.visit-ulcinj.com\/blog\/2010\/02\/17\/le-montenegro-un-pays-meconnu-qui-attire-les-hotels-et-les-touristes\/#breadcrumb"},"inLanguage":"en-US","potentialAction":[{"@type":"ReadAction","target":["https:\/\/www.visit-ulcinj.com\/blog\/2010\/02\/17\/le-montenegro-un-pays-meconnu-qui-attire-les-hotels-et-les-touristes\/"]}]},{"@type":"BreadcrumbList","@id":"https:\/\/www.visit-ulcinj.com\/blog\/2010\/02\/17\/le-montenegro-un-pays-meconnu-qui-attire-les-hotels-et-les-touristes\/#breadcrumb","itemListElement":[{"@type":"ListItem","position":1,"name":"Le Mont\u00e9n\u00e9gro: un pays m\u00e9connu qui attire les h\u00f4tels et les touristes"}]},{"@type":"Person","@id":"https:\/\/www.visit-ulcinj.com\/blog\/#\/schema\/person\/dcab619c614d3038751c63bc2aadc06d","name":"ulqini","sameAs":["http:\/\/www.visit-ulcinj.com"],"url":"https:\/\/www.visit-ulcinj.com\/blog\/author\/admin\/"}]}},"jetpack_featured_media_url":"","jetpack_sharing_enabled":true,"jetpack_shortlink":"https:\/\/wp.me\/pe6lTn-7Vy","_links":{"self":[{"href":"https:\/\/www.visit-ulcinj.com\/blog\/wp-json\/wp\/v2\/posts\/30476"}],"collection":[{"href":"https:\/\/www.visit-ulcinj.com\/blog\/wp-json\/wp\/v2\/posts"}],"about":[{"href":"https:\/\/www.visit-ulcinj.com\/blog\/wp-json\/wp\/v2\/types\/post"}],"author":[{"embeddable":true,"href":"https:\/\/www.visit-ulcinj.com\/blog\/wp-json\/wp\/v2\/users\/1"}],"replies":[{"embeddable":true,"href":"https:\/\/www.visit-ulcinj.com\/blog\/wp-json\/wp\/v2\/comments?post=30476"}],"version-history":[{"count":0,"href":"https:\/\/www.visit-ulcinj.com\/blog\/wp-json\/wp\/v2\/posts\/30476\/revisions"}],"wp:attachment":[{"href":"https:\/\/www.visit-ulcinj.com\/blog\/wp-json\/wp\/v2\/media?parent=30476"}],"wp:term":[{"taxonomy":"category","embeddable":true,"href":"https:\/\/www.visit-ulcinj.com\/blog\/wp-json\/wp\/v2\/categories?post=30476"},{"taxonomy":"post_tag","embeddable":true,"href":"https:\/\/www.visit-ulcinj.com\/blog\/wp-json\/wp\/v2\/tags?post=30476"}],"curies":[{"name":"wp","href":"https:\/\/api.w.org\/{rel}","templated":true}]}}