{"id":30510,"date":"2010-02-17T20:24:59","date_gmt":"2010-02-17T18:24:59","guid":{"rendered":"http:\/\/www.visit-ulcinj.com\/blog\/?p=30510"},"modified":"2010-02-17T20:24:59","modified_gmt":"2010-02-17T18:24:59","slug":"opljackan-muzejski-kompleks-u-ulcinjskom-starom-gradu-uprava-zgrozena","status":"publish","type":"post","link":"https:\/\/www.visit-ulcinj.com\/blog\/2010\/02\/17\/opljackan-muzejski-kompleks-u-ulcinjskom-starom-gradu-uprava-zgrozena\/","title":{"rendered":"Oplja?kan muzejski kompleks u Ulcinjskom starom gradu, uprava zgro\u017eena"},"content":{"rendered":"<p><strong><a href=\"http:\/\/www.visit-ulcinj.com\/blog\/wp-content\/uploads\/2010\/02\/S-Trga-robova-nestalo-10-starih-kandelabera_stari-grad-ulcinj.jpg\"><img loading=\"lazy\" class=\"alignleft size-full wp-image-30512\" title=\"S Trga robova nestalo 10 starih kandelabera_stari grad ulcinj\" src=\"http:\/\/www.visit-ulcinj.com\/blog\/wp-content\/uploads\/2010\/02\/S-Trga-robova-nestalo-10-starih-kandelabera_stari-grad-ulcinj.jpg\" alt=\"S Trga robova nestalo 10 starih kandelabera_stari grad ulcinj\" width=\"370\" height=\"550\" \/><\/a>S Trga robova nestalo 10 starih kandelabera<\/strong><br \/>\nUlcinj \u2013 Ulcinjska policija traga za nepoznatim lopovima koji su krajem vikenda iz muzejskog kompleksa u Starom gradu, sa Trga robova, ukrali 10 starih kandelabera.<br \/>\nPolomljena \u017euta stakla i pokidane \u017eice na metalnim nosa?ima svjedo?ili su ju?e o drskom razbojni\u0161tvu nezapam?enom u 35 godina postojanja muzeja.<br \/>\nKustos Mileva Nikolaidis kazala je za \u201cVijesti\u201d da se i ranije doga?alo da zatekne razbijena stakla na kandelaberima, \u201cali nikad ovako ne\u0161to\u201d.<br \/>\n\u201cOstaje \u017eal za kandelaberima, ne samo zbog njihove vrijednosti, ve? i zbog toga \u0161to ih je danas vrlo te\u0161ko nabaviti\u201d, rekla je Nikolaidis.<br \/>\nOna vjeruje da je kra?a po?injena pod okriljem no?i i da je u pitanju organizovana grupa koja dobro poznaje muzejski kompleks.<br \/>\n\u201cSamo jedan kandelaber te\u017eak je oko 15 kilograma. Kapije su bile zaklju?ane, \u0161to upu?uje na zaklju?ak da je bilo vi\u0161e lopova jer su kandelabere morali prebacivati preko ograde ili zida\u201d, tvrdi Nikolaidis.<br \/>\nPredsjednik NVO \u201cKaljaja\u201d Ismet Karamanaga ogor?en je kra?om i \u201cdivljanjem u dijelu Starog grada koji pripada muzejskom kompleksu\u201d.<br \/>\n\u201cTakve stvari ?esto se de\u0161avaju i to rade profesionalne ekipe. I ranije su nestajali reflektori na ulazu u Stari grad i uprkos redovnim prijavama, po?inioci nikad nijesu otkriveni. Osje?am da se ispod Starog grada kod Pravoslavne crkve redovno krade gorivo iz auta koja smo prinu?eni tu da ostavljamo, a i nerijetko ostanemo bez njih\u201d, kazao je Karamanaga.<br \/>\nOn je ocijenio da muzej ne bi trebalo da radi zimi jer nema gostiju.<br \/>\n\u201cA, i ako neko do?e, muzej je lako otvoriti. Slu\u017ebenici Centra za kulturu, koji gazduje muzejom, nepotrebno dolaze na posao i tro\u0161e struju koju svi mi pla?amo. Bolje bi bilo da se anga\u017euje stra\u017ear koji ?e mo?i da sa?uva sve ono \u0161to se na ovim prostorima milenijumima stvaralo\u201d, ocijenio je Karamanaga.<\/p>\n<p><strong>S.A.<br \/>\n<a href=\"http:\/\/www.vijesti.me\/index.php?id_pre=329771&amp;godina=2010\" target=\"_blank\">Vijesti<br \/>\n\n\t\t<style type=\"text\/css\">\n\t\t\t#gallery-1 {\n\t\t\t\tmargin: auto;\n\t\t\t}\n\t\t\t#gallery-1 .gallery-item {\n\t\t\t\tfloat: left;\n\t\t\t\tmargin-top: 10px;\n\t\t\t\ttext-align: center;\n\t\t\t\twidth: 33%;\n\t\t\t}\n\t\t\t#gallery-1 img {\n\t\t\t\tborder: 2px solid #cfcfcf;\n\t\t\t}\n\t\t\t#gallery-1 .gallery-caption {\n\t\t\t\tmargin-left: 0;\n\t\t\t}\n\t\t\t\/* see gallery_shortcode() in wp-includes\/media.php *\/\n\t\t<\/style>\n\t\t<div id='gallery-1' class='gallery galleryid-30510 gallery-columns-3 gallery-size-thumbnail'><dl class='gallery-item'>\n\t\t\t<dt class='gallery-icon landscape'>\n\t\t\t\t<a href='https:\/\/www.visit-ulcinj.com\/blog\/wp-content\/uploads\/2010\/02\/Ulcinj-_Stari-Grad.jpg'><img width=\"150\" height=\"150\" src=\"https:\/\/www.visit-ulcinj.com\/blog\/wp-content\/uploads\/2010\/02\/Ulcinj-_Stari-Grad-150x150.jpg\" class=\"attachment-thumbnail size-thumbnail\" alt=\"\" loading=\"lazy\" \/><\/a>\n\t\t\t<\/dt><\/dl><dl class='gallery-item'>\n\t\t\t<dt class='gallery-icon portrait'>\n\t\t\t\t<a href='https:\/\/www.visit-ulcinj.com\/blog\/wp-content\/uploads\/2010\/02\/S-Trga-robova-nestalo-10-starih-kandelabera_stari-grad-ulcinj.jpg'><img width=\"150\" height=\"150\" src=\"https:\/\/www.visit-ulcinj.com\/blog\/wp-content\/uploads\/2010\/02\/S-Trga-robova-nestalo-10-starih-kandelabera_stari-grad-ulcinj-150x150.jpg\" class=\"attachment-thumbnail size-thumbnail\" alt=\"\" loading=\"lazy\" \/><\/a>\n\t\t\t<\/dt><\/dl><dl class='gallery-item'>\n\t\t\t<dt class='gallery-icon landscape'>\n\t\t\t\t<a href='https:\/\/www.visit-ulcinj.com\/blog\/wp-content\/uploads\/2010\/02\/Ulcinj-_Stari-Grad.1.jpg'><img width=\"150\" height=\"150\" src=\"https:\/\/www.visit-ulcinj.com\/blog\/wp-content\/uploads\/2010\/02\/Ulcinj-_Stari-Grad.1-150x150.jpg\" class=\"attachment-thumbnail size-thumbnail\" alt=\"\" loading=\"lazy\" \/><\/a>\n\t\t\t<\/dt><\/dl><br style=\"clear: both\" \/><dl class='gallery-item'>\n\t\t\t<dt class='gallery-icon landscape'>\n\t\t\t\t<a href='https:\/\/www.visit-ulcinj.com\/blog\/wp-content\/uploads\/2010\/02\/Ulcinj-_Stari-Grad.2.jpg'><img width=\"150\" height=\"150\" src=\"https:\/\/www.visit-ulcinj.com\/blog\/wp-content\/uploads\/2010\/02\/Ulcinj-_Stari-Grad.2-150x150.jpg\" class=\"attachment-thumbnail size-thumbnail\" alt=\"\" loading=\"lazy\" \/><\/a>\n\t\t\t<\/dt><\/dl><dl class='gallery-item'>\n\t\t\t<dt class='gallery-icon portrait'>\n\t\t\t\t<a href='https:\/\/www.visit-ulcinj.com\/blog\/wp-content\/uploads\/2010\/02\/Ulcinj-_Stari-Grad.3.jpg'><img width=\"150\" height=\"150\" src=\"https:\/\/www.visit-ulcinj.com\/blog\/wp-content\/uploads\/2010\/02\/Ulcinj-_Stari-Grad.3-150x150.jpg\" class=\"attachment-thumbnail size-thumbnail\" alt=\"\" loading=\"lazy\" \/><\/a>\n\t\t\t<\/dt><\/dl><dl class='gallery-item'>\n\t\t\t<dt class='gallery-icon portrait'>\n\t\t\t\t<a href='https:\/\/www.visit-ulcinj.com\/blog\/wp-content\/uploads\/2010\/02\/Ulcinj-_Stari-Grad.4.jpg'><img width=\"150\" height=\"150\" src=\"https:\/\/www.visit-ulcinj.com\/blog\/wp-content\/uploads\/2010\/02\/Ulcinj-_Stari-Grad.4-150x150.jpg\" class=\"attachment-thumbnail size-thumbnail\" alt=\"\" loading=\"lazy\" \/><\/a>\n\t\t\t<\/dt><\/dl><br style=\"clear: both\" \/><dl class='gallery-item'>\n\t\t\t<dt class='gallery-icon portrait'>\n\t\t\t\t<a href='https:\/\/www.visit-ulcinj.com\/blog\/wp-content\/uploads\/2010\/02\/Ulcinj-_Stari-Grad.5.jpg'><img width=\"150\" height=\"150\" src=\"https:\/\/www.visit-ulcinj.com\/blog\/wp-content\/uploads\/2010\/02\/Ulcinj-_Stari-Grad.5-150x150.jpg\" class=\"attachment-thumbnail size-thumbnail\" alt=\"\" loading=\"lazy\" \/><\/a>\n\t\t\t<\/dt><\/dl><dl class='gallery-item'>\n\t\t\t<dt class='gallery-icon portrait'>\n\t\t\t\t<a href='https:\/\/www.visit-ulcinj.com\/blog\/wp-content\/uploads\/2010\/02\/Ulcinj-_Stari-Grad.6.jpg'><img width=\"150\" height=\"150\" src=\"https:\/\/www.visit-ulcinj.com\/blog\/wp-content\/uploads\/2010\/02\/Ulcinj-_Stari-Grad.6-150x150.jpg\" class=\"attachment-thumbnail size-thumbnail\" alt=\"\" loading=\"lazy\" \/><\/a>\n\t\t\t<\/dt><\/dl><dl class='gallery-item'>\n\t\t\t<dt class='gallery-icon landscape'>\n\t\t\t\t<a href='https:\/\/www.visit-ulcinj.com\/blog\/wp-content\/uploads\/2010\/02\/Ulcinj-_Stari-Grad.7.jpg'><img width=\"150\" height=\"150\" src=\"https:\/\/www.visit-ulcinj.com\/blog\/wp-content\/uploads\/2010\/02\/Ulcinj-_Stari-Grad.7-150x150.jpg\" class=\"attachment-thumbnail size-thumbnail\" alt=\"\" loading=\"lazy\" \/><\/a>\n\t\t\t<\/dt><\/dl><br style=\"clear: both\" \/>\n\t\t<\/div>\n<br \/>\n<\/a><\/strong>[flv width=&#8221;580&#8243; height=&#8221;400&#8243;]http:\/\/video.zoover.nl\/media\/play\/2010\/01\/20100125130811_025.flv[\/flv]<a href=\"http:\/\/www.vijesti.me\/index.php?id_pre=329771&amp;godina=2010\" target=\"_blank\"><\/a><\/p>\n","protected":false},"excerpt":{"rendered":"<p>S Trga robova nestalo 10 starih kandelabera Ulcinj \u2013 Ulcinjska policija traga za nepoznatim lopovima koji su krajem vikenda iz muzejskog kompleksa u Starom gradu, sa Trga robova, ukrali 10 starih kandelabera. Polomljena \u017euta stakla i pokidane \u017eice na metalnim nosa?ima svjedo?ili su ju?e o drskom razbojni\u0161tvu nezapam?enom u 35 godina postojanja muzeja. Kustos Mileva [&hellip;]<\/p>\n","protected":false},"author":1,"featured_media":0,"comment_status":"open","ping_status":"closed","sticky":false,"template":"","format":"standard","meta":{"spay_email":"","jetpack_publicize_message":"","jetpack_is_tweetstorm":false,"jetpack_publicize_feature_enabled":true},"categories":[4],"tags":[13598,13596,13595,13594,13597],"jetpack_publicize_connections":[],"yoast_head":"<!-- This site is optimized with the Yoast SEO plugin v19.1 - https:\/\/yoast.com\/wordpress\/plugins\/seo\/ -->\n<title>Oplja?kan muzejski kompleks u Ulcinjskom starom gradu, uprava zgro\u017eena - Lajme nga Ulqini<\/title>\n<meta name=\"description\" content=\"S Trga robova nestalo 10 starih kandelabera Ulcinj \u2013 Ulcinjska policija traga za nepoznatim lopovima koji su krajem vikenda iz muzejskog kompleksa u\" \/>\n<meta name=\"robots\" content=\"index, follow, max-snippet:-1, max-image-preview:large, max-video-preview:-1\" \/>\n<link rel=\"canonical\" href=\"https:\/\/www.visit-ulcinj.com\/blog\/2010\/02\/17\/opljackan-muzejski-kompleks-u-ulcinjskom-starom-gradu-uprava-zgrozena\/\" \/>\n<meta property=\"og:locale\" content=\"en_US\" \/>\n<meta property=\"og:type\" content=\"article\" \/>\n<meta property=\"og:title\" content=\"Oplja?kan muzejski kompleks u Ulcinjskom starom gradu, uprava zgro\u017eena - Lajme nga Ulqini\" \/>\n<meta property=\"og:description\" content=\"S Trga robova nestalo 10 starih kandelabera Ulcinj \u2013 Ulcinjska policija traga za nepoznatim lopovima koji su krajem vikenda iz muzejskog kompleksa u\" \/>\n<meta property=\"og:url\" content=\"https:\/\/www.visit-ulcinj.com\/blog\/2010\/02\/17\/opljackan-muzejski-kompleks-u-ulcinjskom-starom-gradu-uprava-zgrozena\/\" \/>\n<meta property=\"og:site_name\" content=\"Lajme nga Ulqini\" \/>\n<meta property=\"article:published_time\" content=\"2010-02-17T18:24:59+00:00\" \/>\n<meta property=\"og:image\" content=\"https:\/\/www.visit-ulcinj.com\/blog\/wp-content\/uploads\/2010\/02\/Ulcinj-_Stari-Grad-150x150.jpg\" \/>\n<meta name=\"twitter:label1\" content=\"Written by\" \/>\n\t<meta name=\"twitter:data1\" content=\"ulqini\" \/>\n\t<meta name=\"twitter:label2\" content=\"Est. reading time\" \/>\n\t<meta name=\"twitter:data2\" content=\"2 minutes\" \/>\n<script type=\"application\/ld+json\" class=\"yoast-schema-graph\">{\"@context\":\"https:\/\/schema.org\",\"@graph\":[{\"@type\":\"WebSite\",\"@id\":\"https:\/\/www.visit-ulcinj.com\/blog\/#website\",\"url\":\"https:\/\/www.visit-ulcinj.com\/blog\/\",\"name\":\"Lajme nga Ulqini\",\"description\":\"Lajme,Vijesti,Ulqini,Ulqin,Crna Gora,Mali i Zi\",\"potentialAction\":[{\"@type\":\"SearchAction\",\"target\":{\"@type\":\"EntryPoint\",\"urlTemplate\":\"https:\/\/www.visit-ulcinj.com\/blog\/?s={search_term_string}\"},\"query-input\":\"required name=search_term_string\"}],\"inLanguage\":\"en-US\"},{\"@type\":\"ImageObject\",\"inLanguage\":\"en-US\",\"@id\":\"https:\/\/www.visit-ulcinj.com\/blog\/2010\/02\/17\/opljackan-muzejski-kompleks-u-ulcinjskom-starom-gradu-uprava-zgrozena\/#primaryimage\",\"url\":\"https:\/\/www.visit-ulcinj.com\/blog\/wp-content\/uploads\/2010\/02\/S-Trga-robova-nestalo-10-starih-kandelabera_stari-grad-ulcinj.jpg\",\"contentUrl\":\"https:\/\/www.visit-ulcinj.com\/blog\/wp-content\/uploads\/2010\/02\/S-Trga-robova-nestalo-10-starih-kandelabera_stari-grad-ulcinj.jpg\",\"width\":\"450\",\"height\":\"671\"},{\"@type\":\"WebPage\",\"@id\":\"https:\/\/www.visit-ulcinj.com\/blog\/2010\/02\/17\/opljackan-muzejski-kompleks-u-ulcinjskom-starom-gradu-uprava-zgrozena\/#webpage\",\"url\":\"https:\/\/www.visit-ulcinj.com\/blog\/2010\/02\/17\/opljackan-muzejski-kompleks-u-ulcinjskom-starom-gradu-uprava-zgrozena\/\",\"name\":\"Oplja?kan muzejski kompleks u Ulcinjskom starom gradu, uprava zgro\u017eena - Lajme nga Ulqini\",\"isPartOf\":{\"@id\":\"https:\/\/www.visit-ulcinj.com\/blog\/#website\"},\"primaryImageOfPage\":{\"@id\":\"https:\/\/www.visit-ulcinj.com\/blog\/2010\/02\/17\/opljackan-muzejski-kompleks-u-ulcinjskom-starom-gradu-uprava-zgrozena\/#primaryimage\"},\"datePublished\":\"2010-02-17T18:24:59+00:00\",\"dateModified\":\"2010-02-17T18:24:59+00:00\",\"author\":{\"@id\":\"https:\/\/www.visit-ulcinj.com\/blog\/#\/schema\/person\/dcab619c614d3038751c63bc2aadc06d\"},\"description\":\"S Trga robova nestalo 10 starih kandelabera Ulcinj \u2013 Ulcinjska policija traga za nepoznatim lopovima koji su krajem vikenda iz muzejskog kompleksa u\",\"breadcrumb\":{\"@id\":\"https:\/\/www.visit-ulcinj.com\/blog\/2010\/02\/17\/opljackan-muzejski-kompleks-u-ulcinjskom-starom-gradu-uprava-zgrozena\/#breadcrumb\"},\"inLanguage\":\"en-US\",\"potentialAction\":[{\"@type\":\"ReadAction\",\"target\":[\"https:\/\/www.visit-ulcinj.com\/blog\/2010\/02\/17\/opljackan-muzejski-kompleks-u-ulcinjskom-starom-gradu-uprava-zgrozena\/\"]}]},{\"@type\":\"BreadcrumbList\",\"@id\":\"https:\/\/www.visit-ulcinj.com\/blog\/2010\/02\/17\/opljackan-muzejski-kompleks-u-ulcinjskom-starom-gradu-uprava-zgrozena\/#breadcrumb\",\"itemListElement\":[{\"@type\":\"ListItem\",\"position\":1,\"name\":\"Oplja?kan muzejski kompleks u Ulcinjskom starom gradu, uprava zgro\u017eena\"}]},{\"@type\":\"Person\",\"@id\":\"https:\/\/www.visit-ulcinj.com\/blog\/#\/schema\/person\/dcab619c614d3038751c63bc2aadc06d\",\"name\":\"ulqini\",\"sameAs\":[\"http:\/\/www.visit-ulcinj.com\"],\"url\":\"https:\/\/www.visit-ulcinj.com\/blog\/author\/admin\/\"}]}<\/script>\n<!-- \/ Yoast SEO plugin. -->","yoast_head_json":{"title":"Oplja?kan muzejski kompleks u Ulcinjskom starom gradu, uprava zgro\u017eena - Lajme nga Ulqini","description":"S Trga robova nestalo 10 starih kandelabera Ulcinj \u2013 Ulcinjska policija traga za nepoznatim lopovima koji su krajem vikenda iz muzejskog kompleksa u","robots":{"index":"index","follow":"follow","max-snippet":"max-snippet:-1","max-image-preview":"max-image-preview:large","max-video-preview":"max-video-preview:-1"},"canonical":"https:\/\/www.visit-ulcinj.com\/blog\/2010\/02\/17\/opljackan-muzejski-kompleks-u-ulcinjskom-starom-gradu-uprava-zgrozena\/","og_locale":"en_US","og_type":"article","og_title":"Oplja?kan muzejski kompleks u Ulcinjskom starom gradu, uprava zgro\u017eena - Lajme nga Ulqini","og_description":"S Trga robova nestalo 10 starih kandelabera Ulcinj \u2013 Ulcinjska policija traga za nepoznatim lopovima koji su krajem vikenda iz muzejskog kompleksa u","og_url":"https:\/\/www.visit-ulcinj.com\/blog\/2010\/02\/17\/opljackan-muzejski-kompleks-u-ulcinjskom-starom-gradu-uprava-zgrozena\/","og_site_name":"Lajme nga Ulqini","article_published_time":"2010-02-17T18:24:59+00:00","og_image":[{"url":"https:\/\/www.visit-ulcinj.com\/blog\/wp-content\/uploads\/2010\/02\/Ulcinj-_Stari-Grad-150x150.jpg"}],"twitter_misc":{"Written by":"ulqini","Est. reading time":"2 minutes"},"schema":{"@context":"https:\/\/schema.org","@graph":[{"@type":"WebSite","@id":"https:\/\/www.visit-ulcinj.com\/blog\/#website","url":"https:\/\/www.visit-ulcinj.com\/blog\/","name":"Lajme nga Ulqini","description":"Lajme,Vijesti,Ulqini,Ulqin,Crna Gora,Mali i Zi","potentialAction":[{"@type":"SearchAction","target":{"@type":"EntryPoint","urlTemplate":"https:\/\/www.visit-ulcinj.com\/blog\/?s={search_term_string}"},"query-input":"required name=search_term_string"}],"inLanguage":"en-US"},{"@type":"ImageObject","inLanguage":"en-US","@id":"https:\/\/www.visit-ulcinj.com\/blog\/2010\/02\/17\/opljackan-muzejski-kompleks-u-ulcinjskom-starom-gradu-uprava-zgrozena\/#primaryimage","url":"https:\/\/www.visit-ulcinj.com\/blog\/wp-content\/uploads\/2010\/02\/S-Trga-robova-nestalo-10-starih-kandelabera_stari-grad-ulcinj.jpg","contentUrl":"https:\/\/www.visit-ulcinj.com\/blog\/wp-content\/uploads\/2010\/02\/S-Trga-robova-nestalo-10-starih-kandelabera_stari-grad-ulcinj.jpg","width":"450","height":"671"},{"@type":"WebPage","@id":"https:\/\/www.visit-ulcinj.com\/blog\/2010\/02\/17\/opljackan-muzejski-kompleks-u-ulcinjskom-starom-gradu-uprava-zgrozena\/#webpage","url":"https:\/\/www.visit-ulcinj.com\/blog\/2010\/02\/17\/opljackan-muzejski-kompleks-u-ulcinjskom-starom-gradu-uprava-zgrozena\/","name":"Oplja?kan muzejski kompleks u Ulcinjskom starom gradu, uprava zgro\u017eena - Lajme nga Ulqini","isPartOf":{"@id":"https:\/\/www.visit-ulcinj.com\/blog\/#website"},"primaryImageOfPage":{"@id":"https:\/\/www.visit-ulcinj.com\/blog\/2010\/02\/17\/opljackan-muzejski-kompleks-u-ulcinjskom-starom-gradu-uprava-zgrozena\/#primaryimage"},"datePublished":"2010-02-17T18:24:59+00:00","dateModified":"2010-02-17T18:24:59+00:00","author":{"@id":"https:\/\/www.visit-ulcinj.com\/blog\/#\/schema\/person\/dcab619c614d3038751c63bc2aadc06d"},"description":"S Trga robova nestalo 10 starih kandelabera Ulcinj \u2013 Ulcinjska policija traga za nepoznatim lopovima koji su krajem vikenda iz muzejskog kompleksa u","breadcrumb":{"@id":"https:\/\/www.visit-ulcinj.com\/blog\/2010\/02\/17\/opljackan-muzejski-kompleks-u-ulcinjskom-starom-gradu-uprava-zgrozena\/#breadcrumb"},"inLanguage":"en-US","potentialAction":[{"@type":"ReadAction","target":["https:\/\/www.visit-ulcinj.com\/blog\/2010\/02\/17\/opljackan-muzejski-kompleks-u-ulcinjskom-starom-gradu-uprava-zgrozena\/"]}]},{"@type":"BreadcrumbList","@id":"https:\/\/www.visit-ulcinj.com\/blog\/2010\/02\/17\/opljackan-muzejski-kompleks-u-ulcinjskom-starom-gradu-uprava-zgrozena\/#breadcrumb","itemListElement":[{"@type":"ListItem","position":1,"name":"Oplja?kan muzejski kompleks u Ulcinjskom starom gradu, uprava zgro\u017eena"}]},{"@type":"Person","@id":"https:\/\/www.visit-ulcinj.com\/blog\/#\/schema\/person\/dcab619c614d3038751c63bc2aadc06d","name":"ulqini","sameAs":["http:\/\/www.visit-ulcinj.com"],"url":"https:\/\/www.visit-ulcinj.com\/blog\/author\/admin\/"}]}},"jetpack_featured_media_url":"","jetpack_sharing_enabled":true,"jetpack_shortlink":"https:\/\/wp.me\/pe6lTn-7W6","_links":{"self":[{"href":"https:\/\/www.visit-ulcinj.com\/blog\/wp-json\/wp\/v2\/posts\/30510"}],"collection":[{"href":"https:\/\/www.visit-ulcinj.com\/blog\/wp-json\/wp\/v2\/posts"}],"about":[{"href":"https:\/\/www.visit-ulcinj.com\/blog\/wp-json\/wp\/v2\/types\/post"}],"author":[{"embeddable":true,"href":"https:\/\/www.visit-ulcinj.com\/blog\/wp-json\/wp\/v2\/users\/1"}],"replies":[{"embeddable":true,"href":"https:\/\/www.visit-ulcinj.com\/blog\/wp-json\/wp\/v2\/comments?post=30510"}],"version-history":[{"count":0,"href":"https:\/\/www.visit-ulcinj.com\/blog\/wp-json\/wp\/v2\/posts\/30510\/revisions"}],"wp:attachment":[{"href":"https:\/\/www.visit-ulcinj.com\/blog\/wp-json\/wp\/v2\/media?parent=30510"}],"wp:term":[{"taxonomy":"category","embeddable":true,"href":"https:\/\/www.visit-ulcinj.com\/blog\/wp-json\/wp\/v2\/categories?post=30510"},{"taxonomy":"post_tag","embeddable":true,"href":"https:\/\/www.visit-ulcinj.com\/blog\/wp-json\/wp\/v2\/tags?post=30510"}],"curies":[{"name":"wp","href":"https:\/\/api.w.org\/{rel}","templated":true}]}}