{"id":30521,"date":"2010-02-17T21:45:03","date_gmt":"2010-02-17T19:45:03","guid":{"rendered":"http:\/\/www.visit-ulcinj.com\/blog\/?p=30521"},"modified":"2012-03-01T08:37:50","modified_gmt":"2012-03-01T07:37:50","slug":"cetrnaest-godina-za-ubistvo-rama-kraje","status":"publish","type":"post","link":"https:\/\/www.visit-ulcinj.com\/blog\/2010\/02\/17\/cetrnaest-godina-za-ubistvo-rama-kraje\/","title":{"rendered":"Cetrnaest godina za ubistvo Rama Kraje"},"content":{"rendered":"<p><strong><a href=\"http:\/\/www.visit-ulcinj.com\/blog\/wp-content\/uploads\/2010\/02\/IN-MEMORIAM-RAMO-KRAJA_PISTULA_ULCINJ.jpg\"><img loading=\"lazy\" class=\"alignleft size-full wp-image-30522\" title=\"IN MEMORIAM RAMO KRAJA_PISTULA_ULCINJ\" src=\"http:\/\/www.visit-ulcinj.com\/blog\/wp-content\/uploads\/2010\/02\/IN-MEMORIAM-RAMO-KRAJA_PISTULA_ULCINJ.jpg\" alt=\"IN MEMORIAM RAMO KRAJA_PISTULA_ULCINJ\" width=\"311\" height=\"440\" srcset=\"https:\/\/www.visit-ulcinj.com\/blog\/wp-content\/uploads\/2010\/02\/IN-MEMORIAM-RAMO-KRAJA_PISTULA_ULCINJ.jpg 311w, https:\/\/www.visit-ulcinj.com\/blog\/wp-content\/uploads\/2010\/02\/IN-MEMORIAM-RAMO-KRAJA_PISTULA_ULCINJ-212x300.jpg 212w\" sizes=\"(max-width: 311px) 100vw, 311px\" \/><\/a>Za ubistvo Kraje 14 godina zatvora<\/strong><br \/>\nPodgorica \u2013 Ivica M. Rai?evi? iz Ulcinja osu?en je na 14 godina zatvora zbog ubistva Rama Kraje ispred lokala \u201cUnaza\u201d u Ulcinju, odlu?ilo je krivi?no vije?e sudije Dragi\u0161e Rako?evi?a u Vi\u0161em sudu u Podgorici. Usljed odustanka tu\u017eioca u zavr\u0161noj rije?i od daljeg krivi?nog gonjenja protiv brata okrivljenog Ivice, Dragana M. Rai?evi?a iz Ulcinja, brata Viljsona L. ?okovi?a zvanog ?aki iz sela Milje\u0161 kod Podgorice i Marka J. Markovi?a iz Podgorice, da su izvr\u0161ili krivi?no djelo \u201cu?estvovanje u tu?i\u201d, sud je donio presudu kojom se optu\u017eba odbija.<br \/>\n&#8220;Okrivljeni Ivica Rai?evi? je ubio Rama Kraju 16. decembra 2007. godiine oko 4.00 ?asa u Ulcinju u Ul. 26. novembra, ispred Ugostiteljskog objekta &#8220;Unaza&#8221; . Okrivljeni je prilikom sva?e iz pi\u0161tolja, iz blizine ispalio hitac u o\u0161te?enog Kraju, koji ga je pogodio u desni predio tjemena glave, nanose?i mu te\u0161ku tjelesnu povredu, od koje je kod o\u0161te?enog nastupila smrt 3. marta 2008. na Neurohirur\u0161koj klinici u Beogradu&#8221;, navodi se u prvostepenoj presudi.<br \/>\nSudija Rako?evi? je kazao da je sud nesumnjivo zaklju?io da je Ivica Rai?evi? sa eventualnim umi\u0161ljajem ubio Kraju.<br \/>\n&#8220;O tome su se izjasnili vje\u0161taci medicinske i balisti?ke struke. Niko ispred lokala nije imao oru\u017eje, a ni oru?e. Okrivljeni Rai?evi? nije imao razloga da upotrijebi oru\u017eje. On je iza\u0161ao iz auta sa repetiranim pi\u0161toljem, koji nije bio zako?en. Po ocjeni suda do opaljenja metka je do\u0161lo kada je otvor cijevi pi\u0161tolja bio prislonjen na glavu Kraje,\u201d naveo je sudija u zavr\u0161noj rije?i.<br \/>\nNakon \u0161to je objavio presudu, sudija je dao priliku Ivici Rai?evi?u da se izjasni.<br \/>\n\u201cVi\u0161e od 20 godina \u017eivim u Ulcinju, gdje smo ja i porodica proganjani. Da mi je su?eno u Ulcinju, bio bih osu?en na 100 godina zatvora. Grad Ulcinj funkcioni\u0161e kao da nije u sklopu Crne Gore, ve? kao da je dio Albanije ili mo\u017eda Srbije. Ulcinj nije regularan grad da sam se odmah mogao prijaviti policiji. U tom gradu meni ne daju da \u017eivim normalno i zato se nisam prijavio policiji\u201d, kazao je Rai?evi?.<br \/>\nRai?evi? je u odbrani tvrdio da je dr\u017ee?i pi\u0161tolj u ruci i zamahnuo da udari Kraju u glavu dr\u0161kom, te da je tada ispalio hitac.<br \/>\n\u201c Rai?evi? je bio svjestan \u0161ta radi. Ne mo\u017ee se prihvatiti njegova odbrana da je pi\u0161tolj bio zako?en jer nema pi\u0161tolja da ga vje\u0161ta?imo. Balisti?ar je kazao da ne mo\u017ee opaliti pi\u0161tolj udarcem dr\u0161ke u bilo koji predmet, ve? se mora povu?i obara?. Sud smatra da se radi o eventualnom umi\u0161ljaju&#8221;, kazao je sudija Rako?evi? u obrazlo\u017eenju presude.<\/p>\n<p><strong>K.RADEVI?<br \/>\n<a href=\"http:\/\/www.vijesti.me\/index.php?id_pre=329754&amp;godina=2010\" target=\"_blank\">Vijesti<br \/>\n\n\t\t<style type=\"text\/css\">\n\t\t\t#gallery-1 {\n\t\t\t\tmargin: auto;\n\t\t\t}\n\t\t\t#gallery-1 .gallery-item {\n\t\t\t\tfloat: left;\n\t\t\t\tmargin-top: 10px;\n\t\t\t\ttext-align: center;\n\t\t\t\twidth: 33%;\n\t\t\t}\n\t\t\t#gallery-1 img {\n\t\t\t\tborder: 2px solid #cfcfcf;\n\t\t\t}\n\t\t\t#gallery-1 .gallery-caption {\n\t\t\t\tmargin-left: 0;\n\t\t\t}\n\t\t\t\/* see gallery_shortcode() in wp-includes\/media.php *\/\n\t\t<\/style>\n\t\t<div id='gallery-1' class='gallery galleryid-30521 gallery-columns-3 gallery-size-thumbnail'><dl class='gallery-item'>\n\t\t\t<dt class='gallery-icon portrait'>\n\t\t\t\t<a href='https:\/\/www.visit-ulcinj.com\/blog\/wp-content\/uploads\/2010\/02\/IN-MEMORIAM-RAMO-KRAJA_PISTULA_ULCINJ.jpg'><img width=\"150\" height=\"150\" src=\"https:\/\/www.visit-ulcinj.com\/blog\/wp-content\/uploads\/2010\/02\/IN-MEMORIAM-RAMO-KRAJA_PISTULA_ULCINJ-150x150.jpg\" class=\"attachment-thumbnail size-thumbnail\" alt=\"\" loading=\"lazy\" \/><\/a>\n\t\t\t<\/dt><\/dl><dl class='gallery-item'>\n\t\t\t<dt class='gallery-icon landscape'>\n\t\t\t\t<a href='https:\/\/www.visit-ulcinj.com\/blog\/wp-content\/uploads\/2010\/02\/IN-MEMORIAM-RAMO-KRAJA_PISTULA_ULCINJ.1.jpg'><img width=\"150\" height=\"150\" src=\"https:\/\/www.visit-ulcinj.com\/blog\/wp-content\/uploads\/2010\/02\/IN-MEMORIAM-RAMO-KRAJA_PISTULA_ULCINJ.1-150x150.jpg\" class=\"attachment-thumbnail size-thumbnail\" alt=\"\" loading=\"lazy\" \/><\/a>\n\t\t\t<\/dt><\/dl><dl class='gallery-item'>\n\t\t\t<dt class='gallery-icon portrait'>\n\t\t\t\t<a href='https:\/\/www.visit-ulcinj.com\/blog\/wp-content\/uploads\/2010\/02\/IN-MEMORIAM-RAMO-KRAJA_PISTULA_ULCINJ.2.jpg'><img width=\"150\" height=\"150\" src=\"https:\/\/www.visit-ulcinj.com\/blog\/wp-content\/uploads\/2010\/02\/IN-MEMORIAM-RAMO-KRAJA_PISTULA_ULCINJ.2-150x150.jpg\" class=\"attachment-thumbnail size-thumbnail\" alt=\"\" loading=\"lazy\" \/><\/a>\n\t\t\t<\/dt><\/dl><br style=\"clear: both\" \/>\n\t\t<\/div>\n<\/p>\n<p><\/a><\/strong><\/p>\n<p>&nbsp;<\/p>\n<p>&nbsp;<\/p>\n<p>&nbsp;<\/p>\n<p>&nbsp;<\/p>\n<p><!--YouTube Error: bad URL entered--><strong><a href=\"http:\/\/www.vijesti.me\/index.php?id_pre=329754&amp;godina=2010\" target=\"_blank\"><br \/>\n<\/a><\/strong><\/p>\n","protected":false},"excerpt":{"rendered":"<p>Za ubistvo Kraje 14 godina zatvora Podgorica \u2013 Ivica M. Rai?evi? iz Ulcinja osu?en je na 14 godina zatvora zbog ubistva Rama Kraje ispred lokala \u201cUnaza\u201d u Ulcinju, odlu?ilo je krivi?no vije?e sudije Dragi\u0161e Rako?evi?a u Vi\u0161em sudu u Podgorici. Usljed odustanka tu\u017eioca u zavr\u0161noj rije?i od daljeg krivi?nog gonjenja protiv brata okrivljenog Ivice, Dragana [&hellip;]<\/p>\n","protected":false},"author":1,"featured_media":0,"comment_status":"open","ping_status":"closed","sticky":false,"template":"","format":"standard","meta":{"spay_email":"","jetpack_publicize_message":"","jetpack_is_tweetstorm":false,"jetpack_publicize_feature_enabled":true},"categories":[8337],"tags":[13600,2153,13599,19],"jetpack_publicize_connections":[],"yoast_head":"<!-- This site is optimized with the Yoast SEO plugin v19.1 - https:\/\/yoast.com\/wordpress\/plugins\/seo\/ -->\n<title>Cetrnaest godina za ubistvo Rama Kraje - Lajme nga Ulqini<\/title>\n<meta name=\"description\" content=\"Za ubistvo Kraje 14 godina zatvora Podgorica \u2013 Ivica M. Rai?evi? iz Ulcinja osu?en je na 14 godina zatvora zbog ubistva Rama Kraje ispred lokala \u201cUnaza\u201d u\" \/>\n<meta name=\"robots\" content=\"index, follow, max-snippet:-1, max-image-preview:large, max-video-preview:-1\" \/>\n<link rel=\"canonical\" href=\"https:\/\/www.visit-ulcinj.com\/blog\/2010\/02\/17\/cetrnaest-godina-za-ubistvo-rama-kraje\/\" \/>\n<meta property=\"og:locale\" content=\"en_US\" \/>\n<meta property=\"og:type\" content=\"article\" \/>\n<meta property=\"og:title\" content=\"Cetrnaest godina za ubistvo Rama Kraje - Lajme nga Ulqini\" \/>\n<meta property=\"og:description\" content=\"Za ubistvo Kraje 14 godina zatvora Podgorica \u2013 Ivica M. Rai?evi? iz Ulcinja osu?en je na 14 godina zatvora zbog ubistva Rama Kraje ispred lokala \u201cUnaza\u201d u\" \/>\n<meta property=\"og:url\" content=\"https:\/\/www.visit-ulcinj.com\/blog\/2010\/02\/17\/cetrnaest-godina-za-ubistvo-rama-kraje\/\" \/>\n<meta property=\"og:site_name\" content=\"Lajme nga Ulqini\" \/>\n<meta property=\"article:published_time\" content=\"2010-02-17T19:45:03+00:00\" \/>\n<meta property=\"article:modified_time\" content=\"2012-03-01T07:37:50+00:00\" \/>\n<meta property=\"og:image\" content=\"https:\/\/www.visit-ulcinj.com\/blog\/wp-content\/uploads\/2010\/02\/IN-MEMORIAM-RAMO-KRAJA_PISTULA_ULCINJ-150x150.jpg\" \/>\n<meta name=\"twitter:label1\" content=\"Written by\" \/>\n\t<meta name=\"twitter:data1\" content=\"ulqini\" \/>\n\t<meta name=\"twitter:label2\" content=\"Est. reading time\" \/>\n\t<meta name=\"twitter:data2\" content=\"3 minutes\" \/>\n<script type=\"application\/ld+json\" class=\"yoast-schema-graph\">{\"@context\":\"https:\/\/schema.org\",\"@graph\":[{\"@type\":\"WebSite\",\"@id\":\"https:\/\/www.visit-ulcinj.com\/blog\/#website\",\"url\":\"https:\/\/www.visit-ulcinj.com\/blog\/\",\"name\":\"Lajme nga Ulqini\",\"description\":\"Lajme,Vijesti,Ulqini,Ulqin,Crna Gora,Mali i Zi\",\"potentialAction\":[{\"@type\":\"SearchAction\",\"target\":{\"@type\":\"EntryPoint\",\"urlTemplate\":\"https:\/\/www.visit-ulcinj.com\/blog\/?s={search_term_string}\"},\"query-input\":\"required name=search_term_string\"}],\"inLanguage\":\"en-US\"},{\"@type\":\"ImageObject\",\"inLanguage\":\"en-US\",\"@id\":\"https:\/\/www.visit-ulcinj.com\/blog\/2010\/02\/17\/cetrnaest-godina-za-ubistvo-rama-kraje\/#primaryimage\",\"url\":\"https:\/\/www.visit-ulcinj.com\/blog\/wp-content\/uploads\/2010\/02\/IN-MEMORIAM-RAMO-KRAJA_PISTULA_ULCINJ.jpg\",\"contentUrl\":\"https:\/\/www.visit-ulcinj.com\/blog\/wp-content\/uploads\/2010\/02\/IN-MEMORIAM-RAMO-KRAJA_PISTULA_ULCINJ.jpg\",\"width\":\"311\",\"height\":\"440\"},{\"@type\":\"WebPage\",\"@id\":\"https:\/\/www.visit-ulcinj.com\/blog\/2010\/02\/17\/cetrnaest-godina-za-ubistvo-rama-kraje\/#webpage\",\"url\":\"https:\/\/www.visit-ulcinj.com\/blog\/2010\/02\/17\/cetrnaest-godina-za-ubistvo-rama-kraje\/\",\"name\":\"Cetrnaest godina za ubistvo Rama Kraje - Lajme nga Ulqini\",\"isPartOf\":{\"@id\":\"https:\/\/www.visit-ulcinj.com\/blog\/#website\"},\"primaryImageOfPage\":{\"@id\":\"https:\/\/www.visit-ulcinj.com\/blog\/2010\/02\/17\/cetrnaest-godina-za-ubistvo-rama-kraje\/#primaryimage\"},\"datePublished\":\"2010-02-17T19:45:03+00:00\",\"dateModified\":\"2012-03-01T07:37:50+00:00\",\"author\":{\"@id\":\"https:\/\/www.visit-ulcinj.com\/blog\/#\/schema\/person\/dcab619c614d3038751c63bc2aadc06d\"},\"description\":\"Za ubistvo Kraje 14 godina zatvora Podgorica \u2013 Ivica M. Rai?evi? iz Ulcinja osu?en je na 14 godina zatvora zbog ubistva Rama Kraje ispred lokala \u201cUnaza\u201d u\",\"breadcrumb\":{\"@id\":\"https:\/\/www.visit-ulcinj.com\/blog\/2010\/02\/17\/cetrnaest-godina-za-ubistvo-rama-kraje\/#breadcrumb\"},\"inLanguage\":\"en-US\",\"potentialAction\":[{\"@type\":\"ReadAction\",\"target\":[\"https:\/\/www.visit-ulcinj.com\/blog\/2010\/02\/17\/cetrnaest-godina-za-ubistvo-rama-kraje\/\"]}]},{\"@type\":\"BreadcrumbList\",\"@id\":\"https:\/\/www.visit-ulcinj.com\/blog\/2010\/02\/17\/cetrnaest-godina-za-ubistvo-rama-kraje\/#breadcrumb\",\"itemListElement\":[{\"@type\":\"ListItem\",\"position\":1,\"name\":\"Cetrnaest godina za ubistvo Rama Kraje\"}]},{\"@type\":\"Person\",\"@id\":\"https:\/\/www.visit-ulcinj.com\/blog\/#\/schema\/person\/dcab619c614d3038751c63bc2aadc06d\",\"name\":\"ulqini\",\"sameAs\":[\"http:\/\/www.visit-ulcinj.com\"],\"url\":\"https:\/\/www.visit-ulcinj.com\/blog\/author\/admin\/\"}]}<\/script>\n<!-- \/ Yoast SEO plugin. -->","yoast_head_json":{"title":"Cetrnaest godina za ubistvo Rama Kraje - Lajme nga Ulqini","description":"Za ubistvo Kraje 14 godina zatvora Podgorica \u2013 Ivica M. Rai?evi? iz Ulcinja osu?en je na 14 godina zatvora zbog ubistva Rama Kraje ispred lokala \u201cUnaza\u201d u","robots":{"index":"index","follow":"follow","max-snippet":"max-snippet:-1","max-image-preview":"max-image-preview:large","max-video-preview":"max-video-preview:-1"},"canonical":"https:\/\/www.visit-ulcinj.com\/blog\/2010\/02\/17\/cetrnaest-godina-za-ubistvo-rama-kraje\/","og_locale":"en_US","og_type":"article","og_title":"Cetrnaest godina za ubistvo Rama Kraje - Lajme nga Ulqini","og_description":"Za ubistvo Kraje 14 godina zatvora Podgorica \u2013 Ivica M. Rai?evi? iz Ulcinja osu?en je na 14 godina zatvora zbog ubistva Rama Kraje ispred lokala \u201cUnaza\u201d u","og_url":"https:\/\/www.visit-ulcinj.com\/blog\/2010\/02\/17\/cetrnaest-godina-za-ubistvo-rama-kraje\/","og_site_name":"Lajme nga Ulqini","article_published_time":"2010-02-17T19:45:03+00:00","article_modified_time":"2012-03-01T07:37:50+00:00","og_image":[{"url":"https:\/\/www.visit-ulcinj.com\/blog\/wp-content\/uploads\/2010\/02\/IN-MEMORIAM-RAMO-KRAJA_PISTULA_ULCINJ-150x150.jpg"}],"twitter_misc":{"Written by":"ulqini","Est. reading time":"3 minutes"},"schema":{"@context":"https:\/\/schema.org","@graph":[{"@type":"WebSite","@id":"https:\/\/www.visit-ulcinj.com\/blog\/#website","url":"https:\/\/www.visit-ulcinj.com\/blog\/","name":"Lajme nga Ulqini","description":"Lajme,Vijesti,Ulqini,Ulqin,Crna Gora,Mali i Zi","potentialAction":[{"@type":"SearchAction","target":{"@type":"EntryPoint","urlTemplate":"https:\/\/www.visit-ulcinj.com\/blog\/?s={search_term_string}"},"query-input":"required name=search_term_string"}],"inLanguage":"en-US"},{"@type":"ImageObject","inLanguage":"en-US","@id":"https:\/\/www.visit-ulcinj.com\/blog\/2010\/02\/17\/cetrnaest-godina-za-ubistvo-rama-kraje\/#primaryimage","url":"https:\/\/www.visit-ulcinj.com\/blog\/wp-content\/uploads\/2010\/02\/IN-MEMORIAM-RAMO-KRAJA_PISTULA_ULCINJ.jpg","contentUrl":"https:\/\/www.visit-ulcinj.com\/blog\/wp-content\/uploads\/2010\/02\/IN-MEMORIAM-RAMO-KRAJA_PISTULA_ULCINJ.jpg","width":"311","height":"440"},{"@type":"WebPage","@id":"https:\/\/www.visit-ulcinj.com\/blog\/2010\/02\/17\/cetrnaest-godina-za-ubistvo-rama-kraje\/#webpage","url":"https:\/\/www.visit-ulcinj.com\/blog\/2010\/02\/17\/cetrnaest-godina-za-ubistvo-rama-kraje\/","name":"Cetrnaest godina za ubistvo Rama Kraje - Lajme nga Ulqini","isPartOf":{"@id":"https:\/\/www.visit-ulcinj.com\/blog\/#website"},"primaryImageOfPage":{"@id":"https:\/\/www.visit-ulcinj.com\/blog\/2010\/02\/17\/cetrnaest-godina-za-ubistvo-rama-kraje\/#primaryimage"},"datePublished":"2010-02-17T19:45:03+00:00","dateModified":"2012-03-01T07:37:50+00:00","author":{"@id":"https:\/\/www.visit-ulcinj.com\/blog\/#\/schema\/person\/dcab619c614d3038751c63bc2aadc06d"},"description":"Za ubistvo Kraje 14 godina zatvora Podgorica \u2013 Ivica M. Rai?evi? iz Ulcinja osu?en je na 14 godina zatvora zbog ubistva Rama Kraje ispred lokala \u201cUnaza\u201d u","breadcrumb":{"@id":"https:\/\/www.visit-ulcinj.com\/blog\/2010\/02\/17\/cetrnaest-godina-za-ubistvo-rama-kraje\/#breadcrumb"},"inLanguage":"en-US","potentialAction":[{"@type":"ReadAction","target":["https:\/\/www.visit-ulcinj.com\/blog\/2010\/02\/17\/cetrnaest-godina-za-ubistvo-rama-kraje\/"]}]},{"@type":"BreadcrumbList","@id":"https:\/\/www.visit-ulcinj.com\/blog\/2010\/02\/17\/cetrnaest-godina-za-ubistvo-rama-kraje\/#breadcrumb","itemListElement":[{"@type":"ListItem","position":1,"name":"Cetrnaest godina za ubistvo Rama Kraje"}]},{"@type":"Person","@id":"https:\/\/www.visit-ulcinj.com\/blog\/#\/schema\/person\/dcab619c614d3038751c63bc2aadc06d","name":"ulqini","sameAs":["http:\/\/www.visit-ulcinj.com"],"url":"https:\/\/www.visit-ulcinj.com\/blog\/author\/admin\/"}]}},"jetpack_featured_media_url":"","jetpack_sharing_enabled":true,"jetpack_shortlink":"https:\/\/wp.me\/pe6lTn-7Wh","_links":{"self":[{"href":"https:\/\/www.visit-ulcinj.com\/blog\/wp-json\/wp\/v2\/posts\/30521"}],"collection":[{"href":"https:\/\/www.visit-ulcinj.com\/blog\/wp-json\/wp\/v2\/posts"}],"about":[{"href":"https:\/\/www.visit-ulcinj.com\/blog\/wp-json\/wp\/v2\/types\/post"}],"author":[{"embeddable":true,"href":"https:\/\/www.visit-ulcinj.com\/blog\/wp-json\/wp\/v2\/users\/1"}],"replies":[{"embeddable":true,"href":"https:\/\/www.visit-ulcinj.com\/blog\/wp-json\/wp\/v2\/comments?post=30521"}],"version-history":[{"count":2,"href":"https:\/\/www.visit-ulcinj.com\/blog\/wp-json\/wp\/v2\/posts\/30521\/revisions"}],"predecessor-version":[{"id":57853,"href":"https:\/\/www.visit-ulcinj.com\/blog\/wp-json\/wp\/v2\/posts\/30521\/revisions\/57853"}],"wp:attachment":[{"href":"https:\/\/www.visit-ulcinj.com\/blog\/wp-json\/wp\/v2\/media?parent=30521"}],"wp:term":[{"taxonomy":"category","embeddable":true,"href":"https:\/\/www.visit-ulcinj.com\/blog\/wp-json\/wp\/v2\/categories?post=30521"},{"taxonomy":"post_tag","embeddable":true,"href":"https:\/\/www.visit-ulcinj.com\/blog\/wp-json\/wp\/v2\/tags?post=30521"}],"curies":[{"name":"wp","href":"https:\/\/api.w.org\/{rel}","templated":true}]}}