{"id":30529,"date":"2010-02-18T14:55:40","date_gmt":"2010-02-18T12:55:40","guid":{"rendered":"http:\/\/www.visit-ulcinj.com\/blog\/?p=30529"},"modified":"2023-04-01T13:40:54","modified_gmt":"2023-04-01T12:40:54","slug":"angebote-zum-urlaub-in-ulcinj-montenegro","status":"publish","type":"post","link":"https:\/\/www.visit-ulcinj.com\/blog\/2010\/02\/18\/angebote-zum-urlaub-in-ulcinj-montenegro\/","title":{"rendered":"Angebote zum Urlaub  in Ulcinj &#8211; Montenegro"},"content":{"rendered":"<p align=\"left\"><a href=\"http:\/\/www.visit-ulcinj.com\/blog\/wp-content\/uploads\/2010\/02\/Angebote-zum-Urlaub-in-Ulcinj-Montenegro.1..jpg\"><img loading=\"lazy\" class=\"alignleft size-full wp-image-30532\" title=\"Angebote zum Urlaub  in Ulcinj  Montenegro.1.\" src=\"http:\/\/www.visit-ulcinj.com\/blog\/wp-content\/uploads\/2010\/02\/Angebote-zum-Urlaub-in-Ulcinj-Montenegro.1..jpg\" alt=\"Angebote zum Urlaub  in Ulcinj  Montenegro.1.\" width=\"353\" height=\"493\" \/><\/a><strong>Mobil: Viber + Whatsapp: +382 69 335 534\u00a0 : +382 69 335 512<\/strong><\/p>\n<p align=\"left\">\n<p align=\"left\"><strong>Ulcinj<\/strong><strong><br \/>\n<\/strong>Ist eine der \u00e4ltesten St\u00e4dte\u00a0 an der montenegrienische K\u00fcste. Die s\u00fcdlichste Stadt Montenegros,\u00a0 ist mit den alten Mauern und\u00a0 T\u00fcrmen\u00a0 umkrei\u00dft. Um das Kern rum entwickelte sich\u00a0 mit den Jahren\u00a0 die Stadt Ulcinj in der Bucht von Kleinen Strand. Einige Kilometern\u00a0 s\u00fcdlich von Ulcinj befindet sich der gr\u00f6sste Sandstrand 13km lang, der Strand erstr\u00e4ckt sich bis zu der M\u00fcndung des Fl\u00fcsses Bojana, wo sich der Strand fortsetzt\u00a0 Ada Bojana (2,7 km lang, bekannt durch FKK) bis der Gr\u00e4nzte mit Albanien.<\/p>\n<p>Der alte Kolhidijum ist\u00a0 vor\u00a0 3000 Jahren entstanden, und hat den Namen von Stamm Kolhidijanen bekommen. Das Folk aus dem Schwarzten Meer. Iliren, R\u00f6mer, Bizantiener, Venezianer, erobern und\u00a0 \u00fcberlassen die Stadt. Die Stadt selbst hatte den gr\u00f6ssten Einfl\u00fcs durch Otomanen Reich. Die T\u00fcrken herrschten\u00a0 einige Jahrhunderte und grungeten schtarken Piraten St\u00fctzpunkt an der Adria.<\/p>\n<p>Viele Kulturen eroberten diese mittelalterliche Stadt , so gaben sie den Leben die Architektur in den kleinen Gassen der Stadt. Heute stellt Ulcinj eine Struktur von Teilen der Kulturen\u00a0 mit den modernen\u00a0 Lebensart vor.<\/p>\n<p>Ulcinj, die ehmahlige Handelsstadt und der ehmahlige Haupthafen an der Adria , heute ist typisches K\u00fcstenstadt, der\u00a0 sie auf\u00a0 Urlaub und\u00a0 Genuss alle Ihre Sinne einl\u00e4dt. Sonne, feines Sand,\u00a0 W\u00e4llen sind nur einige Elemente die Ihren Urlaub versch\u00f6nern unter den Palmen und Olievenb\u00e4umen.<\/p>\n<p>Ulcinj hat 26.000 Einwohner, f\u00fcr diese Stadt ist die multikulturele Verschidenheit karakteristisch, was diese Stadt reicher an Tourismusangebot macht. Die meisten sonnige Tage tagen\u00a0 in Ulcinj (218 Tage dursch.) Das Gebit von Ulcinj hat wundersch\u00f6ne Str\u00e4nde, verschiedene Arten von feinen Sand bis zu schteinigen Buchten die zum relaxen\u00a0 in Eisamkeiit einladen. Wen wir schon beim\u00a0 Vergn\u00fcgen sind, mussen wir Die Olievenb\u00e4umen \u00b0 Der Baum Der Liebe\u00b0 erwehnen, die\u00a0 hier reichlich wachsen ( 80.000 B\u00e4umen ).<\/p>\n<p>Grosse Isolation, Sommer temperaturen\u00a0 von 25\u00b0C, fein Sand reich an Mineralien, Meereswasser mit Schw\u00e4fel, machen erweitern den Tourismusangebot im Ort. Das Kilma erm\u00f6glicht lange Sommerseson von Anfang Mai bis\u00a0 Anfang Novembar.<\/p>\n<p>Die Alte Stadt von Ulcinj hat mit Jahrhunderten, die Form den Glauben, die Kultur , die Arhitektur und Lebensart verendert, dennoch f\u00fchlt mann den alten\u00a0 Flair immernoch in engen Gassen der Atstadt.<\/p>\n<p>Hotels, Villen, Private Unterkunft,Restaurants, Caffe Bars und\u00a0 Clubs, geben der Stadt eine Touristische\u00a0 Note.\u00a0 Das Ist aber nicht alles \u00a0was Ulcinj bittet. Finden Sie Ihre Ruhe, Genuss,\u00a0 viel Spa\u00df , noch nicht endeckte\u00a0 Pl\u00e4tze\u00a0 und\u00a0 Touristische Atraktionen. Besuchen Sie uns und seien Sie n\u00e4her der Sonne.<\/p>\n<ul>\n<li><strong><a href=\"http:\/\/de.wikipedia.org\/wiki\/Ulcinj#Bev.C3.B6lkerung\">1 Bev\u00f6lkerung<\/a><\/strong><\/li>\n<li><strong><a href=\"http:\/\/de.wikipedia.org\/wiki\/Ulcinj#Geschichte\">2 Geschichte<\/a><\/strong><\/li>\n<li><strong><a href=\"http:\/\/de.wikipedia.org\/wiki\/Ulcinj#Tourismus\">3 Tourismus<\/a><\/strong><\/li>\n<li><strong><a href=\"http:\/\/de.wikipedia.org\/wiki\/Ulcinj#S.C3.B6hne_und_T.C3.B6chter_der_Stadt\">4 S\u00f6hne und T\u00f6chter der Stadt<\/a><\/strong><\/li>\n<li><strong><a href=\"http:\/\/de.wikipedia.org\/wiki\/Ulcinj#Literatur\">5 Literatur<\/a><\/strong><\/li>\n<li><strong><a href=\"http:\/\/de.wikipedia.org\/wiki\/Ulcinj#Einzelnachweise\">6 Einzelnachweise<br \/>\n<\/a><\/strong><\/li>\n<\/ul>\n<p><strong>Mehr video zu schauen ..<a title=\"Angebote zum Urlaub  in Ulcinj - Montenegro\" href=\"http:\/\/www.visit-ulcinj.com\/\" target=\"_blank\" rel=\"noopener\">.www.visit-ulcinj.com\/<br \/>\n<\/a><\/strong><\/p>\n<p><strong>Billigfl\u00fcgemehr information:\u00a0 <a href=\"http:\/\/www.montenegroairlines.com\/\" target=\"_blank\" rel=\"noopener\"><em>Montenegro<\/em> Airlines<\/a><\/strong><\/p>\n<p><strong>Anmeldung oder weitere Infos<\/strong><\/p>\n<p><strong>E-mail: <a href=\"mailto:lajmengaulqini@gmail.com\" target=\"_blank\" rel=\"noopener\">lajmengaulqini@gmail.com<\/a><\/strong><\/p>\n\n\t\t<style type=\"text\/css\">\n\t\t\t#gallery-1 {\n\t\t\t\tmargin: auto;\n\t\t\t}\n\t\t\t#gallery-1 .gallery-item {\n\t\t\t\tfloat: left;\n\t\t\t\tmargin-top: 10px;\n\t\t\t\ttext-align: center;\n\t\t\t\twidth: 33%;\n\t\t\t}\n\t\t\t#gallery-1 img {\n\t\t\t\tborder: 2px solid #cfcfcf;\n\t\t\t}\n\t\t\t#gallery-1 .gallery-caption {\n\t\t\t\tmargin-left: 0;\n\t\t\t}\n\t\t\t\/* see gallery_shortcode() in wp-includes\/media.php *\/\n\t\t<\/style>\n\t\t<div id='gallery-1' class='gallery galleryid-30529 gallery-columns-3 gallery-size-thumbnail'><dl class='gallery-item'>\n\t\t\t<dt class='gallery-icon portrait'>\n\t\t\t\t<a href='https:\/\/www.visit-ulcinj.com\/blog\/wp-content\/uploads\/2010\/02\/Angebote-zum-Urlaub-in-Ulcinj-Montenegro.1..jpg'><img width=\"150\" height=\"150\" src=\"https:\/\/www.visit-ulcinj.com\/blog\/wp-content\/uploads\/2010\/02\/Angebote-zum-Urlaub-in-Ulcinj-Montenegro.1.-150x150.jpg\" class=\"attachment-thumbnail size-thumbnail\" alt=\"\" loading=\"lazy\" \/><\/a>\n\t\t\t<\/dt><\/dl><dl class='gallery-item'>\n\t\t\t<dt class='gallery-icon '>\n\t\t\t\t<a href='https:\/\/www.visit-ulcinj.com\/blog\/wp-content\/uploads\/2010\/02\/Gro\u00c3\u0178e-Strand_ulcinj_montenegro.jpg'><img width=\"1\" height=\"1\" src=\"https:\/\/www.visit-ulcinj.com\/blog\/wp-content\/uploads\/2010\/02\/Gro\u00c3\u0178e-Strand_ulcinj_montenegro.jpg\" class=\"attachment-thumbnail size-thumbnail\" alt=\"\" loading=\"lazy\" \/><\/a>\n\t\t\t<\/dt><\/dl><dl class='gallery-item'>\n\t\t\t<dt class='gallery-icon '>\n\t\t\t\t<a href='https:\/\/www.visit-ulcinj.com\/blog\/wp-content\/uploads\/2010\/02\/Gro\u00c3\u0178e-Strand_Tropicana_ulcinj_montenegro.2.jpg'><img width=\"1\" height=\"1\" src=\"https:\/\/www.visit-ulcinj.com\/blog\/wp-content\/uploads\/2010\/02\/Gro\u00c3\u0178e-Strand_Tropicana_ulcinj_montenegro.2.jpg\" class=\"attachment-thumbnail size-thumbnail\" alt=\"\" loading=\"lazy\" \/><\/a>\n\t\t\t<\/dt><\/dl><br style=\"clear: both\" \/><dl class='gallery-item'>\n\t\t\t<dt class='gallery-icon '>\n\t\t\t\t<a href='https:\/\/www.visit-ulcinj.com\/blog\/wp-content\/uploads\/2010\/02\/Gro\u00c3\u0178e-Strand_Tropicana_ulcinj_montenegro.1.jpg'><img width=\"1\" height=\"1\" src=\"https:\/\/www.visit-ulcinj.com\/blog\/wp-content\/uploads\/2010\/02\/Gro\u00c3\u0178e-Strand_Tropicana_ulcinj_montenegro.1.jpg\" class=\"attachment-thumbnail size-thumbnail\" alt=\"\" loading=\"lazy\" \/><\/a>\n\t\t\t<\/dt><\/dl><dl class='gallery-item'>\n\t\t\t<dt class='gallery-icon '>\n\t\t\t\t<a href='https:\/\/www.visit-ulcinj.com\/blog\/wp-content\/uploads\/2010\/02\/Gro\u00c3\u0178e-Strand_copacabana_ulcinj_montenegro.1.jpg'><img width=\"1\" height=\"1\" src=\"https:\/\/www.visit-ulcinj.com\/blog\/wp-content\/uploads\/2010\/02\/Gro\u00c3\u0178e-Strand_copacabana_ulcinj_montenegro.1.jpg\" class=\"attachment-thumbnail size-thumbnail\" alt=\"\" loading=\"lazy\" \/><\/a>\n\t\t\t<\/dt><\/dl><dl class='gallery-item'>\n\t\t\t<dt class='gallery-icon '>\n\t\t\t\t<a href='https:\/\/www.visit-ulcinj.com\/blog\/wp-content\/uploads\/2010\/02\/Gro\u00c3\u0178e-Strand_copacabana_ulcinj_montenegro.2.jpg'><img width=\"1\" height=\"1\" src=\"https:\/\/www.visit-ulcinj.com\/blog\/wp-content\/uploads\/2010\/02\/Gro\u00c3\u0178e-Strand_copacabana_ulcinj_montenegro.2.jpg\" class=\"attachment-thumbnail size-thumbnail\" alt=\"\" loading=\"lazy\" \/><\/a>\n\t\t\t<\/dt><\/dl><br style=\"clear: both\" \/><dl class='gallery-item'>\n\t\t\t<dt class='gallery-icon '>\n\t\t\t\t<a href='https:\/\/www.visit-ulcinj.com\/blog\/wp-content\/uploads\/2010\/02\/Gro\u00c3\u0178e-Strand_safari_ulcinj_montenegro.1.jpg'><img width=\"1\" height=\"1\" src=\"https:\/\/www.visit-ulcinj.com\/blog\/wp-content\/uploads\/2010\/02\/Gro\u00c3\u0178e-Strand_safari_ulcinj_montenegro.1.jpg\" class=\"attachment-thumbnail size-thumbnail\" alt=\"\" loading=\"lazy\" \/><\/a>\n\t\t\t<\/dt><\/dl><dl class='gallery-item'>\n\t\t\t<dt class='gallery-icon '>\n\t\t\t\t<a href='https:\/\/www.visit-ulcinj.com\/blog\/wp-content\/uploads\/2010\/02\/Gro\u00c3\u0178e-Strand_safari_ulcinj_montenegro.2.jpg'><img width=\"1\" height=\"1\" src=\"https:\/\/www.visit-ulcinj.com\/blog\/wp-content\/uploads\/2010\/02\/Gro\u00c3\u0178e-Strand_safari_ulcinj_montenegro.2.jpg\" class=\"attachment-thumbnail size-thumbnail\" alt=\"\" loading=\"lazy\" \/><\/a>\n\t\t\t<\/dt><\/dl><dl class='gallery-item'>\n\t\t\t<dt class='gallery-icon '>\n\t\t\t\t<a href='https:\/\/www.visit-ulcinj.com\/blog\/wp-content\/uploads\/2010\/02\/Gro\u00c3\u0178e-Strand_copacabana_ulcinj_montenegro.jpg'><img width=\"1\" height=\"1\" src=\"https:\/\/www.visit-ulcinj.com\/blog\/wp-content\/uploads\/2010\/02\/Gro\u00c3\u0178e-Strand_copacabana_ulcinj_montenegro.jpg\" class=\"attachment-thumbnail size-thumbnail\" alt=\"\" loading=\"lazy\" \/><\/a>\n\t\t\t<\/dt><\/dl><br style=\"clear: both\" \/>\n\t\t<\/div>\n\n<p>[flv width=&#8221;580&#8243; height=&#8221;400&#8243;]http:\/\/video.zoover.nl\/media\/play\/2010\/01\/20100125130811_025.flv[\/flv]<\/p>\n","protected":false},"excerpt":{"rendered":"<p>Mobil: Viber + Whatsapp: +382 69 335 534\u00a0 : +382 69 335 512 Ulcinj Ist eine der \u00e4ltesten St\u00e4dte\u00a0 an der montenegrienische K\u00fcste. Die s\u00fcdlichste Stadt Montenegros,\u00a0 ist mit den alten Mauern und\u00a0 T\u00fcrmen\u00a0 umkrei\u00dft. Um das Kern rum entwickelte sich\u00a0 mit den Jahren\u00a0 die Stadt Ulcinj in der Bucht von Kleinen Strand. Einige Kilometern\u00a0 [&hellip;]<\/p>\n","protected":false},"author":1,"featured_media":0,"comment_status":"open","ping_status":"closed","sticky":false,"template":"","format":"standard","meta":{"spay_email":"","jetpack_publicize_message":"","jetpack_is_tweetstorm":false,"jetpack_publicize_feature_enabled":true},"categories":[15],"tags":[13602,13603,13503,11943,11170,4117,13604,13506,13505,12089,13504,13601],"jetpack_publicize_connections":[],"yoast_head":"<!-- This site is optimized with the Yoast SEO plugin v19.1 - https:\/\/yoast.com\/wordpress\/plugins\/seo\/ -->\n<title>Angebote zum Urlaub in Ulcinj - Montenegro - Lajme nga Ulqini<\/title>\n<meta name=\"description\" content=\"Mobil: Viber + Whatsapp: +382 69 335 534\u00a0 : +382 69 335 512 Ulcinj Ist eine der \u00e4ltesten St\u00e4dte\u00a0 an der montenegrienische K\u00fcste. Die s\u00fcdlichste Stadt\" \/>\n<meta name=\"robots\" content=\"index, follow, max-snippet:-1, max-image-preview:large, max-video-preview:-1\" \/>\n<link rel=\"canonical\" href=\"https:\/\/www.visit-ulcinj.com\/blog\/2010\/02\/18\/angebote-zum-urlaub-in-ulcinj-montenegro\/\" \/>\n<meta property=\"og:locale\" content=\"en_US\" \/>\n<meta property=\"og:type\" content=\"article\" \/>\n<meta property=\"og:title\" content=\"Angebote zum Urlaub in Ulcinj - Montenegro - Lajme nga Ulqini\" \/>\n<meta property=\"og:description\" content=\"Mobil: Viber + Whatsapp: +382 69 335 534\u00a0 : +382 69 335 512 Ulcinj Ist eine der \u00e4ltesten St\u00e4dte\u00a0 an der montenegrienische K\u00fcste. Die s\u00fcdlichste Stadt\" \/>\n<meta property=\"og:url\" content=\"https:\/\/www.visit-ulcinj.com\/blog\/2010\/02\/18\/angebote-zum-urlaub-in-ulcinj-montenegro\/\" \/>\n<meta property=\"og:site_name\" content=\"Lajme nga Ulqini\" \/>\n<meta property=\"article:published_time\" content=\"2010-02-18T12:55:40+00:00\" \/>\n<meta property=\"article:modified_time\" content=\"2023-04-01T12:40:54+00:00\" \/>\n<meta property=\"og:image\" content=\"http:\/\/www.visit-ulcinj.com\/blog\/wp-content\/uploads\/2010\/02\/Angebote-zum-Urlaub-in-Ulcinj-Montenegro.1.-150x150.jpg\" \/>\n<meta name=\"twitter:label1\" content=\"Written by\" \/>\n\t<meta name=\"twitter:data1\" content=\"ulqini\" \/>\n\t<meta name=\"twitter:label2\" content=\"Est. reading time\" \/>\n\t<meta name=\"twitter:data2\" content=\"3 minutes\" \/>\n<script type=\"application\/ld+json\" class=\"yoast-schema-graph\">{\"@context\":\"https:\/\/schema.org\",\"@graph\":[{\"@type\":\"WebSite\",\"@id\":\"https:\/\/www.visit-ulcinj.com\/blog\/#website\",\"url\":\"https:\/\/www.visit-ulcinj.com\/blog\/\",\"name\":\"Lajme nga Ulqini\",\"description\":\"Lajme,Vijesti,Ulqini,Ulqin,Crna Gora,Mali i Zi\",\"potentialAction\":[{\"@type\":\"SearchAction\",\"target\":{\"@type\":\"EntryPoint\",\"urlTemplate\":\"https:\/\/www.visit-ulcinj.com\/blog\/?s={search_term_string}\"},\"query-input\":\"required name=search_term_string\"}],\"inLanguage\":\"en-US\"},{\"@type\":\"ImageObject\",\"inLanguage\":\"en-US\",\"@id\":\"https:\/\/www.visit-ulcinj.com\/blog\/2010\/02\/18\/angebote-zum-urlaub-in-ulcinj-montenegro\/#primaryimage\",\"url\":\"https:\/\/www.visit-ulcinj.com\/blog\/wp-content\/uploads\/2010\/02\/Angebote-zum-Urlaub-in-Ulcinj-Montenegro.1..jpg\",\"contentUrl\":\"https:\/\/www.visit-ulcinj.com\/blog\/wp-content\/uploads\/2010\/02\/Angebote-zum-Urlaub-in-Ulcinj-Montenegro.1..jpg\",\"width\":\"1030\",\"height\":\"1455\"},{\"@type\":\"WebPage\",\"@id\":\"https:\/\/www.visit-ulcinj.com\/blog\/2010\/02\/18\/angebote-zum-urlaub-in-ulcinj-montenegro\/#webpage\",\"url\":\"https:\/\/www.visit-ulcinj.com\/blog\/2010\/02\/18\/angebote-zum-urlaub-in-ulcinj-montenegro\/\",\"name\":\"Angebote zum Urlaub in Ulcinj - Montenegro - Lajme nga Ulqini\",\"isPartOf\":{\"@id\":\"https:\/\/www.visit-ulcinj.com\/blog\/#website\"},\"primaryImageOfPage\":{\"@id\":\"https:\/\/www.visit-ulcinj.com\/blog\/2010\/02\/18\/angebote-zum-urlaub-in-ulcinj-montenegro\/#primaryimage\"},\"datePublished\":\"2010-02-18T12:55:40+00:00\",\"dateModified\":\"2023-04-01T12:40:54+00:00\",\"author\":{\"@id\":\"https:\/\/www.visit-ulcinj.com\/blog\/#\/schema\/person\/dcab619c614d3038751c63bc2aadc06d\"},\"description\":\"Mobil: Viber + Whatsapp: +382 69 335 534\u00a0 : +382 69 335 512 Ulcinj Ist eine der \u00e4ltesten St\u00e4dte\u00a0 an der montenegrienische K\u00fcste. Die s\u00fcdlichste Stadt\",\"breadcrumb\":{\"@id\":\"https:\/\/www.visit-ulcinj.com\/blog\/2010\/02\/18\/angebote-zum-urlaub-in-ulcinj-montenegro\/#breadcrumb\"},\"inLanguage\":\"en-US\",\"potentialAction\":[{\"@type\":\"ReadAction\",\"target\":[\"https:\/\/www.visit-ulcinj.com\/blog\/2010\/02\/18\/angebote-zum-urlaub-in-ulcinj-montenegro\/\"]}]},{\"@type\":\"BreadcrumbList\",\"@id\":\"https:\/\/www.visit-ulcinj.com\/blog\/2010\/02\/18\/angebote-zum-urlaub-in-ulcinj-montenegro\/#breadcrumb\",\"itemListElement\":[{\"@type\":\"ListItem\",\"position\":1,\"name\":\"Angebote zum Urlaub in Ulcinj &#8211; Montenegro\"}]},{\"@type\":\"Person\",\"@id\":\"https:\/\/www.visit-ulcinj.com\/blog\/#\/schema\/person\/dcab619c614d3038751c63bc2aadc06d\",\"name\":\"ulqini\",\"sameAs\":[\"http:\/\/www.visit-ulcinj.com\"],\"url\":\"https:\/\/www.visit-ulcinj.com\/blog\/author\/admin\/\"}]}<\/script>\n<!-- \/ Yoast SEO plugin. -->","yoast_head_json":{"title":"Angebote zum Urlaub in Ulcinj - Montenegro - Lajme nga Ulqini","description":"Mobil: Viber + Whatsapp: +382 69 335 534\u00a0 : +382 69 335 512 Ulcinj Ist eine der \u00e4ltesten St\u00e4dte\u00a0 an der montenegrienische K\u00fcste. Die s\u00fcdlichste Stadt","robots":{"index":"index","follow":"follow","max-snippet":"max-snippet:-1","max-image-preview":"max-image-preview:large","max-video-preview":"max-video-preview:-1"},"canonical":"https:\/\/www.visit-ulcinj.com\/blog\/2010\/02\/18\/angebote-zum-urlaub-in-ulcinj-montenegro\/","og_locale":"en_US","og_type":"article","og_title":"Angebote zum Urlaub in Ulcinj - Montenegro - Lajme nga Ulqini","og_description":"Mobil: Viber + Whatsapp: +382 69 335 534\u00a0 : +382 69 335 512 Ulcinj Ist eine der \u00e4ltesten St\u00e4dte\u00a0 an der montenegrienische K\u00fcste. Die s\u00fcdlichste Stadt","og_url":"https:\/\/www.visit-ulcinj.com\/blog\/2010\/02\/18\/angebote-zum-urlaub-in-ulcinj-montenegro\/","og_site_name":"Lajme nga Ulqini","article_published_time":"2010-02-18T12:55:40+00:00","article_modified_time":"2023-04-01T12:40:54+00:00","og_image":[{"url":"http:\/\/www.visit-ulcinj.com\/blog\/wp-content\/uploads\/2010\/02\/Angebote-zum-Urlaub-in-Ulcinj-Montenegro.1.-150x150.jpg"}],"twitter_misc":{"Written by":"ulqini","Est. reading time":"3 minutes"},"schema":{"@context":"https:\/\/schema.org","@graph":[{"@type":"WebSite","@id":"https:\/\/www.visit-ulcinj.com\/blog\/#website","url":"https:\/\/www.visit-ulcinj.com\/blog\/","name":"Lajme nga Ulqini","description":"Lajme,Vijesti,Ulqini,Ulqin,Crna Gora,Mali i Zi","potentialAction":[{"@type":"SearchAction","target":{"@type":"EntryPoint","urlTemplate":"https:\/\/www.visit-ulcinj.com\/blog\/?s={search_term_string}"},"query-input":"required name=search_term_string"}],"inLanguage":"en-US"},{"@type":"ImageObject","inLanguage":"en-US","@id":"https:\/\/www.visit-ulcinj.com\/blog\/2010\/02\/18\/angebote-zum-urlaub-in-ulcinj-montenegro\/#primaryimage","url":"https:\/\/www.visit-ulcinj.com\/blog\/wp-content\/uploads\/2010\/02\/Angebote-zum-Urlaub-in-Ulcinj-Montenegro.1..jpg","contentUrl":"https:\/\/www.visit-ulcinj.com\/blog\/wp-content\/uploads\/2010\/02\/Angebote-zum-Urlaub-in-Ulcinj-Montenegro.1..jpg","width":"1030","height":"1455"},{"@type":"WebPage","@id":"https:\/\/www.visit-ulcinj.com\/blog\/2010\/02\/18\/angebote-zum-urlaub-in-ulcinj-montenegro\/#webpage","url":"https:\/\/www.visit-ulcinj.com\/blog\/2010\/02\/18\/angebote-zum-urlaub-in-ulcinj-montenegro\/","name":"Angebote zum Urlaub in Ulcinj - Montenegro - Lajme nga Ulqini","isPartOf":{"@id":"https:\/\/www.visit-ulcinj.com\/blog\/#website"},"primaryImageOfPage":{"@id":"https:\/\/www.visit-ulcinj.com\/blog\/2010\/02\/18\/angebote-zum-urlaub-in-ulcinj-montenegro\/#primaryimage"},"datePublished":"2010-02-18T12:55:40+00:00","dateModified":"2023-04-01T12:40:54+00:00","author":{"@id":"https:\/\/www.visit-ulcinj.com\/blog\/#\/schema\/person\/dcab619c614d3038751c63bc2aadc06d"},"description":"Mobil: Viber + Whatsapp: +382 69 335 534\u00a0 : +382 69 335 512 Ulcinj Ist eine der \u00e4ltesten St\u00e4dte\u00a0 an der montenegrienische K\u00fcste. Die s\u00fcdlichste Stadt","breadcrumb":{"@id":"https:\/\/www.visit-ulcinj.com\/blog\/2010\/02\/18\/angebote-zum-urlaub-in-ulcinj-montenegro\/#breadcrumb"},"inLanguage":"en-US","potentialAction":[{"@type":"ReadAction","target":["https:\/\/www.visit-ulcinj.com\/blog\/2010\/02\/18\/angebote-zum-urlaub-in-ulcinj-montenegro\/"]}]},{"@type":"BreadcrumbList","@id":"https:\/\/www.visit-ulcinj.com\/blog\/2010\/02\/18\/angebote-zum-urlaub-in-ulcinj-montenegro\/#breadcrumb","itemListElement":[{"@type":"ListItem","position":1,"name":"Angebote zum Urlaub in Ulcinj &#8211; Montenegro"}]},{"@type":"Person","@id":"https:\/\/www.visit-ulcinj.com\/blog\/#\/schema\/person\/dcab619c614d3038751c63bc2aadc06d","name":"ulqini","sameAs":["http:\/\/www.visit-ulcinj.com"],"url":"https:\/\/www.visit-ulcinj.com\/blog\/author\/admin\/"}]}},"jetpack_featured_media_url":"","jetpack_sharing_enabled":true,"jetpack_shortlink":"https:\/\/wp.me\/pe6lTn-7Wp","_links":{"self":[{"href":"https:\/\/www.visit-ulcinj.com\/blog\/wp-json\/wp\/v2\/posts\/30529"}],"collection":[{"href":"https:\/\/www.visit-ulcinj.com\/blog\/wp-json\/wp\/v2\/posts"}],"about":[{"href":"https:\/\/www.visit-ulcinj.com\/blog\/wp-json\/wp\/v2\/types\/post"}],"author":[{"embeddable":true,"href":"https:\/\/www.visit-ulcinj.com\/blog\/wp-json\/wp\/v2\/users\/1"}],"replies":[{"embeddable":true,"href":"https:\/\/www.visit-ulcinj.com\/blog\/wp-json\/wp\/v2\/comments?post=30529"}],"version-history":[{"count":2,"href":"https:\/\/www.visit-ulcinj.com\/blog\/wp-json\/wp\/v2\/posts\/30529\/revisions"}],"predecessor-version":[{"id":106913,"href":"https:\/\/www.visit-ulcinj.com\/blog\/wp-json\/wp\/v2\/posts\/30529\/revisions\/106913"}],"wp:attachment":[{"href":"https:\/\/www.visit-ulcinj.com\/blog\/wp-json\/wp\/v2\/media?parent=30529"}],"wp:term":[{"taxonomy":"category","embeddable":true,"href":"https:\/\/www.visit-ulcinj.com\/blog\/wp-json\/wp\/v2\/categories?post=30529"},{"taxonomy":"post_tag","embeddable":true,"href":"https:\/\/www.visit-ulcinj.com\/blog\/wp-json\/wp\/v2\/tags?post=30529"}],"curies":[{"name":"wp","href":"https:\/\/api.w.org\/{rel}","templated":true}]}}