{"id":30550,"date":"2010-02-18T20:31:19","date_gmt":"2010-02-18T18:31:19","guid":{"rendered":"http:\/\/www.visit-ulcinj.com\/blog\/?p=30550"},"modified":"2010-02-18T20:47:00","modified_gmt":"2010-02-18T18:47:00","slug":"ulcinj-novi-clan-%e2%80%9efocus-europe%e2%80%9d","status":"publish","type":"post","link":"https:\/\/www.visit-ulcinj.com\/blog\/2010\/02\/18\/ulcinj-novi-clan-%e2%80%9efocus-europe%e2%80%9d\/","title":{"rendered":"Ulcinj novi ?lan \u201eFocus Europe\u201d"},"content":{"rendered":"<p><strong><a href=\"http:\/\/www.visit-ulcinj.com\/blog\/wp-content\/uploads\/2010\/02\/Arslan-Hajdinaga_Associazione-Focus-Europe.jpg\"><img loading=\"lazy\" class=\"alignleft size-full wp-image-30554\" title=\"Arslan Hajdinaga,_Associazione Focus Europe\" src=\"http:\/\/www.visit-ulcinj.com\/blog\/wp-content\/uploads\/2010\/02\/Arslan-Hajdinaga_Associazione-Focus-Europe.jpg\" alt=\"Arslan Hajdinaga,_Associazione Focus Europe\" width=\"580\" height=\"400\" \/><\/a>U Brisel po pomo?<\/strong><br \/>\nUlcinj \u2013 Gradona?elnik Ulcinja Gzim Hajdinaga i direktor \u201cFocus Europe\u201d Robert ?ompi zaklju?ili su sporazum o saradnji ?ime je najju\u017enija op\u0161tina postala punopravna ?lanica te asocijacije.<br \/>\nProtokolom su definisane tri projektne ideje koje ?e ulcinjska Op\u0161tina uz pomo? eksperata \u201cFocus Europe\u201d izraditi do kraja godine.<br \/>\n\u201cAsocijacija je preuzela obavezu da, u ime Op\u0161tine Ulcinj, tra\u017ei izbore finansiranja projekata me?u svojim ?lanicama i drugim institucijama. Op\u0161tina Ulcinj mo\u017ee da koristi institucionalno sjedi\u0161te i kancelarije \u2018Focus Europe\u2018 u Briselu, gdje ?e biti organizovana prezentacija izra?enih projekata u cilju pronala\u017eenja potencijalnih partnera\u201d, kazao je savjetnik predsjednika za me?unarodne odnose Arslan Hajdinaga, koji je izabran za koordinatora Op\u0161tine u toj mre\u017ei.<br \/>\nOn je rekao da Ulcinj pored ?lanarine ima obavezu da i u drugim op\u0161tinama, u prvom redu primorskim, prezentira i promovi\u0161e prednosti ?lanstva u toj asocijaciji osnovanoj 2006. godine koja broji 80 ?lanova.<\/p>\n<p><strong>S. A.<br \/>\n<a href=\"http:\/\/www.vijesti.me\/index.php?id_pre=329878&amp;godina=2010\" target=\"_blank\">Vijesti<br \/>\n<\/a><\/strong><!--YouTube Error: bad URL entered--><\/p>\n","protected":false},"excerpt":{"rendered":"<p>U Brisel po pomo? Ulcinj \u2013 Gradona?elnik Ulcinja Gzim Hajdinaga i direktor \u201cFocus Europe\u201d Robert ?ompi zaklju?ili su sporazum o saradnji ?ime je najju\u017enija op\u0161tina postala punopravna ?lanica te asocijacije. Protokolom su definisane tri projektne ideje koje ?e ulcinjska Op\u0161tina uz pomo? eksperata \u201cFocus Europe\u201d izraditi do kraja godine. \u201cAsocijacija je preuzela obavezu da, u [&hellip;]<\/p>\n","protected":false},"author":1,"featured_media":0,"comment_status":"open","ping_status":"closed","sticky":false,"template":"","format":"standard","meta":{"spay_email":"","jetpack_publicize_message":"","jetpack_is_tweetstorm":false,"jetpack_publicize_feature_enabled":true},"categories":[8337],"tags":[13609,13608,13605,2417,13606,13607,13610],"jetpack_publicize_connections":[],"yoast_head":"<!-- This site is optimized with the Yoast SEO plugin v19.1 - https:\/\/yoast.com\/wordpress\/plugins\/seo\/ -->\n<title>Ulcinj novi ?lan \u201eFocus Europe\u201d - Lajme nga Ulqini<\/title>\n<meta name=\"description\" content=\"U Brisel po pomo? Ulcinj \u2013 Gradona?elnik Ulcinja Gzim Hajdinaga i direktor \u201cFocus Europe\u201d Robert ?ompi zaklju?ili su sporazum o saradnji ?ime je\" \/>\n<meta name=\"robots\" content=\"index, follow, max-snippet:-1, max-image-preview:large, max-video-preview:-1\" \/>\n<link rel=\"canonical\" href=\"https:\/\/www.visit-ulcinj.com\/blog\/2010\/02\/18\/ulcinj-novi-clan-\u201efocus-europe\u201d\/\" \/>\n<meta property=\"og:locale\" content=\"en_US\" \/>\n<meta property=\"og:type\" content=\"article\" \/>\n<meta property=\"og:title\" content=\"Ulcinj novi ?lan \u201eFocus Europe\u201d - Lajme nga Ulqini\" \/>\n<meta property=\"og:description\" content=\"U Brisel po pomo? Ulcinj \u2013 Gradona?elnik Ulcinja Gzim Hajdinaga i direktor \u201cFocus Europe\u201d Robert ?ompi zaklju?ili su sporazum o saradnji ?ime je\" \/>\n<meta property=\"og:url\" content=\"https:\/\/www.visit-ulcinj.com\/blog\/2010\/02\/18\/ulcinj-novi-clan-\u201efocus-europe\u201d\/\" \/>\n<meta property=\"og:site_name\" content=\"Lajme nga Ulqini\" \/>\n<meta property=\"article:published_time\" content=\"2010-02-18T18:31:19+00:00\" \/>\n<meta property=\"article:modified_time\" content=\"2010-02-18T18:47:00+00:00\" \/>\n<meta property=\"og:image\" content=\"http:\/\/www.visit-ulcinj.com\/blog\/wp-content\/uploads\/2010\/02\/Arslan-Hajdinaga_Associazione-Focus-Europe.jpg\" \/>\n<meta name=\"twitter:label1\" content=\"Written by\" \/>\n\t<meta name=\"twitter:data1\" content=\"ulqini\" \/>\n\t<meta name=\"twitter:label2\" content=\"Est. reading time\" \/>\n\t<meta name=\"twitter:data2\" content=\"1 minute\" \/>\n<script type=\"application\/ld+json\" class=\"yoast-schema-graph\">{\"@context\":\"https:\/\/schema.org\",\"@graph\":[{\"@type\":\"WebSite\",\"@id\":\"https:\/\/www.visit-ulcinj.com\/blog\/#website\",\"url\":\"https:\/\/www.visit-ulcinj.com\/blog\/\",\"name\":\"Lajme nga Ulqini\",\"description\":\"Lajme,Vijesti,Ulqini,Ulqin,Crna Gora,Mali i Zi\",\"potentialAction\":[{\"@type\":\"SearchAction\",\"target\":{\"@type\":\"EntryPoint\",\"urlTemplate\":\"https:\/\/www.visit-ulcinj.com\/blog\/?s={search_term_string}\"},\"query-input\":\"required name=search_term_string\"}],\"inLanguage\":\"en-US\"},{\"@type\":\"ImageObject\",\"inLanguage\":\"en-US\",\"@id\":\"https:\/\/www.visit-ulcinj.com\/blog\/2010\/02\/18\/ulcinj-novi-clan-%e2%80%9efocus-europe%e2%80%9d\/#primaryimage\",\"url\":\"https:\/\/www.visit-ulcinj.com\/blog\/wp-content\/uploads\/2010\/02\/Arslan-Hajdinaga_Associazione-Focus-Europe.jpg\",\"contentUrl\":\"https:\/\/www.visit-ulcinj.com\/blog\/wp-content\/uploads\/2010\/02\/Arslan-Hajdinaga_Associazione-Focus-Europe.jpg\",\"width\":\"577\",\"height\":\"533\"},{\"@type\":\"WebPage\",\"@id\":\"https:\/\/www.visit-ulcinj.com\/blog\/2010\/02\/18\/ulcinj-novi-clan-%e2%80%9efocus-europe%e2%80%9d\/#webpage\",\"url\":\"https:\/\/www.visit-ulcinj.com\/blog\/2010\/02\/18\/ulcinj-novi-clan-%e2%80%9efocus-europe%e2%80%9d\/\",\"name\":\"Ulcinj novi ?lan \u201eFocus Europe\u201d - Lajme nga Ulqini\",\"isPartOf\":{\"@id\":\"https:\/\/www.visit-ulcinj.com\/blog\/#website\"},\"primaryImageOfPage\":{\"@id\":\"https:\/\/www.visit-ulcinj.com\/blog\/2010\/02\/18\/ulcinj-novi-clan-%e2%80%9efocus-europe%e2%80%9d\/#primaryimage\"},\"datePublished\":\"2010-02-18T18:31:19+00:00\",\"dateModified\":\"2010-02-18T18:47:00+00:00\",\"author\":{\"@id\":\"https:\/\/www.visit-ulcinj.com\/blog\/#\/schema\/person\/dcab619c614d3038751c63bc2aadc06d\"},\"description\":\"U Brisel po pomo? Ulcinj \u2013 Gradona?elnik Ulcinja Gzim Hajdinaga i direktor \u201cFocus Europe\u201d Robert ?ompi zaklju?ili su sporazum o saradnji ?ime je\",\"breadcrumb\":{\"@id\":\"https:\/\/www.visit-ulcinj.com\/blog\/2010\/02\/18\/ulcinj-novi-clan-%e2%80%9efocus-europe%e2%80%9d\/#breadcrumb\"},\"inLanguage\":\"en-US\",\"potentialAction\":[{\"@type\":\"ReadAction\",\"target\":[\"https:\/\/www.visit-ulcinj.com\/blog\/2010\/02\/18\/ulcinj-novi-clan-%e2%80%9efocus-europe%e2%80%9d\/\"]}]},{\"@type\":\"BreadcrumbList\",\"@id\":\"https:\/\/www.visit-ulcinj.com\/blog\/2010\/02\/18\/ulcinj-novi-clan-%e2%80%9efocus-europe%e2%80%9d\/#breadcrumb\",\"itemListElement\":[{\"@type\":\"ListItem\",\"position\":1,\"name\":\"Ulcinj novi ?lan \u201eFocus Europe\u201d\"}]},{\"@type\":\"Person\",\"@id\":\"https:\/\/www.visit-ulcinj.com\/blog\/#\/schema\/person\/dcab619c614d3038751c63bc2aadc06d\",\"name\":\"ulqini\",\"sameAs\":[\"http:\/\/www.visit-ulcinj.com\"],\"url\":\"https:\/\/www.visit-ulcinj.com\/blog\/author\/admin\/\"}]}<\/script>\n<!-- \/ Yoast SEO plugin. -->","yoast_head_json":{"title":"Ulcinj novi ?lan \u201eFocus Europe\u201d - Lajme nga Ulqini","description":"U Brisel po pomo? Ulcinj \u2013 Gradona?elnik Ulcinja Gzim Hajdinaga i direktor \u201cFocus Europe\u201d Robert ?ompi zaklju?ili su sporazum o saradnji ?ime je","robots":{"index":"index","follow":"follow","max-snippet":"max-snippet:-1","max-image-preview":"max-image-preview:large","max-video-preview":"max-video-preview:-1"},"canonical":"https:\/\/www.visit-ulcinj.com\/blog\/2010\/02\/18\/ulcinj-novi-clan-\u201efocus-europe\u201d\/","og_locale":"en_US","og_type":"article","og_title":"Ulcinj novi ?lan \u201eFocus Europe\u201d - Lajme nga Ulqini","og_description":"U Brisel po pomo? Ulcinj \u2013 Gradona?elnik Ulcinja Gzim Hajdinaga i direktor \u201cFocus Europe\u201d Robert ?ompi zaklju?ili su sporazum o saradnji ?ime je","og_url":"https:\/\/www.visit-ulcinj.com\/blog\/2010\/02\/18\/ulcinj-novi-clan-\u201efocus-europe\u201d\/","og_site_name":"Lajme nga Ulqini","article_published_time":"2010-02-18T18:31:19+00:00","article_modified_time":"2010-02-18T18:47:00+00:00","og_image":[{"url":"http:\/\/www.visit-ulcinj.com\/blog\/wp-content\/uploads\/2010\/02\/Arslan-Hajdinaga_Associazione-Focus-Europe.jpg"}],"twitter_misc":{"Written by":"ulqini","Est. reading time":"1 minute"},"schema":{"@context":"https:\/\/schema.org","@graph":[{"@type":"WebSite","@id":"https:\/\/www.visit-ulcinj.com\/blog\/#website","url":"https:\/\/www.visit-ulcinj.com\/blog\/","name":"Lajme nga Ulqini","description":"Lajme,Vijesti,Ulqini,Ulqin,Crna Gora,Mali i Zi","potentialAction":[{"@type":"SearchAction","target":{"@type":"EntryPoint","urlTemplate":"https:\/\/www.visit-ulcinj.com\/blog\/?s={search_term_string}"},"query-input":"required name=search_term_string"}],"inLanguage":"en-US"},{"@type":"ImageObject","inLanguage":"en-US","@id":"https:\/\/www.visit-ulcinj.com\/blog\/2010\/02\/18\/ulcinj-novi-clan-%e2%80%9efocus-europe%e2%80%9d\/#primaryimage","url":"https:\/\/www.visit-ulcinj.com\/blog\/wp-content\/uploads\/2010\/02\/Arslan-Hajdinaga_Associazione-Focus-Europe.jpg","contentUrl":"https:\/\/www.visit-ulcinj.com\/blog\/wp-content\/uploads\/2010\/02\/Arslan-Hajdinaga_Associazione-Focus-Europe.jpg","width":"577","height":"533"},{"@type":"WebPage","@id":"https:\/\/www.visit-ulcinj.com\/blog\/2010\/02\/18\/ulcinj-novi-clan-%e2%80%9efocus-europe%e2%80%9d\/#webpage","url":"https:\/\/www.visit-ulcinj.com\/blog\/2010\/02\/18\/ulcinj-novi-clan-%e2%80%9efocus-europe%e2%80%9d\/","name":"Ulcinj novi ?lan \u201eFocus Europe\u201d - Lajme nga Ulqini","isPartOf":{"@id":"https:\/\/www.visit-ulcinj.com\/blog\/#website"},"primaryImageOfPage":{"@id":"https:\/\/www.visit-ulcinj.com\/blog\/2010\/02\/18\/ulcinj-novi-clan-%e2%80%9efocus-europe%e2%80%9d\/#primaryimage"},"datePublished":"2010-02-18T18:31:19+00:00","dateModified":"2010-02-18T18:47:00+00:00","author":{"@id":"https:\/\/www.visit-ulcinj.com\/blog\/#\/schema\/person\/dcab619c614d3038751c63bc2aadc06d"},"description":"U Brisel po pomo? Ulcinj \u2013 Gradona?elnik Ulcinja Gzim Hajdinaga i direktor \u201cFocus Europe\u201d Robert ?ompi zaklju?ili su sporazum o saradnji ?ime je","breadcrumb":{"@id":"https:\/\/www.visit-ulcinj.com\/blog\/2010\/02\/18\/ulcinj-novi-clan-%e2%80%9efocus-europe%e2%80%9d\/#breadcrumb"},"inLanguage":"en-US","potentialAction":[{"@type":"ReadAction","target":["https:\/\/www.visit-ulcinj.com\/blog\/2010\/02\/18\/ulcinj-novi-clan-%e2%80%9efocus-europe%e2%80%9d\/"]}]},{"@type":"BreadcrumbList","@id":"https:\/\/www.visit-ulcinj.com\/blog\/2010\/02\/18\/ulcinj-novi-clan-%e2%80%9efocus-europe%e2%80%9d\/#breadcrumb","itemListElement":[{"@type":"ListItem","position":1,"name":"Ulcinj novi ?lan \u201eFocus Europe\u201d"}]},{"@type":"Person","@id":"https:\/\/www.visit-ulcinj.com\/blog\/#\/schema\/person\/dcab619c614d3038751c63bc2aadc06d","name":"ulqini","sameAs":["http:\/\/www.visit-ulcinj.com"],"url":"https:\/\/www.visit-ulcinj.com\/blog\/author\/admin\/"}]}},"jetpack_featured_media_url":"","jetpack_sharing_enabled":true,"jetpack_shortlink":"https:\/\/wp.me\/pe6lTn-7WK","_links":{"self":[{"href":"https:\/\/www.visit-ulcinj.com\/blog\/wp-json\/wp\/v2\/posts\/30550"}],"collection":[{"href":"https:\/\/www.visit-ulcinj.com\/blog\/wp-json\/wp\/v2\/posts"}],"about":[{"href":"https:\/\/www.visit-ulcinj.com\/blog\/wp-json\/wp\/v2\/types\/post"}],"author":[{"embeddable":true,"href":"https:\/\/www.visit-ulcinj.com\/blog\/wp-json\/wp\/v2\/users\/1"}],"replies":[{"embeddable":true,"href":"https:\/\/www.visit-ulcinj.com\/blog\/wp-json\/wp\/v2\/comments?post=30550"}],"version-history":[{"count":0,"href":"https:\/\/www.visit-ulcinj.com\/blog\/wp-json\/wp\/v2\/posts\/30550\/revisions"}],"wp:attachment":[{"href":"https:\/\/www.visit-ulcinj.com\/blog\/wp-json\/wp\/v2\/media?parent=30550"}],"wp:term":[{"taxonomy":"category","embeddable":true,"href":"https:\/\/www.visit-ulcinj.com\/blog\/wp-json\/wp\/v2\/categories?post=30550"},{"taxonomy":"post_tag","embeddable":true,"href":"https:\/\/www.visit-ulcinj.com\/blog\/wp-json\/wp\/v2\/tags?post=30550"}],"curies":[{"name":"wp","href":"https:\/\/api.w.org\/{rel}","templated":true}]}}