{"id":30562,"date":"2010-02-19T18:56:10","date_gmt":"2010-02-19T16:56:10","guid":{"rendered":"http:\/\/www.visit-ulcinj.com\/blog\/?p=30562"},"modified":"2010-02-19T18:56:10","modified_gmt":"2010-02-19T16:56:10","slug":"kryeministri-berisha-pret-ne-takim-ministrin-e-ekonomise-te-malit-te-zi-branko-vujovic","status":"publish","type":"post","link":"https:\/\/www.visit-ulcinj.com\/blog\/2010\/02\/19\/kryeministri-berisha-pret-ne-takim-ministrin-e-ekonomise-te-malit-te-zi-branko-vujovic\/","title":{"rendered":"Kryeministri Berisha pret n\u00eb takim ministrin e Ekonomis\u00eb t\u00eb Malit t\u00eb Zi Branko Vujovic"},"content":{"rendered":"<p><a href=\"http:\/\/www.visit-ulcinj.com\/blog\/wp-content\/uploads\/2010\/02\/Kryeministri-Berisha-dhe-ministri-Vujovic_F.Dinosha.jpg\"><img loading=\"lazy\" class=\"alignleft size-full wp-image-30563\" title=\"Kryeministri Berisha dhe ministri Vujovic_F.Dinosha\" src=\"http:\/\/www.visit-ulcinj.com\/blog\/wp-content\/uploads\/2010\/02\/Kryeministri-Berisha-dhe-ministri-Vujovic_F.Dinosha.jpg\" alt=\"Kryeministri Berisha dhe ministri Vujovic_F.Dinosha\" width=\"580\" height=\"400\" \/><\/a>Kryeministri Berisha dhe ministri Vujovic shpreh\u00ebn t\u00eb nj\u00ebjtin vler\u00ebsim se marr\u00ebdh\u00ebniet e shk\u00eblqyera mes dy vendeve duhet t\u00eb shoq\u00ebrohen me avancimin e gjithansh\u00ebm t\u00eb bashk\u00ebpunimit ekonomik, pasi mund\u00ebsit\u00eb p\u00ebr k\u00ebt\u00eb jan\u00eb shum\u00eb t\u00eb m\u00ebdha.<br \/>\nMinistri Vujovic vler\u00ebsoi dhe p\u00ebrkrahu projektet me r\u00ebnd\u00ebsi q\u00eb ka nd\u00ebrmarr\u00eb qeveria shqiptare, duke shprehur interesin e qeveris\u00eb s\u00eb Malit t\u00eb Zi p\u00ebr nj\u00eb bashk\u00ebpunim m\u00eb t\u00eb madh me qeverin\u00eb shqiptare, ve\u00e7an\u00ebrisht n\u00eb fush\u00ebn infrastrukturore dhe at\u00eb energjetike. N\u00eb k\u00ebt\u00eb drejtim, Kryeministri Berisha dhe ministri Vujovic u angazhuan p\u00ebr p\u00ebrpjekje edhe m\u00eb t\u00eb m\u00ebdha p\u00ebr t\u00eb krijuar hap\u00ebsira t\u00eb reja bashk\u00ebpunimi me nd\u00ebrmarrjen e projekteve t\u00eb p\u00ebrbashk\u00ebta, si autostrada Shkod\u00ebr-Podgoric\u00eb dhe Sh\u00ebngjin-Ulqin, me leverdishm\u00ebri\u00a0 jo vet\u00ebm ekonomike, por edhe turistike. Nj\u00eb nism\u00eb tjet\u00ebr q\u00eb do t\u00eb nd\u00ebrmerret nga t\u00eb dyja vendet p\u00ebr t\u00eb rritur mund\u00ebsit\u00eb turistike t\u00eb tyre \u00ebsht\u00eb thellimi i lumit Buna, p\u00ebr ta shnd\u00ebrruar at\u00eb n\u00eb nj\u00eb lum\u00eb t\u00eb lundruesh\u00ebm dhe t\u00eb p\u00ebrdorur nga turist\u00ebt.<br \/>\nGjithashtu, ata konstatuan me k\u00ebnaq\u00ebsi se po p\u00ebrfundon linja e interkonjeksionit Tiran\u00eb-Podgoric\u00eb, si dhe do t\u00eb k\u00ebrkohet bashk\u00ebpunimi p\u00ebr nj\u00eb tjet\u00ebr projekt t\u00eb r\u00ebnd\u00ebsish\u00ebm, at\u00eb t\u00eb hekurudh\u00ebs midis Shqip\u00ebris\u00eb dhe Malit t\u00eb Zi, me kontroll t\u00eb p\u00ebrbashk\u00ebt. Dy vendet do t\u00eb diskutojn\u00eb edhe p\u00ebr nj\u00eb marr\u00ebveshje t\u00eb re p\u00ebr uj\u00ebrat.<\/p>\n<p>Nj\u00eb tjet\u00ebr fush\u00eb bashk\u00ebpunimi e evidentuar n\u00eb takim ishte ajo mes akademik\u00ebve t\u00eb t\u00eb dy vendeve p\u00ebr biodiversitetin e lumit Buna.<\/p>\n<p>Gjat\u00eb bashk\u00ebbisedimit, Kryeministri Berisha tha se ndjek me k\u00ebnaq\u00ebsi zhvillimet pozitive t\u00eb Malit t\u00eb Zi, pasi ai \u00ebsht\u00eb nj\u00eb vend i r\u00ebnd\u00ebsish\u00ebm n\u00eb Ballkan. Kryeministri i shprehu ministrit Vujovic mb\u00ebshtetjen e Shqip\u00ebris\u00eb p\u00ebr an\u00ebtar\u00ebsimin e Malit t\u00eb Zi n\u00eb NATO. Kryeministri Berisha shprehu gjithashtu, k\u00ebnaq\u00ebsin\u00eb p\u00ebr arritjet politike dhe arsimore t\u00eb shqiptar\u00ebve n\u00eb Malin e Zi.<\/p>\n<p>Kryeministri Berisha u shpreh se do t\u00eb vizitonte me k\u00ebnaq\u00ebsi Malin e Zi.<\/p>\n<p><strong>Kabineti i <span>Kryeministrit i Shqip\u00ebris\u00eb Sali Berisha<\/span><\/strong><\/p>\n","protected":false},"excerpt":{"rendered":"<p>Kryeministri Berisha dhe ministri Vujovic shpreh\u00ebn t\u00eb nj\u00ebjtin vler\u00ebsim se marr\u00ebdh\u00ebniet e shk\u00eblqyera mes dy vendeve duhet t\u00eb shoq\u00ebrohen me avancimin e gjithansh\u00ebm t\u00eb bashk\u00ebpunimit ekonomik, pasi mund\u00ebsit\u00eb p\u00ebr k\u00ebt\u00eb jan\u00eb shum\u00eb t\u00eb m\u00ebdha. Ministri Vujovic vler\u00ebsoi dhe p\u00ebrkrahu projektet me r\u00ebnd\u00ebsi q\u00eb ka nd\u00ebrmarr\u00eb qeveria shqiptare, duke shprehur interesin e qeveris\u00eb s\u00eb Malit t\u00eb [&hellip;]<\/p>\n","protected":false},"author":1,"featured_media":0,"comment_status":"open","ping_status":"closed","sticky":false,"template":"","format":"standard","meta":{"spay_email":"","jetpack_publicize_message":"","jetpack_is_tweetstorm":false,"jetpack_publicize_feature_enabled":true},"categories":[14],"tags":[97,2569,11648,13612,2670,13613],"jetpack_publicize_connections":[],"yoast_head":"<!-- This site is optimized with the Yoast SEO plugin v19.1 - https:\/\/yoast.com\/wordpress\/plugins\/seo\/ -->\n<title>Kryeministri Berisha pret n\u00eb takim ministrin e Ekonomis\u00eb t\u00eb Malit t\u00eb Zi Branko Vujovic - Lajme nga Ulqini<\/title>\n<meta name=\"description\" content=\"Kryeministri Berisha dhe ministri Vujovic shpreh\u00ebn t\u00eb nj\u00ebjtin vler\u00ebsim se marr\u00ebdh\u00ebniet e shk\u00eblqyera mes dy vendeve duhet t\u00eb shoq\u00ebrohen me avancimin e\" \/>\n<meta name=\"robots\" content=\"index, follow, max-snippet:-1, max-image-preview:large, max-video-preview:-1\" \/>\n<link rel=\"canonical\" href=\"https:\/\/www.visit-ulcinj.com\/blog\/2010\/02\/19\/kryeministri-berisha-pret-ne-takim-ministrin-e-ekonomise-te-malit-te-zi-branko-vujovic\/\" \/>\n<meta property=\"og:locale\" content=\"en_US\" \/>\n<meta property=\"og:type\" content=\"article\" \/>\n<meta property=\"og:title\" content=\"Kryeministri Berisha pret n\u00eb takim ministrin e Ekonomis\u00eb t\u00eb Malit t\u00eb Zi Branko Vujovic - Lajme nga Ulqini\" \/>\n<meta property=\"og:description\" content=\"Kryeministri Berisha dhe ministri Vujovic shpreh\u00ebn t\u00eb nj\u00ebjtin vler\u00ebsim se marr\u00ebdh\u00ebniet e shk\u00eblqyera mes dy vendeve duhet t\u00eb shoq\u00ebrohen me avancimin e\" \/>\n<meta property=\"og:url\" content=\"https:\/\/www.visit-ulcinj.com\/blog\/2010\/02\/19\/kryeministri-berisha-pret-ne-takim-ministrin-e-ekonomise-te-malit-te-zi-branko-vujovic\/\" \/>\n<meta property=\"og:site_name\" content=\"Lajme nga Ulqini\" \/>\n<meta property=\"article:published_time\" content=\"2010-02-19T16:56:10+00:00\" \/>\n<meta property=\"og:image\" content=\"http:\/\/www.visit-ulcinj.com\/blog\/wp-content\/uploads\/2010\/02\/Kryeministri-Berisha-dhe-ministri-Vujovic_F.Dinosha.jpg\" \/>\n<meta name=\"twitter:label1\" content=\"Written by\" \/>\n\t<meta name=\"twitter:data1\" content=\"ulqini\" \/>\n\t<meta name=\"twitter:label2\" content=\"Est. reading time\" \/>\n\t<meta name=\"twitter:data2\" content=\"2 minutes\" \/>\n<script type=\"application\/ld+json\" class=\"yoast-schema-graph\">{\"@context\":\"https:\/\/schema.org\",\"@graph\":[{\"@type\":\"WebSite\",\"@id\":\"https:\/\/www.visit-ulcinj.com\/blog\/#website\",\"url\":\"https:\/\/www.visit-ulcinj.com\/blog\/\",\"name\":\"Lajme nga Ulqini\",\"description\":\"Lajme,Vijesti,Ulqini,Ulqin,Crna Gora,Mali i Zi\",\"potentialAction\":[{\"@type\":\"SearchAction\",\"target\":{\"@type\":\"EntryPoint\",\"urlTemplate\":\"https:\/\/www.visit-ulcinj.com\/blog\/?s={search_term_string}\"},\"query-input\":\"required name=search_term_string\"}],\"inLanguage\":\"en-US\"},{\"@type\":\"ImageObject\",\"inLanguage\":\"en-US\",\"@id\":\"https:\/\/www.visit-ulcinj.com\/blog\/2010\/02\/19\/kryeministri-berisha-pret-ne-takim-ministrin-e-ekonomise-te-malit-te-zi-branko-vujovic\/#primaryimage\",\"url\":\"https:\/\/www.visit-ulcinj.com\/blog\/wp-content\/uploads\/2010\/02\/Kryeministri-Berisha-dhe-ministri-Vujovic_F.Dinosha.jpg\",\"contentUrl\":\"https:\/\/www.visit-ulcinj.com\/blog\/wp-content\/uploads\/2010\/02\/Kryeministri-Berisha-dhe-ministri-Vujovic_F.Dinosha.jpg\",\"width\":\"1000\",\"height\":\"551\"},{\"@type\":\"WebPage\",\"@id\":\"https:\/\/www.visit-ulcinj.com\/blog\/2010\/02\/19\/kryeministri-berisha-pret-ne-takim-ministrin-e-ekonomise-te-malit-te-zi-branko-vujovic\/#webpage\",\"url\":\"https:\/\/www.visit-ulcinj.com\/blog\/2010\/02\/19\/kryeministri-berisha-pret-ne-takim-ministrin-e-ekonomise-te-malit-te-zi-branko-vujovic\/\",\"name\":\"Kryeministri Berisha pret n\u00eb takim ministrin e Ekonomis\u00eb t\u00eb Malit t\u00eb Zi Branko Vujovic - Lajme nga Ulqini\",\"isPartOf\":{\"@id\":\"https:\/\/www.visit-ulcinj.com\/blog\/#website\"},\"primaryImageOfPage\":{\"@id\":\"https:\/\/www.visit-ulcinj.com\/blog\/2010\/02\/19\/kryeministri-berisha-pret-ne-takim-ministrin-e-ekonomise-te-malit-te-zi-branko-vujovic\/#primaryimage\"},\"datePublished\":\"2010-02-19T16:56:10+00:00\",\"dateModified\":\"2010-02-19T16:56:10+00:00\",\"author\":{\"@id\":\"https:\/\/www.visit-ulcinj.com\/blog\/#\/schema\/person\/dcab619c614d3038751c63bc2aadc06d\"},\"description\":\"Kryeministri Berisha dhe ministri Vujovic shpreh\u00ebn t\u00eb nj\u00ebjtin vler\u00ebsim se marr\u00ebdh\u00ebniet e shk\u00eblqyera mes dy vendeve duhet t\u00eb shoq\u00ebrohen me avancimin e\",\"breadcrumb\":{\"@id\":\"https:\/\/www.visit-ulcinj.com\/blog\/2010\/02\/19\/kryeministri-berisha-pret-ne-takim-ministrin-e-ekonomise-te-malit-te-zi-branko-vujovic\/#breadcrumb\"},\"inLanguage\":\"en-US\",\"potentialAction\":[{\"@type\":\"ReadAction\",\"target\":[\"https:\/\/www.visit-ulcinj.com\/blog\/2010\/02\/19\/kryeministri-berisha-pret-ne-takim-ministrin-e-ekonomise-te-malit-te-zi-branko-vujovic\/\"]}]},{\"@type\":\"BreadcrumbList\",\"@id\":\"https:\/\/www.visit-ulcinj.com\/blog\/2010\/02\/19\/kryeministri-berisha-pret-ne-takim-ministrin-e-ekonomise-te-malit-te-zi-branko-vujovic\/#breadcrumb\",\"itemListElement\":[{\"@type\":\"ListItem\",\"position\":1,\"name\":\"Kryeministri Berisha pret n\u00eb takim ministrin e Ekonomis\u00eb t\u00eb Malit t\u00eb Zi Branko Vujovic\"}]},{\"@type\":\"Person\",\"@id\":\"https:\/\/www.visit-ulcinj.com\/blog\/#\/schema\/person\/dcab619c614d3038751c63bc2aadc06d\",\"name\":\"ulqini\",\"sameAs\":[\"http:\/\/www.visit-ulcinj.com\"],\"url\":\"https:\/\/www.visit-ulcinj.com\/blog\/author\/admin\/\"}]}<\/script>\n<!-- \/ Yoast SEO plugin. -->","yoast_head_json":{"title":"Kryeministri Berisha pret n\u00eb takim ministrin e Ekonomis\u00eb t\u00eb Malit t\u00eb Zi Branko Vujovic - Lajme nga Ulqini","description":"Kryeministri Berisha dhe ministri Vujovic shpreh\u00ebn t\u00eb nj\u00ebjtin vler\u00ebsim se marr\u00ebdh\u00ebniet e shk\u00eblqyera mes dy vendeve duhet t\u00eb shoq\u00ebrohen me avancimin e","robots":{"index":"index","follow":"follow","max-snippet":"max-snippet:-1","max-image-preview":"max-image-preview:large","max-video-preview":"max-video-preview:-1"},"canonical":"https:\/\/www.visit-ulcinj.com\/blog\/2010\/02\/19\/kryeministri-berisha-pret-ne-takim-ministrin-e-ekonomise-te-malit-te-zi-branko-vujovic\/","og_locale":"en_US","og_type":"article","og_title":"Kryeministri Berisha pret n\u00eb takim ministrin e Ekonomis\u00eb t\u00eb Malit t\u00eb Zi Branko Vujovic - Lajme nga Ulqini","og_description":"Kryeministri Berisha dhe ministri Vujovic shpreh\u00ebn t\u00eb nj\u00ebjtin vler\u00ebsim se marr\u00ebdh\u00ebniet e shk\u00eblqyera mes dy vendeve duhet t\u00eb shoq\u00ebrohen me avancimin e","og_url":"https:\/\/www.visit-ulcinj.com\/blog\/2010\/02\/19\/kryeministri-berisha-pret-ne-takim-ministrin-e-ekonomise-te-malit-te-zi-branko-vujovic\/","og_site_name":"Lajme nga Ulqini","article_published_time":"2010-02-19T16:56:10+00:00","og_image":[{"url":"http:\/\/www.visit-ulcinj.com\/blog\/wp-content\/uploads\/2010\/02\/Kryeministri-Berisha-dhe-ministri-Vujovic_F.Dinosha.jpg"}],"twitter_misc":{"Written by":"ulqini","Est. reading time":"2 minutes"},"schema":{"@context":"https:\/\/schema.org","@graph":[{"@type":"WebSite","@id":"https:\/\/www.visit-ulcinj.com\/blog\/#website","url":"https:\/\/www.visit-ulcinj.com\/blog\/","name":"Lajme nga Ulqini","description":"Lajme,Vijesti,Ulqini,Ulqin,Crna Gora,Mali i Zi","potentialAction":[{"@type":"SearchAction","target":{"@type":"EntryPoint","urlTemplate":"https:\/\/www.visit-ulcinj.com\/blog\/?s={search_term_string}"},"query-input":"required name=search_term_string"}],"inLanguage":"en-US"},{"@type":"ImageObject","inLanguage":"en-US","@id":"https:\/\/www.visit-ulcinj.com\/blog\/2010\/02\/19\/kryeministri-berisha-pret-ne-takim-ministrin-e-ekonomise-te-malit-te-zi-branko-vujovic\/#primaryimage","url":"https:\/\/www.visit-ulcinj.com\/blog\/wp-content\/uploads\/2010\/02\/Kryeministri-Berisha-dhe-ministri-Vujovic_F.Dinosha.jpg","contentUrl":"https:\/\/www.visit-ulcinj.com\/blog\/wp-content\/uploads\/2010\/02\/Kryeministri-Berisha-dhe-ministri-Vujovic_F.Dinosha.jpg","width":"1000","height":"551"},{"@type":"WebPage","@id":"https:\/\/www.visit-ulcinj.com\/blog\/2010\/02\/19\/kryeministri-berisha-pret-ne-takim-ministrin-e-ekonomise-te-malit-te-zi-branko-vujovic\/#webpage","url":"https:\/\/www.visit-ulcinj.com\/blog\/2010\/02\/19\/kryeministri-berisha-pret-ne-takim-ministrin-e-ekonomise-te-malit-te-zi-branko-vujovic\/","name":"Kryeministri Berisha pret n\u00eb takim ministrin e Ekonomis\u00eb t\u00eb Malit t\u00eb Zi Branko Vujovic - Lajme nga Ulqini","isPartOf":{"@id":"https:\/\/www.visit-ulcinj.com\/blog\/#website"},"primaryImageOfPage":{"@id":"https:\/\/www.visit-ulcinj.com\/blog\/2010\/02\/19\/kryeministri-berisha-pret-ne-takim-ministrin-e-ekonomise-te-malit-te-zi-branko-vujovic\/#primaryimage"},"datePublished":"2010-02-19T16:56:10+00:00","dateModified":"2010-02-19T16:56:10+00:00","author":{"@id":"https:\/\/www.visit-ulcinj.com\/blog\/#\/schema\/person\/dcab619c614d3038751c63bc2aadc06d"},"description":"Kryeministri Berisha dhe ministri Vujovic shpreh\u00ebn t\u00eb nj\u00ebjtin vler\u00ebsim se marr\u00ebdh\u00ebniet e shk\u00eblqyera mes dy vendeve duhet t\u00eb shoq\u00ebrohen me avancimin e","breadcrumb":{"@id":"https:\/\/www.visit-ulcinj.com\/blog\/2010\/02\/19\/kryeministri-berisha-pret-ne-takim-ministrin-e-ekonomise-te-malit-te-zi-branko-vujovic\/#breadcrumb"},"inLanguage":"en-US","potentialAction":[{"@type":"ReadAction","target":["https:\/\/www.visit-ulcinj.com\/blog\/2010\/02\/19\/kryeministri-berisha-pret-ne-takim-ministrin-e-ekonomise-te-malit-te-zi-branko-vujovic\/"]}]},{"@type":"BreadcrumbList","@id":"https:\/\/www.visit-ulcinj.com\/blog\/2010\/02\/19\/kryeministri-berisha-pret-ne-takim-ministrin-e-ekonomise-te-malit-te-zi-branko-vujovic\/#breadcrumb","itemListElement":[{"@type":"ListItem","position":1,"name":"Kryeministri Berisha pret n\u00eb takim ministrin e Ekonomis\u00eb t\u00eb Malit t\u00eb Zi Branko Vujovic"}]},{"@type":"Person","@id":"https:\/\/www.visit-ulcinj.com\/blog\/#\/schema\/person\/dcab619c614d3038751c63bc2aadc06d","name":"ulqini","sameAs":["http:\/\/www.visit-ulcinj.com"],"url":"https:\/\/www.visit-ulcinj.com\/blog\/author\/admin\/"}]}},"jetpack_featured_media_url":"","jetpack_sharing_enabled":true,"jetpack_shortlink":"https:\/\/wp.me\/pe6lTn-7WW","_links":{"self":[{"href":"https:\/\/www.visit-ulcinj.com\/blog\/wp-json\/wp\/v2\/posts\/30562"}],"collection":[{"href":"https:\/\/www.visit-ulcinj.com\/blog\/wp-json\/wp\/v2\/posts"}],"about":[{"href":"https:\/\/www.visit-ulcinj.com\/blog\/wp-json\/wp\/v2\/types\/post"}],"author":[{"embeddable":true,"href":"https:\/\/www.visit-ulcinj.com\/blog\/wp-json\/wp\/v2\/users\/1"}],"replies":[{"embeddable":true,"href":"https:\/\/www.visit-ulcinj.com\/blog\/wp-json\/wp\/v2\/comments?post=30562"}],"version-history":[{"count":0,"href":"https:\/\/www.visit-ulcinj.com\/blog\/wp-json\/wp\/v2\/posts\/30562\/revisions"}],"wp:attachment":[{"href":"https:\/\/www.visit-ulcinj.com\/blog\/wp-json\/wp\/v2\/media?parent=30562"}],"wp:term":[{"taxonomy":"category","embeddable":true,"href":"https:\/\/www.visit-ulcinj.com\/blog\/wp-json\/wp\/v2\/categories?post=30562"},{"taxonomy":"post_tag","embeddable":true,"href":"https:\/\/www.visit-ulcinj.com\/blog\/wp-json\/wp\/v2\/tags?post=30562"}],"curies":[{"name":"wp","href":"https:\/\/api.w.org\/{rel}","templated":true}]}}