{"id":30580,"date":"2010-02-20T19:42:59","date_gmt":"2010-02-20T17:42:59","guid":{"rendered":"http:\/\/www.visit-ulcinj.com\/blog\/?p=30580"},"modified":"2010-02-20T19:42:59","modified_gmt":"2010-02-20T17:42:59","slug":"most-na-port-mileni-pocece-krajem-maja","status":"publish","type":"post","link":"https:\/\/www.visit-ulcinj.com\/blog\/2010\/02\/20\/most-na-port-mileni-pocece-krajem-maja\/","title":{"rendered":"Most na Port Mileni, po?e?e krajem maja"},"content":{"rendered":"<p><strong><img loading=\"lazy\" class=\"alignleft\" title=\"Most na Port Mileni do 2012\" src=\"http:\/\/www.visit-ulcinj.com\/blog\/wp-content\/uploads\/2009\/08\/Rasklopni-most-na-Port-Mileni.1.jpg\" alt=\"\" width=\"580\" height=\"400\" \/>Most na Port Mileni do 2012.<\/strong><br \/>\nUlcinj &#8211; \u201cGradnja novog mosta na Port Mileni, po?e?e krajem maja, a u Vladi o?ekuju da ?e projekat biti realizovan do kraja naredne godine\u201d, rekao je ju?e u Ulcinju direktor Direkcije za saobra?aj Veselin Grbovi?.<br \/>\nOn je boravio u slu\u017ebenoj posjeti Ulcinju gdje je sa gradona?elnikom Gzimom Hajdinagom razgovarao o izgradnji mosta na Port Mileni i produ\u017eetku bulevara, kao i o rekonstrukciji puta do grani?nog prelaza Sukobin.<br \/>\n\u201cOd 1. do 5. marta raspisa?emo tender za izbor najpovoljnijeg ponu?a?a za izgradnju mosta na Port Mileni. O?ekujem veliko interesovanje doma?ih i stranih kompanija jer je most sa rasklopnim lukovima jedinstven na prostoru biv\u0161e Jugoslavije\u201d, kazao je Grbovi?.<\/p>\n<p>Dodav\u0161i da je Vlada ve? obezbijedila sredstva za prvu fazu projekta, ?ija je ukupna vrijednost 18 miliona eura, on je naglasio da ?e Vlada vjerovatno naredne sedmice tu veliku investiciju proglasiti javnim interesom.<br \/>\n\u201cImaju?i u vidu da je sezona blizu, trenutno smo odustali od pro\u0161irenja puta ka grani?nom prelazu na Sukobinu. Dogovorili smo se da uskoro raspi\u0161emo tender za rekonstrukciju tog regionalnog puta, tako da ?emo do sezone novim asfaltom presvu?i dionicu od Sukobina do raskrsnice ka Baru u Krutama. Od Kruta do Ulcinja put ?emo djelimi?no presvu?i asfaltom i zakrpiti rupe\u201d, kazao je Grbovi? istakav\u0161i da ?e \u201dDirekcija ove godine biti vi\u0161e prisutna u Ulcinju nego ranijih godina\u201d.<\/p>\n<p>Hajdinaga je rekao da je izuzetno zadovoljan \u201c\u0161to ?e uskoro po?eti realizacija vrlo va\u017enog projekta za Ulcinj\u201d.<br \/>\n\u201cValjda sad svi oni koji su govorili da nikada ne?e do?i do realizacije projekta, vide da nijesu bili u pravu\u201d, kazao je Hajdinaga, navode?i da je \u201cbilo i onih koji su \u017eeljeli i da nikad ne do?e do izgradnje mosta\u201d.<\/p>\n<p><strong>Vlasnici zemlje da ne zako?e posao<\/strong><\/p>\n<p>Nakon \u0161to Vlada projekat proglasi javnim interesom, Op\u0161tina ?e, rekao je Hajdinaga, krenuti u eksproprijaciju zemlji\u0161ta.<br \/>\n\u201cSvi Ulcinjani \u017eive za taj dan kada ?e po?eti realizacija te investicije i vjerujem da ne?emo imati problema sa vlasnicima zemlje na trasi kuda treba da pro?e bulevar i most. Vlasnicima ?emo ponuditi realnu cijenu koju ?e utvrditi eksperti, a u slu?aju da ne budu zadovoljni, satisfakciju mogu potra\u017eiti na sudu. Ali, u svakom slu?aju radovi ?e po?eti\u201d, kazao je Hajdinaga.<\/p>\n<p><strong>S.A.<br \/>\n<a href=\"http:\/\/www.vijesti.me\/index.php?id_pre=330068&amp;godina=2010\" target=\"_blank\">Vijesti<br \/>\n<\/a><\/strong><!--YouTube Error: bad URL entered--><\/p>\n","protected":false},"excerpt":{"rendered":"<p>Most na Port Mileni do 2012. Ulcinj &#8211; \u201cGradnja novog mosta na Port Mileni, po?e?e krajem maja, a u Vladi o?ekuju da ?e projekat biti realizovan do kraja naredne godine\u201d, rekao je ju?e u Ulcinju direktor Direkcije za saobra?aj Veselin Grbovi?. On je boravio u slu\u017ebenoj posjeti Ulcinju gdje je sa gradona?elnikom Gzimom Hajdinagom razgovarao [&hellip;]<\/p>\n","protected":false},"author":1,"featured_media":0,"comment_status":"open","ping_status":"closed","sticky":false,"template":"","format":"standard","meta":{"spay_email":"","jetpack_publicize_message":"","jetpack_is_tweetstorm":false,"jetpack_publicize_feature_enabled":true},"categories":[8337],"tags":[13616,2417,5074,19,13068],"jetpack_publicize_connections":[],"yoast_head":"<!-- This site is optimized with the Yoast SEO plugin v19.1 - https:\/\/yoast.com\/wordpress\/plugins\/seo\/ -->\n<title>Most na Port Mileni, po?e?e krajem maja - Lajme nga Ulqini<\/title>\n<meta name=\"description\" content=\"Most na Port Mileni do 2012. Ulcinj - \u201cGradnja novog mosta na Port Mileni, po?e?e krajem maja, a u Vladi o?ekuju da ?e projekat biti realizovan do kraja\" \/>\n<meta name=\"robots\" content=\"index, follow, max-snippet:-1, max-image-preview:large, max-video-preview:-1\" \/>\n<link rel=\"canonical\" href=\"https:\/\/www.visit-ulcinj.com\/blog\/2010\/02\/20\/most-na-port-mileni-pocece-krajem-maja\/\" \/>\n<meta property=\"og:locale\" content=\"en_US\" \/>\n<meta property=\"og:type\" content=\"article\" \/>\n<meta property=\"og:title\" content=\"Most na Port Mileni, po?e?e krajem maja - Lajme nga Ulqini\" \/>\n<meta property=\"og:description\" content=\"Most na Port Mileni do 2012. Ulcinj - \u201cGradnja novog mosta na Port Mileni, po?e?e krajem maja, a u Vladi o?ekuju da ?e projekat biti realizovan do kraja\" \/>\n<meta property=\"og:url\" content=\"https:\/\/www.visit-ulcinj.com\/blog\/2010\/02\/20\/most-na-port-mileni-pocece-krajem-maja\/\" \/>\n<meta property=\"og:site_name\" content=\"Lajme nga Ulqini\" \/>\n<meta property=\"article:published_time\" content=\"2010-02-20T17:42:59+00:00\" \/>\n<meta property=\"og:image\" content=\"http:\/\/www.visit-ulcinj.com\/blog\/wp-content\/uploads\/2009\/08\/Rasklopni-most-na-Port-Mileni.1.jpg\" \/>\n<meta name=\"twitter:label1\" content=\"Written by\" \/>\n\t<meta name=\"twitter:data1\" content=\"ulqini\" \/>\n\t<meta name=\"twitter:label2\" content=\"Est. reading time\" \/>\n\t<meta name=\"twitter:data2\" content=\"2 minutes\" \/>\n<script type=\"application\/ld+json\" class=\"yoast-schema-graph\">{\"@context\":\"https:\/\/schema.org\",\"@graph\":[{\"@type\":\"WebSite\",\"@id\":\"https:\/\/www.visit-ulcinj.com\/blog\/#website\",\"url\":\"https:\/\/www.visit-ulcinj.com\/blog\/\",\"name\":\"Lajme nga Ulqini\",\"description\":\"Lajme,Vijesti,Ulqini,Ulqin,Crna Gora,Mali i Zi\",\"potentialAction\":[{\"@type\":\"SearchAction\",\"target\":{\"@type\":\"EntryPoint\",\"urlTemplate\":\"https:\/\/www.visit-ulcinj.com\/blog\/?s={search_term_string}\"},\"query-input\":\"required name=search_term_string\"}],\"inLanguage\":\"en-US\"},{\"@type\":\"ImageObject\",\"inLanguage\":\"en-US\",\"@id\":\"https:\/\/www.visit-ulcinj.com\/blog\/2010\/02\/20\/most-na-port-mileni-pocece-krajem-maja\/#primaryimage\",\"url\":\"https:\/\/www.visit-ulcinj.com\/blog\/wp-content\/uploads\/2009\/08\/Rasklopni-most-na-Port-Mileni.1.jpg\",\"contentUrl\":\"https:\/\/www.visit-ulcinj.com\/blog\/wp-content\/uploads\/2009\/08\/Rasklopni-most-na-Port-Mileni.1.jpg\",\"width\":\"1024\",\"height\":\"768\"},{\"@type\":\"WebPage\",\"@id\":\"https:\/\/www.visit-ulcinj.com\/blog\/2010\/02\/20\/most-na-port-mileni-pocece-krajem-maja\/#webpage\",\"url\":\"https:\/\/www.visit-ulcinj.com\/blog\/2010\/02\/20\/most-na-port-mileni-pocece-krajem-maja\/\",\"name\":\"Most na Port Mileni, po?e?e krajem maja - Lajme nga Ulqini\",\"isPartOf\":{\"@id\":\"https:\/\/www.visit-ulcinj.com\/blog\/#website\"},\"primaryImageOfPage\":{\"@id\":\"https:\/\/www.visit-ulcinj.com\/blog\/2010\/02\/20\/most-na-port-mileni-pocece-krajem-maja\/#primaryimage\"},\"datePublished\":\"2010-02-20T17:42:59+00:00\",\"dateModified\":\"2010-02-20T17:42:59+00:00\",\"author\":{\"@id\":\"https:\/\/www.visit-ulcinj.com\/blog\/#\/schema\/person\/dcab619c614d3038751c63bc2aadc06d\"},\"description\":\"Most na Port Mileni do 2012. Ulcinj - \u201cGradnja novog mosta na Port Mileni, po?e?e krajem maja, a u Vladi o?ekuju da ?e projekat biti realizovan do kraja\",\"breadcrumb\":{\"@id\":\"https:\/\/www.visit-ulcinj.com\/blog\/2010\/02\/20\/most-na-port-mileni-pocece-krajem-maja\/#breadcrumb\"},\"inLanguage\":\"en-US\",\"potentialAction\":[{\"@type\":\"ReadAction\",\"target\":[\"https:\/\/www.visit-ulcinj.com\/blog\/2010\/02\/20\/most-na-port-mileni-pocece-krajem-maja\/\"]}]},{\"@type\":\"BreadcrumbList\",\"@id\":\"https:\/\/www.visit-ulcinj.com\/blog\/2010\/02\/20\/most-na-port-mileni-pocece-krajem-maja\/#breadcrumb\",\"itemListElement\":[{\"@type\":\"ListItem\",\"position\":1,\"name\":\"Most na Port Mileni, po?e?e krajem maja\"}]},{\"@type\":\"Person\",\"@id\":\"https:\/\/www.visit-ulcinj.com\/blog\/#\/schema\/person\/dcab619c614d3038751c63bc2aadc06d\",\"name\":\"ulqini\",\"sameAs\":[\"http:\/\/www.visit-ulcinj.com\"],\"url\":\"https:\/\/www.visit-ulcinj.com\/blog\/author\/admin\/\"}]}<\/script>\n<!-- \/ Yoast SEO plugin. -->","yoast_head_json":{"title":"Most na Port Mileni, po?e?e krajem maja - Lajme nga Ulqini","description":"Most na Port Mileni do 2012. Ulcinj - \u201cGradnja novog mosta na Port Mileni, po?e?e krajem maja, a u Vladi o?ekuju da ?e projekat biti realizovan do kraja","robots":{"index":"index","follow":"follow","max-snippet":"max-snippet:-1","max-image-preview":"max-image-preview:large","max-video-preview":"max-video-preview:-1"},"canonical":"https:\/\/www.visit-ulcinj.com\/blog\/2010\/02\/20\/most-na-port-mileni-pocece-krajem-maja\/","og_locale":"en_US","og_type":"article","og_title":"Most na Port Mileni, po?e?e krajem maja - Lajme nga Ulqini","og_description":"Most na Port Mileni do 2012. Ulcinj - \u201cGradnja novog mosta na Port Mileni, po?e?e krajem maja, a u Vladi o?ekuju da ?e projekat biti realizovan do kraja","og_url":"https:\/\/www.visit-ulcinj.com\/blog\/2010\/02\/20\/most-na-port-mileni-pocece-krajem-maja\/","og_site_name":"Lajme nga Ulqini","article_published_time":"2010-02-20T17:42:59+00:00","og_image":[{"url":"http:\/\/www.visit-ulcinj.com\/blog\/wp-content\/uploads\/2009\/08\/Rasklopni-most-na-Port-Mileni.1.jpg"}],"twitter_misc":{"Written by":"ulqini","Est. reading time":"2 minutes"},"schema":{"@context":"https:\/\/schema.org","@graph":[{"@type":"WebSite","@id":"https:\/\/www.visit-ulcinj.com\/blog\/#website","url":"https:\/\/www.visit-ulcinj.com\/blog\/","name":"Lajme nga Ulqini","description":"Lajme,Vijesti,Ulqini,Ulqin,Crna Gora,Mali i Zi","potentialAction":[{"@type":"SearchAction","target":{"@type":"EntryPoint","urlTemplate":"https:\/\/www.visit-ulcinj.com\/blog\/?s={search_term_string}"},"query-input":"required name=search_term_string"}],"inLanguage":"en-US"},{"@type":"ImageObject","inLanguage":"en-US","@id":"https:\/\/www.visit-ulcinj.com\/blog\/2010\/02\/20\/most-na-port-mileni-pocece-krajem-maja\/#primaryimage","url":"https:\/\/www.visit-ulcinj.com\/blog\/wp-content\/uploads\/2009\/08\/Rasklopni-most-na-Port-Mileni.1.jpg","contentUrl":"https:\/\/www.visit-ulcinj.com\/blog\/wp-content\/uploads\/2009\/08\/Rasklopni-most-na-Port-Mileni.1.jpg","width":"1024","height":"768"},{"@type":"WebPage","@id":"https:\/\/www.visit-ulcinj.com\/blog\/2010\/02\/20\/most-na-port-mileni-pocece-krajem-maja\/#webpage","url":"https:\/\/www.visit-ulcinj.com\/blog\/2010\/02\/20\/most-na-port-mileni-pocece-krajem-maja\/","name":"Most na Port Mileni, po?e?e krajem maja - Lajme nga Ulqini","isPartOf":{"@id":"https:\/\/www.visit-ulcinj.com\/blog\/#website"},"primaryImageOfPage":{"@id":"https:\/\/www.visit-ulcinj.com\/blog\/2010\/02\/20\/most-na-port-mileni-pocece-krajem-maja\/#primaryimage"},"datePublished":"2010-02-20T17:42:59+00:00","dateModified":"2010-02-20T17:42:59+00:00","author":{"@id":"https:\/\/www.visit-ulcinj.com\/blog\/#\/schema\/person\/dcab619c614d3038751c63bc2aadc06d"},"description":"Most na Port Mileni do 2012. Ulcinj - \u201cGradnja novog mosta na Port Mileni, po?e?e krajem maja, a u Vladi o?ekuju da ?e projekat biti realizovan do kraja","breadcrumb":{"@id":"https:\/\/www.visit-ulcinj.com\/blog\/2010\/02\/20\/most-na-port-mileni-pocece-krajem-maja\/#breadcrumb"},"inLanguage":"en-US","potentialAction":[{"@type":"ReadAction","target":["https:\/\/www.visit-ulcinj.com\/blog\/2010\/02\/20\/most-na-port-mileni-pocece-krajem-maja\/"]}]},{"@type":"BreadcrumbList","@id":"https:\/\/www.visit-ulcinj.com\/blog\/2010\/02\/20\/most-na-port-mileni-pocece-krajem-maja\/#breadcrumb","itemListElement":[{"@type":"ListItem","position":1,"name":"Most na Port Mileni, po?e?e krajem maja"}]},{"@type":"Person","@id":"https:\/\/www.visit-ulcinj.com\/blog\/#\/schema\/person\/dcab619c614d3038751c63bc2aadc06d","name":"ulqini","sameAs":["http:\/\/www.visit-ulcinj.com"],"url":"https:\/\/www.visit-ulcinj.com\/blog\/author\/admin\/"}]}},"jetpack_featured_media_url":"","jetpack_sharing_enabled":true,"jetpack_shortlink":"https:\/\/wp.me\/pe6lTn-7Xe","_links":{"self":[{"href":"https:\/\/www.visit-ulcinj.com\/blog\/wp-json\/wp\/v2\/posts\/30580"}],"collection":[{"href":"https:\/\/www.visit-ulcinj.com\/blog\/wp-json\/wp\/v2\/posts"}],"about":[{"href":"https:\/\/www.visit-ulcinj.com\/blog\/wp-json\/wp\/v2\/types\/post"}],"author":[{"embeddable":true,"href":"https:\/\/www.visit-ulcinj.com\/blog\/wp-json\/wp\/v2\/users\/1"}],"replies":[{"embeddable":true,"href":"https:\/\/www.visit-ulcinj.com\/blog\/wp-json\/wp\/v2\/comments?post=30580"}],"version-history":[{"count":0,"href":"https:\/\/www.visit-ulcinj.com\/blog\/wp-json\/wp\/v2\/posts\/30580\/revisions"}],"wp:attachment":[{"href":"https:\/\/www.visit-ulcinj.com\/blog\/wp-json\/wp\/v2\/media?parent=30580"}],"wp:term":[{"taxonomy":"category","embeddable":true,"href":"https:\/\/www.visit-ulcinj.com\/blog\/wp-json\/wp\/v2\/categories?post=30580"},{"taxonomy":"post_tag","embeddable":true,"href":"https:\/\/www.visit-ulcinj.com\/blog\/wp-json\/wp\/v2\/tags?post=30580"}],"curies":[{"name":"wp","href":"https:\/\/api.w.org\/{rel}","templated":true}]}}