{"id":30584,"date":"2010-02-21T18:36:45","date_gmt":"2010-02-21T16:36:45","guid":{"rendered":"http:\/\/www.visit-ulcinj.com\/blog\/?p=30584"},"modified":"2010-02-21T18:37:48","modified_gmt":"2010-02-21T16:37:48","slug":"teuta-krasniqi-dhe-blero-martohen-ne-vere","status":"publish","type":"post","link":"https:\/\/www.visit-ulcinj.com\/blog\/2010\/02\/21\/teuta-krasniqi-dhe-blero-martohen-ne-vere\/","title":{"rendered":"Teuta Krasniqi dhe Blero martohen n\u00eb ver\u00eb"},"content":{"rendered":"<p><a href=\"http:\/\/www.visit-ulcinj.com\/blog\/wp-content\/uploads\/2010\/02\/Teuta-Krasniqi-dhe-Blero-martohen-ne-vere.2.jpg\"><img loading=\"lazy\" class=\"alignleft size-full wp-image-30588\" title=\"Teuta Krasniqi dhe Blero martohen ne vere.2\" src=\"http:\/\/www.visit-ulcinj.com\/blog\/wp-content\/uploads\/2010\/02\/Teuta-Krasniqi-dhe-Blero-martohen-ne-vere.2.jpg\" alt=\"Teuta Krasniqi dhe Blero martohen ne vere.2\" width=\"580\" height=\"400\" \/><\/a><\/p>\n<p>\u00c7ifti i shum\u00ebp\u00ebrfolur i k\u00ebtyre dit\u00ebve, Teuta Krasniqi dhe Blero priten  t\u00eb martohen gjat\u00eb ver\u00ebs, eventualisht gjat\u00eb vjesht\u00ebs. Nj\u00eb burim i af\u00ebrt  me aktoren dhe k\u00ebng\u00ebtarin ka th\u00ebn\u00eb se ata pritet q\u00eb s\u00eb shpejti t\u00eb v\u00ebn\u00eb  kuror\u00eb, nd\u00ebrkaq m\u00eb von\u00eb t\u00eb b\u00ebjn\u00eb edhe nj\u00eb dasm\u00eb. Lidhja n\u00eb mes t\u00eb Teut\u00ebs  dhe Bleros filloi vitin e kaluar, nd\u00ebrkaq pak muaj pas k\u00ebsaj u m\u00ebsua se  Teuta ishte edhe shtatz\u00ebn\u00eb. Ndryshe, aktorja po vazhdon me paraqitjet e  saj para.<br \/>\n<\/p>\n<!--YouTube Error: bad URL entered-->\n","protected":false},"excerpt":{"rendered":"<p>\u00c7ifti i shum\u00ebp\u00ebrfolur i k\u00ebtyre dit\u00ebve, Teuta Krasniqi dhe Blero priten t\u00eb martohen gjat\u00eb ver\u00ebs, eventualisht gjat\u00eb vjesht\u00ebs. Nj\u00eb burim i af\u00ebrt me aktoren dhe k\u00ebng\u00ebtarin ka th\u00ebn\u00eb se ata pritet q\u00eb s\u00eb shpejti t\u00eb v\u00ebn\u00eb kuror\u00eb, nd\u00ebrkaq m\u00eb von\u00eb t\u00eb b\u00ebjn\u00eb edhe nj\u00eb dasm\u00eb. Lidhja n\u00eb mes t\u00eb Teut\u00ebs dhe Bleros filloi vitin e [&hellip;]<\/p>\n","protected":false},"author":1,"featured_media":0,"comment_status":"open","ping_status":"closed","sticky":false,"template":"","format":"standard","meta":{"spay_email":"","jetpack_publicize_message":"","jetpack_is_tweetstorm":false,"jetpack_publicize_feature_enabled":true},"categories":[1],"tags":[13617],"jetpack_publicize_connections":[],"yoast_head":"<!-- This site is optimized with the Yoast SEO plugin v19.1 - https:\/\/yoast.com\/wordpress\/plugins\/seo\/ -->\n<title>Teuta Krasniqi dhe Blero martohen n\u00eb ver\u00eb - Lajme nga Ulqini<\/title>\n<meta name=\"description\" content=\"\u00c7ifti i shum\u00ebp\u00ebrfolur i k\u00ebtyre dit\u00ebve, Teuta Krasniqi dhe Blero priten t\u00eb martohen gjat\u00eb ver\u00ebs, eventualisht gjat\u00eb vjesht\u00ebs. Nj\u00eb burim i af\u00ebrt me aktoren\" \/>\n<meta name=\"robots\" content=\"index, follow, max-snippet:-1, max-image-preview:large, max-video-preview:-1\" \/>\n<link rel=\"canonical\" href=\"https:\/\/www.visit-ulcinj.com\/blog\/2010\/02\/21\/teuta-krasniqi-dhe-blero-martohen-ne-vere\/\" \/>\n<meta property=\"og:locale\" content=\"en_US\" \/>\n<meta property=\"og:type\" content=\"article\" \/>\n<meta property=\"og:title\" content=\"Teuta Krasniqi dhe Blero martohen n\u00eb ver\u00eb - Lajme nga Ulqini\" \/>\n<meta property=\"og:description\" content=\"\u00c7ifti i shum\u00ebp\u00ebrfolur i k\u00ebtyre dit\u00ebve, Teuta Krasniqi dhe Blero priten t\u00eb martohen gjat\u00eb ver\u00ebs, eventualisht gjat\u00eb vjesht\u00ebs. Nj\u00eb burim i af\u00ebrt me aktoren\" \/>\n<meta property=\"og:url\" content=\"https:\/\/www.visit-ulcinj.com\/blog\/2010\/02\/21\/teuta-krasniqi-dhe-blero-martohen-ne-vere\/\" \/>\n<meta property=\"og:site_name\" content=\"Lajme nga Ulqini\" \/>\n<meta property=\"article:published_time\" content=\"2010-02-21T16:36:45+00:00\" \/>\n<meta property=\"article:modified_time\" content=\"2010-02-21T16:37:48+00:00\" \/>\n<meta property=\"og:image\" content=\"https:\/\/www.visit-ulcinj.com\/blog\/wp-content\/uploads\/2010\/02\/Teuta-Krasniqi-dhe-Blero-martohen-ne-vere-150x150.jpg\" \/>\n<meta name=\"twitter:label1\" content=\"Written by\" \/>\n\t<meta name=\"twitter:data1\" content=\"ulqini\" \/>\n\t<meta name=\"twitter:label2\" content=\"Est. reading time\" \/>\n\t<meta name=\"twitter:data2\" content=\"1 minute\" \/>\n<script type=\"application\/ld+json\" class=\"yoast-schema-graph\">{\"@context\":\"https:\/\/schema.org\",\"@graph\":[{\"@type\":\"WebSite\",\"@id\":\"https:\/\/www.visit-ulcinj.com\/blog\/#website\",\"url\":\"https:\/\/www.visit-ulcinj.com\/blog\/\",\"name\":\"Lajme nga Ulqini\",\"description\":\"Lajme,Vijesti,Ulqini,Ulqin,Crna Gora,Mali i Zi\",\"potentialAction\":[{\"@type\":\"SearchAction\",\"target\":{\"@type\":\"EntryPoint\",\"urlTemplate\":\"https:\/\/www.visit-ulcinj.com\/blog\/?s={search_term_string}\"},\"query-input\":\"required name=search_term_string\"}],\"inLanguage\":\"en-US\"},{\"@type\":\"ImageObject\",\"inLanguage\":\"en-US\",\"@id\":\"https:\/\/www.visit-ulcinj.com\/blog\/2010\/02\/21\/teuta-krasniqi-dhe-blero-martohen-ne-vere\/#primaryimage\",\"url\":\"http:\/\/www.visit-ulcinj.com\/blog\/wp-content\/uploads\/2010\/02\/Teuta-Krasniqi-dhe-Blero-martohen-ne-vere.2.jpg\",\"contentUrl\":\"http:\/\/www.visit-ulcinj.com\/blog\/wp-content\/uploads\/2010\/02\/Teuta-Krasniqi-dhe-Blero-martohen-ne-vere.2.jpg\"},{\"@type\":\"WebPage\",\"@id\":\"https:\/\/www.visit-ulcinj.com\/blog\/2010\/02\/21\/teuta-krasniqi-dhe-blero-martohen-ne-vere\/#webpage\",\"url\":\"https:\/\/www.visit-ulcinj.com\/blog\/2010\/02\/21\/teuta-krasniqi-dhe-blero-martohen-ne-vere\/\",\"name\":\"Teuta Krasniqi dhe Blero martohen n\u00eb ver\u00eb - Lajme nga Ulqini\",\"isPartOf\":{\"@id\":\"https:\/\/www.visit-ulcinj.com\/blog\/#website\"},\"primaryImageOfPage\":{\"@id\":\"https:\/\/www.visit-ulcinj.com\/blog\/2010\/02\/21\/teuta-krasniqi-dhe-blero-martohen-ne-vere\/#primaryimage\"},\"datePublished\":\"2010-02-21T16:36:45+00:00\",\"dateModified\":\"2010-02-21T16:37:48+00:00\",\"author\":{\"@id\":\"https:\/\/www.visit-ulcinj.com\/blog\/#\/schema\/person\/dcab619c614d3038751c63bc2aadc06d\"},\"description\":\"\u00c7ifti i shum\u00ebp\u00ebrfolur i k\u00ebtyre dit\u00ebve, Teuta Krasniqi dhe Blero priten t\u00eb martohen gjat\u00eb ver\u00ebs, eventualisht gjat\u00eb vjesht\u00ebs. Nj\u00eb burim i af\u00ebrt me aktoren\",\"breadcrumb\":{\"@id\":\"https:\/\/www.visit-ulcinj.com\/blog\/2010\/02\/21\/teuta-krasniqi-dhe-blero-martohen-ne-vere\/#breadcrumb\"},\"inLanguage\":\"en-US\",\"potentialAction\":[{\"@type\":\"ReadAction\",\"target\":[\"https:\/\/www.visit-ulcinj.com\/blog\/2010\/02\/21\/teuta-krasniqi-dhe-blero-martohen-ne-vere\/\"]}]},{\"@type\":\"BreadcrumbList\",\"@id\":\"https:\/\/www.visit-ulcinj.com\/blog\/2010\/02\/21\/teuta-krasniqi-dhe-blero-martohen-ne-vere\/#breadcrumb\",\"itemListElement\":[{\"@type\":\"ListItem\",\"position\":1,\"name\":\"Teuta Krasniqi dhe Blero martohen n\u00eb ver\u00eb\"}]},{\"@type\":\"Person\",\"@id\":\"https:\/\/www.visit-ulcinj.com\/blog\/#\/schema\/person\/dcab619c614d3038751c63bc2aadc06d\",\"name\":\"ulqini\",\"sameAs\":[\"http:\/\/www.visit-ulcinj.com\"],\"url\":\"https:\/\/www.visit-ulcinj.com\/blog\/author\/admin\/\"}]}<\/script>\n<!-- \/ Yoast SEO plugin. -->","yoast_head_json":{"title":"Teuta Krasniqi dhe Blero martohen n\u00eb ver\u00eb - Lajme nga Ulqini","description":"\u00c7ifti i shum\u00ebp\u00ebrfolur i k\u00ebtyre dit\u00ebve, Teuta Krasniqi dhe Blero priten t\u00eb martohen gjat\u00eb ver\u00ebs, eventualisht gjat\u00eb vjesht\u00ebs. Nj\u00eb burim i af\u00ebrt me aktoren","robots":{"index":"index","follow":"follow","max-snippet":"max-snippet:-1","max-image-preview":"max-image-preview:large","max-video-preview":"max-video-preview:-1"},"canonical":"https:\/\/www.visit-ulcinj.com\/blog\/2010\/02\/21\/teuta-krasniqi-dhe-blero-martohen-ne-vere\/","og_locale":"en_US","og_type":"article","og_title":"Teuta Krasniqi dhe Blero martohen n\u00eb ver\u00eb - Lajme nga Ulqini","og_description":"\u00c7ifti i shum\u00ebp\u00ebrfolur i k\u00ebtyre dit\u00ebve, Teuta Krasniqi dhe Blero priten t\u00eb martohen gjat\u00eb ver\u00ebs, eventualisht gjat\u00eb vjesht\u00ebs. Nj\u00eb burim i af\u00ebrt me aktoren","og_url":"https:\/\/www.visit-ulcinj.com\/blog\/2010\/02\/21\/teuta-krasniqi-dhe-blero-martohen-ne-vere\/","og_site_name":"Lajme nga Ulqini","article_published_time":"2010-02-21T16:36:45+00:00","article_modified_time":"2010-02-21T16:37:48+00:00","og_image":[{"url":"https:\/\/www.visit-ulcinj.com\/blog\/wp-content\/uploads\/2010\/02\/Teuta-Krasniqi-dhe-Blero-martohen-ne-vere-150x150.jpg"}],"twitter_misc":{"Written by":"ulqini","Est. reading time":"1 minute"},"schema":{"@context":"https:\/\/schema.org","@graph":[{"@type":"WebSite","@id":"https:\/\/www.visit-ulcinj.com\/blog\/#website","url":"https:\/\/www.visit-ulcinj.com\/blog\/","name":"Lajme nga Ulqini","description":"Lajme,Vijesti,Ulqini,Ulqin,Crna Gora,Mali i Zi","potentialAction":[{"@type":"SearchAction","target":{"@type":"EntryPoint","urlTemplate":"https:\/\/www.visit-ulcinj.com\/blog\/?s={search_term_string}"},"query-input":"required name=search_term_string"}],"inLanguage":"en-US"},{"@type":"ImageObject","inLanguage":"en-US","@id":"https:\/\/www.visit-ulcinj.com\/blog\/2010\/02\/21\/teuta-krasniqi-dhe-blero-martohen-ne-vere\/#primaryimage","url":"http:\/\/www.visit-ulcinj.com\/blog\/wp-content\/uploads\/2010\/02\/Teuta-Krasniqi-dhe-Blero-martohen-ne-vere.2.jpg","contentUrl":"http:\/\/www.visit-ulcinj.com\/blog\/wp-content\/uploads\/2010\/02\/Teuta-Krasniqi-dhe-Blero-martohen-ne-vere.2.jpg"},{"@type":"WebPage","@id":"https:\/\/www.visit-ulcinj.com\/blog\/2010\/02\/21\/teuta-krasniqi-dhe-blero-martohen-ne-vere\/#webpage","url":"https:\/\/www.visit-ulcinj.com\/blog\/2010\/02\/21\/teuta-krasniqi-dhe-blero-martohen-ne-vere\/","name":"Teuta Krasniqi dhe Blero martohen n\u00eb ver\u00eb - Lajme nga Ulqini","isPartOf":{"@id":"https:\/\/www.visit-ulcinj.com\/blog\/#website"},"primaryImageOfPage":{"@id":"https:\/\/www.visit-ulcinj.com\/blog\/2010\/02\/21\/teuta-krasniqi-dhe-blero-martohen-ne-vere\/#primaryimage"},"datePublished":"2010-02-21T16:36:45+00:00","dateModified":"2010-02-21T16:37:48+00:00","author":{"@id":"https:\/\/www.visit-ulcinj.com\/blog\/#\/schema\/person\/dcab619c614d3038751c63bc2aadc06d"},"description":"\u00c7ifti i shum\u00ebp\u00ebrfolur i k\u00ebtyre dit\u00ebve, Teuta Krasniqi dhe Blero priten t\u00eb martohen gjat\u00eb ver\u00ebs, eventualisht gjat\u00eb vjesht\u00ebs. Nj\u00eb burim i af\u00ebrt me aktoren","breadcrumb":{"@id":"https:\/\/www.visit-ulcinj.com\/blog\/2010\/02\/21\/teuta-krasniqi-dhe-blero-martohen-ne-vere\/#breadcrumb"},"inLanguage":"en-US","potentialAction":[{"@type":"ReadAction","target":["https:\/\/www.visit-ulcinj.com\/blog\/2010\/02\/21\/teuta-krasniqi-dhe-blero-martohen-ne-vere\/"]}]},{"@type":"BreadcrumbList","@id":"https:\/\/www.visit-ulcinj.com\/blog\/2010\/02\/21\/teuta-krasniqi-dhe-blero-martohen-ne-vere\/#breadcrumb","itemListElement":[{"@type":"ListItem","position":1,"name":"Teuta Krasniqi dhe Blero martohen n\u00eb ver\u00eb"}]},{"@type":"Person","@id":"https:\/\/www.visit-ulcinj.com\/blog\/#\/schema\/person\/dcab619c614d3038751c63bc2aadc06d","name":"ulqini","sameAs":["http:\/\/www.visit-ulcinj.com"],"url":"https:\/\/www.visit-ulcinj.com\/blog\/author\/admin\/"}]}},"jetpack_featured_media_url":"","jetpack_sharing_enabled":true,"jetpack_shortlink":"https:\/\/wp.me\/pe6lTn-7Xi","_links":{"self":[{"href":"https:\/\/www.visit-ulcinj.com\/blog\/wp-json\/wp\/v2\/posts\/30584"}],"collection":[{"href":"https:\/\/www.visit-ulcinj.com\/blog\/wp-json\/wp\/v2\/posts"}],"about":[{"href":"https:\/\/www.visit-ulcinj.com\/blog\/wp-json\/wp\/v2\/types\/post"}],"author":[{"embeddable":true,"href":"https:\/\/www.visit-ulcinj.com\/blog\/wp-json\/wp\/v2\/users\/1"}],"replies":[{"embeddable":true,"href":"https:\/\/www.visit-ulcinj.com\/blog\/wp-json\/wp\/v2\/comments?post=30584"}],"version-history":[{"count":0,"href":"https:\/\/www.visit-ulcinj.com\/blog\/wp-json\/wp\/v2\/posts\/30584\/revisions"}],"wp:attachment":[{"href":"https:\/\/www.visit-ulcinj.com\/blog\/wp-json\/wp\/v2\/media?parent=30584"}],"wp:term":[{"taxonomy":"category","embeddable":true,"href":"https:\/\/www.visit-ulcinj.com\/blog\/wp-json\/wp\/v2\/categories?post=30584"},{"taxonomy":"post_tag","embeddable":true,"href":"https:\/\/www.visit-ulcinj.com\/blog\/wp-json\/wp\/v2\/tags?post=30584"}],"curies":[{"name":"wp","href":"https:\/\/api.w.org\/{rel}","templated":true}]}}