{"id":30592,"date":"2010-02-21T18:50:45","date_gmt":"2010-02-21T16:50:45","guid":{"rendered":"http:\/\/www.visit-ulcinj.com\/blog\/?p=30592"},"modified":"2010-02-21T18:50:45","modified_gmt":"2010-02-21T16:50:45","slug":"dafina-si-u-njoha-me-te-dashurin-ne-parukeri","status":"publish","type":"post","link":"https:\/\/www.visit-ulcinj.com\/blog\/2010\/02\/21\/dafina-si-u-njoha-me-te-dashurin-ne-parukeri\/","title":{"rendered":"Dafina: Si u njoha me t\u00eb dashurin n\u00eb parukeri"},"content":{"rendered":"<p><img loading=\"lazy\" class=\"alignleft\" title=\"Dafina Zeqiri dhe Krenar \u00c7o\u00e7aj \" src=\"http:\/\/www.visit-ulcinj.com\/blog\/wp-content\/uploads\/2009\/10\/Dafina-Zeqiri_Krenari.jpg\" alt=\"\" width=\"580\" height=\"347\" \/>Prej muajsh jan\u00eb n\u00eb lidhje dashurie. N\u00eb vitin q\u00eb lam\u00eb pas ishin nj\u00eb nga  \u00e7iftet me t\u00eb p\u00ebrfolur n\u00ebp\u00ebr media. Edhe pse nuk kan\u00eb pranuar t\u00eb flasin  hapur p\u00ebr lidhjen e tyre, ata n\u00eb \u00e7do vend dhe kudo jan\u00eb par\u00eb s\u00eb bashku.  K\u00ebng\u00ebtarja m\u00eb atraktive aktualisht n\u00eb Kosov\u00eb, Dafina Zeqiri dhe i  dashuri i saj Krenar \u00c7o\u00e7aj p\u00ebr nder t\u00eb fest\u00ebs s\u00eb Sh\u00ebn Valentinit flasin  p\u00ebr njohjen, lidhjen dhe dashurin\u00eb e tyre. Thon\u00eb: \u201cJemi dy trupa e nj\u00eb  shpirt\u201d! Cifti tregon se ka q\u00ebn\u00eb njohur nj\u00eb muaj para se t\u00eb fillonin  lidhjen. \u201cPrej q\u00eb jemi takuar, kemi menduar si ta z\u00ebm\u00eb nj\u00ebri-tjetrin\u201d,  tregon duke qeshur Dafina. K\u00ebng\u00ebtarja shton se njohja ka ndodhur n\u00eb nj\u00eb  sallon flok\u00ebsh ku rregullohen dhe meshkutj dhe femrat. \u201cT\u00eb dyt\u00eb kemi  qen\u00eb n\u00eb nj\u00eb sallon flok\u00ebsh ku rregullohen edhe meshkujt edhe femrat. Aty  kemi biseduar dhe jemi njohur mes veti\u201d.<br \/>\nKrenari m\u00eb pas rr\u00ebfen  se \u201cxixat\u201d e dashuris\u00eb nis\u00ebn vet\u00ebm pas nj\u00eb muaji njohjeje deh se hapi  \u00ebsht\u00eb hedhur nj\u00ebkoh\u00ebsisht nga t\u00eb dy ata. Por kush e tha fjal\u00ebn t\u00eb dua.  Dafina thot\u00eb se Krenari e ka th\u00ebn\u00eb I pari k\u00ebt\u00eb fjal\u00eb dhe se tani kjo  fjal\u00eb \u00ebsht\u00eb b\u00ebr\u00eb m\u00ebse e zakonshme n\u00eb dialogjet e tyre.Kurse Krenari  shprehet se Dafina nuk e fsheh xhelozin\u00eb dhe \u00ebsht\u00eb m\u00eb tep\u00ebr xheloze se  ai.<\/p>\n<p><span style=\"font-weight: bold; font-style: italic;\">BalkanWeb<br \/>\n<\/span><!--YouTube Error: bad URL entered--><\/p>\n","protected":false},"excerpt":{"rendered":"<p>Prej muajsh jan\u00eb n\u00eb lidhje dashurie. N\u00eb vitin q\u00eb lam\u00eb pas ishin nj\u00eb nga \u00e7iftet me t\u00eb p\u00ebrfolur n\u00ebp\u00ebr media. Edhe pse nuk kan\u00eb pranuar t\u00eb flasin hapur p\u00ebr lidhjen e tyre, ata n\u00eb \u00e7do vend dhe kudo jan\u00eb par\u00eb s\u00eb bashku. K\u00ebng\u00ebtarja m\u00eb atraktive aktualisht n\u00eb Kosov\u00eb, Dafina Zeqiri dhe i dashuri i saj [&hellip;]<\/p>\n","protected":false},"author":1,"featured_media":0,"comment_status":"open","ping_status":"closed","sticky":false,"template":"","format":"standard","meta":{"spay_email":"","jetpack_publicize_message":"","jetpack_is_tweetstorm":false,"jetpack_publicize_feature_enabled":true},"categories":[1],"tags":[13618],"jetpack_publicize_connections":[],"yoast_head":"<!-- This site is optimized with the Yoast SEO plugin v19.1 - https:\/\/yoast.com\/wordpress\/plugins\/seo\/ -->\n<title>Dafina: Si u njoha me t\u00eb dashurin n\u00eb parukeri - Lajme nga Ulqini<\/title>\n<meta name=\"description\" content=\"Prej muajsh jan\u00eb n\u00eb lidhje dashurie. N\u00eb vitin q\u00eb lam\u00eb pas ishin nj\u00eb nga \u00e7iftet me t\u00eb p\u00ebrfolur n\u00ebp\u00ebr media. Edhe pse nuk kan\u00eb pranuar t\u00eb flasin hapur p\u00ebr\" \/>\n<meta name=\"robots\" content=\"index, follow, max-snippet:-1, max-image-preview:large, max-video-preview:-1\" \/>\n<link rel=\"canonical\" href=\"https:\/\/www.visit-ulcinj.com\/blog\/2010\/02\/21\/dafina-si-u-njoha-me-te-dashurin-ne-parukeri\/\" \/>\n<meta property=\"og:locale\" content=\"en_US\" \/>\n<meta property=\"og:type\" content=\"article\" \/>\n<meta property=\"og:title\" content=\"Dafina: Si u njoha me t\u00eb dashurin n\u00eb parukeri - Lajme nga Ulqini\" \/>\n<meta property=\"og:description\" content=\"Prej muajsh jan\u00eb n\u00eb lidhje dashurie. N\u00eb vitin q\u00eb lam\u00eb pas ishin nj\u00eb nga \u00e7iftet me t\u00eb p\u00ebrfolur n\u00ebp\u00ebr media. Edhe pse nuk kan\u00eb pranuar t\u00eb flasin hapur p\u00ebr\" \/>\n<meta property=\"og:url\" content=\"https:\/\/www.visit-ulcinj.com\/blog\/2010\/02\/21\/dafina-si-u-njoha-me-te-dashurin-ne-parukeri\/\" \/>\n<meta property=\"og:site_name\" content=\"Lajme nga Ulqini\" \/>\n<meta property=\"article:published_time\" content=\"2010-02-21T16:50:45+00:00\" \/>\n<meta property=\"og:image\" content=\"http:\/\/www.visit-ulcinj.com\/blog\/wp-content\/uploads\/2009\/10\/Dafina-Zeqiri_Krenari.jpg\" \/>\n<meta name=\"twitter:label1\" content=\"Written by\" \/>\n\t<meta name=\"twitter:data1\" content=\"ulqini\" \/>\n\t<meta name=\"twitter:label2\" content=\"Est. reading time\" \/>\n\t<meta name=\"twitter:data2\" content=\"1 minute\" \/>\n<script type=\"application\/ld+json\" class=\"yoast-schema-graph\">{\"@context\":\"https:\/\/schema.org\",\"@graph\":[{\"@type\":\"WebSite\",\"@id\":\"https:\/\/www.visit-ulcinj.com\/blog\/#website\",\"url\":\"https:\/\/www.visit-ulcinj.com\/blog\/\",\"name\":\"Lajme nga Ulqini\",\"description\":\"Lajme,Vijesti,Ulqini,Ulqin,Crna Gora,Mali i Zi\",\"potentialAction\":[{\"@type\":\"SearchAction\",\"target\":{\"@type\":\"EntryPoint\",\"urlTemplate\":\"https:\/\/www.visit-ulcinj.com\/blog\/?s={search_term_string}\"},\"query-input\":\"required name=search_term_string\"}],\"inLanguage\":\"en-US\"},{\"@type\":\"ImageObject\",\"inLanguage\":\"en-US\",\"@id\":\"https:\/\/www.visit-ulcinj.com\/blog\/2010\/02\/21\/dafina-si-u-njoha-me-te-dashurin-ne-parukeri\/#primaryimage\",\"url\":\"http:\/\/www.visit-ulcinj.com\/blog\/wp-content\/uploads\/2009\/10\/Dafina-Zeqiri_Krenari.jpg\",\"contentUrl\":\"http:\/\/www.visit-ulcinj.com\/blog\/wp-content\/uploads\/2009\/10\/Dafina-Zeqiri_Krenari.jpg\"},{\"@type\":\"WebPage\",\"@id\":\"https:\/\/www.visit-ulcinj.com\/blog\/2010\/02\/21\/dafina-si-u-njoha-me-te-dashurin-ne-parukeri\/#webpage\",\"url\":\"https:\/\/www.visit-ulcinj.com\/blog\/2010\/02\/21\/dafina-si-u-njoha-me-te-dashurin-ne-parukeri\/\",\"name\":\"Dafina: Si u njoha me t\u00eb dashurin n\u00eb parukeri - Lajme nga Ulqini\",\"isPartOf\":{\"@id\":\"https:\/\/www.visit-ulcinj.com\/blog\/#website\"},\"primaryImageOfPage\":{\"@id\":\"https:\/\/www.visit-ulcinj.com\/blog\/2010\/02\/21\/dafina-si-u-njoha-me-te-dashurin-ne-parukeri\/#primaryimage\"},\"datePublished\":\"2010-02-21T16:50:45+00:00\",\"dateModified\":\"2010-02-21T16:50:45+00:00\",\"author\":{\"@id\":\"https:\/\/www.visit-ulcinj.com\/blog\/#\/schema\/person\/dcab619c614d3038751c63bc2aadc06d\"},\"description\":\"Prej muajsh jan\u00eb n\u00eb lidhje dashurie. N\u00eb vitin q\u00eb lam\u00eb pas ishin nj\u00eb nga \u00e7iftet me t\u00eb p\u00ebrfolur n\u00ebp\u00ebr media. Edhe pse nuk kan\u00eb pranuar t\u00eb flasin hapur p\u00ebr\",\"breadcrumb\":{\"@id\":\"https:\/\/www.visit-ulcinj.com\/blog\/2010\/02\/21\/dafina-si-u-njoha-me-te-dashurin-ne-parukeri\/#breadcrumb\"},\"inLanguage\":\"en-US\",\"potentialAction\":[{\"@type\":\"ReadAction\",\"target\":[\"https:\/\/www.visit-ulcinj.com\/blog\/2010\/02\/21\/dafina-si-u-njoha-me-te-dashurin-ne-parukeri\/\"]}]},{\"@type\":\"BreadcrumbList\",\"@id\":\"https:\/\/www.visit-ulcinj.com\/blog\/2010\/02\/21\/dafina-si-u-njoha-me-te-dashurin-ne-parukeri\/#breadcrumb\",\"itemListElement\":[{\"@type\":\"ListItem\",\"position\":1,\"name\":\"Dafina: Si u njoha me t\u00eb dashurin n\u00eb parukeri\"}]},{\"@type\":\"Person\",\"@id\":\"https:\/\/www.visit-ulcinj.com\/blog\/#\/schema\/person\/dcab619c614d3038751c63bc2aadc06d\",\"name\":\"ulqini\",\"sameAs\":[\"http:\/\/www.visit-ulcinj.com\"],\"url\":\"https:\/\/www.visit-ulcinj.com\/blog\/author\/admin\/\"}]}<\/script>\n<!-- \/ Yoast SEO plugin. -->","yoast_head_json":{"title":"Dafina: Si u njoha me t\u00eb dashurin n\u00eb parukeri - Lajme nga Ulqini","description":"Prej muajsh jan\u00eb n\u00eb lidhje dashurie. N\u00eb vitin q\u00eb lam\u00eb pas ishin nj\u00eb nga \u00e7iftet me t\u00eb p\u00ebrfolur n\u00ebp\u00ebr media. Edhe pse nuk kan\u00eb pranuar t\u00eb flasin hapur p\u00ebr","robots":{"index":"index","follow":"follow","max-snippet":"max-snippet:-1","max-image-preview":"max-image-preview:large","max-video-preview":"max-video-preview:-1"},"canonical":"https:\/\/www.visit-ulcinj.com\/blog\/2010\/02\/21\/dafina-si-u-njoha-me-te-dashurin-ne-parukeri\/","og_locale":"en_US","og_type":"article","og_title":"Dafina: Si u njoha me t\u00eb dashurin n\u00eb parukeri - Lajme nga Ulqini","og_description":"Prej muajsh jan\u00eb n\u00eb lidhje dashurie. N\u00eb vitin q\u00eb lam\u00eb pas ishin nj\u00eb nga \u00e7iftet me t\u00eb p\u00ebrfolur n\u00ebp\u00ebr media. Edhe pse nuk kan\u00eb pranuar t\u00eb flasin hapur p\u00ebr","og_url":"https:\/\/www.visit-ulcinj.com\/blog\/2010\/02\/21\/dafina-si-u-njoha-me-te-dashurin-ne-parukeri\/","og_site_name":"Lajme nga Ulqini","article_published_time":"2010-02-21T16:50:45+00:00","og_image":[{"url":"http:\/\/www.visit-ulcinj.com\/blog\/wp-content\/uploads\/2009\/10\/Dafina-Zeqiri_Krenari.jpg"}],"twitter_misc":{"Written by":"ulqini","Est. reading time":"1 minute"},"schema":{"@context":"https:\/\/schema.org","@graph":[{"@type":"WebSite","@id":"https:\/\/www.visit-ulcinj.com\/blog\/#website","url":"https:\/\/www.visit-ulcinj.com\/blog\/","name":"Lajme nga Ulqini","description":"Lajme,Vijesti,Ulqini,Ulqin,Crna Gora,Mali i Zi","potentialAction":[{"@type":"SearchAction","target":{"@type":"EntryPoint","urlTemplate":"https:\/\/www.visit-ulcinj.com\/blog\/?s={search_term_string}"},"query-input":"required name=search_term_string"}],"inLanguage":"en-US"},{"@type":"ImageObject","inLanguage":"en-US","@id":"https:\/\/www.visit-ulcinj.com\/blog\/2010\/02\/21\/dafina-si-u-njoha-me-te-dashurin-ne-parukeri\/#primaryimage","url":"http:\/\/www.visit-ulcinj.com\/blog\/wp-content\/uploads\/2009\/10\/Dafina-Zeqiri_Krenari.jpg","contentUrl":"http:\/\/www.visit-ulcinj.com\/blog\/wp-content\/uploads\/2009\/10\/Dafina-Zeqiri_Krenari.jpg"},{"@type":"WebPage","@id":"https:\/\/www.visit-ulcinj.com\/blog\/2010\/02\/21\/dafina-si-u-njoha-me-te-dashurin-ne-parukeri\/#webpage","url":"https:\/\/www.visit-ulcinj.com\/blog\/2010\/02\/21\/dafina-si-u-njoha-me-te-dashurin-ne-parukeri\/","name":"Dafina: Si u njoha me t\u00eb dashurin n\u00eb parukeri - Lajme nga Ulqini","isPartOf":{"@id":"https:\/\/www.visit-ulcinj.com\/blog\/#website"},"primaryImageOfPage":{"@id":"https:\/\/www.visit-ulcinj.com\/blog\/2010\/02\/21\/dafina-si-u-njoha-me-te-dashurin-ne-parukeri\/#primaryimage"},"datePublished":"2010-02-21T16:50:45+00:00","dateModified":"2010-02-21T16:50:45+00:00","author":{"@id":"https:\/\/www.visit-ulcinj.com\/blog\/#\/schema\/person\/dcab619c614d3038751c63bc2aadc06d"},"description":"Prej muajsh jan\u00eb n\u00eb lidhje dashurie. N\u00eb vitin q\u00eb lam\u00eb pas ishin nj\u00eb nga \u00e7iftet me t\u00eb p\u00ebrfolur n\u00ebp\u00ebr media. Edhe pse nuk kan\u00eb pranuar t\u00eb flasin hapur p\u00ebr","breadcrumb":{"@id":"https:\/\/www.visit-ulcinj.com\/blog\/2010\/02\/21\/dafina-si-u-njoha-me-te-dashurin-ne-parukeri\/#breadcrumb"},"inLanguage":"en-US","potentialAction":[{"@type":"ReadAction","target":["https:\/\/www.visit-ulcinj.com\/blog\/2010\/02\/21\/dafina-si-u-njoha-me-te-dashurin-ne-parukeri\/"]}]},{"@type":"BreadcrumbList","@id":"https:\/\/www.visit-ulcinj.com\/blog\/2010\/02\/21\/dafina-si-u-njoha-me-te-dashurin-ne-parukeri\/#breadcrumb","itemListElement":[{"@type":"ListItem","position":1,"name":"Dafina: Si u njoha me t\u00eb dashurin n\u00eb parukeri"}]},{"@type":"Person","@id":"https:\/\/www.visit-ulcinj.com\/blog\/#\/schema\/person\/dcab619c614d3038751c63bc2aadc06d","name":"ulqini","sameAs":["http:\/\/www.visit-ulcinj.com"],"url":"https:\/\/www.visit-ulcinj.com\/blog\/author\/admin\/"}]}},"jetpack_featured_media_url":"","jetpack_sharing_enabled":true,"jetpack_shortlink":"https:\/\/wp.me\/pe6lTn-7Xq","_links":{"self":[{"href":"https:\/\/www.visit-ulcinj.com\/blog\/wp-json\/wp\/v2\/posts\/30592"}],"collection":[{"href":"https:\/\/www.visit-ulcinj.com\/blog\/wp-json\/wp\/v2\/posts"}],"about":[{"href":"https:\/\/www.visit-ulcinj.com\/blog\/wp-json\/wp\/v2\/types\/post"}],"author":[{"embeddable":true,"href":"https:\/\/www.visit-ulcinj.com\/blog\/wp-json\/wp\/v2\/users\/1"}],"replies":[{"embeddable":true,"href":"https:\/\/www.visit-ulcinj.com\/blog\/wp-json\/wp\/v2\/comments?post=30592"}],"version-history":[{"count":0,"href":"https:\/\/www.visit-ulcinj.com\/blog\/wp-json\/wp\/v2\/posts\/30592\/revisions"}],"wp:attachment":[{"href":"https:\/\/www.visit-ulcinj.com\/blog\/wp-json\/wp\/v2\/media?parent=30592"}],"wp:term":[{"taxonomy":"category","embeddable":true,"href":"https:\/\/www.visit-ulcinj.com\/blog\/wp-json\/wp\/v2\/categories?post=30592"},{"taxonomy":"post_tag","embeddable":true,"href":"https:\/\/www.visit-ulcinj.com\/blog\/wp-json\/wp\/v2\/tags?post=30592"}],"curies":[{"name":"wp","href":"https:\/\/api.w.org\/{rel}","templated":true}]}}