{"id":30595,"date":"2010-02-21T19:22:39","date_gmt":"2010-02-21T17:22:39","guid":{"rendered":"http:\/\/www.visit-ulcinj.com\/blog\/?p=30595"},"modified":"2010-02-21T19:22:39","modified_gmt":"2010-02-21T17:22:39","slug":"morsko-dobro-predlozicemo-besplatan-ulaz-na-sva-kupalista","status":"publish","type":"post","link":"https:\/\/www.visit-ulcinj.com\/blog\/2010\/02\/21\/morsko-dobro-predlozicemo-besplatan-ulaz-na-sva-kupalista\/","title":{"rendered":"Morsko dobro: Predlo\u017ei?emo besplatan ulaz na sva kupali\u0161ta"},"content":{"rendered":"<p><a href=\"http:\/\/www.visit-ulcinj.com\/blog\/wp-content\/uploads\/2010\/02\/plaza-tropicana-ulcinj.jpg\"><img loading=\"lazy\" class=\"alignleft size-full wp-image-30596\" title=\"plaza tropicana ulcinj\" src=\"http:\/\/www.visit-ulcinj.com\/blog\/wp-content\/uploads\/2010\/02\/plaza-tropicana-ulcinj.jpg\" alt=\"plaza tropicana ulcinj\" width=\"580\" height=\"400\" \/><\/a>PODGORICA &#8211; Javno preduze?e \u201eMorsko dobro\u201c predlo\u017ei?e da ove sezone sva kupali\u0161ta budu javna, slobodna za pristup svima, kao i da se ne smije napla?ivati ulaz, kazao je za \u201eVijesti\u201c direktor Rajko Barovi?.<br \/>\nProblem je kulminirao proteklih godina kada je sve ve?i broj kupali\u0161ta dobijao status hotelskog. To je pravilnikom o ure?enim i izgra?enim kupali\u0161tima, koje je donijelo Ministarstvo turizma, zna?ilo da gosti hotela imaju prioritet, dok su svi ostali mogli ulaziti jedino ukoliko ima mjesta ili pod uslovom da po astronomskim cijenama zakupe le\u017ealjku i suncobran. Zbog toga je veliki broj turista upu?ivao primjedbe, koje su, po pravilu, dostavljane \u201cMorskom dobru\u201d, koje je u cijeloj pri?i samo sprovodilo zakonske propise.<br \/>\n\u201c?lanom 12 Pravilnika o uslovima koje moraju ispunjavati ure?ena i izgra?ena kupali\u0161ta definisano je da za hotelska i kupali\u0161ta specijalne namjene &#8211; reprezentativna, nudisti?ka, \u017eenska, te ona sa kori\u0161?enjem ljekovitog blata i mineralnih voda, \u201cMorsko dobro\u201d odre?uje specifi?ne uslove i re\u017eim kori\u0161?enja, u skladu sa namjenom. Dosada\u0161nja praksa odre?ivanja hotelskih kupali\u0161ta, ?iji se re\u017eim kori\u0161?enja razlikovao od javnih kupali\u0161ta, samo u dijelu da na hotelskom nije trebalo osloba?ati polovinu kupali\u0161ta od pla\u017enog mobilijara, proteklih sezona oslanjala se na ?injenicu da je subjekt koji koristi kupali\u0161te hotel u neposrednom zale?u\u201d, pojasnio je Barovi?.<br \/>\n<strong><br \/>\nOn je dodao da je lani bilo 31 hotelsko kupali\u0161te, od ukupno 203 ure?ene i izgra?ene pla\u017ee.<\/strong><\/p>\n<p>\u201cMe?utim, imaju?i u vidu sve ve?i broj zahtjeva hotelskih preduze?a da zakupe kupali\u0161ta koja ?e biti namijenjena prvenstveno njihovim gostima, ovakav pristup je neodr\u017eiv, posebno \u0161to je kapacitet postoje?ih pla\u017ea ograni?en. Cijene?i da su pla\u017ee, kao sastavni dio javnog morskog dobra, dostupne svima pod jednakim uslovima, \u0161to je garantovano i Zakonom o morskom dobru, JP ?e programom organizacije kupali\u0161ta za 2010. sva kupali\u0161ta u predstoje?oj sezoni tretirati kao javna, \u0161to ?e u prvom redu zna?iti slobodan i besplatan ulaz na sva kupali\u0161ta\u201d, naglasio je Barovi?.<br \/>\nOn je zaklju?io da ?e, u slu?ajevima kada hotelsko preduze?e pribavi od Ministarstva turizma adekvatno obrazlo\u017eenje kojim se omogu?ava druga?iji re\u017eim kori\u0161?enja kupali\u0161ta, JP odrediti takav re\u017eim, koji ni u kojem slu?aju ne?e mo?i da obuhvati zabranu ili ograni?avanje slobodnog pristupa takvim pla\u017eama.<br \/>\nProblem je, rekao je Barovi?, kulminirao op\u0161tepoznatom situacijom na hotelskim pla\u017eama u Milo?eru pro\u0161le godine, odnosno, zloupotrebom kategorije &#8220;hotelsko kupali\u0161te&#8221; u vidu ogra?ivanja pla\u017ee, ograni?avanja ili naplate ulaska svima koji nijesu gosti hotela, pa ?ak i zabrane pristupa kupali\u0161tima.<br \/>\nMje\u0161tani Svetog Stefana, uo?i ljetnje sezone, po?upali su ograde oko hotelskih pla\u017ea Svetog Stefana, te tra\u017eili da se svima dozvoli slobodan pristup Kraljevoj i Kralji?inoj pla\u017ei, gdje je zakupac &#8211; singapurski \u201cAman rizorts\u201d, onemogu?avao obi?nim \u201esmrtnicima\u201d da se kupaju.<br \/>\nPostavljaju?i na pla\u017ei od 300 metara svega 12 kompleta le\u017ealjki, zakupac je prakti?no onemogu?io mje\u0161tanima da u?u na Kraljevu pla\u017eu, a oni koji su imali sre?e, morali su da pla?aju ?ak 50 eura za zakup mobilijara.<\/p>\n<p><strong>Vijesti<br \/>\n\n\t\t<style type=\"text\/css\">\n\t\t\t#gallery-1 {\n\t\t\t\tmargin: auto;\n\t\t\t}\n\t\t\t#gallery-1 .gallery-item {\n\t\t\t\tfloat: left;\n\t\t\t\tmargin-top: 10px;\n\t\t\t\ttext-align: center;\n\t\t\t\twidth: 33%;\n\t\t\t}\n\t\t\t#gallery-1 img {\n\t\t\t\tborder: 2px solid #cfcfcf;\n\t\t\t}\n\t\t\t#gallery-1 .gallery-caption {\n\t\t\t\tmargin-left: 0;\n\t\t\t}\n\t\t\t\/* see gallery_shortcode() in wp-includes\/media.php *\/\n\t\t<\/style>\n\t\t<div id='gallery-1' class='gallery galleryid-30595 gallery-columns-3 gallery-size-thumbnail'><dl class='gallery-item'>\n\t\t\t<dt class='gallery-icon landscape'>\n\t\t\t\t<a href='https:\/\/www.visit-ulcinj.com\/blog\/wp-content\/uploads\/2010\/02\/plaza-tropicana-ulcinj.jpg'><img width=\"150\" height=\"150\" src=\"https:\/\/www.visit-ulcinj.com\/blog\/wp-content\/uploads\/2010\/02\/plaza-tropicana-ulcinj-150x150.jpg\" class=\"attachment-thumbnail size-thumbnail\" alt=\"\" loading=\"lazy\" \/><\/a>\n\t\t\t<\/dt><\/dl><dl class='gallery-item'>\n\t\t\t<dt class='gallery-icon landscape'>\n\t\t\t\t<a href='https:\/\/www.visit-ulcinj.com\/blog\/wp-content\/uploads\/2010\/02\/velika-plaza-ulcinj-montenegro.jpg'><img width=\"150\" height=\"150\" src=\"https:\/\/www.visit-ulcinj.com\/blog\/wp-content\/uploads\/2010\/02\/velika-plaza-ulcinj-montenegro-150x150.jpg\" class=\"attachment-thumbnail size-thumbnail\" alt=\"\" loading=\"lazy\" \/><\/a>\n\t\t\t<\/dt><\/dl><dl class='gallery-item'>\n\t\t\t<dt class='gallery-icon landscape'>\n\t\t\t\t<a href='https:\/\/www.visit-ulcinj.com\/blog\/wp-content\/uploads\/2010\/02\/velika-plaza_ulcinj_montenegro1.jpg'><img width=\"150\" height=\"150\" src=\"https:\/\/www.visit-ulcinj.com\/blog\/wp-content\/uploads\/2010\/02\/velika-plaza_ulcinj_montenegro1-150x150.jpg\" class=\"attachment-thumbnail size-thumbnail\" alt=\"\" loading=\"lazy\" \/><\/a>\n\t\t\t<\/dt><\/dl><br style=\"clear: both\" \/>\n\t\t<\/div>\n<br \/>\n<\/strong><!--YouTube Error: bad URL entered--><\/p>\n","protected":false},"excerpt":{"rendered":"<p>PODGORICA &#8211; Javno preduze?e \u201eMorsko dobro\u201c predlo\u017ei?e da ove sezone sva kupali\u0161ta budu javna, slobodna za pristup svima, kao i da se ne smije napla?ivati ulaz, kazao je za \u201eVijesti\u201c direktor Rajko Barovi?. Problem je kulminirao proteklih godina kada je sve ve?i broj kupali\u0161ta dobijao status hotelskog. To je pravilnikom o ure?enim i izgra?enim kupali\u0161tima, [&hellip;]<\/p>\n","protected":false},"author":1,"featured_media":0,"comment_status":"open","ping_status":"closed","sticky":false,"template":"","format":"standard","meta":{"spay_email":"","jetpack_publicize_message":"","jetpack_is_tweetstorm":false,"jetpack_publicize_feature_enabled":true},"categories":[10],"tags":[13620,2019,13621,13619],"jetpack_publicize_connections":[],"yoast_head":"<!-- This site is optimized with the Yoast SEO plugin v19.1 - https:\/\/yoast.com\/wordpress\/plugins\/seo\/ -->\n<title>Morsko dobro: Predlo\u017ei?emo besplatan ulaz na sva kupali\u0161ta - Lajme nga Ulqini<\/title>\n<meta name=\"description\" content=\"PODGORICA - Javno preduze?e \u201eMorsko dobro\u201c predlo\u017ei?e da ove sezone sva kupali\u0161ta budu javna, slobodna za pristup svima, kao i da se ne smije napla?ivati\" \/>\n<meta name=\"robots\" content=\"index, follow, max-snippet:-1, max-image-preview:large, max-video-preview:-1\" \/>\n<link rel=\"canonical\" href=\"https:\/\/www.visit-ulcinj.com\/blog\/2010\/02\/21\/morsko-dobro-predlozicemo-besplatan-ulaz-na-sva-kupalista\/\" \/>\n<meta property=\"og:locale\" content=\"en_US\" \/>\n<meta property=\"og:type\" content=\"article\" \/>\n<meta property=\"og:title\" content=\"Morsko dobro: Predlo\u017ei?emo besplatan ulaz na sva kupali\u0161ta - Lajme nga Ulqini\" \/>\n<meta property=\"og:description\" content=\"PODGORICA - Javno preduze?e \u201eMorsko dobro\u201c predlo\u017ei?e da ove sezone sva kupali\u0161ta budu javna, slobodna za pristup svima, kao i da se ne smije napla?ivati\" \/>\n<meta property=\"og:url\" content=\"https:\/\/www.visit-ulcinj.com\/blog\/2010\/02\/21\/morsko-dobro-predlozicemo-besplatan-ulaz-na-sva-kupalista\/\" \/>\n<meta property=\"og:site_name\" content=\"Lajme nga Ulqini\" \/>\n<meta property=\"article:published_time\" content=\"2010-02-21T17:22:39+00:00\" \/>\n<meta property=\"og:image\" content=\"https:\/\/www.visit-ulcinj.com\/blog\/wp-content\/uploads\/2010\/02\/plaza-tropicana-ulcinj-150x150.jpg\" \/>\n<meta name=\"twitter:label1\" content=\"Written by\" \/>\n\t<meta name=\"twitter:data1\" content=\"ulqini\" \/>\n\t<meta name=\"twitter:label2\" content=\"Est. reading time\" \/>\n\t<meta name=\"twitter:data2\" content=\"3 minutes\" \/>\n<script type=\"application\/ld+json\" class=\"yoast-schema-graph\">{\"@context\":\"https:\/\/schema.org\",\"@graph\":[{\"@type\":\"WebSite\",\"@id\":\"https:\/\/www.visit-ulcinj.com\/blog\/#website\",\"url\":\"https:\/\/www.visit-ulcinj.com\/blog\/\",\"name\":\"Lajme nga Ulqini\",\"description\":\"Lajme,Vijesti,Ulqini,Ulqin,Crna Gora,Mali i Zi\",\"potentialAction\":[{\"@type\":\"SearchAction\",\"target\":{\"@type\":\"EntryPoint\",\"urlTemplate\":\"https:\/\/www.visit-ulcinj.com\/blog\/?s={search_term_string}\"},\"query-input\":\"required name=search_term_string\"}],\"inLanguage\":\"en-US\"},{\"@type\":\"ImageObject\",\"inLanguage\":\"en-US\",\"@id\":\"https:\/\/www.visit-ulcinj.com\/blog\/2010\/02\/21\/morsko-dobro-predlozicemo-besplatan-ulaz-na-sva-kupalista\/#primaryimage\",\"url\":\"https:\/\/www.visit-ulcinj.com\/blog\/wp-content\/uploads\/2010\/02\/plaza-tropicana-ulcinj.jpg\",\"contentUrl\":\"https:\/\/www.visit-ulcinj.com\/blog\/wp-content\/uploads\/2010\/02\/plaza-tropicana-ulcinj.jpg\",\"width\":\"600\",\"height\":\"450\"},{\"@type\":\"WebPage\",\"@id\":\"https:\/\/www.visit-ulcinj.com\/blog\/2010\/02\/21\/morsko-dobro-predlozicemo-besplatan-ulaz-na-sva-kupalista\/#webpage\",\"url\":\"https:\/\/www.visit-ulcinj.com\/blog\/2010\/02\/21\/morsko-dobro-predlozicemo-besplatan-ulaz-na-sva-kupalista\/\",\"name\":\"Morsko dobro: Predlo\u017ei?emo besplatan ulaz na sva kupali\u0161ta - Lajme nga Ulqini\",\"isPartOf\":{\"@id\":\"https:\/\/www.visit-ulcinj.com\/blog\/#website\"},\"primaryImageOfPage\":{\"@id\":\"https:\/\/www.visit-ulcinj.com\/blog\/2010\/02\/21\/morsko-dobro-predlozicemo-besplatan-ulaz-na-sva-kupalista\/#primaryimage\"},\"datePublished\":\"2010-02-21T17:22:39+00:00\",\"dateModified\":\"2010-02-21T17:22:39+00:00\",\"author\":{\"@id\":\"https:\/\/www.visit-ulcinj.com\/blog\/#\/schema\/person\/dcab619c614d3038751c63bc2aadc06d\"},\"description\":\"PODGORICA - Javno preduze?e \u201eMorsko dobro\u201c predlo\u017ei?e da ove sezone sva kupali\u0161ta budu javna, slobodna za pristup svima, kao i da se ne smije napla?ivati\",\"breadcrumb\":{\"@id\":\"https:\/\/www.visit-ulcinj.com\/blog\/2010\/02\/21\/morsko-dobro-predlozicemo-besplatan-ulaz-na-sva-kupalista\/#breadcrumb\"},\"inLanguage\":\"en-US\",\"potentialAction\":[{\"@type\":\"ReadAction\",\"target\":[\"https:\/\/www.visit-ulcinj.com\/blog\/2010\/02\/21\/morsko-dobro-predlozicemo-besplatan-ulaz-na-sva-kupalista\/\"]}]},{\"@type\":\"BreadcrumbList\",\"@id\":\"https:\/\/www.visit-ulcinj.com\/blog\/2010\/02\/21\/morsko-dobro-predlozicemo-besplatan-ulaz-na-sva-kupalista\/#breadcrumb\",\"itemListElement\":[{\"@type\":\"ListItem\",\"position\":1,\"name\":\"Morsko dobro: Predlo\u017ei?emo besplatan ulaz na sva kupali\u0161ta\"}]},{\"@type\":\"Person\",\"@id\":\"https:\/\/www.visit-ulcinj.com\/blog\/#\/schema\/person\/dcab619c614d3038751c63bc2aadc06d\",\"name\":\"ulqini\",\"sameAs\":[\"http:\/\/www.visit-ulcinj.com\"],\"url\":\"https:\/\/www.visit-ulcinj.com\/blog\/author\/admin\/\"}]}<\/script>\n<!-- \/ Yoast SEO plugin. -->","yoast_head_json":{"title":"Morsko dobro: Predlo\u017ei?emo besplatan ulaz na sva kupali\u0161ta - Lajme nga Ulqini","description":"PODGORICA - Javno preduze?e \u201eMorsko dobro\u201c predlo\u017ei?e da ove sezone sva kupali\u0161ta budu javna, slobodna za pristup svima, kao i da se ne smije napla?ivati","robots":{"index":"index","follow":"follow","max-snippet":"max-snippet:-1","max-image-preview":"max-image-preview:large","max-video-preview":"max-video-preview:-1"},"canonical":"https:\/\/www.visit-ulcinj.com\/blog\/2010\/02\/21\/morsko-dobro-predlozicemo-besplatan-ulaz-na-sva-kupalista\/","og_locale":"en_US","og_type":"article","og_title":"Morsko dobro: Predlo\u017ei?emo besplatan ulaz na sva kupali\u0161ta - Lajme nga Ulqini","og_description":"PODGORICA - Javno preduze?e \u201eMorsko dobro\u201c predlo\u017ei?e da ove sezone sva kupali\u0161ta budu javna, slobodna za pristup svima, kao i da se ne smije napla?ivati","og_url":"https:\/\/www.visit-ulcinj.com\/blog\/2010\/02\/21\/morsko-dobro-predlozicemo-besplatan-ulaz-na-sva-kupalista\/","og_site_name":"Lajme nga Ulqini","article_published_time":"2010-02-21T17:22:39+00:00","og_image":[{"url":"https:\/\/www.visit-ulcinj.com\/blog\/wp-content\/uploads\/2010\/02\/plaza-tropicana-ulcinj-150x150.jpg"}],"twitter_misc":{"Written by":"ulqini","Est. reading time":"3 minutes"},"schema":{"@context":"https:\/\/schema.org","@graph":[{"@type":"WebSite","@id":"https:\/\/www.visit-ulcinj.com\/blog\/#website","url":"https:\/\/www.visit-ulcinj.com\/blog\/","name":"Lajme nga Ulqini","description":"Lajme,Vijesti,Ulqini,Ulqin,Crna Gora,Mali i Zi","potentialAction":[{"@type":"SearchAction","target":{"@type":"EntryPoint","urlTemplate":"https:\/\/www.visit-ulcinj.com\/blog\/?s={search_term_string}"},"query-input":"required name=search_term_string"}],"inLanguage":"en-US"},{"@type":"ImageObject","inLanguage":"en-US","@id":"https:\/\/www.visit-ulcinj.com\/blog\/2010\/02\/21\/morsko-dobro-predlozicemo-besplatan-ulaz-na-sva-kupalista\/#primaryimage","url":"https:\/\/www.visit-ulcinj.com\/blog\/wp-content\/uploads\/2010\/02\/plaza-tropicana-ulcinj.jpg","contentUrl":"https:\/\/www.visit-ulcinj.com\/blog\/wp-content\/uploads\/2010\/02\/plaza-tropicana-ulcinj.jpg","width":"600","height":"450"},{"@type":"WebPage","@id":"https:\/\/www.visit-ulcinj.com\/blog\/2010\/02\/21\/morsko-dobro-predlozicemo-besplatan-ulaz-na-sva-kupalista\/#webpage","url":"https:\/\/www.visit-ulcinj.com\/blog\/2010\/02\/21\/morsko-dobro-predlozicemo-besplatan-ulaz-na-sva-kupalista\/","name":"Morsko dobro: Predlo\u017ei?emo besplatan ulaz na sva kupali\u0161ta - Lajme nga Ulqini","isPartOf":{"@id":"https:\/\/www.visit-ulcinj.com\/blog\/#website"},"primaryImageOfPage":{"@id":"https:\/\/www.visit-ulcinj.com\/blog\/2010\/02\/21\/morsko-dobro-predlozicemo-besplatan-ulaz-na-sva-kupalista\/#primaryimage"},"datePublished":"2010-02-21T17:22:39+00:00","dateModified":"2010-02-21T17:22:39+00:00","author":{"@id":"https:\/\/www.visit-ulcinj.com\/blog\/#\/schema\/person\/dcab619c614d3038751c63bc2aadc06d"},"description":"PODGORICA - Javno preduze?e \u201eMorsko dobro\u201c predlo\u017ei?e da ove sezone sva kupali\u0161ta budu javna, slobodna za pristup svima, kao i da se ne smije napla?ivati","breadcrumb":{"@id":"https:\/\/www.visit-ulcinj.com\/blog\/2010\/02\/21\/morsko-dobro-predlozicemo-besplatan-ulaz-na-sva-kupalista\/#breadcrumb"},"inLanguage":"en-US","potentialAction":[{"@type":"ReadAction","target":["https:\/\/www.visit-ulcinj.com\/blog\/2010\/02\/21\/morsko-dobro-predlozicemo-besplatan-ulaz-na-sva-kupalista\/"]}]},{"@type":"BreadcrumbList","@id":"https:\/\/www.visit-ulcinj.com\/blog\/2010\/02\/21\/morsko-dobro-predlozicemo-besplatan-ulaz-na-sva-kupalista\/#breadcrumb","itemListElement":[{"@type":"ListItem","position":1,"name":"Morsko dobro: Predlo\u017ei?emo besplatan ulaz na sva kupali\u0161ta"}]},{"@type":"Person","@id":"https:\/\/www.visit-ulcinj.com\/blog\/#\/schema\/person\/dcab619c614d3038751c63bc2aadc06d","name":"ulqini","sameAs":["http:\/\/www.visit-ulcinj.com"],"url":"https:\/\/www.visit-ulcinj.com\/blog\/author\/admin\/"}]}},"jetpack_featured_media_url":"","jetpack_sharing_enabled":true,"jetpack_shortlink":"https:\/\/wp.me\/pe6lTn-7Xt","_links":{"self":[{"href":"https:\/\/www.visit-ulcinj.com\/blog\/wp-json\/wp\/v2\/posts\/30595"}],"collection":[{"href":"https:\/\/www.visit-ulcinj.com\/blog\/wp-json\/wp\/v2\/posts"}],"about":[{"href":"https:\/\/www.visit-ulcinj.com\/blog\/wp-json\/wp\/v2\/types\/post"}],"author":[{"embeddable":true,"href":"https:\/\/www.visit-ulcinj.com\/blog\/wp-json\/wp\/v2\/users\/1"}],"replies":[{"embeddable":true,"href":"https:\/\/www.visit-ulcinj.com\/blog\/wp-json\/wp\/v2\/comments?post=30595"}],"version-history":[{"count":0,"href":"https:\/\/www.visit-ulcinj.com\/blog\/wp-json\/wp\/v2\/posts\/30595\/revisions"}],"wp:attachment":[{"href":"https:\/\/www.visit-ulcinj.com\/blog\/wp-json\/wp\/v2\/media?parent=30595"}],"wp:term":[{"taxonomy":"category","embeddable":true,"href":"https:\/\/www.visit-ulcinj.com\/blog\/wp-json\/wp\/v2\/categories?post=30595"},{"taxonomy":"post_tag","embeddable":true,"href":"https:\/\/www.visit-ulcinj.com\/blog\/wp-json\/wp\/v2\/tags?post=30595"}],"curies":[{"name":"wp","href":"https:\/\/api.w.org\/{rel}","templated":true}]}}