{"id":30600,"date":"2010-02-22T19:50:47","date_gmt":"2010-02-22T17:50:47","guid":{"rendered":"http:\/\/www.visit-ulcinj.com\/blog\/?p=30600"},"modified":"2010-02-22T19:50:47","modified_gmt":"2010-02-22T17:50:47","slug":"neser-ne-oren-18-00-ne-sallen-e-kuvendit-te-komunes-se-ulqinit-do-te-organizohet-tribuna-e-hapur","status":"publish","type":"post","link":"https:\/\/www.visit-ulcinj.com\/blog\/2010\/02\/22\/neser-ne-oren-18-00-ne-sallen-e-kuvendit-te-komunes-se-ulqinit-do-te-organizohet-tribuna-e-hapur\/","title":{"rendered":"Nes\u00ebr n\u00eb or\u00ebn 18.00 n\u00eb sall\u00ebn e Kuvendit t\u00eb Komun\u00ebs s\u00eb Ulqinit do t\u00eb organizohet tribuna e hapur"},"content":{"rendered":"<p><img loading=\"lazy\" class=\"alignleft\" title=\"n\u00eb sall\u00ebn e Kuvendit t\u00eb Komun\u00ebs s\u00eb Ulqinit\" src=\"http:\/\/www.visit-ulcinj.com\/blog\/wp-content\/uploads\/2009\/10\/Skup%C5%A1tina-Ulcinj.jpg\" alt=\"\" width=\"580\" height=\"400\" \/>Nes\u00ebr n\u00eb or\u00ebn 18.00 n\u00eb sall\u00ebn e Kuvendit t\u00eb Komun\u00ebs s\u00eb Ulqinit do t\u00eb organizohet tribuna e hapur ku do t\u00eb flasin p\u00ebrfaq\u00ebsues t\u00eb K\u00ebshillit p\u00ebr ekonomi, financa dhe buxhet pran\u00eb Kuvendit republikan.<br \/>\nModerator do t\u00eb jet\u00eb Aleksandar Damjanoviq q\u00eb nj\u00ebherit \u00ebsht\u00eb dhe kryetar i k\u00ebshillit n\u00eb fjal\u00eb.<br \/>\nKjo \u00ebsht\u00eb nj\u00eb p\u00ebrvoj\u00eb e re q\u00eb Kuvendi i Malit t\u00eb Zi, respektivisht trupat e tij dhe zyra e OSBE-s\u00eb organizojn\u00eb tribuna ku trajtojn\u00eb tema t\u00eb ndryshme nga kompetencat e tyre.<br \/>\nHyrja \u00ebsht\u00eb e lir\u00eb dhe t\u00eb interesuarit mund t\u00eb drejtojne pyetje e tyre n\u00eb adres\u00eb t\u00eb an\u00ebtar\u00ebve t\u00eb K\u00ebshillit.<br \/>\n<strong><br \/>\nMunicipality of Ulcinj \/ Ulqin<\/strong><\/p>\n","protected":false},"excerpt":{"rendered":"<p>Nes\u00ebr n\u00eb or\u00ebn 18.00 n\u00eb sall\u00ebn e Kuvendit t\u00eb Komun\u00ebs s\u00eb Ulqinit do t\u00eb organizohet tribuna e hapur ku do t\u00eb flasin p\u00ebrfaq\u00ebsues t\u00eb K\u00ebshillit p\u00ebr ekonomi, financa dhe buxhet pran\u00eb Kuvendit republikan. Moderator do t\u00eb jet\u00eb Aleksandar Damjanoviq q\u00eb nj\u00ebherit \u00ebsht\u00eb dhe kryetar i k\u00ebshillit n\u00eb fjal\u00eb. Kjo \u00ebsht\u00eb nj\u00eb p\u00ebrvoj\u00eb e re q\u00eb [&hellip;]<\/p>\n","protected":false},"author":1,"featured_media":0,"comment_status":"open","ping_status":"closed","sticky":false,"template":"","format":"standard","meta":{"spay_email":"","jetpack_publicize_message":"","jetpack_is_tweetstorm":false,"jetpack_publicize_feature_enabled":true},"categories":[1],"tags":[13622,872,6213],"jetpack_publicize_connections":[],"yoast_head":"<!-- This site is optimized with the Yoast SEO plugin v19.1 - https:\/\/yoast.com\/wordpress\/plugins\/seo\/ -->\n<title>Nes\u00ebr n\u00eb or\u00ebn 18.00 n\u00eb sall\u00ebn e Kuvendit t\u00eb Komun\u00ebs s\u00eb Ulqinit do t\u00eb organizohet tribuna e hapur - Lajme nga Ulqini<\/title>\n<meta name=\"description\" content=\"Nes\u00ebr n\u00eb or\u00ebn 18.00 n\u00eb sall\u00ebn e Kuvendit t\u00eb Komun\u00ebs s\u00eb Ulqinit do t\u00eb organizohet tribuna e hapur ku do t\u00eb flasin p\u00ebrfaq\u00ebsues t\u00eb K\u00ebshillit p\u00ebr ekonomi,\" \/>\n<meta name=\"robots\" content=\"index, follow, max-snippet:-1, max-image-preview:large, max-video-preview:-1\" \/>\n<link rel=\"canonical\" href=\"https:\/\/www.visit-ulcinj.com\/blog\/2010\/02\/22\/neser-ne-oren-18-00-ne-sallen-e-kuvendit-te-komunes-se-ulqinit-do-te-organizohet-tribuna-e-hapur\/\" \/>\n<meta property=\"og:locale\" content=\"en_US\" \/>\n<meta property=\"og:type\" content=\"article\" \/>\n<meta property=\"og:title\" content=\"Nes\u00ebr n\u00eb or\u00ebn 18.00 n\u00eb sall\u00ebn e Kuvendit t\u00eb Komun\u00ebs s\u00eb Ulqinit do t\u00eb organizohet tribuna e hapur - Lajme nga Ulqini\" \/>\n<meta property=\"og:description\" content=\"Nes\u00ebr n\u00eb or\u00ebn 18.00 n\u00eb sall\u00ebn e Kuvendit t\u00eb Komun\u00ebs s\u00eb Ulqinit do t\u00eb organizohet tribuna e hapur ku do t\u00eb flasin p\u00ebrfaq\u00ebsues t\u00eb K\u00ebshillit p\u00ebr ekonomi,\" \/>\n<meta property=\"og:url\" content=\"https:\/\/www.visit-ulcinj.com\/blog\/2010\/02\/22\/neser-ne-oren-18-00-ne-sallen-e-kuvendit-te-komunes-se-ulqinit-do-te-organizohet-tribuna-e-hapur\/\" \/>\n<meta property=\"og:site_name\" content=\"Lajme nga Ulqini\" \/>\n<meta property=\"article:published_time\" content=\"2010-02-22T17:50:47+00:00\" \/>\n<meta property=\"og:image\" content=\"http:\/\/www.visit-ulcinj.com\/blog\/wp-content\/uploads\/2009\/10\/Skup%C5%A1tina-Ulcinj.jpg\" \/>\n<meta name=\"twitter:label1\" content=\"Written by\" \/>\n\t<meta name=\"twitter:data1\" content=\"ulqini\" \/>\n\t<meta name=\"twitter:label2\" content=\"Est. reading time\" \/>\n\t<meta name=\"twitter:data2\" content=\"1 minute\" \/>\n<script type=\"application\/ld+json\" class=\"yoast-schema-graph\">{\"@context\":\"https:\/\/schema.org\",\"@graph\":[{\"@type\":\"WebSite\",\"@id\":\"https:\/\/www.visit-ulcinj.com\/blog\/#website\",\"url\":\"https:\/\/www.visit-ulcinj.com\/blog\/\",\"name\":\"Lajme nga Ulqini\",\"description\":\"Lajme,Vijesti,Ulqini,Ulqin,Crna Gora,Mali i Zi\",\"potentialAction\":[{\"@type\":\"SearchAction\",\"target\":{\"@type\":\"EntryPoint\",\"urlTemplate\":\"https:\/\/www.visit-ulcinj.com\/blog\/?s={search_term_string}\"},\"query-input\":\"required name=search_term_string\"}],\"inLanguage\":\"en-US\"},{\"@type\":\"ImageObject\",\"inLanguage\":\"en-US\",\"@id\":\"https:\/\/www.visit-ulcinj.com\/blog\/2010\/02\/22\/neser-ne-oren-18-00-ne-sallen-e-kuvendit-te-komunes-se-ulqinit-do-te-organizohet-tribuna-e-hapur\/#primaryimage\",\"url\":\"http:\/\/www.visit-ulcinj.com\/blog\/wp-content\/uploads\/2009\/10\/Skup%C5%A1tina-Ulcinj.jpg\",\"contentUrl\":\"http:\/\/www.visit-ulcinj.com\/blog\/wp-content\/uploads\/2009\/10\/Skup%C5%A1tina-Ulcinj.jpg\"},{\"@type\":\"WebPage\",\"@id\":\"https:\/\/www.visit-ulcinj.com\/blog\/2010\/02\/22\/neser-ne-oren-18-00-ne-sallen-e-kuvendit-te-komunes-se-ulqinit-do-te-organizohet-tribuna-e-hapur\/#webpage\",\"url\":\"https:\/\/www.visit-ulcinj.com\/blog\/2010\/02\/22\/neser-ne-oren-18-00-ne-sallen-e-kuvendit-te-komunes-se-ulqinit-do-te-organizohet-tribuna-e-hapur\/\",\"name\":\"Nes\u00ebr n\u00eb or\u00ebn 18.00 n\u00eb sall\u00ebn e Kuvendit t\u00eb Komun\u00ebs s\u00eb Ulqinit do t\u00eb organizohet tribuna e hapur - Lajme nga Ulqini\",\"isPartOf\":{\"@id\":\"https:\/\/www.visit-ulcinj.com\/blog\/#website\"},\"primaryImageOfPage\":{\"@id\":\"https:\/\/www.visit-ulcinj.com\/blog\/2010\/02\/22\/neser-ne-oren-18-00-ne-sallen-e-kuvendit-te-komunes-se-ulqinit-do-te-organizohet-tribuna-e-hapur\/#primaryimage\"},\"datePublished\":\"2010-02-22T17:50:47+00:00\",\"dateModified\":\"2010-02-22T17:50:47+00:00\",\"author\":{\"@id\":\"https:\/\/www.visit-ulcinj.com\/blog\/#\/schema\/person\/dcab619c614d3038751c63bc2aadc06d\"},\"description\":\"Nes\u00ebr n\u00eb or\u00ebn 18.00 n\u00eb sall\u00ebn e Kuvendit t\u00eb Komun\u00ebs s\u00eb Ulqinit do t\u00eb organizohet tribuna e hapur ku do t\u00eb flasin p\u00ebrfaq\u00ebsues t\u00eb K\u00ebshillit p\u00ebr ekonomi,\",\"breadcrumb\":{\"@id\":\"https:\/\/www.visit-ulcinj.com\/blog\/2010\/02\/22\/neser-ne-oren-18-00-ne-sallen-e-kuvendit-te-komunes-se-ulqinit-do-te-organizohet-tribuna-e-hapur\/#breadcrumb\"},\"inLanguage\":\"en-US\",\"potentialAction\":[{\"@type\":\"ReadAction\",\"target\":[\"https:\/\/www.visit-ulcinj.com\/blog\/2010\/02\/22\/neser-ne-oren-18-00-ne-sallen-e-kuvendit-te-komunes-se-ulqinit-do-te-organizohet-tribuna-e-hapur\/\"]}]},{\"@type\":\"BreadcrumbList\",\"@id\":\"https:\/\/www.visit-ulcinj.com\/blog\/2010\/02\/22\/neser-ne-oren-18-00-ne-sallen-e-kuvendit-te-komunes-se-ulqinit-do-te-organizohet-tribuna-e-hapur\/#breadcrumb\",\"itemListElement\":[{\"@type\":\"ListItem\",\"position\":1,\"name\":\"Nes\u00ebr n\u00eb or\u00ebn 18.00 n\u00eb sall\u00ebn e Kuvendit t\u00eb Komun\u00ebs s\u00eb Ulqinit do t\u00eb organizohet tribuna e hapur\"}]},{\"@type\":\"Person\",\"@id\":\"https:\/\/www.visit-ulcinj.com\/blog\/#\/schema\/person\/dcab619c614d3038751c63bc2aadc06d\",\"name\":\"ulqini\",\"sameAs\":[\"http:\/\/www.visit-ulcinj.com\"],\"url\":\"https:\/\/www.visit-ulcinj.com\/blog\/author\/admin\/\"}]}<\/script>\n<!-- \/ Yoast SEO plugin. -->","yoast_head_json":{"title":"Nes\u00ebr n\u00eb or\u00ebn 18.00 n\u00eb sall\u00ebn e Kuvendit t\u00eb Komun\u00ebs s\u00eb Ulqinit do t\u00eb organizohet tribuna e hapur - Lajme nga Ulqini","description":"Nes\u00ebr n\u00eb or\u00ebn 18.00 n\u00eb sall\u00ebn e Kuvendit t\u00eb Komun\u00ebs s\u00eb Ulqinit do t\u00eb organizohet tribuna e hapur ku do t\u00eb flasin p\u00ebrfaq\u00ebsues t\u00eb K\u00ebshillit p\u00ebr ekonomi,","robots":{"index":"index","follow":"follow","max-snippet":"max-snippet:-1","max-image-preview":"max-image-preview:large","max-video-preview":"max-video-preview:-1"},"canonical":"https:\/\/www.visit-ulcinj.com\/blog\/2010\/02\/22\/neser-ne-oren-18-00-ne-sallen-e-kuvendit-te-komunes-se-ulqinit-do-te-organizohet-tribuna-e-hapur\/","og_locale":"en_US","og_type":"article","og_title":"Nes\u00ebr n\u00eb or\u00ebn 18.00 n\u00eb sall\u00ebn e Kuvendit t\u00eb Komun\u00ebs s\u00eb Ulqinit do t\u00eb organizohet tribuna e hapur - Lajme nga Ulqini","og_description":"Nes\u00ebr n\u00eb or\u00ebn 18.00 n\u00eb sall\u00ebn e Kuvendit t\u00eb Komun\u00ebs s\u00eb Ulqinit do t\u00eb organizohet tribuna e hapur ku do t\u00eb flasin p\u00ebrfaq\u00ebsues t\u00eb K\u00ebshillit p\u00ebr ekonomi,","og_url":"https:\/\/www.visit-ulcinj.com\/blog\/2010\/02\/22\/neser-ne-oren-18-00-ne-sallen-e-kuvendit-te-komunes-se-ulqinit-do-te-organizohet-tribuna-e-hapur\/","og_site_name":"Lajme nga Ulqini","article_published_time":"2010-02-22T17:50:47+00:00","og_image":[{"url":"http:\/\/www.visit-ulcinj.com\/blog\/wp-content\/uploads\/2009\/10\/Skup%C5%A1tina-Ulcinj.jpg"}],"twitter_misc":{"Written by":"ulqini","Est. reading time":"1 minute"},"schema":{"@context":"https:\/\/schema.org","@graph":[{"@type":"WebSite","@id":"https:\/\/www.visit-ulcinj.com\/blog\/#website","url":"https:\/\/www.visit-ulcinj.com\/blog\/","name":"Lajme nga Ulqini","description":"Lajme,Vijesti,Ulqini,Ulqin,Crna Gora,Mali i Zi","potentialAction":[{"@type":"SearchAction","target":{"@type":"EntryPoint","urlTemplate":"https:\/\/www.visit-ulcinj.com\/blog\/?s={search_term_string}"},"query-input":"required name=search_term_string"}],"inLanguage":"en-US"},{"@type":"ImageObject","inLanguage":"en-US","@id":"https:\/\/www.visit-ulcinj.com\/blog\/2010\/02\/22\/neser-ne-oren-18-00-ne-sallen-e-kuvendit-te-komunes-se-ulqinit-do-te-organizohet-tribuna-e-hapur\/#primaryimage","url":"http:\/\/www.visit-ulcinj.com\/blog\/wp-content\/uploads\/2009\/10\/Skup%C5%A1tina-Ulcinj.jpg","contentUrl":"http:\/\/www.visit-ulcinj.com\/blog\/wp-content\/uploads\/2009\/10\/Skup%C5%A1tina-Ulcinj.jpg"},{"@type":"WebPage","@id":"https:\/\/www.visit-ulcinj.com\/blog\/2010\/02\/22\/neser-ne-oren-18-00-ne-sallen-e-kuvendit-te-komunes-se-ulqinit-do-te-organizohet-tribuna-e-hapur\/#webpage","url":"https:\/\/www.visit-ulcinj.com\/blog\/2010\/02\/22\/neser-ne-oren-18-00-ne-sallen-e-kuvendit-te-komunes-se-ulqinit-do-te-organizohet-tribuna-e-hapur\/","name":"Nes\u00ebr n\u00eb or\u00ebn 18.00 n\u00eb sall\u00ebn e Kuvendit t\u00eb Komun\u00ebs s\u00eb Ulqinit do t\u00eb organizohet tribuna e hapur - Lajme nga Ulqini","isPartOf":{"@id":"https:\/\/www.visit-ulcinj.com\/blog\/#website"},"primaryImageOfPage":{"@id":"https:\/\/www.visit-ulcinj.com\/blog\/2010\/02\/22\/neser-ne-oren-18-00-ne-sallen-e-kuvendit-te-komunes-se-ulqinit-do-te-organizohet-tribuna-e-hapur\/#primaryimage"},"datePublished":"2010-02-22T17:50:47+00:00","dateModified":"2010-02-22T17:50:47+00:00","author":{"@id":"https:\/\/www.visit-ulcinj.com\/blog\/#\/schema\/person\/dcab619c614d3038751c63bc2aadc06d"},"description":"Nes\u00ebr n\u00eb or\u00ebn 18.00 n\u00eb sall\u00ebn e Kuvendit t\u00eb Komun\u00ebs s\u00eb Ulqinit do t\u00eb organizohet tribuna e hapur ku do t\u00eb flasin p\u00ebrfaq\u00ebsues t\u00eb K\u00ebshillit p\u00ebr ekonomi,","breadcrumb":{"@id":"https:\/\/www.visit-ulcinj.com\/blog\/2010\/02\/22\/neser-ne-oren-18-00-ne-sallen-e-kuvendit-te-komunes-se-ulqinit-do-te-organizohet-tribuna-e-hapur\/#breadcrumb"},"inLanguage":"en-US","potentialAction":[{"@type":"ReadAction","target":["https:\/\/www.visit-ulcinj.com\/blog\/2010\/02\/22\/neser-ne-oren-18-00-ne-sallen-e-kuvendit-te-komunes-se-ulqinit-do-te-organizohet-tribuna-e-hapur\/"]}]},{"@type":"BreadcrumbList","@id":"https:\/\/www.visit-ulcinj.com\/blog\/2010\/02\/22\/neser-ne-oren-18-00-ne-sallen-e-kuvendit-te-komunes-se-ulqinit-do-te-organizohet-tribuna-e-hapur\/#breadcrumb","itemListElement":[{"@type":"ListItem","position":1,"name":"Nes\u00ebr n\u00eb or\u00ebn 18.00 n\u00eb sall\u00ebn e Kuvendit t\u00eb Komun\u00ebs s\u00eb Ulqinit do t\u00eb organizohet tribuna e hapur"}]},{"@type":"Person","@id":"https:\/\/www.visit-ulcinj.com\/blog\/#\/schema\/person\/dcab619c614d3038751c63bc2aadc06d","name":"ulqini","sameAs":["http:\/\/www.visit-ulcinj.com"],"url":"https:\/\/www.visit-ulcinj.com\/blog\/author\/admin\/"}]}},"jetpack_featured_media_url":"","jetpack_sharing_enabled":true,"jetpack_shortlink":"https:\/\/wp.me\/pe6lTn-7Xy","_links":{"self":[{"href":"https:\/\/www.visit-ulcinj.com\/blog\/wp-json\/wp\/v2\/posts\/30600"}],"collection":[{"href":"https:\/\/www.visit-ulcinj.com\/blog\/wp-json\/wp\/v2\/posts"}],"about":[{"href":"https:\/\/www.visit-ulcinj.com\/blog\/wp-json\/wp\/v2\/types\/post"}],"author":[{"embeddable":true,"href":"https:\/\/www.visit-ulcinj.com\/blog\/wp-json\/wp\/v2\/users\/1"}],"replies":[{"embeddable":true,"href":"https:\/\/www.visit-ulcinj.com\/blog\/wp-json\/wp\/v2\/comments?post=30600"}],"version-history":[{"count":0,"href":"https:\/\/www.visit-ulcinj.com\/blog\/wp-json\/wp\/v2\/posts\/30600\/revisions"}],"wp:attachment":[{"href":"https:\/\/www.visit-ulcinj.com\/blog\/wp-json\/wp\/v2\/media?parent=30600"}],"wp:term":[{"taxonomy":"category","embeddable":true,"href":"https:\/\/www.visit-ulcinj.com\/blog\/wp-json\/wp\/v2\/categories?post=30600"},{"taxonomy":"post_tag","embeddable":true,"href":"https:\/\/www.visit-ulcinj.com\/blog\/wp-json\/wp\/v2\/tags?post=30600"}],"curies":[{"name":"wp","href":"https:\/\/api.w.org\/{rel}","templated":true}]}}